{"id":36092,"date":"2023-12-18T15:15:31","date_gmt":"2023-12-18T21:15:31","guid":{"rendered":"https:\/\/cuernavaca.gob.mx\/?p=36092"},"modified":"2023-12-18T16:33:47","modified_gmt":"2023-12-18T22:33:47","slug":"f593-18-12-23-refrenda-24-a-zona-militar-trabajo-coordinado-y-permanente-con-el-ayuntamiento-de-cuernavaca-a-favor-de-la-seguridad-de-la-poblacion","status":"publish","type":"post","link":"https:\/\/cuernavaca.gob.mx\/?p=36092","title":{"rendered":"F593 18\/12\/23 REFRENDA 24\/a. ZONA MILITAR TRABAJO COORDINADO Y PERMANENTE CON EL AYUNTAMIENTO DE CUERNAVACA A FAVOR DE LA SEGURIDAD DE LA POBLACI\u00d3N"},"content":{"rendered":"<p>El presidente municipal de Cuernavaca, Jos\u00e9 Luis Uri\u00f3stegui Salgado, sostuvo este lunes una reuni\u00f3n con el General de Brigada Diplomado de Estado Mayor, Julio C\u00e9sar Moreno Mijangos, comandante de la 24\/a. Zona Militar y el General de Brigada Diplomado de Estado Mayor, Gaudencio Ramos Jim\u00e9nez, comisionado regional de la Guardia Nacional, donde se manifest\u00f3 la disposici\u00f3n de trabajar de manera coordinada y cercana con el municipio, a trav\u00e9s de la Secretar\u00eda de Protecci\u00f3n y Auxilio Ciudadano (SEPRAC), en las acciones de prevenci\u00f3n, disuasi\u00f3n y apoyo a la ciudadan\u00eda en las emergencias y hechos que requieran de su participaci\u00f3n.<\/p>\n<p>En el marco de esta primera reuni\u00f3n tras su toma de protesta al cargo el pasado 01 de diciembre como titular de la 24\/a. Zona Militar, las autoridades recorrieron las instalaciones del Centro de Comando, Control, Comunicaci\u00f3n y C\u00f3mputo (C4) acompa\u00f1ados por la titular de SEPRAC, Alicia V\u00e1zquez Luna, donde el General Julio C\u00e9sar Moreno, recibi\u00f3 una explicaci\u00f3n de parte del personal t\u00e9cnico, destacando que en este centro operativo se cuenta con personal de la Secretar\u00eda de la Defensa Nacional (SEDENA) en el \u00e1rea de monitoreo de las c\u00e1maras de videovigilancia como muestra de esta colaboraci\u00f3n para una reacci\u00f3n inmediata.<\/p>\n<p>Jos\u00e9 Luis Uri\u00f3stegui destac\u00f3 la inversi\u00f3n hist\u00f3rica que se est\u00e1 aplicando en la instalaci\u00f3n del C4 que recibieron totalmente desmantelado, priorizando la capacitaci\u00f3n del personal, el uso de nuevas tecnolog\u00edas, as\u00ed como la coordinaci\u00f3n institucional y tambi\u00e9n con la poblaci\u00f3n, puesto que se est\u00e1n colocando c\u00e1maras ciudadanas en puntos estrat\u00e9gicos de la ciudad; se\u00f1al\u00f3 que en los 26 a\u00f1os de historia de la corporaci\u00f3n ha tenido altibajos, pero este es su mejor momento, pretendiendo dejarla posicionada lo m\u00e1s alto posible y con orden.<\/p>\n<p>Al uso de la palabra, el comandante de la 24\/a. Zona Militar, Julio C\u00e9sar Moreno Mijangos, reconoci\u00f3 el compromiso que se tiene en Cuernavaca a favor de la seguridad de los cuernavaquenses y visitantes, confirmando que al igual que lo ha hecho en otros estados donde ha estado presente, Morelos no ser\u00e1 la excepci\u00f3n y se trabajar\u00e1 en Cuernavaca con mayor dedicaci\u00f3n al ser la capital morelense y la de mayor afluencia de visitantes y movilidad poblacional.<\/p>\n<p>&nbsp;<\/p>\n<p><img loading=\"lazy\" class=\"alignnone size-medium wp-image-36093\" src=\"https:\/\/cuernavaca.gob.mx\/wp-content\/uploads\/2023\/12\/REFRENDA-24a.-ZONA-MILITAR-TRABAJO-COORDINADO-Y-PERMANENTE-CON-EL-AYUNTAMIENTO-DE-CUERNAVACA-A-FAVOR-DE-LA-SEGURIDAD-DE-LA-POBLACIO\u0301N-1-300x200.jpg\" alt=\"\" width=\"300\" height=\"200\" srcset=\"https:\/\/cuernavaca.gob.mx\/wp-content\/uploads\/2023\/12\/REFRENDA-24a.-ZONA-MILITAR-TRABAJO-COORDINADO-Y-PERMANENTE-CON-EL-AYUNTAMIENTO-DE-CUERNAVACA-A-FAVOR-DE-LA-SEGURIDAD-DE-LA-POBLACIO\u0301N-1-300x200.jpg 300w, https:\/\/cuernavaca.gob.mx\/wp-content\/uploads\/2023\/12\/REFRENDA-24a.-ZONA-MILITAR-TRABAJO-COORDINADO-Y-PERMANENTE-CON-EL-AYUNTAMIENTO-DE-CUERNAVACA-A-FAVOR-DE-LA-SEGURIDAD-DE-LA-POBLACIO\u0301N-1-1024x682.jpg 1024w, https:\/\/cuernavaca.gob.mx\/wp-content\/uploads\/2023\/12\/REFRENDA-24a.-ZONA-MILITAR-TRABAJO-COORDINADO-Y-PERMANENTE-CON-EL-AYUNTAMIENTO-DE-CUERNAVACA-A-FAVOR-DE-LA-SEGURIDAD-DE-LA-POBLACIO\u0301N-1-768x512.jpg 768w, https:\/\/cuernavaca.gob.mx\/wp-content\/uploads\/2023\/12\/REFRENDA-24a.-ZONA-MILITAR-TRABAJO-COORDINADO-Y-PERMANENTE-CON-EL-AYUNTAMIENTO-DE-CUERNAVACA-A-FAVOR-DE-LA-SEGURIDAD-DE-LA-POBLACIO\u0301N-1-1536x1023.jpg 1536w, https:\/\/cuernavaca.gob.mx\/wp-content\/uploads\/2023\/12\/REFRENDA-24a.-ZONA-MILITAR-TRABAJO-COORDINADO-Y-PERMANENTE-CON-EL-AYUNTAMIENTO-DE-CUERNAVACA-A-FAVOR-DE-LA-SEGURIDAD-DE-LA-POBLACIO\u0301N-1-600x400.jpg 600w, https:\/\/cuernavaca.gob.mx\/wp-content\/uploads\/2023\/12\/REFRENDA-24a.-ZONA-MILITAR-TRABAJO-COORDINADO-Y-PERMANENTE-CON-EL-AYUNTAMIENTO-DE-CUERNAVACA-A-FAVOR-DE-LA-SEGURIDAD-DE-LA-POBLACIO\u0301N-1-560x373.jpg 560w, https:\/\/cuernavaca.gob.mx\/wp-content\/uploads\/2023\/12\/REFRENDA-24a.-ZONA-MILITAR-TRABAJO-COORDINADO-Y-PERMANENTE-CON-EL-AYUNTAMIENTO-DE-CUERNAVACA-A-FAVOR-DE-LA-SEGURIDAD-DE-LA-POBLACIO\u0301N-1.jpg 1600w\" sizes=\"(max-width: 300px) 100vw, 300px\" \/> <img loading=\"lazy\" class=\"alignnone size-medium wp-image-36094\" src=\"https:\/\/cuernavaca.gob.mx\/wp-content\/uploads\/2023\/12\/REFRENDA-24a.-ZONA-MILITAR-TRABAJO-COORDINADO-Y-PERMANENTE-CON-EL-AYUNTAMIENTO-DE-CUERNAVACA-A-FAVOR-DE-LA-SEGURIDAD-DE-LA-POBLACIO\u0301N-2-300x200.jpg\" alt=\"\" width=\"300\" height=\"200\" srcset=\"https:\/\/cuernavaca.gob.mx\/wp-content\/uploads\/2023\/12\/REFRENDA-24a.-ZONA-MILITAR-TRABAJO-COORDINADO-Y-PERMANENTE-CON-EL-AYUNTAMIENTO-DE-CUERNAVACA-A-FAVOR-DE-LA-SEGURIDAD-DE-LA-POBLACIO\u0301N-2-300x200.jpg 300w, https:\/\/cuernavaca.gob.mx\/wp-content\/uploads\/2023\/12\/REFRENDA-24a.-ZONA-MILITAR-TRABAJO-COORDINADO-Y-PERMANENTE-CON-EL-AYUNTAMIENTO-DE-CUERNAVACA-A-FAVOR-DE-LA-SEGURIDAD-DE-LA-POBLACIO\u0301N-2-1024x682.jpg 1024w, https:\/\/cuernavaca.gob.mx\/wp-content\/uploads\/2023\/12\/REFRENDA-24a.-ZONA-MILITAR-TRABAJO-COORDINADO-Y-PERMANENTE-CON-EL-AYUNTAMIENTO-DE-CUERNAVACA-A-FAVOR-DE-LA-SEGURIDAD-DE-LA-POBLACIO\u0301N-2-768x512.jpg 768w, https:\/\/cuernavaca.gob.mx\/wp-content\/uploads\/2023\/12\/REFRENDA-24a.-ZONA-MILITAR-TRABAJO-COORDINADO-Y-PERMANENTE-CON-EL-AYUNTAMIENTO-DE-CUERNAVACA-A-FAVOR-DE-LA-SEGURIDAD-DE-LA-POBLACIO\u0301N-2-1536x1023.jpg 1536w, https:\/\/cuernavaca.gob.mx\/wp-content\/uploads\/2023\/12\/REFRENDA-24a.-ZONA-MILITAR-TRABAJO-COORDINADO-Y-PERMANENTE-CON-EL-AYUNTAMIENTO-DE-CUERNAVACA-A-FAVOR-DE-LA-SEGURIDAD-DE-LA-POBLACIO\u0301N-2-600x400.jpg 600w, https:\/\/cuernavaca.gob.mx\/wp-content\/uploads\/2023\/12\/REFRENDA-24a.-ZONA-MILITAR-TRABAJO-COORDINADO-Y-PERMANENTE-CON-EL-AYUNTAMIENTO-DE-CUERNAVACA-A-FAVOR-DE-LA-SEGURIDAD-DE-LA-POBLACIO\u0301N-2-560x373.jpg 560w, https:\/\/cuernavaca.gob.mx\/wp-content\/uploads\/2023\/12\/REFRENDA-24a.-ZONA-MILITAR-TRABAJO-COORDINADO-Y-PERMANENTE-CON-EL-AYUNTAMIENTO-DE-CUERNAVACA-A-FAVOR-DE-LA-SEGURIDAD-DE-LA-POBLACIO\u0301N-2.jpg 1600w\" sizes=\"(max-width: 300px) 100vw, 300px\" \/> <img loading=\"lazy\" class=\"alignnone size-medium wp-image-36095\" src=\"https:\/\/cuernavaca.gob.mx\/wp-content\/uploads\/2023\/12\/REFRENDA-24a.-ZONA-MILITAR-TRABAJO-COORDINADO-Y-PERMANENTE-CON-EL-AYUNTAMIENTO-DE-CUERNAVACA-A-FAVOR-DE-LA-SEGURIDAD-DE-LA-POBLACIO\u0301N-3-300x200.jpg\" alt=\"\" width=\"300\" height=\"200\" srcset=\"https:\/\/cuernavaca.gob.mx\/wp-content\/uploads\/2023\/12\/REFRENDA-24a.-ZONA-MILITAR-TRABAJO-COORDINADO-Y-PERMANENTE-CON-EL-AYUNTAMIENTO-DE-CUERNAVACA-A-FAVOR-DE-LA-SEGURIDAD-DE-LA-POBLACIO\u0301N-3-300x200.jpg 300w, https:\/\/cuernavaca.gob.mx\/wp-content\/uploads\/2023\/12\/REFRENDA-24a.-ZONA-MILITAR-TRABAJO-COORDINADO-Y-PERMANENTE-CON-EL-AYUNTAMIENTO-DE-CUERNAVACA-A-FAVOR-DE-LA-SEGURIDAD-DE-LA-POBLACIO\u0301N-3-1024x682.jpg 1024w, https:\/\/cuernavaca.gob.mx\/wp-content\/uploads\/2023\/12\/REFRENDA-24a.-ZONA-MILITAR-TRABAJO-COORDINADO-Y-PERMANENTE-CON-EL-AYUNTAMIENTO-DE-CUERNAVACA-A-FAVOR-DE-LA-SEGURIDAD-DE-LA-POBLACIO\u0301N-3-768x512.jpg 768w, https:\/\/cuernavaca.gob.mx\/wp-content\/uploads\/2023\/12\/REFRENDA-24a.-ZONA-MILITAR-TRABAJO-COORDINADO-Y-PERMANENTE-CON-EL-AYUNTAMIENTO-DE-CUERNAVACA-A-FAVOR-DE-LA-SEGURIDAD-DE-LA-POBLACIO\u0301N-3-1536x1023.jpg 1536w, https:\/\/cuernavaca.gob.mx\/wp-content\/uploads\/2023\/12\/REFRENDA-24a.-ZONA-MILITAR-TRABAJO-COORDINADO-Y-PERMANENTE-CON-EL-AYUNTAMIENTO-DE-CUERNAVACA-A-FAVOR-DE-LA-SEGURIDAD-DE-LA-POBLACIO\u0301N-3-600x400.jpg 600w, https:\/\/cuernavaca.gob.mx\/wp-content\/uploads\/2023\/12\/REFRENDA-24a.-ZONA-MILITAR-TRABAJO-COORDINADO-Y-PERMANENTE-CON-EL-AYUNTAMIENTO-DE-CUERNAVACA-A-FAVOR-DE-LA-SEGURIDAD-DE-LA-POBLACIO\u0301N-3-560x373.jpg 560w, https:\/\/cuernavaca.gob.mx\/wp-content\/uploads\/2023\/12\/REFRENDA-24a.-ZONA-MILITAR-TRABAJO-COORDINADO-Y-PERMANENTE-CON-EL-AYUNTAMIENTO-DE-CUERNAVACA-A-FAVOR-DE-LA-SEGURIDAD-DE-LA-POBLACIO\u0301N-3.jpg 1600w\" sizes=\"(max-width: 300px) 100vw, 300px\" \/> <img loading=\"lazy\" class=\"alignnone size-medium wp-image-36096\" src=\"https:\/\/cuernavaca.gob.mx\/wp-content\/uploads\/2023\/12\/REFRENDA-24a.-ZONA-MILITAR-TRABAJO-COORDINADO-Y-PERMANENTE-CON-EL-AYUNTAMIENTO-DE-CUERNAVACA-A-FAVOR-DE-LA-SEGURIDAD-DE-LA-POBLACIO\u0301N-4-300x200.jpg\" alt=\"\" width=\"300\" height=\"200\" srcset=\"https:\/\/cuernavaca.gob.mx\/wp-content\/uploads\/2023\/12\/REFRENDA-24a.-ZONA-MILITAR-TRABAJO-COORDINADO-Y-PERMANENTE-CON-EL-AYUNTAMIENTO-DE-CUERNAVACA-A-FAVOR-DE-LA-SEGURIDAD-DE-LA-POBLACIO\u0301N-4-300x200.jpg 300w, https:\/\/cuernavaca.gob.mx\/wp-content\/uploads\/2023\/12\/REFRENDA-24a.-ZONA-MILITAR-TRABAJO-COORDINADO-Y-PERMANENTE-CON-EL-AYUNTAMIENTO-DE-CUERNAVACA-A-FAVOR-DE-LA-SEGURIDAD-DE-LA-POBLACIO\u0301N-4-1024x682.jpg 1024w, https:\/\/cuernavaca.gob.mx\/wp-content\/uploads\/2023\/12\/REFRENDA-24a.-ZONA-MILITAR-TRABAJO-COORDINADO-Y-PERMANENTE-CON-EL-AYUNTAMIENTO-DE-CUERNAVACA-A-FAVOR-DE-LA-SEGURIDAD-DE-LA-POBLACIO\u0301N-4-768x512.jpg 768w, https:\/\/cuernavaca.gob.mx\/wp-content\/uploads\/2023\/12\/REFRENDA-24a.-ZONA-MILITAR-TRABAJO-COORDINADO-Y-PERMANENTE-CON-EL-AYUNTAMIENTO-DE-CUERNAVACA-A-FAVOR-DE-LA-SEGURIDAD-DE-LA-POBLACIO\u0301N-4-1536x1023.jpg 1536w, https:\/\/cuernavaca.gob.mx\/wp-content\/uploads\/2023\/12\/REFRENDA-24a.-ZONA-MILITAR-TRABAJO-COORDINADO-Y-PERMANENTE-CON-EL-AYUNTAMIENTO-DE-CUERNAVACA-A-FAVOR-DE-LA-SEGURIDAD-DE-LA-POBLACIO\u0301N-4-600x400.jpg 600w, https:\/\/cuernavaca.gob.mx\/wp-content\/uploads\/2023\/12\/REFRENDA-24a.-ZONA-MILITAR-TRABAJO-COORDINADO-Y-PERMANENTE-CON-EL-AYUNTAMIENTO-DE-CUERNAVACA-A-FAVOR-DE-LA-SEGURIDAD-DE-LA-POBLACIO\u0301N-4-560x373.jpg 560w, https:\/\/cuernavaca.gob.mx\/wp-content\/uploads\/2023\/12\/REFRENDA-24a.-ZONA-MILITAR-TRABAJO-COORDINADO-Y-PERMANENTE-CON-EL-AYUNTAMIENTO-DE-CUERNAVACA-A-FAVOR-DE-LA-SEGURIDAD-DE-LA-POBLACIO\u0301N-4.jpg 1600w\" sizes=\"(max-width: 300px) 100vw, 300px\" \/><\/p>\n","protected":false},"excerpt":{"rendered":"<p>El presidente municipal de Cuernavaca, Jos\u00e9 Luis Uri\u00f3stegui Salgado, sostuvo este lunes una reuni\u00f3n con el General de Brigada Diplomado de Estado Mayor, Julio C\u00e9sar Moreno Mijangos, comandante de la 24\/a. Zona Militar y el General de Brigada Diplomado de Estado Mayor, Gaudencio Ramos Jim\u00e9nez, comisionado regional de la Guardia Nacional, donde se manifest\u00f3 la [&hellip;]<\/p>\n","protected":false},"author":1,"featured_media":36094,"comment_status":"closed","ping_status":"open","sticky":false,"template":"","format":"standard","meta":[],"categories":[17],"tags":[3154,121,1284,120,206,127,414,125,2396],"aioseo_notices":[],"_links":{"self":[{"href":"https:\/\/cuernavaca.gob.mx\/index.php?rest_route=\/wp\/v2\/posts\/36092"}],"collection":[{"href":"https:\/\/cuernavaca.gob.mx\/index.php?rest_route=\/wp\/v2\/posts"}],"about":[{"href":"https:\/\/cuernavaca.gob.mx\/index.php?rest_route=\/wp\/v2\/types\/post"}],"author":[{"embeddable":true,"href":"https:\/\/cuernavaca.gob.mx\/index.php?rest_route=\/wp\/v2\/users\/1"}],"replies":[{"embeddable":true,"href":"https:\/\/cuernavaca.gob.mx\/index.php?rest_route=%2Fwp%2Fv2%2Fcomments&post=36092"}],"version-history":[{"count":1,"href":"https:\/\/cuernavaca.gob.mx\/index.php?rest_route=\/wp\/v2\/posts\/36092\/revisions"}],"predecessor-version":[{"id":36097,"href":"https:\/\/cuernavaca.gob.mx\/index.php?rest_route=\/wp\/v2\/posts\/36092\/revisions\/36097"}],"wp:featuredmedia":[{"embeddable":true,"href":"https:\/\/cuernavaca.gob.mx\/index.php?rest_route=\/wp\/v2\/media\/36094"}],"wp:attachment":[{"href":"https:\/\/cuernavaca.gob.mx\/index.php?rest_route=%2Fwp%2Fv2%2Fmedia&parent=36092"}],"wp:term":[{"taxonomy":"category","embeddable":true,"href":"https:\/\/cuernavaca.gob.mx\/index.php?rest_route=%2Fwp%2Fv2%2Fcategories&post=36092"},{"taxonomy":"post_tag","embeddable":true,"href":"https:\/\/cuernavaca.gob.mx\/index.php?rest_route=%2Fwp%2Fv2%2Ftags&post=36092"}],"curies":[{"name":"wp","href":"https:\/\/api.w.org\/{rel}","templated":true}]}}