{"id":36149,"date":"2023-12-20T20:05:16","date_gmt":"2023-12-21T02:05:16","guid":{"rendered":"https:\/\/cuernavaca.gob.mx\/?p=36149"},"modified":"2023-12-20T21:28:32","modified_gmt":"2023-12-21T03:28:32","slug":"b1487-20-12-23-cierra-gobierno-municipal-de-cuernavaca-un-ano-mas-escuchando-a-la-poblacion-a-traves-de-los-cabildos-abiertos","status":"publish","type":"post","link":"https:\/\/cuernavaca.gob.mx\/?p=36149","title":{"rendered":"B1487 20\/12\/23 CIERRA GOBIERNO MUNICIPAL DE CUERNAVACA UN A\u00d1O M\u00c1S ESCUCHANDO A LA POBLACI\u00d3N A TRAV\u00c9S DE LOS CABILDOS ABIERTOS\u00a0"},"content":{"rendered":"<div><strong>\u2022 En la \u00faltima sesi\u00f3n de Cabildo Abierto del 2023, Jos\u00e9 Luis Uri\u00f3stegui inform\u00f3 que el Presupuesto Social Ciudadano ser\u00e1 modificado en reglamentaci\u00f3n para dar mayores beneficios a las comunidades<\/strong><\/div>\n<div><\/div>\n<div>Como ha ocurrido desde el inicio de la presente administraci\u00f3n encabezada por Jos\u00e9 Luis Uri\u00f3stegui Salgado, este mi\u00e9rcoles se llev\u00f3 a cabo la \u00faltima sesi\u00f3n de Cabildo Abierto del a\u00f1o, manteniendo una cercan\u00eda y trabajo coordinado con la poblaci\u00f3n para mantener el proceso de renacimiento de Cuernavaca atendiendo las necesidades m\u00e1s apremiantes y antiguas de sus comunidades.<\/div>\n<div><\/div>\n<div>Teniendo como escenario el patio del Museo de la Ciudad de Cuernavaca (MuCIC), el presidente municipal, Jos\u00e9 Luis Uri\u00f3stegui Salgado; la s\u00edndica municipal, Ver\u00f3nica Atenco P\u00e9rez; el secretario del Ayuntamiento, Carlos de la Rosa Segura; as\u00ed como las y los regidores Wendi Salinas Ruiz, Mireya Delgado Romero, Patricia Torres Rosales, Paz Hern\u00e1ndez Pardo, Lucero Cuenca Noria, Fernando Carrillo Alvarado, Adri\u00e1n Mart\u00ednez Terrazas, V\u00edctor Manzo God\u00ednez, \u00a0Debendrenath Salazar Solorio, Jes\u00fas Tlacaelel Rosales Puebla y Christian Mishell P\u00e9rez Jaimes, escucharon y atendieron de primera mano las peticiones ciudadanas.<\/div>\n<div><\/div>\n<div>Aqu\u00ed el alcalde \u00a0de Cuernavaca record\u00f3 que, como parte de la pol\u00edtica de trabajo conjunto con la ciudadan\u00eda para atender sus necesidades y solicitudes en un menor tiempo posible, este a\u00f1o se destinaron 10 millones de pesos para el Presupuesto Social Ciudadano que en 2024 ser\u00e1 replicado, pero ahora con ciertas modificaciones al reglamento que les permita ser m\u00e1s din\u00e1micos en la evaluaci\u00f3n y entrega de los apoyos, procurando que la pr\u00f3xima convocatoria salga en enero para que est\u00e9n recibiendo el materia a m\u00e1s tardar en marzo y sea de mayor provecho para las comunidades.<\/div>\n<div><\/div>\n<div>Jos\u00e9 Luis Uri\u00f3stegui se\u00f1al\u00f3 que para el programa en el 2023 ya definieron las propuestas que son viables, determinando el Comit\u00e9 de Obras entregar apoyo en material a quienes lo solicitaron y que la obra se estim\u00f3 procedente.<\/div>\n<div><\/div>\n<div>Se reiter\u00f3 que una de las prioridades de la presente administraci\u00f3n ha sido el bienestar animal, por lo cual siguen reforzando la implementaci\u00f3n del programa de mejoramiento, ampliaci\u00f3n y contrataci\u00f3n de personal para la protecci\u00f3n animal y el control de poblaci\u00f3n canina, as\u00ed como las acciones de concientizaci\u00f3n de la tenencia responsable de animales dom\u00e9sticos en la ciudad, manteniendo las puertas abiertas para la suma de esfuerzo con la sociedad civil organizada.<\/div>\n<div><\/div>\n<div>Cabe destacar que como ha ocurrido en cada uno de los Cabildos Abiertos se cont\u00f3 con la presencia de los titulares de las Secretar\u00edas de Desarrollo Urbano y Obras P\u00fablicas, de Desarrollo Sustentable y Servicios P\u00fablicos, de Desarrollo Urbano y Participaci\u00f3n Social, de Protecci\u00f3n y Auxilio Ciudadano (SEPRAC), del Secretariado Ejecutivo de Seguridad P\u00fablica, del Sistema de Agua Potable y Alcantarillado de Cuernavaca (SAPAC), de la Fiscal\u00eda Ambiental y la representaci\u00f3n del COMPLADEMUN, a fin de que las peticiones ciudadanas sean vinculantes.<\/div>\n<div><\/div>\n<div><img loading=\"lazy\" class=\"alignnone size-medium wp-image-36150\" src=\"https:\/\/cuernavaca.gob.mx\/wp-content\/uploads\/2023\/12\/CIERRA-GOBIERNO-MUNICIPAL-DE-CUERNAVACA-UN-ANO-MAS-ESCUCHANDO-A-LA-POBLACION-A-TRAVES-DE-LOS-CABILDOS-ABIERTOS-1-300x200.jpeg\" alt=\"\" width=\"300\" height=\"200\" srcset=\"https:\/\/cuernavaca.gob.mx\/wp-content\/uploads\/2023\/12\/CIERRA-GOBIERNO-MUNICIPAL-DE-CUERNAVACA-UN-ANO-MAS-ESCUCHANDO-A-LA-POBLACION-A-TRAVES-DE-LOS-CABILDOS-ABIERTOS-1-300x200.jpeg 300w, https:\/\/cuernavaca.gob.mx\/wp-content\/uploads\/2023\/12\/CIERRA-GOBIERNO-MUNICIPAL-DE-CUERNAVACA-UN-ANO-MAS-ESCUCHANDO-A-LA-POBLACION-A-TRAVES-DE-LOS-CABILDOS-ABIERTOS-1-1024x682.jpeg 1024w, https:\/\/cuernavaca.gob.mx\/wp-content\/uploads\/2023\/12\/CIERRA-GOBIERNO-MUNICIPAL-DE-CUERNAVACA-UN-ANO-MAS-ESCUCHANDO-A-LA-POBLACION-A-TRAVES-DE-LOS-CABILDOS-ABIERTOS-1-768x512.jpeg 768w, https:\/\/cuernavaca.gob.mx\/wp-content\/uploads\/2023\/12\/CIERRA-GOBIERNO-MUNICIPAL-DE-CUERNAVACA-UN-ANO-MAS-ESCUCHANDO-A-LA-POBLACION-A-TRAVES-DE-LOS-CABILDOS-ABIERTOS-1-1536x1023.jpeg 1536w, https:\/\/cuernavaca.gob.mx\/wp-content\/uploads\/2023\/12\/CIERRA-GOBIERNO-MUNICIPAL-DE-CUERNAVACA-UN-ANO-MAS-ESCUCHANDO-A-LA-POBLACION-A-TRAVES-DE-LOS-CABILDOS-ABIERTOS-1-600x400.jpeg 600w, https:\/\/cuernavaca.gob.mx\/wp-content\/uploads\/2023\/12\/CIERRA-GOBIERNO-MUNICIPAL-DE-CUERNAVACA-UN-ANO-MAS-ESCUCHANDO-A-LA-POBLACION-A-TRAVES-DE-LOS-CABILDOS-ABIERTOS-1-560x373.jpeg 560w, https:\/\/cuernavaca.gob.mx\/wp-content\/uploads\/2023\/12\/CIERRA-GOBIERNO-MUNICIPAL-DE-CUERNAVACA-UN-ANO-MAS-ESCUCHANDO-A-LA-POBLACION-A-TRAVES-DE-LOS-CABILDOS-ABIERTOS-1.jpeg 1600w\" sizes=\"(max-width: 300px) 100vw, 300px\" \/> <img loading=\"lazy\" class=\"alignnone size-medium wp-image-36151\" src=\"https:\/\/cuernavaca.gob.mx\/wp-content\/uploads\/2023\/12\/CIERRA-GOBIERNO-MUNICIPAL-DE-CUERNAVACA-UN-ANO-MAS-ESCUCHANDO-A-LA-POBLACION-A-TRAVES-DE-LOS-CABILDOS-ABIERTOS-2-300x200.jpeg\" alt=\"\" width=\"300\" height=\"200\" srcset=\"https:\/\/cuernavaca.gob.mx\/wp-content\/uploads\/2023\/12\/CIERRA-GOBIERNO-MUNICIPAL-DE-CUERNAVACA-UN-ANO-MAS-ESCUCHANDO-A-LA-POBLACION-A-TRAVES-DE-LOS-CABILDOS-ABIERTOS-2-300x200.jpeg 300w, https:\/\/cuernavaca.gob.mx\/wp-content\/uploads\/2023\/12\/CIERRA-GOBIERNO-MUNICIPAL-DE-CUERNAVACA-UN-ANO-MAS-ESCUCHANDO-A-LA-POBLACION-A-TRAVES-DE-LOS-CABILDOS-ABIERTOS-2-1024x682.jpeg 1024w, https:\/\/cuernavaca.gob.mx\/wp-content\/uploads\/2023\/12\/CIERRA-GOBIERNO-MUNICIPAL-DE-CUERNAVACA-UN-ANO-MAS-ESCUCHANDO-A-LA-POBLACION-A-TRAVES-DE-LOS-CABILDOS-ABIERTOS-2-768x512.jpeg 768w, https:\/\/cuernavaca.gob.mx\/wp-content\/uploads\/2023\/12\/CIERRA-GOBIERNO-MUNICIPAL-DE-CUERNAVACA-UN-ANO-MAS-ESCUCHANDO-A-LA-POBLACION-A-TRAVES-DE-LOS-CABILDOS-ABIERTOS-2-600x400.jpeg 600w, https:\/\/cuernavaca.gob.mx\/wp-content\/uploads\/2023\/12\/CIERRA-GOBIERNO-MUNICIPAL-DE-CUERNAVACA-UN-ANO-MAS-ESCUCHANDO-A-LA-POBLACION-A-TRAVES-DE-LOS-CABILDOS-ABIERTOS-2-560x373.jpeg 560w, https:\/\/cuernavaca.gob.mx\/wp-content\/uploads\/2023\/12\/CIERRA-GOBIERNO-MUNICIPAL-DE-CUERNAVACA-UN-ANO-MAS-ESCUCHANDO-A-LA-POBLACION-A-TRAVES-DE-LOS-CABILDOS-ABIERTOS-2.jpeg 1280w\" sizes=\"(max-width: 300px) 100vw, 300px\" \/> <img loading=\"lazy\" class=\"alignnone size-medium wp-image-36152\" src=\"https:\/\/cuernavaca.gob.mx\/wp-content\/uploads\/2023\/12\/CIERRA-GOBIERNO-MUNICIPAL-DE-CUERNAVACA-UN-ANO-MAS-ESCUCHANDO-A-LA-POBLACION-A-TRAVES-DE-LOS-CABILDOS-ABIERTOS-3-300x200.jpeg\" alt=\"\" width=\"300\" height=\"200\" srcset=\"https:\/\/cuernavaca.gob.mx\/wp-content\/uploads\/2023\/12\/CIERRA-GOBIERNO-MUNICIPAL-DE-CUERNAVACA-UN-ANO-MAS-ESCUCHANDO-A-LA-POBLACION-A-TRAVES-DE-LOS-CABILDOS-ABIERTOS-3-300x200.jpeg 300w, https:\/\/cuernavaca.gob.mx\/wp-content\/uploads\/2023\/12\/CIERRA-GOBIERNO-MUNICIPAL-DE-CUERNAVACA-UN-ANO-MAS-ESCUCHANDO-A-LA-POBLACION-A-TRAVES-DE-LOS-CABILDOS-ABIERTOS-3-1024x682.jpeg 1024w, https:\/\/cuernavaca.gob.mx\/wp-content\/uploads\/2023\/12\/CIERRA-GOBIERNO-MUNICIPAL-DE-CUERNAVACA-UN-ANO-MAS-ESCUCHANDO-A-LA-POBLACION-A-TRAVES-DE-LOS-CABILDOS-ABIERTOS-3-768x512.jpeg 768w, https:\/\/cuernavaca.gob.mx\/wp-content\/uploads\/2023\/12\/CIERRA-GOBIERNO-MUNICIPAL-DE-CUERNAVACA-UN-ANO-MAS-ESCUCHANDO-A-LA-POBLACION-A-TRAVES-DE-LOS-CABILDOS-ABIERTOS-3-1536x1023.jpeg 1536w, https:\/\/cuernavaca.gob.mx\/wp-content\/uploads\/2023\/12\/CIERRA-GOBIERNO-MUNICIPAL-DE-CUERNAVACA-UN-ANO-MAS-ESCUCHANDO-A-LA-POBLACION-A-TRAVES-DE-LOS-CABILDOS-ABIERTOS-3-600x400.jpeg 600w, https:\/\/cuernavaca.gob.mx\/wp-content\/uploads\/2023\/12\/CIERRA-GOBIERNO-MUNICIPAL-DE-CUERNAVACA-UN-ANO-MAS-ESCUCHANDO-A-LA-POBLACION-A-TRAVES-DE-LOS-CABILDOS-ABIERTOS-3-560x373.jpeg 560w, https:\/\/cuernavaca.gob.mx\/wp-content\/uploads\/2023\/12\/CIERRA-GOBIERNO-MUNICIPAL-DE-CUERNAVACA-UN-ANO-MAS-ESCUCHANDO-A-LA-POBLACION-A-TRAVES-DE-LOS-CABILDOS-ABIERTOS-3.jpeg 1600w\" sizes=\"(max-width: 300px) 100vw, 300px\" \/> <img loading=\"lazy\" class=\"alignnone size-medium wp-image-36153\" src=\"https:\/\/cuernavaca.gob.mx\/wp-content\/uploads\/2023\/12\/CIERRA-GOBIERNO-MUNICIPAL-DE-CUERNAVACA-UN-ANO-MAS-ESCUCHANDO-A-LA-POBLACION-A-TRAVES-DE-LOS-CABILDOS-ABIERTOS-4-300x200.jpeg\" alt=\"\" width=\"300\" height=\"200\" srcset=\"https:\/\/cuernavaca.gob.mx\/wp-content\/uploads\/2023\/12\/CIERRA-GOBIERNO-MUNICIPAL-DE-CUERNAVACA-UN-ANO-MAS-ESCUCHANDO-A-LA-POBLACION-A-TRAVES-DE-LOS-CABILDOS-ABIERTOS-4-300x200.jpeg 300w, https:\/\/cuernavaca.gob.mx\/wp-content\/uploads\/2023\/12\/CIERRA-GOBIERNO-MUNICIPAL-DE-CUERNAVACA-UN-ANO-MAS-ESCUCHANDO-A-LA-POBLACION-A-TRAVES-DE-LOS-CABILDOS-ABIERTOS-4-1024x682.jpeg 1024w, https:\/\/cuernavaca.gob.mx\/wp-content\/uploads\/2023\/12\/CIERRA-GOBIERNO-MUNICIPAL-DE-CUERNAVACA-UN-ANO-MAS-ESCUCHANDO-A-LA-POBLACION-A-TRAVES-DE-LOS-CABILDOS-ABIERTOS-4-768x512.jpeg 768w, https:\/\/cuernavaca.gob.mx\/wp-content\/uploads\/2023\/12\/CIERRA-GOBIERNO-MUNICIPAL-DE-CUERNAVACA-UN-ANO-MAS-ESCUCHANDO-A-LA-POBLACION-A-TRAVES-DE-LOS-CABILDOS-ABIERTOS-4-600x400.jpeg 600w, https:\/\/cuernavaca.gob.mx\/wp-content\/uploads\/2023\/12\/CIERRA-GOBIERNO-MUNICIPAL-DE-CUERNAVACA-UN-ANO-MAS-ESCUCHANDO-A-LA-POBLACION-A-TRAVES-DE-LOS-CABILDOS-ABIERTOS-4-560x373.jpeg 560w, https:\/\/cuernavaca.gob.mx\/wp-content\/uploads\/2023\/12\/CIERRA-GOBIERNO-MUNICIPAL-DE-CUERNAVACA-UN-ANO-MAS-ESCUCHANDO-A-LA-POBLACION-A-TRAVES-DE-LOS-CABILDOS-ABIERTOS-4.jpeg 1280w\" sizes=\"(max-width: 300px) 100vw, 300px\" \/> <img loading=\"lazy\" class=\"alignnone size-medium wp-image-36154\" src=\"https:\/\/cuernavaca.gob.mx\/wp-content\/uploads\/2023\/12\/CIERRA-GOBIERNO-MUNICIPAL-DE-CUERNAVACA-UN-ANO-MAS-ESCUCHANDO-A-LA-POBLACION-A-TRAVES-DE-LOS-CABILDOS-ABIERTOS-5-300x200.jpeg\" alt=\"\" width=\"300\" height=\"200\" srcset=\"https:\/\/cuernavaca.gob.mx\/wp-content\/uploads\/2023\/12\/CIERRA-GOBIERNO-MUNICIPAL-DE-CUERNAVACA-UN-ANO-MAS-ESCUCHANDO-A-LA-POBLACION-A-TRAVES-DE-LOS-CABILDOS-ABIERTOS-5-300x200.jpeg 300w, https:\/\/cuernavaca.gob.mx\/wp-content\/uploads\/2023\/12\/CIERRA-GOBIERNO-MUNICIPAL-DE-CUERNAVACA-UN-ANO-MAS-ESCUCHANDO-A-LA-POBLACION-A-TRAVES-DE-LOS-CABILDOS-ABIERTOS-5-1024x682.jpeg 1024w, https:\/\/cuernavaca.gob.mx\/wp-content\/uploads\/2023\/12\/CIERRA-GOBIERNO-MUNICIPAL-DE-CUERNAVACA-UN-ANO-MAS-ESCUCHANDO-A-LA-POBLACION-A-TRAVES-DE-LOS-CABILDOS-ABIERTOS-5-768x512.jpeg 768w, https:\/\/cuernavaca.gob.mx\/wp-content\/uploads\/2023\/12\/CIERRA-GOBIERNO-MUNICIPAL-DE-CUERNAVACA-UN-ANO-MAS-ESCUCHANDO-A-LA-POBLACION-A-TRAVES-DE-LOS-CABILDOS-ABIERTOS-5-600x400.jpeg 600w, https:\/\/cuernavaca.gob.mx\/wp-content\/uploads\/2023\/12\/CIERRA-GOBIERNO-MUNICIPAL-DE-CUERNAVACA-UN-ANO-MAS-ESCUCHANDO-A-LA-POBLACION-A-TRAVES-DE-LOS-CABILDOS-ABIERTOS-5-560x373.jpeg 560w, https:\/\/cuernavaca.gob.mx\/wp-content\/uploads\/2023\/12\/CIERRA-GOBIERNO-MUNICIPAL-DE-CUERNAVACA-UN-ANO-MAS-ESCUCHANDO-A-LA-POBLACION-A-TRAVES-DE-LOS-CABILDOS-ABIERTOS-5.jpeg 1280w\" sizes=\"(max-width: 300px) 100vw, 300px\" \/> <img loading=\"lazy\" class=\"alignnone size-medium wp-image-36155\" src=\"https:\/\/cuernavaca.gob.mx\/wp-content\/uploads\/2023\/12\/CIERRA-GOBIERNO-MUNICIPAL-DE-CUERNAVACA-UN-ANO-MAS-ESCUCHANDO-A-LA-POBLACION-A-TRAVES-DE-LOS-CABILDOS-ABIERTOS-6-300x200.jpeg\" alt=\"\" width=\"300\" height=\"200\" srcset=\"https:\/\/cuernavaca.gob.mx\/wp-content\/uploads\/2023\/12\/CIERRA-GOBIERNO-MUNICIPAL-DE-CUERNAVACA-UN-ANO-MAS-ESCUCHANDO-A-LA-POBLACION-A-TRAVES-DE-LOS-CABILDOS-ABIERTOS-6-300x200.jpeg 300w, https:\/\/cuernavaca.gob.mx\/wp-content\/uploads\/2023\/12\/CIERRA-GOBIERNO-MUNICIPAL-DE-CUERNAVACA-UN-ANO-MAS-ESCUCHANDO-A-LA-POBLACION-A-TRAVES-DE-LOS-CABILDOS-ABIERTOS-6-1024x682.jpeg 1024w, https:\/\/cuernavaca.gob.mx\/wp-content\/uploads\/2023\/12\/CIERRA-GOBIERNO-MUNICIPAL-DE-CUERNAVACA-UN-ANO-MAS-ESCUCHANDO-A-LA-POBLACION-A-TRAVES-DE-LOS-CABILDOS-ABIERTOS-6-768x512.jpeg 768w, https:\/\/cuernavaca.gob.mx\/wp-content\/uploads\/2023\/12\/CIERRA-GOBIERNO-MUNICIPAL-DE-CUERNAVACA-UN-ANO-MAS-ESCUCHANDO-A-LA-POBLACION-A-TRAVES-DE-LOS-CABILDOS-ABIERTOS-6-600x400.jpeg 600w, https:\/\/cuernavaca.gob.mx\/wp-content\/uploads\/2023\/12\/CIERRA-GOBIERNO-MUNICIPAL-DE-CUERNAVACA-UN-ANO-MAS-ESCUCHANDO-A-LA-POBLACION-A-TRAVES-DE-LOS-CABILDOS-ABIERTOS-6-560x373.jpeg 560w, https:\/\/cuernavaca.gob.mx\/wp-content\/uploads\/2023\/12\/CIERRA-GOBIERNO-MUNICIPAL-DE-CUERNAVACA-UN-ANO-MAS-ESCUCHANDO-A-LA-POBLACION-A-TRAVES-DE-LOS-CABILDOS-ABIERTOS-6.jpeg 1280w\" sizes=\"(max-width: 300px) 100vw, 300px\" \/> <img loading=\"lazy\" class=\"alignnone size-medium wp-image-36161\" src=\"https:\/\/cuernavaca.gob.mx\/wp-content\/uploads\/2023\/12\/CIERRA-GOBIERNO-MUNICIPAL-DE-CUERNAVACA-UN-ANO-MAS-ESCUCHANDO-A-LA-POBLACION-A-TRAVES-DE-LOS-CABILDOS-ABIERTOS-12-300x200.jpeg\" alt=\"\" width=\"300\" height=\"200\" srcset=\"https:\/\/cuernavaca.gob.mx\/wp-content\/uploads\/2023\/12\/CIERRA-GOBIERNO-MUNICIPAL-DE-CUERNAVACA-UN-ANO-MAS-ESCUCHANDO-A-LA-POBLACION-A-TRAVES-DE-LOS-CABILDOS-ABIERTOS-12-300x200.jpeg 300w, https:\/\/cuernavaca.gob.mx\/wp-content\/uploads\/2023\/12\/CIERRA-GOBIERNO-MUNICIPAL-DE-CUERNAVACA-UN-ANO-MAS-ESCUCHANDO-A-LA-POBLACION-A-TRAVES-DE-LOS-CABILDOS-ABIERTOS-12-1024x682.jpeg 1024w, https:\/\/cuernavaca.gob.mx\/wp-content\/uploads\/2023\/12\/CIERRA-GOBIERNO-MUNICIPAL-DE-CUERNAVACA-UN-ANO-MAS-ESCUCHANDO-A-LA-POBLACION-A-TRAVES-DE-LOS-CABILDOS-ABIERTOS-12-768x512.jpeg 768w, https:\/\/cuernavaca.gob.mx\/wp-content\/uploads\/2023\/12\/CIERRA-GOBIERNO-MUNICIPAL-DE-CUERNAVACA-UN-ANO-MAS-ESCUCHANDO-A-LA-POBLACION-A-TRAVES-DE-LOS-CABILDOS-ABIERTOS-12-1536x1023.jpeg 1536w, https:\/\/cuernavaca.gob.mx\/wp-content\/uploads\/2023\/12\/CIERRA-GOBIERNO-MUNICIPAL-DE-CUERNAVACA-UN-ANO-MAS-ESCUCHANDO-A-LA-POBLACION-A-TRAVES-DE-LOS-CABILDOS-ABIERTOS-12-600x400.jpeg 600w, https:\/\/cuernavaca.gob.mx\/wp-content\/uploads\/2023\/12\/CIERRA-GOBIERNO-MUNICIPAL-DE-CUERNAVACA-UN-ANO-MAS-ESCUCHANDO-A-LA-POBLACION-A-TRAVES-DE-LOS-CABILDOS-ABIERTOS-12-560x373.jpeg 560w, https:\/\/cuernavaca.gob.mx\/wp-content\/uploads\/2023\/12\/CIERRA-GOBIERNO-MUNICIPAL-DE-CUERNAVACA-UN-ANO-MAS-ESCUCHANDO-A-LA-POBLACION-A-TRAVES-DE-LOS-CABILDOS-ABIERTOS-12.jpeg 1600w\" sizes=\"(max-width: 300px) 100vw, 300px\" \/> <img loading=\"lazy\" class=\"alignnone size-medium wp-image-36160\" src=\"https:\/\/cuernavaca.gob.mx\/wp-content\/uploads\/2023\/12\/CIERRA-GOBIERNO-MUNICIPAL-DE-CUERNAVACA-UN-ANO-MAS-ESCUCHANDO-A-LA-POBLACION-A-TRAVES-DE-LOS-CABILDOS-ABIERTOS-11-300x200.jpeg\" alt=\"\" width=\"300\" height=\"200\" srcset=\"https:\/\/cuernavaca.gob.mx\/wp-content\/uploads\/2023\/12\/CIERRA-GOBIERNO-MUNICIPAL-DE-CUERNAVACA-UN-ANO-MAS-ESCUCHANDO-A-LA-POBLACION-A-TRAVES-DE-LOS-CABILDOS-ABIERTOS-11-300x200.jpeg 300w, https:\/\/cuernavaca.gob.mx\/wp-content\/uploads\/2023\/12\/CIERRA-GOBIERNO-MUNICIPAL-DE-CUERNAVACA-UN-ANO-MAS-ESCUCHANDO-A-LA-POBLACION-A-TRAVES-DE-LOS-CABILDOS-ABIERTOS-11-1024x682.jpeg 1024w, https:\/\/cuernavaca.gob.mx\/wp-content\/uploads\/2023\/12\/CIERRA-GOBIERNO-MUNICIPAL-DE-CUERNAVACA-UN-ANO-MAS-ESCUCHANDO-A-LA-POBLACION-A-TRAVES-DE-LOS-CABILDOS-ABIERTOS-11-768x512.jpeg 768w, https:\/\/cuernavaca.gob.mx\/wp-content\/uploads\/2023\/12\/CIERRA-GOBIERNO-MUNICIPAL-DE-CUERNAVACA-UN-ANO-MAS-ESCUCHANDO-A-LA-POBLACION-A-TRAVES-DE-LOS-CABILDOS-ABIERTOS-11-1536x1023.jpeg 1536w, https:\/\/cuernavaca.gob.mx\/wp-content\/uploads\/2023\/12\/CIERRA-GOBIERNO-MUNICIPAL-DE-CUERNAVACA-UN-ANO-MAS-ESCUCHANDO-A-LA-POBLACION-A-TRAVES-DE-LOS-CABILDOS-ABIERTOS-11-600x400.jpeg 600w, https:\/\/cuernavaca.gob.mx\/wp-content\/uploads\/2023\/12\/CIERRA-GOBIERNO-MUNICIPAL-DE-CUERNAVACA-UN-ANO-MAS-ESCUCHANDO-A-LA-POBLACION-A-TRAVES-DE-LOS-CABILDOS-ABIERTOS-11-560x373.jpeg 560w, https:\/\/cuernavaca.gob.mx\/wp-content\/uploads\/2023\/12\/CIERRA-GOBIERNO-MUNICIPAL-DE-CUERNAVACA-UN-ANO-MAS-ESCUCHANDO-A-LA-POBLACION-A-TRAVES-DE-LOS-CABILDOS-ABIERTOS-11.jpeg 1600w\" sizes=\"(max-width: 300px) 100vw, 300px\" \/> <img loading=\"lazy\" class=\"alignnone size-medium wp-image-36159\" src=\"https:\/\/cuernavaca.gob.mx\/wp-content\/uploads\/2023\/12\/CIERRA-GOBIERNO-MUNICIPAL-DE-CUERNAVACA-UN-ANO-MAS-ESCUCHANDO-A-LA-POBLACION-A-TRAVES-DE-LOS-CABILDOS-ABIERTOS-10-300x200.jpeg\" alt=\"\" width=\"300\" height=\"200\" srcset=\"https:\/\/cuernavaca.gob.mx\/wp-content\/uploads\/2023\/12\/CIERRA-GOBIERNO-MUNICIPAL-DE-CUERNAVACA-UN-ANO-MAS-ESCUCHANDO-A-LA-POBLACION-A-TRAVES-DE-LOS-CABILDOS-ABIERTOS-10-300x200.jpeg 300w, https:\/\/cuernavaca.gob.mx\/wp-content\/uploads\/2023\/12\/CIERRA-GOBIERNO-MUNICIPAL-DE-CUERNAVACA-UN-ANO-MAS-ESCUCHANDO-A-LA-POBLACION-A-TRAVES-DE-LOS-CABILDOS-ABIERTOS-10-1024x682.jpeg 1024w, https:\/\/cuernavaca.gob.mx\/wp-content\/uploads\/2023\/12\/CIERRA-GOBIERNO-MUNICIPAL-DE-CUERNAVACA-UN-ANO-MAS-ESCUCHANDO-A-LA-POBLACION-A-TRAVES-DE-LOS-CABILDOS-ABIERTOS-10-768x512.jpeg 768w, https:\/\/cuernavaca.gob.mx\/wp-content\/uploads\/2023\/12\/CIERRA-GOBIERNO-MUNICIPAL-DE-CUERNAVACA-UN-ANO-MAS-ESCUCHANDO-A-LA-POBLACION-A-TRAVES-DE-LOS-CABILDOS-ABIERTOS-10-1536x1023.jpeg 1536w, https:\/\/cuernavaca.gob.mx\/wp-content\/uploads\/2023\/12\/CIERRA-GOBIERNO-MUNICIPAL-DE-CUERNAVACA-UN-ANO-MAS-ESCUCHANDO-A-LA-POBLACION-A-TRAVES-DE-LOS-CABILDOS-ABIERTOS-10-600x400.jpeg 600w, https:\/\/cuernavaca.gob.mx\/wp-content\/uploads\/2023\/12\/CIERRA-GOBIERNO-MUNICIPAL-DE-CUERNAVACA-UN-ANO-MAS-ESCUCHANDO-A-LA-POBLACION-A-TRAVES-DE-LOS-CABILDOS-ABIERTOS-10-560x373.jpeg 560w, https:\/\/cuernavaca.gob.mx\/wp-content\/uploads\/2023\/12\/CIERRA-GOBIERNO-MUNICIPAL-DE-CUERNAVACA-UN-ANO-MAS-ESCUCHANDO-A-LA-POBLACION-A-TRAVES-DE-LOS-CABILDOS-ABIERTOS-10.jpeg 1600w\" sizes=\"(max-width: 300px) 100vw, 300px\" \/> <img loading=\"lazy\" class=\"alignnone size-medium wp-image-36158\" src=\"https:\/\/cuernavaca.gob.mx\/wp-content\/uploads\/2023\/12\/CIERRA-GOBIERNO-MUNICIPAL-DE-CUERNAVACA-UN-ANO-MAS-ESCUCHANDO-A-LA-POBLACION-A-TRAVES-DE-LOS-CABILDOS-ABIERTOS-9-300x200.jpeg\" alt=\"\" width=\"300\" height=\"200\" srcset=\"https:\/\/cuernavaca.gob.mx\/wp-content\/uploads\/2023\/12\/CIERRA-GOBIERNO-MUNICIPAL-DE-CUERNAVACA-UN-ANO-MAS-ESCUCHANDO-A-LA-POBLACION-A-TRAVES-DE-LOS-CABILDOS-ABIERTOS-9-300x200.jpeg 300w, https:\/\/cuernavaca.gob.mx\/wp-content\/uploads\/2023\/12\/CIERRA-GOBIERNO-MUNICIPAL-DE-CUERNAVACA-UN-ANO-MAS-ESCUCHANDO-A-LA-POBLACION-A-TRAVES-DE-LOS-CABILDOS-ABIERTOS-9-1024x682.jpeg 1024w, https:\/\/cuernavaca.gob.mx\/wp-content\/uploads\/2023\/12\/CIERRA-GOBIERNO-MUNICIPAL-DE-CUERNAVACA-UN-ANO-MAS-ESCUCHANDO-A-LA-POBLACION-A-TRAVES-DE-LOS-CABILDOS-ABIERTOS-9-768x512.jpeg 768w, https:\/\/cuernavaca.gob.mx\/wp-content\/uploads\/2023\/12\/CIERRA-GOBIERNO-MUNICIPAL-DE-CUERNAVACA-UN-ANO-MAS-ESCUCHANDO-A-LA-POBLACION-A-TRAVES-DE-LOS-CABILDOS-ABIERTOS-9-1536x1023.jpeg 1536w, https:\/\/cuernavaca.gob.mx\/wp-content\/uploads\/2023\/12\/CIERRA-GOBIERNO-MUNICIPAL-DE-CUERNAVACA-UN-ANO-MAS-ESCUCHANDO-A-LA-POBLACION-A-TRAVES-DE-LOS-CABILDOS-ABIERTOS-9-600x400.jpeg 600w, https:\/\/cuernavaca.gob.mx\/wp-content\/uploads\/2023\/12\/CIERRA-GOBIERNO-MUNICIPAL-DE-CUERNAVACA-UN-ANO-MAS-ESCUCHANDO-A-LA-POBLACION-A-TRAVES-DE-LOS-CABILDOS-ABIERTOS-9-560x373.jpeg 560w, https:\/\/cuernavaca.gob.mx\/wp-content\/uploads\/2023\/12\/CIERRA-GOBIERNO-MUNICIPAL-DE-CUERNAVACA-UN-ANO-MAS-ESCUCHANDO-A-LA-POBLACION-A-TRAVES-DE-LOS-CABILDOS-ABIERTOS-9.jpeg 1600w\" sizes=\"(max-width: 300px) 100vw, 300px\" \/> <img loading=\"lazy\" class=\"alignnone size-medium wp-image-36157\" src=\"https:\/\/cuernavaca.gob.mx\/wp-content\/uploads\/2023\/12\/CIERRA-GOBIERNO-MUNICIPAL-DE-CUERNAVACA-UN-ANO-MAS-ESCUCHANDO-A-LA-POBLACION-A-TRAVES-DE-LOS-CABILDOS-ABIERTOS-8-300x200.jpeg\" alt=\"\" width=\"300\" height=\"200\" srcset=\"https:\/\/cuernavaca.gob.mx\/wp-content\/uploads\/2023\/12\/CIERRA-GOBIERNO-MUNICIPAL-DE-CUERNAVACA-UN-ANO-MAS-ESCUCHANDO-A-LA-POBLACION-A-TRAVES-DE-LOS-CABILDOS-ABIERTOS-8-300x200.jpeg 300w, https:\/\/cuernavaca.gob.mx\/wp-content\/uploads\/2023\/12\/CIERRA-GOBIERNO-MUNICIPAL-DE-CUERNAVACA-UN-ANO-MAS-ESCUCHANDO-A-LA-POBLACION-A-TRAVES-DE-LOS-CABILDOS-ABIERTOS-8-1024x682.jpeg 1024w, https:\/\/cuernavaca.gob.mx\/wp-content\/uploads\/2023\/12\/CIERRA-GOBIERNO-MUNICIPAL-DE-CUERNAVACA-UN-ANO-MAS-ESCUCHANDO-A-LA-POBLACION-A-TRAVES-DE-LOS-CABILDOS-ABIERTOS-8-768x512.jpeg 768w, https:\/\/cuernavaca.gob.mx\/wp-content\/uploads\/2023\/12\/CIERRA-GOBIERNO-MUNICIPAL-DE-CUERNAVACA-UN-ANO-MAS-ESCUCHANDO-A-LA-POBLACION-A-TRAVES-DE-LOS-CABILDOS-ABIERTOS-8-1536x1023.jpeg 1536w, https:\/\/cuernavaca.gob.mx\/wp-content\/uploads\/2023\/12\/CIERRA-GOBIERNO-MUNICIPAL-DE-CUERNAVACA-UN-ANO-MAS-ESCUCHANDO-A-LA-POBLACION-A-TRAVES-DE-LOS-CABILDOS-ABIERTOS-8-600x400.jpeg 600w, https:\/\/cuernavaca.gob.mx\/wp-content\/uploads\/2023\/12\/CIERRA-GOBIERNO-MUNICIPAL-DE-CUERNAVACA-UN-ANO-MAS-ESCUCHANDO-A-LA-POBLACION-A-TRAVES-DE-LOS-CABILDOS-ABIERTOS-8-560x373.jpeg 560w, https:\/\/cuernavaca.gob.mx\/wp-content\/uploads\/2023\/12\/CIERRA-GOBIERNO-MUNICIPAL-DE-CUERNAVACA-UN-ANO-MAS-ESCUCHANDO-A-LA-POBLACION-A-TRAVES-DE-LOS-CABILDOS-ABIERTOS-8.jpeg 1600w\" sizes=\"(max-width: 300px) 100vw, 300px\" \/> <img loading=\"lazy\" class=\"alignnone size-medium wp-image-36156\" src=\"https:\/\/cuernavaca.gob.mx\/wp-content\/uploads\/2023\/12\/CIERRA-GOBIERNO-MUNICIPAL-DE-CUERNAVACA-UN-ANO-MAS-ESCUCHANDO-A-LA-POBLACION-A-TRAVES-DE-LOS-CABILDOS-ABIERTOS-7-300x200.jpeg\" alt=\"\" width=\"300\" height=\"200\" srcset=\"https:\/\/cuernavaca.gob.mx\/wp-content\/uploads\/2023\/12\/CIERRA-GOBIERNO-MUNICIPAL-DE-CUERNAVACA-UN-ANO-MAS-ESCUCHANDO-A-LA-POBLACION-A-TRAVES-DE-LOS-CABILDOS-ABIERTOS-7-300x200.jpeg 300w, https:\/\/cuernavaca.gob.mx\/wp-content\/uploads\/2023\/12\/CIERRA-GOBIERNO-MUNICIPAL-DE-CUERNAVACA-UN-ANO-MAS-ESCUCHANDO-A-LA-POBLACION-A-TRAVES-DE-LOS-CABILDOS-ABIERTOS-7-1024x682.jpeg 1024w, https:\/\/cuernavaca.gob.mx\/wp-content\/uploads\/2023\/12\/CIERRA-GOBIERNO-MUNICIPAL-DE-CUERNAVACA-UN-ANO-MAS-ESCUCHANDO-A-LA-POBLACION-A-TRAVES-DE-LOS-CABILDOS-ABIERTOS-7-768x512.jpeg 768w, https:\/\/cuernavaca.gob.mx\/wp-content\/uploads\/2023\/12\/CIERRA-GOBIERNO-MUNICIPAL-DE-CUERNAVACA-UN-ANO-MAS-ESCUCHANDO-A-LA-POBLACION-A-TRAVES-DE-LOS-CABILDOS-ABIERTOS-7-1536x1023.jpeg 1536w, https:\/\/cuernavaca.gob.mx\/wp-content\/uploads\/2023\/12\/CIERRA-GOBIERNO-MUNICIPAL-DE-CUERNAVACA-UN-ANO-MAS-ESCUCHANDO-A-LA-POBLACION-A-TRAVES-DE-LOS-CABILDOS-ABIERTOS-7-600x400.jpeg 600w, https:\/\/cuernavaca.gob.mx\/wp-content\/uploads\/2023\/12\/CIERRA-GOBIERNO-MUNICIPAL-DE-CUERNAVACA-UN-ANO-MAS-ESCUCHANDO-A-LA-POBLACION-A-TRAVES-DE-LOS-CABILDOS-ABIERTOS-7-560x373.jpeg 560w, https:\/\/cuernavaca.gob.mx\/wp-content\/uploads\/2023\/12\/CIERRA-GOBIERNO-MUNICIPAL-DE-CUERNAVACA-UN-ANO-MAS-ESCUCHANDO-A-LA-POBLACION-A-TRAVES-DE-LOS-CABILDOS-ABIERTOS-7.jpeg 1600w\" sizes=\"(max-width: 300px) 100vw, 300px\" \/><\/div>\n","protected":false},"excerpt":{"rendered":"<p>\u2022 En la \u00faltima sesi\u00f3n de Cabildo Abierto del 2023, Jos\u00e9 Luis Uri\u00f3stegui inform\u00f3 que el Presupuesto Social Ciudadano ser\u00e1 modificado en reglamentaci\u00f3n para dar mayores beneficios a las comunidades Como ha ocurrido desde el inicio de la presente administraci\u00f3n encabezada por Jos\u00e9 Luis Uri\u00f3stegui Salgado, este mi\u00e9rcoles se llev\u00f3 a cabo la \u00faltima sesi\u00f3n [&hellip;]<\/p>\n","protected":false},"author":1,"featured_media":36157,"comment_status":"closed","ping_status":"open","sticky":false,"template":"","format":"standard","meta":[],"categories":[3047],"tags":[158,875,121,120,206,1098,127],"aioseo_notices":[],"_links":{"self":[{"href":"https:\/\/cuernavaca.gob.mx\/index.php?rest_route=\/wp\/v2\/posts\/36149"}],"collection":[{"href":"https:\/\/cuernavaca.gob.mx\/index.php?rest_route=\/wp\/v2\/posts"}],"about":[{"href":"https:\/\/cuernavaca.gob.mx\/index.php?rest_route=\/wp\/v2\/types\/post"}],"author":[{"embeddable":true,"href":"https:\/\/cuernavaca.gob.mx\/index.php?rest_route=\/wp\/v2\/users\/1"}],"replies":[{"embeddable":true,"href":"https:\/\/cuernavaca.gob.mx\/index.php?rest_route=%2Fwp%2Fv2%2Fcomments&post=36149"}],"version-history":[{"count":1,"href":"https:\/\/cuernavaca.gob.mx\/index.php?rest_route=\/wp\/v2\/posts\/36149\/revisions"}],"predecessor-version":[{"id":36162,"href":"https:\/\/cuernavaca.gob.mx\/index.php?rest_route=\/wp\/v2\/posts\/36149\/revisions\/36162"}],"wp:featuredmedia":[{"embeddable":true,"href":"https:\/\/cuernavaca.gob.mx\/index.php?rest_route=\/wp\/v2\/media\/36157"}],"wp:attachment":[{"href":"https:\/\/cuernavaca.gob.mx\/index.php?rest_route=%2Fwp%2Fv2%2Fmedia&parent=36149"}],"wp:term":[{"taxonomy":"category","embeddable":true,"href":"https:\/\/cuernavaca.gob.mx\/index.php?rest_route=%2Fwp%2Fv2%2Fcategories&post=36149"},{"taxonomy":"post_tag","embeddable":true,"href":"https:\/\/cuernavaca.gob.mx\/index.php?rest_route=%2Fwp%2Fv2%2Ftags&post=36149"}],"curies":[{"name":"wp","href":"https:\/\/api.w.org\/{rel}","templated":true}]}}