{"id":36163,"date":"2023-12-21T14:30:13","date_gmt":"2023-12-21T20:30:13","guid":{"rendered":"https:\/\/cuernavaca.gob.mx\/?p=36163"},"modified":"2023-12-21T15:24:34","modified_gmt":"2023-12-21T21:24:34","slug":"el-sistema-dif-cuernavaca-entrega-segundo-embarque-de-ayuda-para-habitantes-de-guerrero-afectados-por-huracan-otis","status":"publish","type":"post","link":"https:\/\/cuernavaca.gob.mx\/?p=36163","title":{"rendered":"EL SISTEMA DIF CUERNAVACA ENTREGA SEGUNDO EMBARQUE DE AYUDA PARA HABITANTES DE GUERRERO AFECTADOS POR HURAC\u00c1N OTIS"},"content":{"rendered":"<p>Por segunda vez, el esp\u00edritu solidario de los habitantes de Cuernavaca respondi\u00f3 a la convocatoria del Sistema DIF Municipal y el Ayuntamiento, se manifest\u00f3 con fuerza extendiendo ayuda a nuestros hermanos del estado de Guerrero que se vieron afectados por el embate del hurac\u00e1n OTIS.<\/p>\n<p>Siguiendo el firme compromiso de Luz Mar\u00eda Zagal Guzm\u00e1n, presidenta del DIF Cuernavaca, y de Jos\u00e9 Luis Uri\u00f3stegui Salgado, presidente municipal, el segundo convoy de ayuda para los damnificados, gracias a la generosidad de la poblaci\u00f3n fue entregado directamente a aproximadamente 500 personas en la comunidad de Tixtlancingo, municipio de Coyuca de Ben\u00edtez en el estado de Guerrero, que fueron duramente golpeadas por el hurac\u00e1n Otis.<\/p>\n<p>El equipo del DIF Cuernavaca entreg\u00f3 cerca de 4 toneladas de ayuda humanitaria, incluyendo alimentos no perecederos, agua embotellada, ropa, cobijas, cunas, pa\u00f1ales para adultos y beb\u00e9s, calzado, art\u00edculos de higiene personal, alimento para mascota, lonas de rehus\u00f3, entre otros productos esenciales.<\/p>\n<p>Este esfuerzo no habr\u00eda sido posible sin el respaldo de la sociedad en general, as\u00ed como el apoyo generoso de las regidoras Mireya Delgado Romero, Wendi Salinas Ru\u00edz; los regidores V\u00edctor Hugo Manzo, Jes\u00fas Tlacaelel Puebla; el Secretario de Obras P\u00fablicas, Demetrio Chavira de la Torre; el Notario P\u00fablico No.2, Lic. Hugo Salgado y las empresas OXXO y SONPROSA, cuyas donaciones fueron fundamentales para llevar esperanza y alivio a las familias guerrerenses afectadas.<\/p>\n<p>El Centro de Acopio del DIF Cuernavaca, ubicado en la calle Tabach\u00edn #123, colonia Bellavista, abre sus puertas de lunes a viernes de 08:00 a 19:00 horas, as\u00ed como los s\u00e1bados y domingos de 10:00 a 15:00 horas. Adem\u00e1s, en el Ayuntamiento de Cuernavaca, edificio Papagayo, se recibe ayuda de lunes a domingo en un horario de 09:00 a 15:00 horas.<\/p>\n<p>La solidaridad demostrada por la comunidad es un testimonio del poder transformador de la uni\u00f3n en momentos dif\u00edciles. Agradecemos profundamente a cada persona y entidad que hizo posible esta noble causa, record\u00e1ndonos que juntos, podemos superar cualquier adversidad.<\/p>\n<p><img loading=\"lazy\" class=\"alignnone size-medium wp-image-36165\" src=\"https:\/\/cuernavaca.gob.mx\/wp-content\/uploads\/2023\/12\/EL-SISTEMA-DIF-CUERNAVACA-ENTREGA-SEGUNDO-EMBARQUE-DE-AYUDA-PARA-HABITANTES-DE-GUERRERO-AFECTADOS-POR-HURACA\u0301N-OTIS-1-300x200.jpg\" alt=\"\" width=\"300\" height=\"200\" srcset=\"https:\/\/cuernavaca.gob.mx\/wp-content\/uploads\/2023\/12\/EL-SISTEMA-DIF-CUERNAVACA-ENTREGA-SEGUNDO-EMBARQUE-DE-AYUDA-PARA-HABITANTES-DE-GUERRERO-AFECTADOS-POR-HURACA\u0301N-OTIS-1-300x200.jpg 300w, https:\/\/cuernavaca.gob.mx\/wp-content\/uploads\/2023\/12\/EL-SISTEMA-DIF-CUERNAVACA-ENTREGA-SEGUNDO-EMBARQUE-DE-AYUDA-PARA-HABITANTES-DE-GUERRERO-AFECTADOS-POR-HURACA\u0301N-OTIS-1-1024x682.jpg 1024w, https:\/\/cuernavaca.gob.mx\/wp-content\/uploads\/2023\/12\/EL-SISTEMA-DIF-CUERNAVACA-ENTREGA-SEGUNDO-EMBARQUE-DE-AYUDA-PARA-HABITANTES-DE-GUERRERO-AFECTADOS-POR-HURACA\u0301N-OTIS-1-768x512.jpg 768w, https:\/\/cuernavaca.gob.mx\/wp-content\/uploads\/2023\/12\/EL-SISTEMA-DIF-CUERNAVACA-ENTREGA-SEGUNDO-EMBARQUE-DE-AYUDA-PARA-HABITANTES-DE-GUERRERO-AFECTADOS-POR-HURACA\u0301N-OTIS-1-1536x1023.jpg 1536w, https:\/\/cuernavaca.gob.mx\/wp-content\/uploads\/2023\/12\/EL-SISTEMA-DIF-CUERNAVACA-ENTREGA-SEGUNDO-EMBARQUE-DE-AYUDA-PARA-HABITANTES-DE-GUERRERO-AFECTADOS-POR-HURACA\u0301N-OTIS-1-600x400.jpg 600w, https:\/\/cuernavaca.gob.mx\/wp-content\/uploads\/2023\/12\/EL-SISTEMA-DIF-CUERNAVACA-ENTREGA-SEGUNDO-EMBARQUE-DE-AYUDA-PARA-HABITANTES-DE-GUERRERO-AFECTADOS-POR-HURACA\u0301N-OTIS-1-560x373.jpg 560w, https:\/\/cuernavaca.gob.mx\/wp-content\/uploads\/2023\/12\/EL-SISTEMA-DIF-CUERNAVACA-ENTREGA-SEGUNDO-EMBARQUE-DE-AYUDA-PARA-HABITANTES-DE-GUERRERO-AFECTADOS-POR-HURACA\u0301N-OTIS-1.jpg 1600w\" sizes=\"(max-width: 300px) 100vw, 300px\" \/> <img loading=\"lazy\" class=\"alignnone size-medium wp-image-36166\" src=\"https:\/\/cuernavaca.gob.mx\/wp-content\/uploads\/2023\/12\/EL-SISTEMA-DIF-CUERNAVACA-ENTREGA-SEGUNDO-EMBARQUE-DE-AYUDA-PARA-HABITANTES-DE-GUERRERO-AFECTADOS-POR-HURACA\u0301N-OTIS-2-300x200.jpg\" alt=\"\" width=\"300\" height=\"200\" srcset=\"https:\/\/cuernavaca.gob.mx\/wp-content\/uploads\/2023\/12\/EL-SISTEMA-DIF-CUERNAVACA-ENTREGA-SEGUNDO-EMBARQUE-DE-AYUDA-PARA-HABITANTES-DE-GUERRERO-AFECTADOS-POR-HURACA\u0301N-OTIS-2-300x200.jpg 300w, https:\/\/cuernavaca.gob.mx\/wp-content\/uploads\/2023\/12\/EL-SISTEMA-DIF-CUERNAVACA-ENTREGA-SEGUNDO-EMBARQUE-DE-AYUDA-PARA-HABITANTES-DE-GUERRERO-AFECTADOS-POR-HURACA\u0301N-OTIS-2-1024x682.jpg 1024w, https:\/\/cuernavaca.gob.mx\/wp-content\/uploads\/2023\/12\/EL-SISTEMA-DIF-CUERNAVACA-ENTREGA-SEGUNDO-EMBARQUE-DE-AYUDA-PARA-HABITANTES-DE-GUERRERO-AFECTADOS-POR-HURACA\u0301N-OTIS-2-768x512.jpg 768w, https:\/\/cuernavaca.gob.mx\/wp-content\/uploads\/2023\/12\/EL-SISTEMA-DIF-CUERNAVACA-ENTREGA-SEGUNDO-EMBARQUE-DE-AYUDA-PARA-HABITANTES-DE-GUERRERO-AFECTADOS-POR-HURACA\u0301N-OTIS-2-1536x1023.jpg 1536w, https:\/\/cuernavaca.gob.mx\/wp-content\/uploads\/2023\/12\/EL-SISTEMA-DIF-CUERNAVACA-ENTREGA-SEGUNDO-EMBARQUE-DE-AYUDA-PARA-HABITANTES-DE-GUERRERO-AFECTADOS-POR-HURACA\u0301N-OTIS-2-600x400.jpg 600w, https:\/\/cuernavaca.gob.mx\/wp-content\/uploads\/2023\/12\/EL-SISTEMA-DIF-CUERNAVACA-ENTREGA-SEGUNDO-EMBARQUE-DE-AYUDA-PARA-HABITANTES-DE-GUERRERO-AFECTADOS-POR-HURACA\u0301N-OTIS-2-560x373.jpg 560w, https:\/\/cuernavaca.gob.mx\/wp-content\/uploads\/2023\/12\/EL-SISTEMA-DIF-CUERNAVACA-ENTREGA-SEGUNDO-EMBARQUE-DE-AYUDA-PARA-HABITANTES-DE-GUERRERO-AFECTADOS-POR-HURACA\u0301N-OTIS-2.jpg 1600w\" sizes=\"(max-width: 300px) 100vw, 300px\" \/> <img loading=\"lazy\" class=\"alignnone size-medium wp-image-36167\" src=\"https:\/\/cuernavaca.gob.mx\/wp-content\/uploads\/2023\/12\/EL-SISTEMA-DIF-CUERNAVACA-ENTREGA-SEGUNDO-EMBARQUE-DE-AYUDA-PARA-HABITANTES-DE-GUERRERO-AFECTADOS-POR-HURACA\u0301N-OTIS-3-300x200.jpg\" alt=\"\" width=\"300\" height=\"200\" srcset=\"https:\/\/cuernavaca.gob.mx\/wp-content\/uploads\/2023\/12\/EL-SISTEMA-DIF-CUERNAVACA-ENTREGA-SEGUNDO-EMBARQUE-DE-AYUDA-PARA-HABITANTES-DE-GUERRERO-AFECTADOS-POR-HURACA\u0301N-OTIS-3-300x200.jpg 300w, https:\/\/cuernavaca.gob.mx\/wp-content\/uploads\/2023\/12\/EL-SISTEMA-DIF-CUERNAVACA-ENTREGA-SEGUNDO-EMBARQUE-DE-AYUDA-PARA-HABITANTES-DE-GUERRERO-AFECTADOS-POR-HURACA\u0301N-OTIS-3-1024x682.jpg 1024w, https:\/\/cuernavaca.gob.mx\/wp-content\/uploads\/2023\/12\/EL-SISTEMA-DIF-CUERNAVACA-ENTREGA-SEGUNDO-EMBARQUE-DE-AYUDA-PARA-HABITANTES-DE-GUERRERO-AFECTADOS-POR-HURACA\u0301N-OTIS-3-768x512.jpg 768w, https:\/\/cuernavaca.gob.mx\/wp-content\/uploads\/2023\/12\/EL-SISTEMA-DIF-CUERNAVACA-ENTREGA-SEGUNDO-EMBARQUE-DE-AYUDA-PARA-HABITANTES-DE-GUERRERO-AFECTADOS-POR-HURACA\u0301N-OTIS-3-1536x1023.jpg 1536w, https:\/\/cuernavaca.gob.mx\/wp-content\/uploads\/2023\/12\/EL-SISTEMA-DIF-CUERNAVACA-ENTREGA-SEGUNDO-EMBARQUE-DE-AYUDA-PARA-HABITANTES-DE-GUERRERO-AFECTADOS-POR-HURACA\u0301N-OTIS-3-600x400.jpg 600w, https:\/\/cuernavaca.gob.mx\/wp-content\/uploads\/2023\/12\/EL-SISTEMA-DIF-CUERNAVACA-ENTREGA-SEGUNDO-EMBARQUE-DE-AYUDA-PARA-HABITANTES-DE-GUERRERO-AFECTADOS-POR-HURACA\u0301N-OTIS-3-560x373.jpg 560w, https:\/\/cuernavaca.gob.mx\/wp-content\/uploads\/2023\/12\/EL-SISTEMA-DIF-CUERNAVACA-ENTREGA-SEGUNDO-EMBARQUE-DE-AYUDA-PARA-HABITANTES-DE-GUERRERO-AFECTADOS-POR-HURACA\u0301N-OTIS-3.jpg 1600w\" sizes=\"(max-width: 300px) 100vw, 300px\" \/> <img loading=\"lazy\" class=\"alignnone size-medium wp-image-36168\" src=\"https:\/\/cuernavaca.gob.mx\/wp-content\/uploads\/2023\/12\/EL-SISTEMA-DIF-CUERNAVACA-ENTREGA-SEGUNDO-EMBARQUE-DE-AYUDA-PARA-HABITANTES-DE-GUERRERO-AFECTADOS-POR-HURACA\u0301N-OTIS-4-300x200.jpg\" alt=\"\" width=\"300\" height=\"200\" srcset=\"https:\/\/cuernavaca.gob.mx\/wp-content\/uploads\/2023\/12\/EL-SISTEMA-DIF-CUERNAVACA-ENTREGA-SEGUNDO-EMBARQUE-DE-AYUDA-PARA-HABITANTES-DE-GUERRERO-AFECTADOS-POR-HURACA\u0301N-OTIS-4-300x200.jpg 300w, https:\/\/cuernavaca.gob.mx\/wp-content\/uploads\/2023\/12\/EL-SISTEMA-DIF-CUERNAVACA-ENTREGA-SEGUNDO-EMBARQUE-DE-AYUDA-PARA-HABITANTES-DE-GUERRERO-AFECTADOS-POR-HURACA\u0301N-OTIS-4-1024x682.jpg 1024w, https:\/\/cuernavaca.gob.mx\/wp-content\/uploads\/2023\/12\/EL-SISTEMA-DIF-CUERNAVACA-ENTREGA-SEGUNDO-EMBARQUE-DE-AYUDA-PARA-HABITANTES-DE-GUERRERO-AFECTADOS-POR-HURACA\u0301N-OTIS-4-768x512.jpg 768w, https:\/\/cuernavaca.gob.mx\/wp-content\/uploads\/2023\/12\/EL-SISTEMA-DIF-CUERNAVACA-ENTREGA-SEGUNDO-EMBARQUE-DE-AYUDA-PARA-HABITANTES-DE-GUERRERO-AFECTADOS-POR-HURACA\u0301N-OTIS-4-1536x1023.jpg 1536w, https:\/\/cuernavaca.gob.mx\/wp-content\/uploads\/2023\/12\/EL-SISTEMA-DIF-CUERNAVACA-ENTREGA-SEGUNDO-EMBARQUE-DE-AYUDA-PARA-HABITANTES-DE-GUERRERO-AFECTADOS-POR-HURACA\u0301N-OTIS-4-600x400.jpg 600w, https:\/\/cuernavaca.gob.mx\/wp-content\/uploads\/2023\/12\/EL-SISTEMA-DIF-CUERNAVACA-ENTREGA-SEGUNDO-EMBARQUE-DE-AYUDA-PARA-HABITANTES-DE-GUERRERO-AFECTADOS-POR-HURACA\u0301N-OTIS-4-560x373.jpg 560w, https:\/\/cuernavaca.gob.mx\/wp-content\/uploads\/2023\/12\/EL-SISTEMA-DIF-CUERNAVACA-ENTREGA-SEGUNDO-EMBARQUE-DE-AYUDA-PARA-HABITANTES-DE-GUERRERO-AFECTADOS-POR-HURACA\u0301N-OTIS-4.jpg 1600w\" sizes=\"(max-width: 300px) 100vw, 300px\" \/> <img loading=\"lazy\" class=\"alignnone size-medium wp-image-36169\" src=\"https:\/\/cuernavaca.gob.mx\/wp-content\/uploads\/2023\/12\/EL-SISTEMA-DIF-CUERNAVACA-ENTREGA-SEGUNDO-EMBARQUE-DE-AYUDA-PARA-HABITANTES-DE-GUERRERO-AFECTADOS-POR-HURACA\u0301N-OTIS-5-300x200.jpg\" alt=\"\" width=\"300\" height=\"200\" srcset=\"https:\/\/cuernavaca.gob.mx\/wp-content\/uploads\/2023\/12\/EL-SISTEMA-DIF-CUERNAVACA-ENTREGA-SEGUNDO-EMBARQUE-DE-AYUDA-PARA-HABITANTES-DE-GUERRERO-AFECTADOS-POR-HURACA\u0301N-OTIS-5-300x200.jpg 300w, https:\/\/cuernavaca.gob.mx\/wp-content\/uploads\/2023\/12\/EL-SISTEMA-DIF-CUERNAVACA-ENTREGA-SEGUNDO-EMBARQUE-DE-AYUDA-PARA-HABITANTES-DE-GUERRERO-AFECTADOS-POR-HURACA\u0301N-OTIS-5-1024x682.jpg 1024w, https:\/\/cuernavaca.gob.mx\/wp-content\/uploads\/2023\/12\/EL-SISTEMA-DIF-CUERNAVACA-ENTREGA-SEGUNDO-EMBARQUE-DE-AYUDA-PARA-HABITANTES-DE-GUERRERO-AFECTADOS-POR-HURACA\u0301N-OTIS-5-768x512.jpg 768w, https:\/\/cuernavaca.gob.mx\/wp-content\/uploads\/2023\/12\/EL-SISTEMA-DIF-CUERNAVACA-ENTREGA-SEGUNDO-EMBARQUE-DE-AYUDA-PARA-HABITANTES-DE-GUERRERO-AFECTADOS-POR-HURACA\u0301N-OTIS-5-1536x1023.jpg 1536w, https:\/\/cuernavaca.gob.mx\/wp-content\/uploads\/2023\/12\/EL-SISTEMA-DIF-CUERNAVACA-ENTREGA-SEGUNDO-EMBARQUE-DE-AYUDA-PARA-HABITANTES-DE-GUERRERO-AFECTADOS-POR-HURACA\u0301N-OTIS-5-600x400.jpg 600w, https:\/\/cuernavaca.gob.mx\/wp-content\/uploads\/2023\/12\/EL-SISTEMA-DIF-CUERNAVACA-ENTREGA-SEGUNDO-EMBARQUE-DE-AYUDA-PARA-HABITANTES-DE-GUERRERO-AFECTADOS-POR-HURACA\u0301N-OTIS-5-560x373.jpg 560w, https:\/\/cuernavaca.gob.mx\/wp-content\/uploads\/2023\/12\/EL-SISTEMA-DIF-CUERNAVACA-ENTREGA-SEGUNDO-EMBARQUE-DE-AYUDA-PARA-HABITANTES-DE-GUERRERO-AFECTADOS-POR-HURACA\u0301N-OTIS-5.jpg 1600w\" sizes=\"(max-width: 300px) 100vw, 300px\" \/> <img loading=\"lazy\" class=\"alignnone size-medium wp-image-36170\" src=\"https:\/\/cuernavaca.gob.mx\/wp-content\/uploads\/2023\/12\/EL-SISTEMA-DIF-CUERNAVACA-ENTREGA-SEGUNDO-EMBARQUE-DE-AYUDA-PARA-HABITANTES-DE-GUERRERO-AFECTADOS-POR-HURACA\u0301N-OTIS-6-300x200.jpg\" alt=\"\" width=\"300\" height=\"200\" srcset=\"https:\/\/cuernavaca.gob.mx\/wp-content\/uploads\/2023\/12\/EL-SISTEMA-DIF-CUERNAVACA-ENTREGA-SEGUNDO-EMBARQUE-DE-AYUDA-PARA-HABITANTES-DE-GUERRERO-AFECTADOS-POR-HURACA\u0301N-OTIS-6-300x200.jpg 300w, https:\/\/cuernavaca.gob.mx\/wp-content\/uploads\/2023\/12\/EL-SISTEMA-DIF-CUERNAVACA-ENTREGA-SEGUNDO-EMBARQUE-DE-AYUDA-PARA-HABITANTES-DE-GUERRERO-AFECTADOS-POR-HURACA\u0301N-OTIS-6-1024x682.jpg 1024w, https:\/\/cuernavaca.gob.mx\/wp-content\/uploads\/2023\/12\/EL-SISTEMA-DIF-CUERNAVACA-ENTREGA-SEGUNDO-EMBARQUE-DE-AYUDA-PARA-HABITANTES-DE-GUERRERO-AFECTADOS-POR-HURACA\u0301N-OTIS-6-768x512.jpg 768w, https:\/\/cuernavaca.gob.mx\/wp-content\/uploads\/2023\/12\/EL-SISTEMA-DIF-CUERNAVACA-ENTREGA-SEGUNDO-EMBARQUE-DE-AYUDA-PARA-HABITANTES-DE-GUERRERO-AFECTADOS-POR-HURACA\u0301N-OTIS-6-1536x1023.jpg 1536w, https:\/\/cuernavaca.gob.mx\/wp-content\/uploads\/2023\/12\/EL-SISTEMA-DIF-CUERNAVACA-ENTREGA-SEGUNDO-EMBARQUE-DE-AYUDA-PARA-HABITANTES-DE-GUERRERO-AFECTADOS-POR-HURACA\u0301N-OTIS-6-600x400.jpg 600w, https:\/\/cuernavaca.gob.mx\/wp-content\/uploads\/2023\/12\/EL-SISTEMA-DIF-CUERNAVACA-ENTREGA-SEGUNDO-EMBARQUE-DE-AYUDA-PARA-HABITANTES-DE-GUERRERO-AFECTADOS-POR-HURACA\u0301N-OTIS-6-560x373.jpg 560w, https:\/\/cuernavaca.gob.mx\/wp-content\/uploads\/2023\/12\/EL-SISTEMA-DIF-CUERNAVACA-ENTREGA-SEGUNDO-EMBARQUE-DE-AYUDA-PARA-HABITANTES-DE-GUERRERO-AFECTADOS-POR-HURACA\u0301N-OTIS-6.jpg 1600w\" sizes=\"(max-width: 300px) 100vw, 300px\" \/> <img loading=\"lazy\" class=\"alignnone size-medium wp-image-36171\" src=\"https:\/\/cuernavaca.gob.mx\/wp-content\/uploads\/2023\/12\/EL-SISTEMA-DIF-CUERNAVACA-ENTREGA-SEGUNDO-EMBARQUE-DE-AYUDA-PARA-HABITANTES-DE-GUERRERO-AFECTADOS-POR-HURACA\u0301N-OTIS-7-300x200.jpg\" alt=\"\" width=\"300\" height=\"200\" srcset=\"https:\/\/cuernavaca.gob.mx\/wp-content\/uploads\/2023\/12\/EL-SISTEMA-DIF-CUERNAVACA-ENTREGA-SEGUNDO-EMBARQUE-DE-AYUDA-PARA-HABITANTES-DE-GUERRERO-AFECTADOS-POR-HURACA\u0301N-OTIS-7-300x200.jpg 300w, https:\/\/cuernavaca.gob.mx\/wp-content\/uploads\/2023\/12\/EL-SISTEMA-DIF-CUERNAVACA-ENTREGA-SEGUNDO-EMBARQUE-DE-AYUDA-PARA-HABITANTES-DE-GUERRERO-AFECTADOS-POR-HURACA\u0301N-OTIS-7-1024x682.jpg 1024w, https:\/\/cuernavaca.gob.mx\/wp-content\/uploads\/2023\/12\/EL-SISTEMA-DIF-CUERNAVACA-ENTREGA-SEGUNDO-EMBARQUE-DE-AYUDA-PARA-HABITANTES-DE-GUERRERO-AFECTADOS-POR-HURACA\u0301N-OTIS-7-768x512.jpg 768w, https:\/\/cuernavaca.gob.mx\/wp-content\/uploads\/2023\/12\/EL-SISTEMA-DIF-CUERNAVACA-ENTREGA-SEGUNDO-EMBARQUE-DE-AYUDA-PARA-HABITANTES-DE-GUERRERO-AFECTADOS-POR-HURACA\u0301N-OTIS-7-1536x1023.jpg 1536w, https:\/\/cuernavaca.gob.mx\/wp-content\/uploads\/2023\/12\/EL-SISTEMA-DIF-CUERNAVACA-ENTREGA-SEGUNDO-EMBARQUE-DE-AYUDA-PARA-HABITANTES-DE-GUERRERO-AFECTADOS-POR-HURACA\u0301N-OTIS-7-600x400.jpg 600w, https:\/\/cuernavaca.gob.mx\/wp-content\/uploads\/2023\/12\/EL-SISTEMA-DIF-CUERNAVACA-ENTREGA-SEGUNDO-EMBARQUE-DE-AYUDA-PARA-HABITANTES-DE-GUERRERO-AFECTADOS-POR-HURACA\u0301N-OTIS-7-560x373.jpg 560w, https:\/\/cuernavaca.gob.mx\/wp-content\/uploads\/2023\/12\/EL-SISTEMA-DIF-CUERNAVACA-ENTREGA-SEGUNDO-EMBARQUE-DE-AYUDA-PARA-HABITANTES-DE-GUERRERO-AFECTADOS-POR-HURACA\u0301N-OTIS-7.jpg 1600w\" sizes=\"(max-width: 300px) 100vw, 300px\" \/> <img loading=\"lazy\" class=\"alignnone size-medium wp-image-36172\" src=\"https:\/\/cuernavaca.gob.mx\/wp-content\/uploads\/2023\/12\/EL-SISTEMA-DIF-CUERNAVACA-ENTREGA-SEGUNDO-EMBARQUE-DE-AYUDA-PARA-HABITANTES-DE-GUERRERO-AFECTADOS-POR-HURACA\u0301N-OTIS-8-300x200.jpg\" alt=\"\" width=\"300\" height=\"200\" srcset=\"https:\/\/cuernavaca.gob.mx\/wp-content\/uploads\/2023\/12\/EL-SISTEMA-DIF-CUERNAVACA-ENTREGA-SEGUNDO-EMBARQUE-DE-AYUDA-PARA-HABITANTES-DE-GUERRERO-AFECTADOS-POR-HURACA\u0301N-OTIS-8-300x200.jpg 300w, https:\/\/cuernavaca.gob.mx\/wp-content\/uploads\/2023\/12\/EL-SISTEMA-DIF-CUERNAVACA-ENTREGA-SEGUNDO-EMBARQUE-DE-AYUDA-PARA-HABITANTES-DE-GUERRERO-AFECTADOS-POR-HURACA\u0301N-OTIS-8-1024x682.jpg 1024w, https:\/\/cuernavaca.gob.mx\/wp-content\/uploads\/2023\/12\/EL-SISTEMA-DIF-CUERNAVACA-ENTREGA-SEGUNDO-EMBARQUE-DE-AYUDA-PARA-HABITANTES-DE-GUERRERO-AFECTADOS-POR-HURACA\u0301N-OTIS-8-768x512.jpg 768w, https:\/\/cuernavaca.gob.mx\/wp-content\/uploads\/2023\/12\/EL-SISTEMA-DIF-CUERNAVACA-ENTREGA-SEGUNDO-EMBARQUE-DE-AYUDA-PARA-HABITANTES-DE-GUERRERO-AFECTADOS-POR-HURACA\u0301N-OTIS-8-1536x1023.jpg 1536w, https:\/\/cuernavaca.gob.mx\/wp-content\/uploads\/2023\/12\/EL-SISTEMA-DIF-CUERNAVACA-ENTREGA-SEGUNDO-EMBARQUE-DE-AYUDA-PARA-HABITANTES-DE-GUERRERO-AFECTADOS-POR-HURACA\u0301N-OTIS-8-600x400.jpg 600w, https:\/\/cuernavaca.gob.mx\/wp-content\/uploads\/2023\/12\/EL-SISTEMA-DIF-CUERNAVACA-ENTREGA-SEGUNDO-EMBARQUE-DE-AYUDA-PARA-HABITANTES-DE-GUERRERO-AFECTADOS-POR-HURACA\u0301N-OTIS-8-560x373.jpg 560w, https:\/\/cuernavaca.gob.mx\/wp-content\/uploads\/2023\/12\/EL-SISTEMA-DIF-CUERNAVACA-ENTREGA-SEGUNDO-EMBARQUE-DE-AYUDA-PARA-HABITANTES-DE-GUERRERO-AFECTADOS-POR-HURACA\u0301N-OTIS-8.jpg 1600w\" sizes=\"(max-width: 300px) 100vw, 300px\" \/> <img loading=\"lazy\" class=\"alignnone size-medium wp-image-36173\" src=\"https:\/\/cuernavaca.gob.mx\/wp-content\/uploads\/2023\/12\/EL-SISTEMA-DIF-CUERNAVACA-ENTREGA-SEGUNDO-EMBARQUE-DE-AYUDA-PARA-HABITANTES-DE-GUERRERO-AFECTADOS-POR-HURACA\u0301N-OTIS-9-300x200.jpg\" alt=\"\" width=\"300\" height=\"200\" srcset=\"https:\/\/cuernavaca.gob.mx\/wp-content\/uploads\/2023\/12\/EL-SISTEMA-DIF-CUERNAVACA-ENTREGA-SEGUNDO-EMBARQUE-DE-AYUDA-PARA-HABITANTES-DE-GUERRERO-AFECTADOS-POR-HURACA\u0301N-OTIS-9-300x200.jpg 300w, https:\/\/cuernavaca.gob.mx\/wp-content\/uploads\/2023\/12\/EL-SISTEMA-DIF-CUERNAVACA-ENTREGA-SEGUNDO-EMBARQUE-DE-AYUDA-PARA-HABITANTES-DE-GUERRERO-AFECTADOS-POR-HURACA\u0301N-OTIS-9-1024x682.jpg 1024w, https:\/\/cuernavaca.gob.mx\/wp-content\/uploads\/2023\/12\/EL-SISTEMA-DIF-CUERNAVACA-ENTREGA-SEGUNDO-EMBARQUE-DE-AYUDA-PARA-HABITANTES-DE-GUERRERO-AFECTADOS-POR-HURACA\u0301N-OTIS-9-768x512.jpg 768w, https:\/\/cuernavaca.gob.mx\/wp-content\/uploads\/2023\/12\/EL-SISTEMA-DIF-CUERNAVACA-ENTREGA-SEGUNDO-EMBARQUE-DE-AYUDA-PARA-HABITANTES-DE-GUERRERO-AFECTADOS-POR-HURACA\u0301N-OTIS-9-1536x1023.jpg 1536w, https:\/\/cuernavaca.gob.mx\/wp-content\/uploads\/2023\/12\/EL-SISTEMA-DIF-CUERNAVACA-ENTREGA-SEGUNDO-EMBARQUE-DE-AYUDA-PARA-HABITANTES-DE-GUERRERO-AFECTADOS-POR-HURACA\u0301N-OTIS-9-600x400.jpg 600w, https:\/\/cuernavaca.gob.mx\/wp-content\/uploads\/2023\/12\/EL-SISTEMA-DIF-CUERNAVACA-ENTREGA-SEGUNDO-EMBARQUE-DE-AYUDA-PARA-HABITANTES-DE-GUERRERO-AFECTADOS-POR-HURACA\u0301N-OTIS-9-560x373.jpg 560w, https:\/\/cuernavaca.gob.mx\/wp-content\/uploads\/2023\/12\/EL-SISTEMA-DIF-CUERNAVACA-ENTREGA-SEGUNDO-EMBARQUE-DE-AYUDA-PARA-HABITANTES-DE-GUERRERO-AFECTADOS-POR-HURACA\u0301N-OTIS-9.jpg 1600w\" sizes=\"(max-width: 300px) 100vw, 300px\" \/> <img loading=\"lazy\" class=\"alignnone size-medium wp-image-36174\" src=\"https:\/\/cuernavaca.gob.mx\/wp-content\/uploads\/2023\/12\/EL-SISTEMA-DIF-CUERNAVACA-ENTREGA-SEGUNDO-EMBARQUE-DE-AYUDA-PARA-HABITANTES-DE-GUERRERO-AFECTADOS-POR-HURACA\u0301N-OTIS-10-300x200.jpg\" alt=\"\" width=\"300\" height=\"200\" srcset=\"https:\/\/cuernavaca.gob.mx\/wp-content\/uploads\/2023\/12\/EL-SISTEMA-DIF-CUERNAVACA-ENTREGA-SEGUNDO-EMBARQUE-DE-AYUDA-PARA-HABITANTES-DE-GUERRERO-AFECTADOS-POR-HURACA\u0301N-OTIS-10-300x200.jpg 300w, https:\/\/cuernavaca.gob.mx\/wp-content\/uploads\/2023\/12\/EL-SISTEMA-DIF-CUERNAVACA-ENTREGA-SEGUNDO-EMBARQUE-DE-AYUDA-PARA-HABITANTES-DE-GUERRERO-AFECTADOS-POR-HURACA\u0301N-OTIS-10-1024x682.jpg 1024w, https:\/\/cuernavaca.gob.mx\/wp-content\/uploads\/2023\/12\/EL-SISTEMA-DIF-CUERNAVACA-ENTREGA-SEGUNDO-EMBARQUE-DE-AYUDA-PARA-HABITANTES-DE-GUERRERO-AFECTADOS-POR-HURACA\u0301N-OTIS-10-768x512.jpg 768w, https:\/\/cuernavaca.gob.mx\/wp-content\/uploads\/2023\/12\/EL-SISTEMA-DIF-CUERNAVACA-ENTREGA-SEGUNDO-EMBARQUE-DE-AYUDA-PARA-HABITANTES-DE-GUERRERO-AFECTADOS-POR-HURACA\u0301N-OTIS-10-1536x1023.jpg 1536w, https:\/\/cuernavaca.gob.mx\/wp-content\/uploads\/2023\/12\/EL-SISTEMA-DIF-CUERNAVACA-ENTREGA-SEGUNDO-EMBARQUE-DE-AYUDA-PARA-HABITANTES-DE-GUERRERO-AFECTADOS-POR-HURACA\u0301N-OTIS-10-600x400.jpg 600w, https:\/\/cuernavaca.gob.mx\/wp-content\/uploads\/2023\/12\/EL-SISTEMA-DIF-CUERNAVACA-ENTREGA-SEGUNDO-EMBARQUE-DE-AYUDA-PARA-HABITANTES-DE-GUERRERO-AFECTADOS-POR-HURACA\u0301N-OTIS-10-560x373.jpg 560w, https:\/\/cuernavaca.gob.mx\/wp-content\/uploads\/2023\/12\/EL-SISTEMA-DIF-CUERNAVACA-ENTREGA-SEGUNDO-EMBARQUE-DE-AYUDA-PARA-HABITANTES-DE-GUERRERO-AFECTADOS-POR-HURACA\u0301N-OTIS-10.jpg 1600w\" sizes=\"(max-width: 300px) 100vw, 300px\" \/> <img loading=\"lazy\" class=\"alignnone size-medium wp-image-36175\" src=\"https:\/\/cuernavaca.gob.mx\/wp-content\/uploads\/2023\/12\/EL-SISTEMA-DIF-CUERNAVACA-ENTREGA-SEGUNDO-EMBARQUE-DE-AYUDA-PARA-HABITANTES-DE-GUERRERO-AFECTADOS-POR-HURACA\u0301N-OTIS-11-300x200.jpg\" alt=\"\" width=\"300\" height=\"200\" srcset=\"https:\/\/cuernavaca.gob.mx\/wp-content\/uploads\/2023\/12\/EL-SISTEMA-DIF-CUERNAVACA-ENTREGA-SEGUNDO-EMBARQUE-DE-AYUDA-PARA-HABITANTES-DE-GUERRERO-AFECTADOS-POR-HURACA\u0301N-OTIS-11-300x200.jpg 300w, https:\/\/cuernavaca.gob.mx\/wp-content\/uploads\/2023\/12\/EL-SISTEMA-DIF-CUERNAVACA-ENTREGA-SEGUNDO-EMBARQUE-DE-AYUDA-PARA-HABITANTES-DE-GUERRERO-AFECTADOS-POR-HURACA\u0301N-OTIS-11-1024x682.jpg 1024w, https:\/\/cuernavaca.gob.mx\/wp-content\/uploads\/2023\/12\/EL-SISTEMA-DIF-CUERNAVACA-ENTREGA-SEGUNDO-EMBARQUE-DE-AYUDA-PARA-HABITANTES-DE-GUERRERO-AFECTADOS-POR-HURACA\u0301N-OTIS-11-768x512.jpg 768w, https:\/\/cuernavaca.gob.mx\/wp-content\/uploads\/2023\/12\/EL-SISTEMA-DIF-CUERNAVACA-ENTREGA-SEGUNDO-EMBARQUE-DE-AYUDA-PARA-HABITANTES-DE-GUERRERO-AFECTADOS-POR-HURACA\u0301N-OTIS-11-1536x1023.jpg 1536w, https:\/\/cuernavaca.gob.mx\/wp-content\/uploads\/2023\/12\/EL-SISTEMA-DIF-CUERNAVACA-ENTREGA-SEGUNDO-EMBARQUE-DE-AYUDA-PARA-HABITANTES-DE-GUERRERO-AFECTADOS-POR-HURACA\u0301N-OTIS-11-600x400.jpg 600w, https:\/\/cuernavaca.gob.mx\/wp-content\/uploads\/2023\/12\/EL-SISTEMA-DIF-CUERNAVACA-ENTREGA-SEGUNDO-EMBARQUE-DE-AYUDA-PARA-HABITANTES-DE-GUERRERO-AFECTADOS-POR-HURACA\u0301N-OTIS-11-560x373.jpg 560w, https:\/\/cuernavaca.gob.mx\/wp-content\/uploads\/2023\/12\/EL-SISTEMA-DIF-CUERNAVACA-ENTREGA-SEGUNDO-EMBARQUE-DE-AYUDA-PARA-HABITANTES-DE-GUERRERO-AFECTADOS-POR-HURACA\u0301N-OTIS-11.jpg 1600w\" sizes=\"(max-width: 300px) 100vw, 300px\" \/> <img loading=\"lazy\" class=\"alignnone size-medium wp-image-36176\" src=\"https:\/\/cuernavaca.gob.mx\/wp-content\/uploads\/2023\/12\/EL-SISTEMA-DIF-CUERNAVACA-ENTREGA-SEGUNDO-EMBARQUE-DE-AYUDA-PARA-HABITANTES-DE-GUERRERO-AFECTADOS-POR-HURACA\u0301N-OTIS-12-300x200.jpg\" alt=\"\" width=\"300\" height=\"200\" srcset=\"https:\/\/cuernavaca.gob.mx\/wp-content\/uploads\/2023\/12\/EL-SISTEMA-DIF-CUERNAVACA-ENTREGA-SEGUNDO-EMBARQUE-DE-AYUDA-PARA-HABITANTES-DE-GUERRERO-AFECTADOS-POR-HURACA\u0301N-OTIS-12-300x200.jpg 300w, https:\/\/cuernavaca.gob.mx\/wp-content\/uploads\/2023\/12\/EL-SISTEMA-DIF-CUERNAVACA-ENTREGA-SEGUNDO-EMBARQUE-DE-AYUDA-PARA-HABITANTES-DE-GUERRERO-AFECTADOS-POR-HURACA\u0301N-OTIS-12-1024x682.jpg 1024w, https:\/\/cuernavaca.gob.mx\/wp-content\/uploads\/2023\/12\/EL-SISTEMA-DIF-CUERNAVACA-ENTREGA-SEGUNDO-EMBARQUE-DE-AYUDA-PARA-HABITANTES-DE-GUERRERO-AFECTADOS-POR-HURACA\u0301N-OTIS-12-768x512.jpg 768w, https:\/\/cuernavaca.gob.mx\/wp-content\/uploads\/2023\/12\/EL-SISTEMA-DIF-CUERNAVACA-ENTREGA-SEGUNDO-EMBARQUE-DE-AYUDA-PARA-HABITANTES-DE-GUERRERO-AFECTADOS-POR-HURACA\u0301N-OTIS-12-1536x1023.jpg 1536w, https:\/\/cuernavaca.gob.mx\/wp-content\/uploads\/2023\/12\/EL-SISTEMA-DIF-CUERNAVACA-ENTREGA-SEGUNDO-EMBARQUE-DE-AYUDA-PARA-HABITANTES-DE-GUERRERO-AFECTADOS-POR-HURACA\u0301N-OTIS-12-600x400.jpg 600w, https:\/\/cuernavaca.gob.mx\/wp-content\/uploads\/2023\/12\/EL-SISTEMA-DIF-CUERNAVACA-ENTREGA-SEGUNDO-EMBARQUE-DE-AYUDA-PARA-HABITANTES-DE-GUERRERO-AFECTADOS-POR-HURACA\u0301N-OTIS-12-560x373.jpg 560w, https:\/\/cuernavaca.gob.mx\/wp-content\/uploads\/2023\/12\/EL-SISTEMA-DIF-CUERNAVACA-ENTREGA-SEGUNDO-EMBARQUE-DE-AYUDA-PARA-HABITANTES-DE-GUERRERO-AFECTADOS-POR-HURACA\u0301N-OTIS-12.jpg 1600w\" sizes=\"(max-width: 300px) 100vw, 300px\" \/> <img loading=\"lazy\" class=\"alignnone size-medium wp-image-36177\" src=\"https:\/\/cuernavaca.gob.mx\/wp-content\/uploads\/2023\/12\/EL-SISTEMA-DIF-CUERNAVACA-ENTREGA-SEGUNDO-EMBARQUE-DE-AYUDA-PARA-HABITANTES-DE-GUERRERO-AFECTADOS-POR-HURACA\u0301N-OTIS-13-300x200.jpg\" alt=\"\" width=\"300\" height=\"200\" srcset=\"https:\/\/cuernavaca.gob.mx\/wp-content\/uploads\/2023\/12\/EL-SISTEMA-DIF-CUERNAVACA-ENTREGA-SEGUNDO-EMBARQUE-DE-AYUDA-PARA-HABITANTES-DE-GUERRERO-AFECTADOS-POR-HURACA\u0301N-OTIS-13-300x200.jpg 300w, https:\/\/cuernavaca.gob.mx\/wp-content\/uploads\/2023\/12\/EL-SISTEMA-DIF-CUERNAVACA-ENTREGA-SEGUNDO-EMBARQUE-DE-AYUDA-PARA-HABITANTES-DE-GUERRERO-AFECTADOS-POR-HURACA\u0301N-OTIS-13-1024x682.jpg 1024w, https:\/\/cuernavaca.gob.mx\/wp-content\/uploads\/2023\/12\/EL-SISTEMA-DIF-CUERNAVACA-ENTREGA-SEGUNDO-EMBARQUE-DE-AYUDA-PARA-HABITANTES-DE-GUERRERO-AFECTADOS-POR-HURACA\u0301N-OTIS-13-768x512.jpg 768w, https:\/\/cuernavaca.gob.mx\/wp-content\/uploads\/2023\/12\/EL-SISTEMA-DIF-CUERNAVACA-ENTREGA-SEGUNDO-EMBARQUE-DE-AYUDA-PARA-HABITANTES-DE-GUERRERO-AFECTADOS-POR-HURACA\u0301N-OTIS-13-1536x1023.jpg 1536w, https:\/\/cuernavaca.gob.mx\/wp-content\/uploads\/2023\/12\/EL-SISTEMA-DIF-CUERNAVACA-ENTREGA-SEGUNDO-EMBARQUE-DE-AYUDA-PARA-HABITANTES-DE-GUERRERO-AFECTADOS-POR-HURACA\u0301N-OTIS-13-600x400.jpg 600w, https:\/\/cuernavaca.gob.mx\/wp-content\/uploads\/2023\/12\/EL-SISTEMA-DIF-CUERNAVACA-ENTREGA-SEGUNDO-EMBARQUE-DE-AYUDA-PARA-HABITANTES-DE-GUERRERO-AFECTADOS-POR-HURACA\u0301N-OTIS-13-560x373.jpg 560w, https:\/\/cuernavaca.gob.mx\/wp-content\/uploads\/2023\/12\/EL-SISTEMA-DIF-CUERNAVACA-ENTREGA-SEGUNDO-EMBARQUE-DE-AYUDA-PARA-HABITANTES-DE-GUERRERO-AFECTADOS-POR-HURACA\u0301N-OTIS-13.jpg 1600w\" sizes=\"(max-width: 300px) 100vw, 300px\" \/> <img loading=\"lazy\" class=\"alignnone size-medium wp-image-36178\" src=\"https:\/\/cuernavaca.gob.mx\/wp-content\/uploads\/2023\/12\/EL-SISTEMA-DIF-CUERNAVACA-ENTREGA-SEGUNDO-EMBARQUE-DE-AYUDA-PARA-HABITANTES-DE-GUERRERO-AFECTADOS-POR-HURACA\u0301N-OTIS-14-300x200.jpg\" alt=\"\" width=\"300\" height=\"200\" srcset=\"https:\/\/cuernavaca.gob.mx\/wp-content\/uploads\/2023\/12\/EL-SISTEMA-DIF-CUERNAVACA-ENTREGA-SEGUNDO-EMBARQUE-DE-AYUDA-PARA-HABITANTES-DE-GUERRERO-AFECTADOS-POR-HURACA\u0301N-OTIS-14-300x200.jpg 300w, https:\/\/cuernavaca.gob.mx\/wp-content\/uploads\/2023\/12\/EL-SISTEMA-DIF-CUERNAVACA-ENTREGA-SEGUNDO-EMBARQUE-DE-AYUDA-PARA-HABITANTES-DE-GUERRERO-AFECTADOS-POR-HURACA\u0301N-OTIS-14-1024x682.jpg 1024w, https:\/\/cuernavaca.gob.mx\/wp-content\/uploads\/2023\/12\/EL-SISTEMA-DIF-CUERNAVACA-ENTREGA-SEGUNDO-EMBARQUE-DE-AYUDA-PARA-HABITANTES-DE-GUERRERO-AFECTADOS-POR-HURACA\u0301N-OTIS-14-768x512.jpg 768w, https:\/\/cuernavaca.gob.mx\/wp-content\/uploads\/2023\/12\/EL-SISTEMA-DIF-CUERNAVACA-ENTREGA-SEGUNDO-EMBARQUE-DE-AYUDA-PARA-HABITANTES-DE-GUERRERO-AFECTADOS-POR-HURACA\u0301N-OTIS-14-1536x1023.jpg 1536w, https:\/\/cuernavaca.gob.mx\/wp-content\/uploads\/2023\/12\/EL-SISTEMA-DIF-CUERNAVACA-ENTREGA-SEGUNDO-EMBARQUE-DE-AYUDA-PARA-HABITANTES-DE-GUERRERO-AFECTADOS-POR-HURACA\u0301N-OTIS-14-600x400.jpg 600w, https:\/\/cuernavaca.gob.mx\/wp-content\/uploads\/2023\/12\/EL-SISTEMA-DIF-CUERNAVACA-ENTREGA-SEGUNDO-EMBARQUE-DE-AYUDA-PARA-HABITANTES-DE-GUERRERO-AFECTADOS-POR-HURACA\u0301N-OTIS-14-560x373.jpg 560w, https:\/\/cuernavaca.gob.mx\/wp-content\/uploads\/2023\/12\/EL-SISTEMA-DIF-CUERNAVACA-ENTREGA-SEGUNDO-EMBARQUE-DE-AYUDA-PARA-HABITANTES-DE-GUERRERO-AFECTADOS-POR-HURACA\u0301N-OTIS-14.jpg 1600w\" sizes=\"(max-width: 300px) 100vw, 300px\" \/> <img loading=\"lazy\" class=\"alignnone size-medium wp-image-36179\" src=\"https:\/\/cuernavaca.gob.mx\/wp-content\/uploads\/2023\/12\/EL-SISTEMA-DIF-CUERNAVACA-ENTREGA-SEGUNDO-EMBARQUE-DE-AYUDA-PARA-HABITANTES-DE-GUERRERO-AFECTADOS-POR-HURACA\u0301N-OTIS-15-300x200.jpg\" alt=\"\" width=\"300\" height=\"200\" srcset=\"https:\/\/cuernavaca.gob.mx\/wp-content\/uploads\/2023\/12\/EL-SISTEMA-DIF-CUERNAVACA-ENTREGA-SEGUNDO-EMBARQUE-DE-AYUDA-PARA-HABITANTES-DE-GUERRERO-AFECTADOS-POR-HURACA\u0301N-OTIS-15-300x200.jpg 300w, https:\/\/cuernavaca.gob.mx\/wp-content\/uploads\/2023\/12\/EL-SISTEMA-DIF-CUERNAVACA-ENTREGA-SEGUNDO-EMBARQUE-DE-AYUDA-PARA-HABITANTES-DE-GUERRERO-AFECTADOS-POR-HURACA\u0301N-OTIS-15-1024x682.jpg 1024w, https:\/\/cuernavaca.gob.mx\/wp-content\/uploads\/2023\/12\/EL-SISTEMA-DIF-CUERNAVACA-ENTREGA-SEGUNDO-EMBARQUE-DE-AYUDA-PARA-HABITANTES-DE-GUERRERO-AFECTADOS-POR-HURACA\u0301N-OTIS-15-768x512.jpg 768w, https:\/\/cuernavaca.gob.mx\/wp-content\/uploads\/2023\/12\/EL-SISTEMA-DIF-CUERNAVACA-ENTREGA-SEGUNDO-EMBARQUE-DE-AYUDA-PARA-HABITANTES-DE-GUERRERO-AFECTADOS-POR-HURACA\u0301N-OTIS-15-1536x1023.jpg 1536w, https:\/\/cuernavaca.gob.mx\/wp-content\/uploads\/2023\/12\/EL-SISTEMA-DIF-CUERNAVACA-ENTREGA-SEGUNDO-EMBARQUE-DE-AYUDA-PARA-HABITANTES-DE-GUERRERO-AFECTADOS-POR-HURACA\u0301N-OTIS-15-600x400.jpg 600w, https:\/\/cuernavaca.gob.mx\/wp-content\/uploads\/2023\/12\/EL-SISTEMA-DIF-CUERNAVACA-ENTREGA-SEGUNDO-EMBARQUE-DE-AYUDA-PARA-HABITANTES-DE-GUERRERO-AFECTADOS-POR-HURACA\u0301N-OTIS-15-560x373.jpg 560w, https:\/\/cuernavaca.gob.mx\/wp-content\/uploads\/2023\/12\/EL-SISTEMA-DIF-CUERNAVACA-ENTREGA-SEGUNDO-EMBARQUE-DE-AYUDA-PARA-HABITANTES-DE-GUERRERO-AFECTADOS-POR-HURACA\u0301N-OTIS-15.jpg 1600w\" sizes=\"(max-width: 300px) 100vw, 300px\" \/> <img loading=\"lazy\" class=\"alignnone size-medium wp-image-36180\" src=\"https:\/\/cuernavaca.gob.mx\/wp-content\/uploads\/2023\/12\/EL-SISTEMA-DIF-CUERNAVACA-ENTREGA-SEGUNDO-EMBARQUE-DE-AYUDA-PARA-HABITANTES-DE-GUERRERO-AFECTADOS-POR-HURACA\u0301N-OTIS-16-300x169.jpg\" alt=\"\" width=\"300\" height=\"169\" srcset=\"https:\/\/cuernavaca.gob.mx\/wp-content\/uploads\/2023\/12\/EL-SISTEMA-DIF-CUERNAVACA-ENTREGA-SEGUNDO-EMBARQUE-DE-AYUDA-PARA-HABITANTES-DE-GUERRERO-AFECTADOS-POR-HURACA\u0301N-OTIS-16-300x169.jpg 300w, https:\/\/cuernavaca.gob.mx\/wp-content\/uploads\/2023\/12\/EL-SISTEMA-DIF-CUERNAVACA-ENTREGA-SEGUNDO-EMBARQUE-DE-AYUDA-PARA-HABITANTES-DE-GUERRERO-AFECTADOS-POR-HURACA\u0301N-OTIS-16-1024x576.jpg 1024w, https:\/\/cuernavaca.gob.mx\/wp-content\/uploads\/2023\/12\/EL-SISTEMA-DIF-CUERNAVACA-ENTREGA-SEGUNDO-EMBARQUE-DE-AYUDA-PARA-HABITANTES-DE-GUERRERO-AFECTADOS-POR-HURACA\u0301N-OTIS-16-768x432.jpg 768w, https:\/\/cuernavaca.gob.mx\/wp-content\/uploads\/2023\/12\/EL-SISTEMA-DIF-CUERNAVACA-ENTREGA-SEGUNDO-EMBARQUE-DE-AYUDA-PARA-HABITANTES-DE-GUERRERO-AFECTADOS-POR-HURACA\u0301N-OTIS-16-600x338.jpg 600w, https:\/\/cuernavaca.gob.mx\/wp-content\/uploads\/2023\/12\/EL-SISTEMA-DIF-CUERNAVACA-ENTREGA-SEGUNDO-EMBARQUE-DE-AYUDA-PARA-HABITANTES-DE-GUERRERO-AFECTADOS-POR-HURACA\u0301N-OTIS-16-560x315.jpg 560w, https:\/\/cuernavaca.gob.mx\/wp-content\/uploads\/2023\/12\/EL-SISTEMA-DIF-CUERNAVACA-ENTREGA-SEGUNDO-EMBARQUE-DE-AYUDA-PARA-HABITANTES-DE-GUERRERO-AFECTADOS-POR-HURACA\u0301N-OTIS-16.jpg 1280w\" sizes=\"(max-width: 300px) 100vw, 300px\" \/><\/p>\n","protected":false},"excerpt":{"rendered":"<p>Por segunda vez, el esp\u00edritu solidario de los habitantes de Cuernavaca respondi\u00f3 a la convocatoria del Sistema DIF Municipal y el Ayuntamiento, se manifest\u00f3 con fuerza extendiendo ayuda a nuestros hermanos del estado de Guerrero que se vieron afectados por el embate del hurac\u00e1n OTIS. Siguiendo el firme compromiso de Luz Mar\u00eda Zagal Guzm\u00e1n, presidenta [&hellip;]<\/p>\n","protected":false},"author":1,"featured_media":36177,"comment_status":"closed","ping_status":"open","sticky":false,"template":"","format":"standard","meta":[],"categories":[1],"tags":[3407,601,121,3406,339,132,3390,120,127],"aioseo_notices":[],"_links":{"self":[{"href":"https:\/\/cuernavaca.gob.mx\/index.php?rest_route=\/wp\/v2\/posts\/36163"}],"collection":[{"href":"https:\/\/cuernavaca.gob.mx\/index.php?rest_route=\/wp\/v2\/posts"}],"about":[{"href":"https:\/\/cuernavaca.gob.mx\/index.php?rest_route=\/wp\/v2\/types\/post"}],"author":[{"embeddable":true,"href":"https:\/\/cuernavaca.gob.mx\/index.php?rest_route=\/wp\/v2\/users\/1"}],"replies":[{"embeddable":true,"href":"https:\/\/cuernavaca.gob.mx\/index.php?rest_route=%2Fwp%2Fv2%2Fcomments&post=36163"}],"version-history":[{"count":1,"href":"https:\/\/cuernavaca.gob.mx\/index.php?rest_route=\/wp\/v2\/posts\/36163\/revisions"}],"predecessor-version":[{"id":36181,"href":"https:\/\/cuernavaca.gob.mx\/index.php?rest_route=\/wp\/v2\/posts\/36163\/revisions\/36181"}],"wp:featuredmedia":[{"embeddable":true,"href":"https:\/\/cuernavaca.gob.mx\/index.php?rest_route=\/wp\/v2\/media\/36177"}],"wp:attachment":[{"href":"https:\/\/cuernavaca.gob.mx\/index.php?rest_route=%2Fwp%2Fv2%2Fmedia&parent=36163"}],"wp:term":[{"taxonomy":"category","embeddable":true,"href":"https:\/\/cuernavaca.gob.mx\/index.php?rest_route=%2Fwp%2Fv2%2Fcategories&post=36163"},{"taxonomy":"post_tag","embeddable":true,"href":"https:\/\/cuernavaca.gob.mx\/index.php?rest_route=%2Fwp%2Fv2%2Ftags&post=36163"}],"curies":[{"name":"wp","href":"https:\/\/api.w.org\/{rel}","templated":true}]}}