{"id":36275,"date":"2023-12-26T14:15:16","date_gmt":"2023-12-26T20:15:16","guid":{"rendered":"https:\/\/cuernavaca.gob.mx\/?p=36275"},"modified":"2023-12-26T14:39:58","modified_gmt":"2023-12-26T20:39:58","slug":"c-26-12-23-secretaria-de-proteccion-y-auxilio-ciudadano-de-cuernavaca","status":"publish","type":"post","link":"https:\/\/cuernavaca.gob.mx\/?p=36275","title":{"rendered":"C 26\/12\/23 SECRETAR\u00cdA DE PROTECCI\u00d3N Y AUXILIO CIUDADANO DE CUERNAVACA"},"content":{"rendered":"<p><img loading=\"lazy\" class=\"alignnone size-medium wp-image-36276\" src=\"https:\/\/cuernavaca.gob.mx\/wp-content\/uploads\/2023\/12\/SECRETARI\u0301A-DE-PROTECCIO\u0301N-Y-AUXILIO-CIUDADANO-DE-CUERNAVACA-1-300x190.jpg\" alt=\"\" width=\"300\" height=\"190\" srcset=\"https:\/\/cuernavaca.gob.mx\/wp-content\/uploads\/2023\/12\/SECRETARI\u0301A-DE-PROTECCIO\u0301N-Y-AUXILIO-CIUDADANO-DE-CUERNAVACA-1-300x190.jpg 300w, https:\/\/cuernavaca.gob.mx\/wp-content\/uploads\/2023\/12\/SECRETARI\u0301A-DE-PROTECCIO\u0301N-Y-AUXILIO-CIUDADANO-DE-CUERNAVACA-1-1024x648.jpg 1024w, https:\/\/cuernavaca.gob.mx\/wp-content\/uploads\/2023\/12\/SECRETARI\u0301A-DE-PROTECCIO\u0301N-Y-AUXILIO-CIUDADANO-DE-CUERNAVACA-1-768x486.jpg 768w, https:\/\/cuernavaca.gob.mx\/wp-content\/uploads\/2023\/12\/SECRETARI\u0301A-DE-PROTECCIO\u0301N-Y-AUXILIO-CIUDADANO-DE-CUERNAVACA-1-1536x972.jpg 1536w, https:\/\/cuernavaca.gob.mx\/wp-content\/uploads\/2023\/12\/SECRETARI\u0301A-DE-PROTECCIO\u0301N-Y-AUXILIO-CIUDADANO-DE-CUERNAVACA-1-600x380.jpg 600w, https:\/\/cuernavaca.gob.mx\/wp-content\/uploads\/2023\/12\/SECRETARI\u0301A-DE-PROTECCIO\u0301N-Y-AUXILIO-CIUDADANO-DE-CUERNAVACA-1-560x355.jpg 560w, https:\/\/cuernavaca.gob.mx\/wp-content\/uploads\/2023\/12\/SECRETARI\u0301A-DE-PROTECCIO\u0301N-Y-AUXILIO-CIUDADANO-DE-CUERNAVACA-1.jpg 1600w\" sizes=\"(max-width: 300px) 100vw, 300px\" \/>El pasado 25 de diciembre, elementos de la Polic\u00eda Preventiva de la Secretar\u00eda de Protecci\u00f3n y Auxilio Ciudadano (SEPRAC) de Cuernavaca, reportaron v\u00eda radio la detonaci\u00f3n de arma de fuego en el interior de la Plaza Comercial FORUM, de la colonia Flores Mag\u00f3n.<\/p>\n<p>En el lugar se report\u00f3 el ataque violento contra una persona que se encontraba al interior del establecimiento de un Bar \u201cLa Cruderia\u201d, por lo que se requiri\u00f3 del apoyo de la Cruz Roja para su atenci\u00f3n.<\/p>\n<p>Ante estos hechos, la Mtra. Alicia V\u00e1zquez Luna, titular de la SEPRAC, detall\u00f3 que elementos de la Polic\u00eda Preventiva informaron que hab\u00edan logrado la detenci\u00f3n de una persona, presuntamente participe de los hechos ocurridos en esta plaza comercial, que vale hacer referencia, cuenta con seguridad privada con autorizaci\u00f3n de portaci\u00f3n de armas de fuego.<\/p>\n<p>El detenido de nombre EDGAR OBED &#8220;N&#8221; de 36 a\u00f1os de edad, quien portaba un arma de fuego calibre 9mm; fue trasladado a las instalaciones de la SEPRAC para realizar el IPH correspondiente, y presentar ante la Fiscal\u00eda General de la Rep\u00fablica (FGR) para hacer el proceso correspondiente.<\/p>\n<p>De la misma forma, Alicia V\u00e1zquez acot\u00f3 que se requiri\u00f3 a la Fiscal\u00eda de Justicia del Estado llevar a cabo los trabajos de Servicios Periciales y peritajes bal\u00edsticos para cotejar la informaci\u00f3n con el arma que fue incautada al detenido.<\/p>\n<p>Se ha solicitado a la ciudadan\u00eda su colaboraci\u00f3n, si reconoce a esta persona como presunta responsable de otros hechos delictivos a presentar su denuncia de manera an\u00f3nima ante la Fiscal\u00eda General del Estado de Morelos.<\/p>\n<p>La Secretar\u00eda de Protecci\u00f3n y Auxilio Ciudadano de Cuernavaca, pone a disposici\u00f3n el tel\u00e9fono de la Central de Emergencias, 777 312 12 74, donde personal que integra el Centro de Comando, Control, Comunicaci\u00f3n y C\u00f3mputo (C4) dar\u00e1 la orientaci\u00f3n y apoyo necesario.<\/p>\n","protected":false},"excerpt":{"rendered":"<p>El pasado 25 de diciembre, elementos de la Polic\u00eda Preventiva de la Secretar\u00eda de Protecci\u00f3n y Auxilio Ciudadano (SEPRAC) de Cuernavaca, reportaron v\u00eda radio la detonaci\u00f3n de arma de fuego en el interior de la Plaza Comercial FORUM, de la colonia Flores Mag\u00f3n. En el lugar se report\u00f3 el ataque violento contra una persona que [&hellip;]<\/p>\n","protected":false},"author":1,"featured_media":36276,"comment_status":"closed","ping_status":"open","sticky":false,"template":"","format":"standard","meta":[],"categories":[17],"tags":[121,120,206,414,125],"aioseo_notices":[],"_links":{"self":[{"href":"https:\/\/cuernavaca.gob.mx\/index.php?rest_route=\/wp\/v2\/posts\/36275"}],"collection":[{"href":"https:\/\/cuernavaca.gob.mx\/index.php?rest_route=\/wp\/v2\/posts"}],"about":[{"href":"https:\/\/cuernavaca.gob.mx\/index.php?rest_route=\/wp\/v2\/types\/post"}],"author":[{"embeddable":true,"href":"https:\/\/cuernavaca.gob.mx\/index.php?rest_route=\/wp\/v2\/users\/1"}],"replies":[{"embeddable":true,"href":"https:\/\/cuernavaca.gob.mx\/index.php?rest_route=%2Fwp%2Fv2%2Fcomments&post=36275"}],"version-history":[{"count":1,"href":"https:\/\/cuernavaca.gob.mx\/index.php?rest_route=\/wp\/v2\/posts\/36275\/revisions"}],"predecessor-version":[{"id":36277,"href":"https:\/\/cuernavaca.gob.mx\/index.php?rest_route=\/wp\/v2\/posts\/36275\/revisions\/36277"}],"wp:featuredmedia":[{"embeddable":true,"href":"https:\/\/cuernavaca.gob.mx\/index.php?rest_route=\/wp\/v2\/media\/36276"}],"wp:attachment":[{"href":"https:\/\/cuernavaca.gob.mx\/index.php?rest_route=%2Fwp%2Fv2%2Fmedia&parent=36275"}],"wp:term":[{"taxonomy":"category","embeddable":true,"href":"https:\/\/cuernavaca.gob.mx\/index.php?rest_route=%2Fwp%2Fv2%2Fcategories&post=36275"},{"taxonomy":"post_tag","embeddable":true,"href":"https:\/\/cuernavaca.gob.mx\/index.php?rest_route=%2Fwp%2Fv2%2Ftags&post=36275"}],"curies":[{"name":"wp","href":"https:\/\/api.w.org\/{rel}","templated":true}]}}