{"id":36278,"date":"2023-12-26T16:00:40","date_gmt":"2023-12-26T22:00:40","guid":{"rendered":"https:\/\/cuernavaca.gob.mx\/?p=36278"},"modified":"2023-12-26T16:31:19","modified_gmt":"2023-12-26T22:31:19","slug":"c-26-12-23-en-proceso-de-concluir-los-trabajos-de-rehabilitacion-en-el-pozo-alta-vista-por-parte-de-sapac","status":"publish","type":"post","link":"https:\/\/cuernavaca.gob.mx\/?p=36278","title":{"rendered":"C 26\/12\/23 EN PROCESO DE CONCLUIR LOS TRABAJOS DE REHABILITACI\u00d3N EN EL POZO &#8220;ALTA VISTA&#8221; POR PARTE DE SAPAC"},"content":{"rendered":"<p><strong>\u2022 Se realiza de manera gradual el restablecimiento del servicio en las zonas de abastecimiento<\/strong><\/p>\n<p>Luego de cinco d\u00edas de labores en el pozo \u201cAlta Vista\u201d, se reporta todo listo para reactivar su operaci\u00f3n de manera total. Esto, como parte del programa de rehabilitaci\u00f3n en pozos de la ciudad que emprende el Ayuntamiento de Cuernavaca, supervisado por personal del Sistema de Agua Potable y Alcantarillado de Cuernavaca (SAPAC) y de la Secretar\u00eda de Desarrollo Urbano y Obras P\u00fablicas (SDUyOP) del municipio.<\/p>\n<p>La Direcci\u00f3n T\u00e9cnica del SAPAC refiri\u00f3 que se trata de una de las fuentes de abastecimiento donde se han desarrollado los trabajos con mayor prontitud y sin contratiempos, reportando al momento, la instalaci\u00f3n del sistema de tierras y cloraci\u00f3n; as\u00ed como las labores de aforo que de manera obligada se debe llevar a cabo con 24 horas de descarga libre.<\/p>\n<p>Es importante resaltar, que una vez concluidas dichas acciones el servicio de distribuci\u00f3n de agua comenzar\u00e1 a restablecerse de manera paulatina en las colonias Loma Hermosa, Plan de Ayala, Alta Vista Barrancas y Alta Vista, toda vez que se concrete el proceso de llenado de tuber\u00edas.<\/p>\n<p>Con el fin de concretar las acciones de rehabilitaci\u00f3n al cien por ciento, el SAPAC informa que los trabajos continuar\u00e1n de manera paulatina, contemplando la instalaci\u00f3n de la bomba de cloraci\u00f3n y pararrayos.<\/p>\n<p><img loading=\"lazy\" class=\"alignnone size-medium wp-image-36279\" src=\"https:\/\/cuernavaca.gob.mx\/wp-content\/uploads\/2023\/12\/EN-PROCESO-DE-CONCLUIR-LOS-TRABAJOS-DE-REHABILITACIO\u0301N-EN-EL-POZO-22ALTA-VISTA22-POR-PARTE-DE-SAPAC-1-300x225.jpg\" alt=\"\" width=\"300\" height=\"225\" srcset=\"https:\/\/cuernavaca.gob.mx\/wp-content\/uploads\/2023\/12\/EN-PROCESO-DE-CONCLUIR-LOS-TRABAJOS-DE-REHABILITACIO\u0301N-EN-EL-POZO-22ALTA-VISTA22-POR-PARTE-DE-SAPAC-1-300x225.jpg 300w, https:\/\/cuernavaca.gob.mx\/wp-content\/uploads\/2023\/12\/EN-PROCESO-DE-CONCLUIR-LOS-TRABAJOS-DE-REHABILITACIO\u0301N-EN-EL-POZO-22ALTA-VISTA22-POR-PARTE-DE-SAPAC-1-1024x768.jpg 1024w, https:\/\/cuernavaca.gob.mx\/wp-content\/uploads\/2023\/12\/EN-PROCESO-DE-CONCLUIR-LOS-TRABAJOS-DE-REHABILITACIO\u0301N-EN-EL-POZO-22ALTA-VISTA22-POR-PARTE-DE-SAPAC-1-768x576.jpg 768w, https:\/\/cuernavaca.gob.mx\/wp-content\/uploads\/2023\/12\/EN-PROCESO-DE-CONCLUIR-LOS-TRABAJOS-DE-REHABILITACIO\u0301N-EN-EL-POZO-22ALTA-VISTA22-POR-PARTE-DE-SAPAC-1-1536x1152.jpg 1536w, https:\/\/cuernavaca.gob.mx\/wp-content\/uploads\/2023\/12\/EN-PROCESO-DE-CONCLUIR-LOS-TRABAJOS-DE-REHABILITACIO\u0301N-EN-EL-POZO-22ALTA-VISTA22-POR-PARTE-DE-SAPAC-1-600x450.jpg 600w, https:\/\/cuernavaca.gob.mx\/wp-content\/uploads\/2023\/12\/EN-PROCESO-DE-CONCLUIR-LOS-TRABAJOS-DE-REHABILITACIO\u0301N-EN-EL-POZO-22ALTA-VISTA22-POR-PARTE-DE-SAPAC-1-560x420.jpg 560w, https:\/\/cuernavaca.gob.mx\/wp-content\/uploads\/2023\/12\/EN-PROCESO-DE-CONCLUIR-LOS-TRABAJOS-DE-REHABILITACIO\u0301N-EN-EL-POZO-22ALTA-VISTA22-POR-PARTE-DE-SAPAC-1.jpg 1600w\" sizes=\"(max-width: 300px) 100vw, 300px\" \/> <img loading=\"lazy\" class=\"alignnone size-medium wp-image-36280\" src=\"https:\/\/cuernavaca.gob.mx\/wp-content\/uploads\/2023\/12\/EN-PROCESO-DE-CONCLUIR-LOS-TRABAJOS-DE-REHABILITACIO\u0301N-EN-EL-POZO-22ALTA-VISTA22-POR-PARTE-DE-SAPAC-2-300x135.jpg\" alt=\"\" width=\"300\" height=\"135\" srcset=\"https:\/\/cuernavaca.gob.mx\/wp-content\/uploads\/2023\/12\/EN-PROCESO-DE-CONCLUIR-LOS-TRABAJOS-DE-REHABILITACIO\u0301N-EN-EL-POZO-22ALTA-VISTA22-POR-PARTE-DE-SAPAC-2-300x135.jpg 300w, https:\/\/cuernavaca.gob.mx\/wp-content\/uploads\/2023\/12\/EN-PROCESO-DE-CONCLUIR-LOS-TRABAJOS-DE-REHABILITACIO\u0301N-EN-EL-POZO-22ALTA-VISTA22-POR-PARTE-DE-SAPAC-2-1024x462.jpg 1024w, https:\/\/cuernavaca.gob.mx\/wp-content\/uploads\/2023\/12\/EN-PROCESO-DE-CONCLUIR-LOS-TRABAJOS-DE-REHABILITACIO\u0301N-EN-EL-POZO-22ALTA-VISTA22-POR-PARTE-DE-SAPAC-2-768x346.jpg 768w, https:\/\/cuernavaca.gob.mx\/wp-content\/uploads\/2023\/12\/EN-PROCESO-DE-CONCLUIR-LOS-TRABAJOS-DE-REHABILITACIO\u0301N-EN-EL-POZO-22ALTA-VISTA22-POR-PARTE-DE-SAPAC-2-600x270.jpg 600w, https:\/\/cuernavaca.gob.mx\/wp-content\/uploads\/2023\/12\/EN-PROCESO-DE-CONCLUIR-LOS-TRABAJOS-DE-REHABILITACIO\u0301N-EN-EL-POZO-22ALTA-VISTA22-POR-PARTE-DE-SAPAC-2-560x252.jpg 560w, https:\/\/cuernavaca.gob.mx\/wp-content\/uploads\/2023\/12\/EN-PROCESO-DE-CONCLUIR-LOS-TRABAJOS-DE-REHABILITACIO\u0301N-EN-EL-POZO-22ALTA-VISTA22-POR-PARTE-DE-SAPAC-2.jpg 1156w\" sizes=\"(max-width: 300px) 100vw, 300px\" \/> <img loading=\"lazy\" class=\"alignnone size-medium wp-image-36281\" src=\"https:\/\/cuernavaca.gob.mx\/wp-content\/uploads\/2023\/12\/EN-PROCESO-DE-CONCLUIR-LOS-TRABAJOS-DE-REHABILITACIO\u0301N-EN-EL-POZO-22ALTA-VISTA22-POR-PARTE-DE-SAPAC-3-300x225.jpg\" alt=\"\" width=\"300\" height=\"225\" srcset=\"https:\/\/cuernavaca.gob.mx\/wp-content\/uploads\/2023\/12\/EN-PROCESO-DE-CONCLUIR-LOS-TRABAJOS-DE-REHABILITACIO\u0301N-EN-EL-POZO-22ALTA-VISTA22-POR-PARTE-DE-SAPAC-3-300x225.jpg 300w, https:\/\/cuernavaca.gob.mx\/wp-content\/uploads\/2023\/12\/EN-PROCESO-DE-CONCLUIR-LOS-TRABAJOS-DE-REHABILITACIO\u0301N-EN-EL-POZO-22ALTA-VISTA22-POR-PARTE-DE-SAPAC-3-1024x768.jpg 1024w, https:\/\/cuernavaca.gob.mx\/wp-content\/uploads\/2023\/12\/EN-PROCESO-DE-CONCLUIR-LOS-TRABAJOS-DE-REHABILITACIO\u0301N-EN-EL-POZO-22ALTA-VISTA22-POR-PARTE-DE-SAPAC-3-768x576.jpg 768w, https:\/\/cuernavaca.gob.mx\/wp-content\/uploads\/2023\/12\/EN-PROCESO-DE-CONCLUIR-LOS-TRABAJOS-DE-REHABILITACIO\u0301N-EN-EL-POZO-22ALTA-VISTA22-POR-PARTE-DE-SAPAC-3-600x450.jpg 600w, https:\/\/cuernavaca.gob.mx\/wp-content\/uploads\/2023\/12\/EN-PROCESO-DE-CONCLUIR-LOS-TRABAJOS-DE-REHABILITACIO\u0301N-EN-EL-POZO-22ALTA-VISTA22-POR-PARTE-DE-SAPAC-3-560x420.jpg 560w, https:\/\/cuernavaca.gob.mx\/wp-content\/uploads\/2023\/12\/EN-PROCESO-DE-CONCLUIR-LOS-TRABAJOS-DE-REHABILITACIO\u0301N-EN-EL-POZO-22ALTA-VISTA22-POR-PARTE-DE-SAPAC-3.jpg 1280w\" sizes=\"(max-width: 300px) 100vw, 300px\" \/> <img loading=\"lazy\" class=\"alignnone size-medium wp-image-36282\" src=\"https:\/\/cuernavaca.gob.mx\/wp-content\/uploads\/2023\/12\/EN-PROCESO-DE-CONCLUIR-LOS-TRABAJOS-DE-REHABILITACIO\u0301N-EN-EL-POZO-22ALTA-VISTA22-POR-PARTE-DE-SAPAC-4-225x300.jpg\" alt=\"\" width=\"225\" height=\"300\" srcset=\"https:\/\/cuernavaca.gob.mx\/wp-content\/uploads\/2023\/12\/EN-PROCESO-DE-CONCLUIR-LOS-TRABAJOS-DE-REHABILITACIO\u0301N-EN-EL-POZO-22ALTA-VISTA22-POR-PARTE-DE-SAPAC-4-225x300.jpg 225w, https:\/\/cuernavaca.gob.mx\/wp-content\/uploads\/2023\/12\/EN-PROCESO-DE-CONCLUIR-LOS-TRABAJOS-DE-REHABILITACIO\u0301N-EN-EL-POZO-22ALTA-VISTA22-POR-PARTE-DE-SAPAC-4-768x1024.jpg 768w, https:\/\/cuernavaca.gob.mx\/wp-content\/uploads\/2023\/12\/EN-PROCESO-DE-CONCLUIR-LOS-TRABAJOS-DE-REHABILITACIO\u0301N-EN-EL-POZO-22ALTA-VISTA22-POR-PARTE-DE-SAPAC-4-450x600.jpg 450w, https:\/\/cuernavaca.gob.mx\/wp-content\/uploads\/2023\/12\/EN-PROCESO-DE-CONCLUIR-LOS-TRABAJOS-DE-REHABILITACIO\u0301N-EN-EL-POZO-22ALTA-VISTA22-POR-PARTE-DE-SAPAC-4-420x560.jpg 420w, https:\/\/cuernavaca.gob.mx\/wp-content\/uploads\/2023\/12\/EN-PROCESO-DE-CONCLUIR-LOS-TRABAJOS-DE-REHABILITACIO\u0301N-EN-EL-POZO-22ALTA-VISTA22-POR-PARTE-DE-SAPAC-4.jpg 960w\" sizes=\"(max-width: 225px) 100vw, 225px\" \/><\/p>\n","protected":false},"excerpt":{"rendered":"<p>\u2022 Se realiza de manera gradual el restablecimiento del servicio en las zonas de abastecimiento Luego de cinco d\u00edas de labores en el pozo \u201cAlta Vista\u201d, se reporta todo listo para reactivar su operaci\u00f3n de manera total. Esto, como parte del programa de rehabilitaci\u00f3n en pozos de la ciudad que emprende el Ayuntamiento de Cuernavaca, [&hellip;]<\/p>\n","protected":false},"author":1,"featured_media":36282,"comment_status":"closed","ping_status":"open","sticky":false,"template":"","format":"standard","meta":[],"categories":[145],"tags":[615,121,120,206,2440,124,432],"aioseo_notices":[],"_links":{"self":[{"href":"https:\/\/cuernavaca.gob.mx\/index.php?rest_route=\/wp\/v2\/posts\/36278"}],"collection":[{"href":"https:\/\/cuernavaca.gob.mx\/index.php?rest_route=\/wp\/v2\/posts"}],"about":[{"href":"https:\/\/cuernavaca.gob.mx\/index.php?rest_route=\/wp\/v2\/types\/post"}],"author":[{"embeddable":true,"href":"https:\/\/cuernavaca.gob.mx\/index.php?rest_route=\/wp\/v2\/users\/1"}],"replies":[{"embeddable":true,"href":"https:\/\/cuernavaca.gob.mx\/index.php?rest_route=%2Fwp%2Fv2%2Fcomments&post=36278"}],"version-history":[{"count":1,"href":"https:\/\/cuernavaca.gob.mx\/index.php?rest_route=\/wp\/v2\/posts\/36278\/revisions"}],"predecessor-version":[{"id":36283,"href":"https:\/\/cuernavaca.gob.mx\/index.php?rest_route=\/wp\/v2\/posts\/36278\/revisions\/36283"}],"wp:featuredmedia":[{"embeddable":true,"href":"https:\/\/cuernavaca.gob.mx\/index.php?rest_route=\/wp\/v2\/media\/36282"}],"wp:attachment":[{"href":"https:\/\/cuernavaca.gob.mx\/index.php?rest_route=%2Fwp%2Fv2%2Fmedia&parent=36278"}],"wp:term":[{"taxonomy":"category","embeddable":true,"href":"https:\/\/cuernavaca.gob.mx\/index.php?rest_route=%2Fwp%2Fv2%2Fcategories&post=36278"},{"taxonomy":"post_tag","embeddable":true,"href":"https:\/\/cuernavaca.gob.mx\/index.php?rest_route=%2Fwp%2Fv2%2Ftags&post=36278"}],"curies":[{"name":"wp","href":"https:\/\/api.w.org\/{rel}","templated":true}]}}