{"id":36284,"date":"2023-12-27T14:00:13","date_gmt":"2023-12-27T20:00:13","guid":{"rendered":"https:\/\/cuernavaca.gob.mx\/?p=36284"},"modified":"2023-12-27T16:23:06","modified_gmt":"2023-12-27T22:23:06","slug":"f598-27-12-23-ultimos-dias-de-la-campana-sin-multas-a-partir-del-1o-de-enero-se-aplicara-el-reglamento-de-transito-vigente-en-cuernavaca","status":"publish","type":"post","link":"https:\/\/cuernavaca.gob.mx\/?p=36284","title":{"rendered":"F598 27\/12\/23 \u00daLTIMOS D\u00cdAS DE LA CAMPA\u00d1A &#8220;SIN MULTAS&#8221;; A PARTIR DEL 1\u00ba DE ENERO SE APLICAR\u00c1 EL REGLAMENTO DE TRANSITO VIGENTE EN CUERNAVACA"},"content":{"rendered":"<p>El pr\u00f3ximo domingo 31 de diciembre concluye en Cuernavaca la campa\u00f1a &#8220;Sin Multas\u201d aprobada por Cabildo y que implementa el Gobierno Municipal por segundo a\u00f1o consecutivo con el prop\u00f3sito de invitar a la poblaci\u00f3n a ser corresponsables en el cumplimiento de los ordenamientos legales y reglamentos de tr\u00e1nsito sin necesidad de ser sujetos a una infracci\u00f3n en sus autos particulares o en el transporte p\u00fablico de pasajeros.<\/p>\n<p>Esta estrategia dio continuidad a la campa\u00f1a efectuada al inicio de la presente administraci\u00f3n, incentivando a la ciudadan\u00eda a poner en pr\u00e1ctica la educaci\u00f3n vial y conocer el Reglamento de Tr\u00e1nsito, fomentando las buenas pr\u00e1cticas en los automovilistas, ya que est\u00e1 siendo aplicada a excepci\u00f3n de las faltas por conducir bajo los efectos de bebidas alcoh\u00f3licas o sustancias t\u00f3xicas.<\/p>\n<p>Como parte de esta medida se incluy\u00f3 tambi\u00e9n un est\u00edmulo fiscal del 70 por ciento de descuento en infracciones de tr\u00e1nsito cometidas antes del 15 de noviembre del 2023 y que culminar\u00e1 tambi\u00e9n el pr\u00f3ximo 31 de diciembre en apoyo a la econom\u00eda de los cuernavaquenses y visitantes que por circunstancias ajenas a los conductores estuvieran imposibilitados de cumplir en tiempo y forma con el pago de sus multas.<\/p>\n<p>Por anterior, la Secretar\u00eda de Protecci\u00f3n y Auxilio Ciudadano (SEPRAC) informa que a partir del 1\u00ba de enero del 2024 ser\u00e1 aplicado el Reglamento de Tr\u00e1nsito del municipio de Cuernavaca, por lo que invita a conductores a tener presente las restricciones que se establecen y evitar ser sorprendidos por faltas evidentes que se establecen en esta norma jur\u00eddica.<\/p>\n<p><img loading=\"lazy\" class=\"alignnone size-medium wp-image-36285\" src=\"https:\/\/cuernavaca.gob.mx\/wp-content\/uploads\/2023\/12\/ULTIMOS-DIAS-DE-LA-CAMPANA-22SIN-MULTAS22-A-PARTIR-DEL-1o-DE-ENERO-SE-APLICARA-EL-REGLAMENTO-DE-TRANSITO-VIGENTE-EN-CUERNAVACA-1-300x200.jpeg\" alt=\"\" width=\"300\" height=\"200\" srcset=\"https:\/\/cuernavaca.gob.mx\/wp-content\/uploads\/2023\/12\/ULTIMOS-DIAS-DE-LA-CAMPANA-22SIN-MULTAS22-A-PARTIR-DEL-1o-DE-ENERO-SE-APLICARA-EL-REGLAMENTO-DE-TRANSITO-VIGENTE-EN-CUERNAVACA-1-300x200.jpeg 300w, https:\/\/cuernavaca.gob.mx\/wp-content\/uploads\/2023\/12\/ULTIMOS-DIAS-DE-LA-CAMPANA-22SIN-MULTAS22-A-PARTIR-DEL-1o-DE-ENERO-SE-APLICARA-EL-REGLAMENTO-DE-TRANSITO-VIGENTE-EN-CUERNAVACA-1-1024x682.jpeg 1024w, https:\/\/cuernavaca.gob.mx\/wp-content\/uploads\/2023\/12\/ULTIMOS-DIAS-DE-LA-CAMPANA-22SIN-MULTAS22-A-PARTIR-DEL-1o-DE-ENERO-SE-APLICARA-EL-REGLAMENTO-DE-TRANSITO-VIGENTE-EN-CUERNAVACA-1-768x512.jpeg 768w, https:\/\/cuernavaca.gob.mx\/wp-content\/uploads\/2023\/12\/ULTIMOS-DIAS-DE-LA-CAMPANA-22SIN-MULTAS22-A-PARTIR-DEL-1o-DE-ENERO-SE-APLICARA-EL-REGLAMENTO-DE-TRANSITO-VIGENTE-EN-CUERNAVACA-1-1536x1023.jpeg 1536w, https:\/\/cuernavaca.gob.mx\/wp-content\/uploads\/2023\/12\/ULTIMOS-DIAS-DE-LA-CAMPANA-22SIN-MULTAS22-A-PARTIR-DEL-1o-DE-ENERO-SE-APLICARA-EL-REGLAMENTO-DE-TRANSITO-VIGENTE-EN-CUERNAVACA-1-600x400.jpeg 600w, https:\/\/cuernavaca.gob.mx\/wp-content\/uploads\/2023\/12\/ULTIMOS-DIAS-DE-LA-CAMPANA-22SIN-MULTAS22-A-PARTIR-DEL-1o-DE-ENERO-SE-APLICARA-EL-REGLAMENTO-DE-TRANSITO-VIGENTE-EN-CUERNAVACA-1-560x373.jpeg 560w, https:\/\/cuernavaca.gob.mx\/wp-content\/uploads\/2023\/12\/ULTIMOS-DIAS-DE-LA-CAMPANA-22SIN-MULTAS22-A-PARTIR-DEL-1o-DE-ENERO-SE-APLICARA-EL-REGLAMENTO-DE-TRANSITO-VIGENTE-EN-CUERNAVACA-1.jpeg 1600w\" sizes=\"(max-width: 300px) 100vw, 300px\" \/> <img loading=\"lazy\" class=\"alignnone size-medium wp-image-36286\" src=\"https:\/\/cuernavaca.gob.mx\/wp-content\/uploads\/2023\/12\/ULTIMOS-DIAS-DE-LA-CAMPANA-22SIN-MULTAS22-A-PARTIR-DEL-1o-DE-ENERO-SE-APLICARA-EL-REGLAMENTO-DE-TRANSITO-VIGENTE-EN-CUERNAVACA-2-300x169.jpeg\" alt=\"\" width=\"300\" height=\"169\" srcset=\"https:\/\/cuernavaca.gob.mx\/wp-content\/uploads\/2023\/12\/ULTIMOS-DIAS-DE-LA-CAMPANA-22SIN-MULTAS22-A-PARTIR-DEL-1o-DE-ENERO-SE-APLICARA-EL-REGLAMENTO-DE-TRANSITO-VIGENTE-EN-CUERNAVACA-2-300x169.jpeg 300w, https:\/\/cuernavaca.gob.mx\/wp-content\/uploads\/2023\/12\/ULTIMOS-DIAS-DE-LA-CAMPANA-22SIN-MULTAS22-A-PARTIR-DEL-1o-DE-ENERO-SE-APLICARA-EL-REGLAMENTO-DE-TRANSITO-VIGENTE-EN-CUERNAVACA-2-1024x576.jpeg 1024w, https:\/\/cuernavaca.gob.mx\/wp-content\/uploads\/2023\/12\/ULTIMOS-DIAS-DE-LA-CAMPANA-22SIN-MULTAS22-A-PARTIR-DEL-1o-DE-ENERO-SE-APLICARA-EL-REGLAMENTO-DE-TRANSITO-VIGENTE-EN-CUERNAVACA-2-768x432.jpeg 768w, https:\/\/cuernavaca.gob.mx\/wp-content\/uploads\/2023\/12\/ULTIMOS-DIAS-DE-LA-CAMPANA-22SIN-MULTAS22-A-PARTIR-DEL-1o-DE-ENERO-SE-APLICARA-EL-REGLAMENTO-DE-TRANSITO-VIGENTE-EN-CUERNAVACA-2-1536x864.jpeg 1536w, https:\/\/cuernavaca.gob.mx\/wp-content\/uploads\/2023\/12\/ULTIMOS-DIAS-DE-LA-CAMPANA-22SIN-MULTAS22-A-PARTIR-DEL-1o-DE-ENERO-SE-APLICARA-EL-REGLAMENTO-DE-TRANSITO-VIGENTE-EN-CUERNAVACA-2-600x337.jpeg 600w, https:\/\/cuernavaca.gob.mx\/wp-content\/uploads\/2023\/12\/ULTIMOS-DIAS-DE-LA-CAMPANA-22SIN-MULTAS22-A-PARTIR-DEL-1o-DE-ENERO-SE-APLICARA-EL-REGLAMENTO-DE-TRANSITO-VIGENTE-EN-CUERNAVACA-2-560x315.jpeg 560w, https:\/\/cuernavaca.gob.mx\/wp-content\/uploads\/2023\/12\/ULTIMOS-DIAS-DE-LA-CAMPANA-22SIN-MULTAS22-A-PARTIR-DEL-1o-DE-ENERO-SE-APLICARA-EL-REGLAMENTO-DE-TRANSITO-VIGENTE-EN-CUERNAVACA-2.jpeg 1599w\" sizes=\"(max-width: 300px) 100vw, 300px\" \/> <img loading=\"lazy\" class=\"alignnone size-medium wp-image-36287\" src=\"https:\/\/cuernavaca.gob.mx\/wp-content\/uploads\/2023\/12\/ULTIMOS-DIAS-DE-LA-CAMPANA-22SIN-MULTAS22-A-PARTIR-DEL-1o-DE-ENERO-SE-APLICARA-EL-REGLAMENTO-DE-TRANSITO-VIGENTE-EN-CUERNAVACA-3-300x200.jpeg\" alt=\"\" width=\"300\" height=\"200\" srcset=\"https:\/\/cuernavaca.gob.mx\/wp-content\/uploads\/2023\/12\/ULTIMOS-DIAS-DE-LA-CAMPANA-22SIN-MULTAS22-A-PARTIR-DEL-1o-DE-ENERO-SE-APLICARA-EL-REGLAMENTO-DE-TRANSITO-VIGENTE-EN-CUERNAVACA-3-300x200.jpeg 300w, https:\/\/cuernavaca.gob.mx\/wp-content\/uploads\/2023\/12\/ULTIMOS-DIAS-DE-LA-CAMPANA-22SIN-MULTAS22-A-PARTIR-DEL-1o-DE-ENERO-SE-APLICARA-EL-REGLAMENTO-DE-TRANSITO-VIGENTE-EN-CUERNAVACA-3-1024x682.jpeg 1024w, https:\/\/cuernavaca.gob.mx\/wp-content\/uploads\/2023\/12\/ULTIMOS-DIAS-DE-LA-CAMPANA-22SIN-MULTAS22-A-PARTIR-DEL-1o-DE-ENERO-SE-APLICARA-EL-REGLAMENTO-DE-TRANSITO-VIGENTE-EN-CUERNAVACA-3-768x512.jpeg 768w, https:\/\/cuernavaca.gob.mx\/wp-content\/uploads\/2023\/12\/ULTIMOS-DIAS-DE-LA-CAMPANA-22SIN-MULTAS22-A-PARTIR-DEL-1o-DE-ENERO-SE-APLICARA-EL-REGLAMENTO-DE-TRANSITO-VIGENTE-EN-CUERNAVACA-3-600x400.jpeg 600w, https:\/\/cuernavaca.gob.mx\/wp-content\/uploads\/2023\/12\/ULTIMOS-DIAS-DE-LA-CAMPANA-22SIN-MULTAS22-A-PARTIR-DEL-1o-DE-ENERO-SE-APLICARA-EL-REGLAMENTO-DE-TRANSITO-VIGENTE-EN-CUERNAVACA-3-560x373.jpeg 560w, https:\/\/cuernavaca.gob.mx\/wp-content\/uploads\/2023\/12\/ULTIMOS-DIAS-DE-LA-CAMPANA-22SIN-MULTAS22-A-PARTIR-DEL-1o-DE-ENERO-SE-APLICARA-EL-REGLAMENTO-DE-TRANSITO-VIGENTE-EN-CUERNAVACA-3.jpeg 1280w\" sizes=\"(max-width: 300px) 100vw, 300px\" \/> <img loading=\"lazy\" class=\"alignnone size-medium wp-image-36288\" src=\"https:\/\/cuernavaca.gob.mx\/wp-content\/uploads\/2023\/12\/ULTIMOS-DIAS-DE-LA-CAMPANA-22SIN-MULTAS22-A-PARTIR-DEL-1o-DE-ENERO-SE-APLICARA-EL-REGLAMENTO-DE-TRANSITO-VIGENTE-EN-CUERNAVACA-4-226x300.jpeg\" alt=\"\" width=\"226\" height=\"300\" srcset=\"https:\/\/cuernavaca.gob.mx\/wp-content\/uploads\/2023\/12\/ULTIMOS-DIAS-DE-LA-CAMPANA-22SIN-MULTAS22-A-PARTIR-DEL-1o-DE-ENERO-SE-APLICARA-EL-REGLAMENTO-DE-TRANSITO-VIGENTE-EN-CUERNAVACA-4-226x300.jpeg 226w, https:\/\/cuernavaca.gob.mx\/wp-content\/uploads\/2023\/12\/ULTIMOS-DIAS-DE-LA-CAMPANA-22SIN-MULTAS22-A-PARTIR-DEL-1o-DE-ENERO-SE-APLICARA-EL-REGLAMENTO-DE-TRANSITO-VIGENTE-EN-CUERNAVACA-4-772x1024.jpeg 772w, https:\/\/cuernavaca.gob.mx\/wp-content\/uploads\/2023\/12\/ULTIMOS-DIAS-DE-LA-CAMPANA-22SIN-MULTAS22-A-PARTIR-DEL-1o-DE-ENERO-SE-APLICARA-EL-REGLAMENTO-DE-TRANSITO-VIGENTE-EN-CUERNAVACA-4-768x1019.jpeg 768w, https:\/\/cuernavaca.gob.mx\/wp-content\/uploads\/2023\/12\/ULTIMOS-DIAS-DE-LA-CAMPANA-22SIN-MULTAS22-A-PARTIR-DEL-1o-DE-ENERO-SE-APLICARA-EL-REGLAMENTO-DE-TRANSITO-VIGENTE-EN-CUERNAVACA-4-452x600.jpeg 452w, https:\/\/cuernavaca.gob.mx\/wp-content\/uploads\/2023\/12\/ULTIMOS-DIAS-DE-LA-CAMPANA-22SIN-MULTAS22-A-PARTIR-DEL-1o-DE-ENERO-SE-APLICARA-EL-REGLAMENTO-DE-TRANSITO-VIGENTE-EN-CUERNAVACA-4-422x560.jpeg 422w, https:\/\/cuernavaca.gob.mx\/wp-content\/uploads\/2023\/12\/ULTIMOS-DIAS-DE-LA-CAMPANA-22SIN-MULTAS22-A-PARTIR-DEL-1o-DE-ENERO-SE-APLICARA-EL-REGLAMENTO-DE-TRANSITO-VIGENTE-EN-CUERNAVACA-4.jpeg 908w\" sizes=\"(max-width: 226px) 100vw, 226px\" \/><\/p>\n","protected":false},"excerpt":{"rendered":"<p>El pr\u00f3ximo domingo 31 de diciembre concluye en Cuernavaca la campa\u00f1a &#8220;Sin Multas\u201d aprobada por Cabildo y que implementa el Gobierno Municipal por segundo a\u00f1o consecutivo con el prop\u00f3sito de invitar a la poblaci\u00f3n a ser corresponsables en el cumplimiento de los ordenamientos legales y reglamentos de tr\u00e1nsito sin necesidad de ser sujetos a una [&hellip;]<\/p>\n","protected":false},"author":1,"featured_media":36288,"comment_status":"open","ping_status":"open","sticky":false,"template":"","format":"standard","meta":[],"categories":[20],"tags":[121,140,120,206,229,141,3451],"aioseo_notices":[],"_links":{"self":[{"href":"https:\/\/cuernavaca.gob.mx\/index.php?rest_route=\/wp\/v2\/posts\/36284"}],"collection":[{"href":"https:\/\/cuernavaca.gob.mx\/index.php?rest_route=\/wp\/v2\/posts"}],"about":[{"href":"https:\/\/cuernavaca.gob.mx\/index.php?rest_route=\/wp\/v2\/types\/post"}],"author":[{"embeddable":true,"href":"https:\/\/cuernavaca.gob.mx\/index.php?rest_route=\/wp\/v2\/users\/1"}],"replies":[{"embeddable":true,"href":"https:\/\/cuernavaca.gob.mx\/index.php?rest_route=%2Fwp%2Fv2%2Fcomments&post=36284"}],"version-history":[{"count":1,"href":"https:\/\/cuernavaca.gob.mx\/index.php?rest_route=\/wp\/v2\/posts\/36284\/revisions"}],"predecessor-version":[{"id":36289,"href":"https:\/\/cuernavaca.gob.mx\/index.php?rest_route=\/wp\/v2\/posts\/36284\/revisions\/36289"}],"wp:featuredmedia":[{"embeddable":true,"href":"https:\/\/cuernavaca.gob.mx\/index.php?rest_route=\/wp\/v2\/media\/36288"}],"wp:attachment":[{"href":"https:\/\/cuernavaca.gob.mx\/index.php?rest_route=%2Fwp%2Fv2%2Fmedia&parent=36284"}],"wp:term":[{"taxonomy":"category","embeddable":true,"href":"https:\/\/cuernavaca.gob.mx\/index.php?rest_route=%2Fwp%2Fv2%2Fcategories&post=36284"},{"taxonomy":"post_tag","embeddable":true,"href":"https:\/\/cuernavaca.gob.mx\/index.php?rest_route=%2Fwp%2Fv2%2Ftags&post=36284"}],"curies":[{"name":"wp","href":"https:\/\/api.w.org\/{rel}","templated":true}]}}