{"id":36431,"date":"2024-01-02T15:00:46","date_gmt":"2024-01-02T21:00:46","guid":{"rendered":"https:\/\/cuernavaca.gob.mx\/?p=36431"},"modified":"2024-01-03T16:18:54","modified_gmt":"2024-01-03T22:18:54","slug":"b1509-02-02-24-confirma-jose-luis-uriostegui-incremento-salarial-para-policias-de-cuernavaca-a-partir-de-enero","status":"publish","type":"post","link":"https:\/\/cuernavaca.gob.mx\/?p=36431","title":{"rendered":"B1509 02\/01\/24 CONFIRMA JOS\u00c9 LUIS URI\u00d3STEGUI INCREMENTO SALARIAL PARA POLIC\u00cdAS DE CUERNAVACA A PARTIR DE ENERO"},"content":{"rendered":"<p><strong>\u2022 El presidente municipal encabez\u00f3 la sesi\u00f3n de la Comisi\u00f3n del Servicio Profesional de Carrera Policial este martes<\/strong><\/p>\n<p><strong>\u2022 Se aprob\u00f3 que el ingreso m\u00ednimo a los polic\u00edas ser\u00e1 de $15,009. 67 pesos mensuales<\/strong><\/p>\n<p>Por acuerdo de la Comisi\u00f3n del Servicio Profesional de Carrera Policial, a partir del 1\u00ba de enero del 2024 los polic\u00edas pertenecientes de la Secretar\u00eda de Protecci\u00f3n y Auxilio Ciudadano (SEPRAC) de Cuernavaca tendr\u00e1n una mejora en su nivel salarial, inform\u00f3 este martes el presidente municipal, Jos\u00e9 Luis Uri\u00f3stegui Salgado, en reconocimiento a su constante preparaci\u00f3n, capacitaci\u00f3n y actualizaci\u00f3n para desempe\u00f1ar su responsabilidad.<\/p>\n<p>Esta nivelaci\u00f3n salarial, ser\u00e1 de $15,009. 67 pesos mensuales para los polic\u00edas en servicio y de nuevo ingreso, monto que va mejorando de manera sustancial a partir de cumplir con una serie de requisitos como el Certificado \u00danico Policial (CUP), contar con la Clave \u00danica de Identificaci\u00f3n Policial (CUIP), y otras evaluaciones que se establecen en el Sistema Nacional de Seguridad P\u00fablica (SNSP).<\/p>\n<p>Jos\u00e9 Luis Uri\u00f3stegui se\u00f1al\u00f3 que esta disposici\u00f3n que fue sujeta a revisi\u00f3n con anticipaci\u00f3n con integrantes del Cabildo, ha motivado a los polic\u00edas de Cuernavaca a seguir prepar\u00e1ndose, y est\u00e1 contemplado para aquellos que se inscriban a participar en la Convocatoria de nuevo ingreso que ha emitido la SEPRAC.<\/p>\n<p>Se\u00f1al\u00f3 que los recursos aprobados por parte del Cabildo para respaldar este incremento a los polic\u00edas, est\u00e1 garantizado en el ejercicio presupuestal del 2024 por lo que es posible comenzarlo a considerar a partir de la primera quincena del mes de enero del a\u00f1o que inicia.<br \/>\nLa convocatoria para inscribirse como polic\u00edas de nuevo ingreso se puede consultar en las redes de la SEPRAC Cuernavaca https:\/\/www.facebook.com\/secretariadeproteccion https:\/\/twitter.com\/SspCuernavaca<\/p>\n<p>&nbsp;<\/p>\n<p><img loading=\"lazy\" class=\"alignnone size-medium wp-image-36432\" src=\"https:\/\/cuernavaca.gob.mx\/wp-content\/uploads\/2024\/01\/CONFIRMA-JOSE\u0301-LUIS-URIO\u0301STEGUI-INCREMENTO-SALARIAL-PARA-POLICI\u0301AS-DE-CUERNAVACA-A-PARTIR-DE-ENERO-1-300x200.jpg\" alt=\"\" width=\"300\" height=\"200\" srcset=\"https:\/\/cuernavaca.gob.mx\/wp-content\/uploads\/2024\/01\/CONFIRMA-JOSE\u0301-LUIS-URIO\u0301STEGUI-INCREMENTO-SALARIAL-PARA-POLICI\u0301AS-DE-CUERNAVACA-A-PARTIR-DE-ENERO-1-300x200.jpg 300w, https:\/\/cuernavaca.gob.mx\/wp-content\/uploads\/2024\/01\/CONFIRMA-JOSE\u0301-LUIS-URIO\u0301STEGUI-INCREMENTO-SALARIAL-PARA-POLICI\u0301AS-DE-CUERNAVACA-A-PARTIR-DE-ENERO-1-1024x682.jpg 1024w, https:\/\/cuernavaca.gob.mx\/wp-content\/uploads\/2024\/01\/CONFIRMA-JOSE\u0301-LUIS-URIO\u0301STEGUI-INCREMENTO-SALARIAL-PARA-POLICI\u0301AS-DE-CUERNAVACA-A-PARTIR-DE-ENERO-1-768x512.jpg 768w, https:\/\/cuernavaca.gob.mx\/wp-content\/uploads\/2024\/01\/CONFIRMA-JOSE\u0301-LUIS-URIO\u0301STEGUI-INCREMENTO-SALARIAL-PARA-POLICI\u0301AS-DE-CUERNAVACA-A-PARTIR-DE-ENERO-1-600x400.jpg 600w, https:\/\/cuernavaca.gob.mx\/wp-content\/uploads\/2024\/01\/CONFIRMA-JOSE\u0301-LUIS-URIO\u0301STEGUI-INCREMENTO-SALARIAL-PARA-POLICI\u0301AS-DE-CUERNAVACA-A-PARTIR-DE-ENERO-1-560x373.jpg 560w, https:\/\/cuernavaca.gob.mx\/wp-content\/uploads\/2024\/01\/CONFIRMA-JOSE\u0301-LUIS-URIO\u0301STEGUI-INCREMENTO-SALARIAL-PARA-POLICI\u0301AS-DE-CUERNAVACA-A-PARTIR-DE-ENERO-1.jpg 1280w\" sizes=\"(max-width: 300px) 100vw, 300px\" \/> <img loading=\"lazy\" class=\"alignnone size-medium wp-image-36433\" src=\"https:\/\/cuernavaca.gob.mx\/wp-content\/uploads\/2024\/01\/CONFIRMA-JOSE\u0301-LUIS-URIO\u0301STEGUI-INCREMENTO-SALARIAL-PARA-POLICI\u0301AS-DE-CUERNAVACA-A-PARTIR-DE-ENERO-2-300x200.jpg\" alt=\"\" width=\"300\" height=\"200\" srcset=\"https:\/\/cuernavaca.gob.mx\/wp-content\/uploads\/2024\/01\/CONFIRMA-JOSE\u0301-LUIS-URIO\u0301STEGUI-INCREMENTO-SALARIAL-PARA-POLICI\u0301AS-DE-CUERNAVACA-A-PARTIR-DE-ENERO-2-300x200.jpg 300w, https:\/\/cuernavaca.gob.mx\/wp-content\/uploads\/2024\/01\/CONFIRMA-JOSE\u0301-LUIS-URIO\u0301STEGUI-INCREMENTO-SALARIAL-PARA-POLICI\u0301AS-DE-CUERNAVACA-A-PARTIR-DE-ENERO-2-1024x682.jpg 1024w, https:\/\/cuernavaca.gob.mx\/wp-content\/uploads\/2024\/01\/CONFIRMA-JOSE\u0301-LUIS-URIO\u0301STEGUI-INCREMENTO-SALARIAL-PARA-POLICI\u0301AS-DE-CUERNAVACA-A-PARTIR-DE-ENERO-2-768x512.jpg 768w, https:\/\/cuernavaca.gob.mx\/wp-content\/uploads\/2024\/01\/CONFIRMA-JOSE\u0301-LUIS-URIO\u0301STEGUI-INCREMENTO-SALARIAL-PARA-POLICI\u0301AS-DE-CUERNAVACA-A-PARTIR-DE-ENERO-2-600x400.jpg 600w, https:\/\/cuernavaca.gob.mx\/wp-content\/uploads\/2024\/01\/CONFIRMA-JOSE\u0301-LUIS-URIO\u0301STEGUI-INCREMENTO-SALARIAL-PARA-POLICI\u0301AS-DE-CUERNAVACA-A-PARTIR-DE-ENERO-2-560x373.jpg 560w, https:\/\/cuernavaca.gob.mx\/wp-content\/uploads\/2024\/01\/CONFIRMA-JOSE\u0301-LUIS-URIO\u0301STEGUI-INCREMENTO-SALARIAL-PARA-POLICI\u0301AS-DE-CUERNAVACA-A-PARTIR-DE-ENERO-2.jpg 1280w\" sizes=\"(max-width: 300px) 100vw, 300px\" \/> <img loading=\"lazy\" class=\"alignnone size-medium wp-image-36434\" src=\"https:\/\/cuernavaca.gob.mx\/wp-content\/uploads\/2024\/01\/CONFIRMA-JOSE\u0301-LUIS-URIO\u0301STEGUI-INCREMENTO-SALARIAL-PARA-POLICI\u0301AS-DE-CUERNAVACA-A-PARTIR-DE-ENERO-3-300x200.jpg\" alt=\"\" width=\"300\" height=\"200\" srcset=\"https:\/\/cuernavaca.gob.mx\/wp-content\/uploads\/2024\/01\/CONFIRMA-JOSE\u0301-LUIS-URIO\u0301STEGUI-INCREMENTO-SALARIAL-PARA-POLICI\u0301AS-DE-CUERNAVACA-A-PARTIR-DE-ENERO-3-300x200.jpg 300w, https:\/\/cuernavaca.gob.mx\/wp-content\/uploads\/2024\/01\/CONFIRMA-JOSE\u0301-LUIS-URIO\u0301STEGUI-INCREMENTO-SALARIAL-PARA-POLICI\u0301AS-DE-CUERNAVACA-A-PARTIR-DE-ENERO-3-1024x682.jpg 1024w, https:\/\/cuernavaca.gob.mx\/wp-content\/uploads\/2024\/01\/CONFIRMA-JOSE\u0301-LUIS-URIO\u0301STEGUI-INCREMENTO-SALARIAL-PARA-POLICI\u0301AS-DE-CUERNAVACA-A-PARTIR-DE-ENERO-3-768x512.jpg 768w, https:\/\/cuernavaca.gob.mx\/wp-content\/uploads\/2024\/01\/CONFIRMA-JOSE\u0301-LUIS-URIO\u0301STEGUI-INCREMENTO-SALARIAL-PARA-POLICI\u0301AS-DE-CUERNAVACA-A-PARTIR-DE-ENERO-3-600x400.jpg 600w, https:\/\/cuernavaca.gob.mx\/wp-content\/uploads\/2024\/01\/CONFIRMA-JOSE\u0301-LUIS-URIO\u0301STEGUI-INCREMENTO-SALARIAL-PARA-POLICI\u0301AS-DE-CUERNAVACA-A-PARTIR-DE-ENERO-3-560x373.jpg 560w, https:\/\/cuernavaca.gob.mx\/wp-content\/uploads\/2024\/01\/CONFIRMA-JOSE\u0301-LUIS-URIO\u0301STEGUI-INCREMENTO-SALARIAL-PARA-POLICI\u0301AS-DE-CUERNAVACA-A-PARTIR-DE-ENERO-3.jpg 1280w\" sizes=\"(max-width: 300px) 100vw, 300px\" \/> <img loading=\"lazy\" class=\"alignnone size-medium wp-image-36435\" src=\"https:\/\/cuernavaca.gob.mx\/wp-content\/uploads\/2024\/01\/CONFIRMA-JOSE\u0301-LUIS-URIO\u0301STEGUI-INCREMENTO-SALARIAL-PARA-POLICI\u0301AS-DE-CUERNAVACA-A-PARTIR-DE-ENERO-4-300x200.jpg\" alt=\"\" width=\"300\" height=\"200\" srcset=\"https:\/\/cuernavaca.gob.mx\/wp-content\/uploads\/2024\/01\/CONFIRMA-JOSE\u0301-LUIS-URIO\u0301STEGUI-INCREMENTO-SALARIAL-PARA-POLICI\u0301AS-DE-CUERNAVACA-A-PARTIR-DE-ENERO-4-300x200.jpg 300w, https:\/\/cuernavaca.gob.mx\/wp-content\/uploads\/2024\/01\/CONFIRMA-JOSE\u0301-LUIS-URIO\u0301STEGUI-INCREMENTO-SALARIAL-PARA-POLICI\u0301AS-DE-CUERNAVACA-A-PARTIR-DE-ENERO-4-1024x682.jpg 1024w, https:\/\/cuernavaca.gob.mx\/wp-content\/uploads\/2024\/01\/CONFIRMA-JOSE\u0301-LUIS-URIO\u0301STEGUI-INCREMENTO-SALARIAL-PARA-POLICI\u0301AS-DE-CUERNAVACA-A-PARTIR-DE-ENERO-4-768x512.jpg 768w, https:\/\/cuernavaca.gob.mx\/wp-content\/uploads\/2024\/01\/CONFIRMA-JOSE\u0301-LUIS-URIO\u0301STEGUI-INCREMENTO-SALARIAL-PARA-POLICI\u0301AS-DE-CUERNAVACA-A-PARTIR-DE-ENERO-4-600x400.jpg 600w, https:\/\/cuernavaca.gob.mx\/wp-content\/uploads\/2024\/01\/CONFIRMA-JOSE\u0301-LUIS-URIO\u0301STEGUI-INCREMENTO-SALARIAL-PARA-POLICI\u0301AS-DE-CUERNAVACA-A-PARTIR-DE-ENERO-4-560x373.jpg 560w, https:\/\/cuernavaca.gob.mx\/wp-content\/uploads\/2024\/01\/CONFIRMA-JOSE\u0301-LUIS-URIO\u0301STEGUI-INCREMENTO-SALARIAL-PARA-POLICI\u0301AS-DE-CUERNAVACA-A-PARTIR-DE-ENERO-4.jpg 1280w\" sizes=\"(max-width: 300px) 100vw, 300px\" \/> <img loading=\"lazy\" class=\"alignnone size-medium wp-image-36436\" src=\"https:\/\/cuernavaca.gob.mx\/wp-content\/uploads\/2024\/01\/CONFIRMA-JOSE\u0301-LUIS-URIO\u0301STEGUI-INCREMENTO-SALARIAL-PARA-POLICI\u0301AS-DE-CUERNAVACA-A-PARTIR-DE-ENERO-5-300x200.jpg\" alt=\"\" width=\"300\" height=\"200\" srcset=\"https:\/\/cuernavaca.gob.mx\/wp-content\/uploads\/2024\/01\/CONFIRMA-JOSE\u0301-LUIS-URIO\u0301STEGUI-INCREMENTO-SALARIAL-PARA-POLICI\u0301AS-DE-CUERNAVACA-A-PARTIR-DE-ENERO-5-300x200.jpg 300w, https:\/\/cuernavaca.gob.mx\/wp-content\/uploads\/2024\/01\/CONFIRMA-JOSE\u0301-LUIS-URIO\u0301STEGUI-INCREMENTO-SALARIAL-PARA-POLICI\u0301AS-DE-CUERNAVACA-A-PARTIR-DE-ENERO-5-1024x682.jpg 1024w, https:\/\/cuernavaca.gob.mx\/wp-content\/uploads\/2024\/01\/CONFIRMA-JOSE\u0301-LUIS-URIO\u0301STEGUI-INCREMENTO-SALARIAL-PARA-POLICI\u0301AS-DE-CUERNAVACA-A-PARTIR-DE-ENERO-5-768x512.jpg 768w, https:\/\/cuernavaca.gob.mx\/wp-content\/uploads\/2024\/01\/CONFIRMA-JOSE\u0301-LUIS-URIO\u0301STEGUI-INCREMENTO-SALARIAL-PARA-POLICI\u0301AS-DE-CUERNAVACA-A-PARTIR-DE-ENERO-5-600x400.jpg 600w, https:\/\/cuernavaca.gob.mx\/wp-content\/uploads\/2024\/01\/CONFIRMA-JOSE\u0301-LUIS-URIO\u0301STEGUI-INCREMENTO-SALARIAL-PARA-POLICI\u0301AS-DE-CUERNAVACA-A-PARTIR-DE-ENERO-5-560x373.jpg 560w, https:\/\/cuernavaca.gob.mx\/wp-content\/uploads\/2024\/01\/CONFIRMA-JOSE\u0301-LUIS-URIO\u0301STEGUI-INCREMENTO-SALARIAL-PARA-POLICI\u0301AS-DE-CUERNAVACA-A-PARTIR-DE-ENERO-5.jpg 1280w\" sizes=\"(max-width: 300px) 100vw, 300px\" \/><\/p>\n","protected":false},"excerpt":{"rendered":"<p>\u2022 El presidente municipal encabez\u00f3 la sesi\u00f3n de la Comisi\u00f3n del Servicio Profesional de Carrera Policial este martes \u2022 Se aprob\u00f3 que el ingreso m\u00ednimo a los polic\u00edas ser\u00e1 de $15,009. 67 pesos mensuales Por acuerdo de la Comisi\u00f3n del Servicio Profesional de Carrera Policial, a partir del 1\u00ba de enero del 2024 los polic\u00edas [&hellip;]<\/p>\n","protected":false},"author":1,"featured_media":36435,"comment_status":"closed","ping_status":"open","sticky":false,"template":"","format":"standard","meta":[],"categories":[17],"tags":[3474,121,120,206,3235,127,414,1520,125,372],"aioseo_notices":[],"_links":{"self":[{"href":"https:\/\/cuernavaca.gob.mx\/index.php?rest_route=\/wp\/v2\/posts\/36431"}],"collection":[{"href":"https:\/\/cuernavaca.gob.mx\/index.php?rest_route=\/wp\/v2\/posts"}],"about":[{"href":"https:\/\/cuernavaca.gob.mx\/index.php?rest_route=\/wp\/v2\/types\/post"}],"author":[{"embeddable":true,"href":"https:\/\/cuernavaca.gob.mx\/index.php?rest_route=\/wp\/v2\/users\/1"}],"replies":[{"embeddable":true,"href":"https:\/\/cuernavaca.gob.mx\/index.php?rest_route=%2Fwp%2Fv2%2Fcomments&post=36431"}],"version-history":[{"count":2,"href":"https:\/\/cuernavaca.gob.mx\/index.php?rest_route=\/wp\/v2\/posts\/36431\/revisions"}],"predecessor-version":[{"id":36453,"href":"https:\/\/cuernavaca.gob.mx\/index.php?rest_route=\/wp\/v2\/posts\/36431\/revisions\/36453"}],"wp:featuredmedia":[{"embeddable":true,"href":"https:\/\/cuernavaca.gob.mx\/index.php?rest_route=\/wp\/v2\/media\/36435"}],"wp:attachment":[{"href":"https:\/\/cuernavaca.gob.mx\/index.php?rest_route=%2Fwp%2Fv2%2Fmedia&parent=36431"}],"wp:term":[{"taxonomy":"category","embeddable":true,"href":"https:\/\/cuernavaca.gob.mx\/index.php?rest_route=%2Fwp%2Fv2%2Fcategories&post=36431"},{"taxonomy":"post_tag","embeddable":true,"href":"https:\/\/cuernavaca.gob.mx\/index.php?rest_route=%2Fwp%2Fv2%2Ftags&post=36431"}],"curies":[{"name":"wp","href":"https:\/\/api.w.org\/{rel}","templated":true}]}}