{"id":36440,"date":"2024-01-02T17:30:26","date_gmt":"2024-01-02T23:30:26","guid":{"rendered":"https:\/\/cuernavaca.gob.mx\/?p=36440"},"modified":"2024-01-02T21:09:32","modified_gmt":"2024-01-03T03:09:32","slug":"c-02-01-24-detiene-policia-de-cuernavaca-a-dos-jovenes-por-posesion-de-armas-de-fuego-en-fraccionamiento-lomas-tetela-de-cuernavaca","status":"publish","type":"post","link":"https:\/\/cuernavaca.gob.mx\/?p=36440","title":{"rendered":"C 02\/01\/24 DETIENE POLIC\u00cdA DE CUERNAVACA A DOS J\u00d3VENES POR POSESI\u00d3N DE ARMAS DE FUEGO EN FRACCIONAMIENTO LOMAS TETELA DE CUERNAVACA"},"content":{"rendered":"<p>El pasado 30 de diciembre del 2023, la Secretar\u00eda de Protecci\u00f3n y Auxilio Ciudadano de Cuernavaca recibi\u00f3 el reporte al 777 312 12 74 del Centro de Comando, Control, Comunicaci\u00f3n y C\u00f3mputo (C4) de Cuernavaca, de vecinos de la Calle Loma Larga de la Colonia Fraccionamiento Lomas Tetela, que ten\u00edan detenidas en el interior de un domicilio a dos personas por presunto robo.<\/p>\n<p>Al lugar arribaron elementos de la Polic\u00eda Preventiva, donde el propietario del domicilio se\u00f1al\u00f3 que se encuentran a dos masculinos al interior de su vivienda en cuartos separados.<\/p>\n<p>El primero era un hombre de complexi\u00f3n delgada que respondi\u00f3 al nombre de JOS\u00c9 ANDR\u00c9S &#8220;N&#8221; de 25 a\u00f1os, originario del municipio de Jiutepec.<\/p>\n<p>El segundo, portaba dos armas largas abastecidas, un chaleco t\u00e1ctico y una bolsa con vegetal verde; por lo que los elementos lograron la detenci\u00f3n del presunto por medio de una comunicaci\u00f3n verbal, evitando alguna situaci\u00f3n de riego. As\u00ed se logra la detenci\u00f3n del segundo masculino de nombre JUAN DANIEL &#8220;N&#8221; de 22 a\u00f1os, originario de Oaxaca.<\/p>\n<p>Este segundo de nombre Juan Daniel &#8220;N&#8221;, fue puesto a disposici\u00f3n del Ministerio P\u00fablico Federal por portaci\u00f3n de arma de fuego y delitos contra la salud; y Jos\u00e9 Andr\u00e9s \u201cN\u201d fue puesto a disposici\u00f3n del Ministerio P\u00fablico del Fuero Com\u00fan por el delito de allanamiento de morada.<\/p>\n<p>Si los reconoces, acude a la Fiscal\u00eda General del Estado de Morelos para realizar tu denuncia correspondiente.<\/p>\n<p><img loading=\"lazy\" class=\"alignnone size-medium wp-image-36441\" src=\"https:\/\/cuernavaca.gob.mx\/wp-content\/uploads\/2024\/01\/DETIENE-POLICIA-DE-CUERNAVACA-A-DOS-JOVENES-POR-POSESION-DE-ARMAS-DE-FUEGO-EN-FRACCIONAMIENTO-LOMAS-TETELA-DE-CUERNAVACA-1-300x193.jpeg\" alt=\"\" width=\"300\" height=\"193\" srcset=\"https:\/\/cuernavaca.gob.mx\/wp-content\/uploads\/2024\/01\/DETIENE-POLICIA-DE-CUERNAVACA-A-DOS-JOVENES-POR-POSESION-DE-ARMAS-DE-FUEGO-EN-FRACCIONAMIENTO-LOMAS-TETELA-DE-CUERNAVACA-1-300x193.jpeg 300w, https:\/\/cuernavaca.gob.mx\/wp-content\/uploads\/2024\/01\/DETIENE-POLICIA-DE-CUERNAVACA-A-DOS-JOVENES-POR-POSESION-DE-ARMAS-DE-FUEGO-EN-FRACCIONAMIENTO-LOMAS-TETELA-DE-CUERNAVACA-1-1024x659.jpeg 1024w, https:\/\/cuernavaca.gob.mx\/wp-content\/uploads\/2024\/01\/DETIENE-POLICIA-DE-CUERNAVACA-A-DOS-JOVENES-POR-POSESION-DE-ARMAS-DE-FUEGO-EN-FRACCIONAMIENTO-LOMAS-TETELA-DE-CUERNAVACA-1-768x494.jpeg 768w, https:\/\/cuernavaca.gob.mx\/wp-content\/uploads\/2024\/01\/DETIENE-POLICIA-DE-CUERNAVACA-A-DOS-JOVENES-POR-POSESION-DE-ARMAS-DE-FUEGO-EN-FRACCIONAMIENTO-LOMAS-TETELA-DE-CUERNAVACA-1-1536x989.jpeg 1536w, https:\/\/cuernavaca.gob.mx\/wp-content\/uploads\/2024\/01\/DETIENE-POLICIA-DE-CUERNAVACA-A-DOS-JOVENES-POR-POSESION-DE-ARMAS-DE-FUEGO-EN-FRACCIONAMIENTO-LOMAS-TETELA-DE-CUERNAVACA-1-600x386.jpeg 600w, https:\/\/cuernavaca.gob.mx\/wp-content\/uploads\/2024\/01\/DETIENE-POLICIA-DE-CUERNAVACA-A-DOS-JOVENES-POR-POSESION-DE-ARMAS-DE-FUEGO-EN-FRACCIONAMIENTO-LOMAS-TETELA-DE-CUERNAVACA-1-560x361.jpeg 560w, https:\/\/cuernavaca.gob.mx\/wp-content\/uploads\/2024\/01\/DETIENE-POLICIA-DE-CUERNAVACA-A-DOS-JOVENES-POR-POSESION-DE-ARMAS-DE-FUEGO-EN-FRACCIONAMIENTO-LOMAS-TETELA-DE-CUERNAVACA-1.jpeg 1600w\" sizes=\"(max-width: 300px) 100vw, 300px\" \/> <img loading=\"lazy\" class=\"alignnone size-medium wp-image-36442\" src=\"https:\/\/cuernavaca.gob.mx\/wp-content\/uploads\/2024\/01\/DETIENE-POLICIA-DE-CUERNAVACA-A-DOS-JOVENES-POR-POSESION-DE-ARMAS-DE-FUEGO-EN-FRACCIONAMIENTO-LOMAS-TETELA-DE-CUERNAVACA-2-300x248.jpeg\" alt=\"\" width=\"300\" height=\"248\" srcset=\"https:\/\/cuernavaca.gob.mx\/wp-content\/uploads\/2024\/01\/DETIENE-POLICIA-DE-CUERNAVACA-A-DOS-JOVENES-POR-POSESION-DE-ARMAS-DE-FUEGO-EN-FRACCIONAMIENTO-LOMAS-TETELA-DE-CUERNAVACA-2-300x248.jpeg 300w, https:\/\/cuernavaca.gob.mx\/wp-content\/uploads\/2024\/01\/DETIENE-POLICIA-DE-CUERNAVACA-A-DOS-JOVENES-POR-POSESION-DE-ARMAS-DE-FUEGO-EN-FRACCIONAMIENTO-LOMAS-TETELA-DE-CUERNAVACA-2-1024x845.jpeg 1024w, https:\/\/cuernavaca.gob.mx\/wp-content\/uploads\/2024\/01\/DETIENE-POLICIA-DE-CUERNAVACA-A-DOS-JOVENES-POR-POSESION-DE-ARMAS-DE-FUEGO-EN-FRACCIONAMIENTO-LOMAS-TETELA-DE-CUERNAVACA-2-768x634.jpeg 768w, https:\/\/cuernavaca.gob.mx\/wp-content\/uploads\/2024\/01\/DETIENE-POLICIA-DE-CUERNAVACA-A-DOS-JOVENES-POR-POSESION-DE-ARMAS-DE-FUEGO-EN-FRACCIONAMIENTO-LOMAS-TETELA-DE-CUERNAVACA-2-600x495.jpeg 600w, https:\/\/cuernavaca.gob.mx\/wp-content\/uploads\/2024\/01\/DETIENE-POLICIA-DE-CUERNAVACA-A-DOS-JOVENES-POR-POSESION-DE-ARMAS-DE-FUEGO-EN-FRACCIONAMIENTO-LOMAS-TETELA-DE-CUERNAVACA-2-560x462.jpeg 560w, https:\/\/cuernavaca.gob.mx\/wp-content\/uploads\/2024\/01\/DETIENE-POLICIA-DE-CUERNAVACA-A-DOS-JOVENES-POR-POSESION-DE-ARMAS-DE-FUEGO-EN-FRACCIONAMIENTO-LOMAS-TETELA-DE-CUERNAVACA-2.jpeg 1451w\" sizes=\"(max-width: 300px) 100vw, 300px\" \/> <img loading=\"lazy\" class=\"alignnone size-medium wp-image-36443\" src=\"https:\/\/cuernavaca.gob.mx\/wp-content\/uploads\/2024\/01\/DETIENE-POLICIA-DE-CUERNAVACA-A-DOS-JOVENES-POR-POSESION-DE-ARMAS-DE-FUEGO-EN-FRACCIONAMIENTO-LOMAS-TETELA-DE-CUERNAVACA-3-300x244.jpeg\" alt=\"\" width=\"300\" height=\"244\" srcset=\"https:\/\/cuernavaca.gob.mx\/wp-content\/uploads\/2024\/01\/DETIENE-POLICIA-DE-CUERNAVACA-A-DOS-JOVENES-POR-POSESION-DE-ARMAS-DE-FUEGO-EN-FRACCIONAMIENTO-LOMAS-TETELA-DE-CUERNAVACA-3-300x244.jpeg 300w, https:\/\/cuernavaca.gob.mx\/wp-content\/uploads\/2024\/01\/DETIENE-POLICIA-DE-CUERNAVACA-A-DOS-JOVENES-POR-POSESION-DE-ARMAS-DE-FUEGO-EN-FRACCIONAMIENTO-LOMAS-TETELA-DE-CUERNAVACA-3-1024x834.jpeg 1024w, https:\/\/cuernavaca.gob.mx\/wp-content\/uploads\/2024\/01\/DETIENE-POLICIA-DE-CUERNAVACA-A-DOS-JOVENES-POR-POSESION-DE-ARMAS-DE-FUEGO-EN-FRACCIONAMIENTO-LOMAS-TETELA-DE-CUERNAVACA-3-768x625.jpeg 768w, https:\/\/cuernavaca.gob.mx\/wp-content\/uploads\/2024\/01\/DETIENE-POLICIA-DE-CUERNAVACA-A-DOS-JOVENES-POR-POSESION-DE-ARMAS-DE-FUEGO-EN-FRACCIONAMIENTO-LOMAS-TETELA-DE-CUERNAVACA-3-1536x1251.jpeg 1536w, https:\/\/cuernavaca.gob.mx\/wp-content\/uploads\/2024\/01\/DETIENE-POLICIA-DE-CUERNAVACA-A-DOS-JOVENES-POR-POSESION-DE-ARMAS-DE-FUEGO-EN-FRACCIONAMIENTO-LOMAS-TETELA-DE-CUERNAVACA-3-600x489.jpeg 600w, https:\/\/cuernavaca.gob.mx\/wp-content\/uploads\/2024\/01\/DETIENE-POLICIA-DE-CUERNAVACA-A-DOS-JOVENES-POR-POSESION-DE-ARMAS-DE-FUEGO-EN-FRACCIONAMIENTO-LOMAS-TETELA-DE-CUERNAVACA-3-560x456.jpeg 560w, https:\/\/cuernavaca.gob.mx\/wp-content\/uploads\/2024\/01\/DETIENE-POLICIA-DE-CUERNAVACA-A-DOS-JOVENES-POR-POSESION-DE-ARMAS-DE-FUEGO-EN-FRACCIONAMIENTO-LOMAS-TETELA-DE-CUERNAVACA-3.jpeg 1557w\" sizes=\"(max-width: 300px) 100vw, 300px\" \/><\/p>\n","protected":false},"excerpt":{"rendered":"<p>El pasado 30 de diciembre del 2023, la Secretar\u00eda de Protecci\u00f3n y Auxilio Ciudadano de Cuernavaca recibi\u00f3 el reporte al 777 312 12 74 del Centro de Comando, Control, Comunicaci\u00f3n y C\u00f3mputo (C4) de Cuernavaca, de vecinos de la Calle Loma Larga de la Colonia Fraccionamiento Lomas Tetela, que ten\u00edan detenidas en el interior de [&hellip;]<\/p>\n","protected":false},"author":1,"featured_media":36443,"comment_status":"open","ping_status":"open","sticky":false,"template":"","format":"standard","meta":[],"categories":[17],"tags":[2912,121,3026,2498,120,206,141,3235,127,414,125],"aioseo_notices":[],"_links":{"self":[{"href":"https:\/\/cuernavaca.gob.mx\/index.php?rest_route=\/wp\/v2\/posts\/36440"}],"collection":[{"href":"https:\/\/cuernavaca.gob.mx\/index.php?rest_route=\/wp\/v2\/posts"}],"about":[{"href":"https:\/\/cuernavaca.gob.mx\/index.php?rest_route=\/wp\/v2\/types\/post"}],"author":[{"embeddable":true,"href":"https:\/\/cuernavaca.gob.mx\/index.php?rest_route=\/wp\/v2\/users\/1"}],"replies":[{"embeddable":true,"href":"https:\/\/cuernavaca.gob.mx\/index.php?rest_route=%2Fwp%2Fv2%2Fcomments&post=36440"}],"version-history":[{"count":1,"href":"https:\/\/cuernavaca.gob.mx\/index.php?rest_route=\/wp\/v2\/posts\/36440\/revisions"}],"predecessor-version":[{"id":36444,"href":"https:\/\/cuernavaca.gob.mx\/index.php?rest_route=\/wp\/v2\/posts\/36440\/revisions\/36444"}],"wp:featuredmedia":[{"embeddable":true,"href":"https:\/\/cuernavaca.gob.mx\/index.php?rest_route=\/wp\/v2\/media\/36443"}],"wp:attachment":[{"href":"https:\/\/cuernavaca.gob.mx\/index.php?rest_route=%2Fwp%2Fv2%2Fmedia&parent=36440"}],"wp:term":[{"taxonomy":"category","embeddable":true,"href":"https:\/\/cuernavaca.gob.mx\/index.php?rest_route=%2Fwp%2Fv2%2Fcategories&post=36440"},{"taxonomy":"post_tag","embeddable":true,"href":"https:\/\/cuernavaca.gob.mx\/index.php?rest_route=%2Fwp%2Fv2%2Ftags&post=36440"}],"curies":[{"name":"wp","href":"https:\/\/api.w.org\/{rel}","templated":true}]}}