{"id":36467,"date":"2024-01-04T15:35:52","date_gmt":"2024-01-04T21:35:52","guid":{"rendered":"https:\/\/cuernavaca.gob.mx\/?p=36467"},"modified":"2024-01-04T16:09:23","modified_gmt":"2024-01-04T22:09:23","slug":"b1512-04-01-24-avanza-remodelacion-de-la-glorieta-de-tlaltenango-que-evocara-a-la-identidad-de-cuernavaca","status":"publish","type":"post","link":"https:\/\/cuernavaca.gob.mx\/?p=36467","title":{"rendered":"B1512 04\/01\/24 AVANZA REMODELACI\u00d3N DE LA GLORIETA DE TLALTENANGO QUE EVOCARA A LA IDENTIDAD DE CUERNAVACA"},"content":{"rendered":"<p><strong>\u2022 La Secretar\u00eda de Desarrollo Urbano y Obras P\u00fablicas reporta avances de un 80 por ciento integrando renovaci\u00f3n de p\u00e9rgolas y elementos que mostraran una nueva imagen<\/strong><\/p>\n<p>Bajo la instrucci\u00f3n del presidente municipal de Cuernavaca, Jos\u00e9 Luis Uri\u00f3stegui Salgado, de continuar con el proceso de rescatar y embellecer los espacios p\u00fablicos y emblem\u00e1ticos de la ciudad, la Secretar\u00eda de Desarrollo Urbano y Obras P\u00fablicas, sigue trabajando a marchas forzadas en la rehabilitaci\u00f3n de la glorieta de Tlaltenango que fomentar\u00e1 la identidad de los pueblos originarios y del propio municipio.<\/p>\n<p>El secretario de Desarrollo Urbano y Obras P\u00fablicas, Demetrio Chavira de la Torre, explic\u00f3 que a la fecha se tiene un avance de m\u00e1s del 80 por ciento, interviniendo en esta etapa las p\u00e9rgolas que est\u00e1n alrededor, rehabilitando por completo todo el recubrimiento y la base que se estar\u00e1 atacando en los cuatro cuadrantes, ubic\u00e1ndose actualmente en el tercero.<\/p>\n<p>Detall\u00f3 que, tras el colado del ruedo de la glorieta, se da paso al relleno que va a dar el cono de la superficie final para posteriormente volver a volar el piso que dar\u00e1 forma a la base donde estar\u00e1 la pieza que corona esta glorieta; el ruedo ser\u00e1 cubierto con piezas de cantera.<\/p>\n<p>Al estar localizada en una zona de gran afluencia de veh\u00edculos y transe\u00fantes en Cuernavaca, se\u00f1al\u00f3 que est\u00e1n trabajando para quitar el tapial para la obra que fue colocado en el primer carril pegado a la glorieta a fin de no seguir generando una inconformidad en la vialidad, recordando que fue colocado para la seguridad, tanto de los trabajadores como de la poblaci\u00f3n, ya que utilizaron maquinaria pesada y transporte para llevar en camiones de volteo el producto de la demolici\u00f3n.<\/p>\n<p>Chavira de la Torre confirm\u00f3 que en pr\u00f3ximos se tendr\u00e1n resultados evidentes, brindando a la poblaci\u00f3n un espacio digno donde encontrar\u00e1n las 12 toponimias de los pueblos originarios de la ciudad que en el centro contar\u00e1 con la toponimia de Cuernavaca, impulsando la identidad e historia de la ciudad de la Eterna Primavera, capital del estado de Morelos.<\/p>\n<p><img loading=\"lazy\" class=\"alignnone size-medium wp-image-36468\" src=\"https:\/\/cuernavaca.gob.mx\/wp-content\/uploads\/2024\/01\/AVANZA-REMODELACIO\u0301N-DE-LA-GLORIETA-DE-TLALTENANGO-QUE-EVOCARA-A-LA-IDENTIDAD-DE-CUERNAVACA-1-300x169.jpg\" alt=\"\" width=\"300\" height=\"169\" srcset=\"https:\/\/cuernavaca.gob.mx\/wp-content\/uploads\/2024\/01\/AVANZA-REMODELACIO\u0301N-DE-LA-GLORIETA-DE-TLALTENANGO-QUE-EVOCARA-A-LA-IDENTIDAD-DE-CUERNAVACA-1-300x169.jpg 300w, https:\/\/cuernavaca.gob.mx\/wp-content\/uploads\/2024\/01\/AVANZA-REMODELACIO\u0301N-DE-LA-GLORIETA-DE-TLALTENANGO-QUE-EVOCARA-A-LA-IDENTIDAD-DE-CUERNAVACA-1-1024x576.jpg 1024w, https:\/\/cuernavaca.gob.mx\/wp-content\/uploads\/2024\/01\/AVANZA-REMODELACIO\u0301N-DE-LA-GLORIETA-DE-TLALTENANGO-QUE-EVOCARA-A-LA-IDENTIDAD-DE-CUERNAVACA-1-768x432.jpg 768w, https:\/\/cuernavaca.gob.mx\/wp-content\/uploads\/2024\/01\/AVANZA-REMODELACIO\u0301N-DE-LA-GLORIETA-DE-TLALTENANGO-QUE-EVOCARA-A-LA-IDENTIDAD-DE-CUERNAVACA-1-1536x864.jpg 1536w, https:\/\/cuernavaca.gob.mx\/wp-content\/uploads\/2024\/01\/AVANZA-REMODELACIO\u0301N-DE-LA-GLORIETA-DE-TLALTENANGO-QUE-EVOCARA-A-LA-IDENTIDAD-DE-CUERNAVACA-1-600x338.jpg 600w, https:\/\/cuernavaca.gob.mx\/wp-content\/uploads\/2024\/01\/AVANZA-REMODELACIO\u0301N-DE-LA-GLORIETA-DE-TLALTENANGO-QUE-EVOCARA-A-LA-IDENTIDAD-DE-CUERNAVACA-1-560x315.jpg 560w, https:\/\/cuernavaca.gob.mx\/wp-content\/uploads\/2024\/01\/AVANZA-REMODELACIO\u0301N-DE-LA-GLORIETA-DE-TLALTENANGO-QUE-EVOCARA-A-LA-IDENTIDAD-DE-CUERNAVACA-1.jpg 1600w\" sizes=\"(max-width: 300px) 100vw, 300px\" \/> <img loading=\"lazy\" class=\"alignnone size-medium wp-image-36469\" src=\"https:\/\/cuernavaca.gob.mx\/wp-content\/uploads\/2024\/01\/AVANZA-REMODELACIO\u0301N-DE-LA-GLORIETA-DE-TLALTENANGO-QUE-EVOCARA-A-LA-IDENTIDAD-DE-CUERNAVACA-2-300x169.jpg\" alt=\"\" width=\"300\" height=\"169\" srcset=\"https:\/\/cuernavaca.gob.mx\/wp-content\/uploads\/2024\/01\/AVANZA-REMODELACIO\u0301N-DE-LA-GLORIETA-DE-TLALTENANGO-QUE-EVOCARA-A-LA-IDENTIDAD-DE-CUERNAVACA-2-300x169.jpg 300w, https:\/\/cuernavaca.gob.mx\/wp-content\/uploads\/2024\/01\/AVANZA-REMODELACIO\u0301N-DE-LA-GLORIETA-DE-TLALTENANGO-QUE-EVOCARA-A-LA-IDENTIDAD-DE-CUERNAVACA-2-1024x576.jpg 1024w, https:\/\/cuernavaca.gob.mx\/wp-content\/uploads\/2024\/01\/AVANZA-REMODELACIO\u0301N-DE-LA-GLORIETA-DE-TLALTENANGO-QUE-EVOCARA-A-LA-IDENTIDAD-DE-CUERNAVACA-2-768x432.jpg 768w, https:\/\/cuernavaca.gob.mx\/wp-content\/uploads\/2024\/01\/AVANZA-REMODELACIO\u0301N-DE-LA-GLORIETA-DE-TLALTENANGO-QUE-EVOCARA-A-LA-IDENTIDAD-DE-CUERNAVACA-2-1536x864.jpg 1536w, https:\/\/cuernavaca.gob.mx\/wp-content\/uploads\/2024\/01\/AVANZA-REMODELACIO\u0301N-DE-LA-GLORIETA-DE-TLALTENANGO-QUE-EVOCARA-A-LA-IDENTIDAD-DE-CUERNAVACA-2-600x338.jpg 600w, https:\/\/cuernavaca.gob.mx\/wp-content\/uploads\/2024\/01\/AVANZA-REMODELACIO\u0301N-DE-LA-GLORIETA-DE-TLALTENANGO-QUE-EVOCARA-A-LA-IDENTIDAD-DE-CUERNAVACA-2-560x315.jpg 560w, https:\/\/cuernavaca.gob.mx\/wp-content\/uploads\/2024\/01\/AVANZA-REMODELACIO\u0301N-DE-LA-GLORIETA-DE-TLALTENANGO-QUE-EVOCARA-A-LA-IDENTIDAD-DE-CUERNAVACA-2.jpg 1600w\" sizes=\"(max-width: 300px) 100vw, 300px\" \/> <img loading=\"lazy\" class=\"alignnone size-medium wp-image-36470\" src=\"https:\/\/cuernavaca.gob.mx\/wp-content\/uploads\/2024\/01\/AVANZA-REMODELACIO\u0301N-DE-LA-GLORIETA-DE-TLALTENANGO-QUE-EVOCARA-A-LA-IDENTIDAD-DE-CUERNAVACA-3-300x200.jpg\" alt=\"\" width=\"300\" height=\"200\" srcset=\"https:\/\/cuernavaca.gob.mx\/wp-content\/uploads\/2024\/01\/AVANZA-REMODELACIO\u0301N-DE-LA-GLORIETA-DE-TLALTENANGO-QUE-EVOCARA-A-LA-IDENTIDAD-DE-CUERNAVACA-3-300x200.jpg 300w, https:\/\/cuernavaca.gob.mx\/wp-content\/uploads\/2024\/01\/AVANZA-REMODELACIO\u0301N-DE-LA-GLORIETA-DE-TLALTENANGO-QUE-EVOCARA-A-LA-IDENTIDAD-DE-CUERNAVACA-3-1024x682.jpg 1024w, https:\/\/cuernavaca.gob.mx\/wp-content\/uploads\/2024\/01\/AVANZA-REMODELACIO\u0301N-DE-LA-GLORIETA-DE-TLALTENANGO-QUE-EVOCARA-A-LA-IDENTIDAD-DE-CUERNAVACA-3-768x512.jpg 768w, https:\/\/cuernavaca.gob.mx\/wp-content\/uploads\/2024\/01\/AVANZA-REMODELACIO\u0301N-DE-LA-GLORIETA-DE-TLALTENANGO-QUE-EVOCARA-A-LA-IDENTIDAD-DE-CUERNAVACA-3-600x400.jpg 600w, https:\/\/cuernavaca.gob.mx\/wp-content\/uploads\/2024\/01\/AVANZA-REMODELACIO\u0301N-DE-LA-GLORIETA-DE-TLALTENANGO-QUE-EVOCARA-A-LA-IDENTIDAD-DE-CUERNAVACA-3-560x373.jpg 560w, https:\/\/cuernavaca.gob.mx\/wp-content\/uploads\/2024\/01\/AVANZA-REMODELACIO\u0301N-DE-LA-GLORIETA-DE-TLALTENANGO-QUE-EVOCARA-A-LA-IDENTIDAD-DE-CUERNAVACA-3.jpg 1280w\" sizes=\"(max-width: 300px) 100vw, 300px\" \/> <img loading=\"lazy\" class=\"alignnone size-medium wp-image-36471\" src=\"https:\/\/cuernavaca.gob.mx\/wp-content\/uploads\/2024\/01\/AVANZA-REMODELACIO\u0301N-DE-LA-GLORIETA-DE-TLALTENANGO-QUE-EVOCARA-A-LA-IDENTIDAD-DE-CUERNAVACA-4-300x200.jpg\" alt=\"\" width=\"300\" height=\"200\" srcset=\"https:\/\/cuernavaca.gob.mx\/wp-content\/uploads\/2024\/01\/AVANZA-REMODELACIO\u0301N-DE-LA-GLORIETA-DE-TLALTENANGO-QUE-EVOCARA-A-LA-IDENTIDAD-DE-CUERNAVACA-4-300x200.jpg 300w, https:\/\/cuernavaca.gob.mx\/wp-content\/uploads\/2024\/01\/AVANZA-REMODELACIO\u0301N-DE-LA-GLORIETA-DE-TLALTENANGO-QUE-EVOCARA-A-LA-IDENTIDAD-DE-CUERNAVACA-4-1024x682.jpg 1024w, https:\/\/cuernavaca.gob.mx\/wp-content\/uploads\/2024\/01\/AVANZA-REMODELACIO\u0301N-DE-LA-GLORIETA-DE-TLALTENANGO-QUE-EVOCARA-A-LA-IDENTIDAD-DE-CUERNAVACA-4-768x512.jpg 768w, https:\/\/cuernavaca.gob.mx\/wp-content\/uploads\/2024\/01\/AVANZA-REMODELACIO\u0301N-DE-LA-GLORIETA-DE-TLALTENANGO-QUE-EVOCARA-A-LA-IDENTIDAD-DE-CUERNAVACA-4-600x400.jpg 600w, https:\/\/cuernavaca.gob.mx\/wp-content\/uploads\/2024\/01\/AVANZA-REMODELACIO\u0301N-DE-LA-GLORIETA-DE-TLALTENANGO-QUE-EVOCARA-A-LA-IDENTIDAD-DE-CUERNAVACA-4-560x373.jpg 560w, https:\/\/cuernavaca.gob.mx\/wp-content\/uploads\/2024\/01\/AVANZA-REMODELACIO\u0301N-DE-LA-GLORIETA-DE-TLALTENANGO-QUE-EVOCARA-A-LA-IDENTIDAD-DE-CUERNAVACA-4.jpg 1280w\" sizes=\"(max-width: 300px) 100vw, 300px\" \/> <img loading=\"lazy\" class=\"alignnone size-medium wp-image-36472\" src=\"https:\/\/cuernavaca.gob.mx\/wp-content\/uploads\/2024\/01\/AVANZA-REMODELACIO\u0301N-DE-LA-GLORIETA-DE-TLALTENANGO-QUE-EVOCARA-A-LA-IDENTIDAD-DE-CUERNAVACA-5-300x200.jpg\" alt=\"\" width=\"300\" height=\"200\" srcset=\"https:\/\/cuernavaca.gob.mx\/wp-content\/uploads\/2024\/01\/AVANZA-REMODELACIO\u0301N-DE-LA-GLORIETA-DE-TLALTENANGO-QUE-EVOCARA-A-LA-IDENTIDAD-DE-CUERNAVACA-5-300x200.jpg 300w, https:\/\/cuernavaca.gob.mx\/wp-content\/uploads\/2024\/01\/AVANZA-REMODELACIO\u0301N-DE-LA-GLORIETA-DE-TLALTENANGO-QUE-EVOCARA-A-LA-IDENTIDAD-DE-CUERNAVACA-5-1024x682.jpg 1024w, https:\/\/cuernavaca.gob.mx\/wp-content\/uploads\/2024\/01\/AVANZA-REMODELACIO\u0301N-DE-LA-GLORIETA-DE-TLALTENANGO-QUE-EVOCARA-A-LA-IDENTIDAD-DE-CUERNAVACA-5-768x512.jpg 768w, https:\/\/cuernavaca.gob.mx\/wp-content\/uploads\/2024\/01\/AVANZA-REMODELACIO\u0301N-DE-LA-GLORIETA-DE-TLALTENANGO-QUE-EVOCARA-A-LA-IDENTIDAD-DE-CUERNAVACA-5-600x400.jpg 600w, https:\/\/cuernavaca.gob.mx\/wp-content\/uploads\/2024\/01\/AVANZA-REMODELACIO\u0301N-DE-LA-GLORIETA-DE-TLALTENANGO-QUE-EVOCARA-A-LA-IDENTIDAD-DE-CUERNAVACA-5-560x373.jpg 560w, https:\/\/cuernavaca.gob.mx\/wp-content\/uploads\/2024\/01\/AVANZA-REMODELACIO\u0301N-DE-LA-GLORIETA-DE-TLALTENANGO-QUE-EVOCARA-A-LA-IDENTIDAD-DE-CUERNAVACA-5.jpg 1280w\" sizes=\"(max-width: 300px) 100vw, 300px\" \/> <img loading=\"lazy\" class=\"alignnone size-medium wp-image-36473\" src=\"https:\/\/cuernavaca.gob.mx\/wp-content\/uploads\/2024\/01\/AVANZA-REMODELACIO\u0301N-DE-LA-GLORIETA-DE-TLALTENANGO-QUE-EVOCARA-A-LA-IDENTIDAD-DE-CUERNAVACA-6-300x200.jpg\" alt=\"\" width=\"300\" height=\"200\" srcset=\"https:\/\/cuernavaca.gob.mx\/wp-content\/uploads\/2024\/01\/AVANZA-REMODELACIO\u0301N-DE-LA-GLORIETA-DE-TLALTENANGO-QUE-EVOCARA-A-LA-IDENTIDAD-DE-CUERNAVACA-6-300x200.jpg 300w, https:\/\/cuernavaca.gob.mx\/wp-content\/uploads\/2024\/01\/AVANZA-REMODELACIO\u0301N-DE-LA-GLORIETA-DE-TLALTENANGO-QUE-EVOCARA-A-LA-IDENTIDAD-DE-CUERNAVACA-6-1024x682.jpg 1024w, https:\/\/cuernavaca.gob.mx\/wp-content\/uploads\/2024\/01\/AVANZA-REMODELACIO\u0301N-DE-LA-GLORIETA-DE-TLALTENANGO-QUE-EVOCARA-A-LA-IDENTIDAD-DE-CUERNAVACA-6-768x512.jpg 768w, https:\/\/cuernavaca.gob.mx\/wp-content\/uploads\/2024\/01\/AVANZA-REMODELACIO\u0301N-DE-LA-GLORIETA-DE-TLALTENANGO-QUE-EVOCARA-A-LA-IDENTIDAD-DE-CUERNAVACA-6-600x400.jpg 600w, https:\/\/cuernavaca.gob.mx\/wp-content\/uploads\/2024\/01\/AVANZA-REMODELACIO\u0301N-DE-LA-GLORIETA-DE-TLALTENANGO-QUE-EVOCARA-A-LA-IDENTIDAD-DE-CUERNAVACA-6-560x373.jpg 560w, https:\/\/cuernavaca.gob.mx\/wp-content\/uploads\/2024\/01\/AVANZA-REMODELACIO\u0301N-DE-LA-GLORIETA-DE-TLALTENANGO-QUE-EVOCARA-A-LA-IDENTIDAD-DE-CUERNAVACA-6.jpg 1280w\" sizes=\"(max-width: 300px) 100vw, 300px\" \/> <img loading=\"lazy\" class=\"alignnone size-medium wp-image-36474\" src=\"https:\/\/cuernavaca.gob.mx\/wp-content\/uploads\/2024\/01\/AVANZA-REMODELACIO\u0301N-DE-LA-GLORIETA-DE-TLALTENANGO-QUE-EVOCARA-A-LA-IDENTIDAD-DE-CUERNAVACA-7-300x200.jpg\" alt=\"\" width=\"300\" height=\"200\" srcset=\"https:\/\/cuernavaca.gob.mx\/wp-content\/uploads\/2024\/01\/AVANZA-REMODELACIO\u0301N-DE-LA-GLORIETA-DE-TLALTENANGO-QUE-EVOCARA-A-LA-IDENTIDAD-DE-CUERNAVACA-7-300x200.jpg 300w, https:\/\/cuernavaca.gob.mx\/wp-content\/uploads\/2024\/01\/AVANZA-REMODELACIO\u0301N-DE-LA-GLORIETA-DE-TLALTENANGO-QUE-EVOCARA-A-LA-IDENTIDAD-DE-CUERNAVACA-7-1024x682.jpg 1024w, https:\/\/cuernavaca.gob.mx\/wp-content\/uploads\/2024\/01\/AVANZA-REMODELACIO\u0301N-DE-LA-GLORIETA-DE-TLALTENANGO-QUE-EVOCARA-A-LA-IDENTIDAD-DE-CUERNAVACA-7-768x512.jpg 768w, https:\/\/cuernavaca.gob.mx\/wp-content\/uploads\/2024\/01\/AVANZA-REMODELACIO\u0301N-DE-LA-GLORIETA-DE-TLALTENANGO-QUE-EVOCARA-A-LA-IDENTIDAD-DE-CUERNAVACA-7-600x400.jpg 600w, https:\/\/cuernavaca.gob.mx\/wp-content\/uploads\/2024\/01\/AVANZA-REMODELACIO\u0301N-DE-LA-GLORIETA-DE-TLALTENANGO-QUE-EVOCARA-A-LA-IDENTIDAD-DE-CUERNAVACA-7-560x373.jpg 560w, https:\/\/cuernavaca.gob.mx\/wp-content\/uploads\/2024\/01\/AVANZA-REMODELACIO\u0301N-DE-LA-GLORIETA-DE-TLALTENANGO-QUE-EVOCARA-A-LA-IDENTIDAD-DE-CUERNAVACA-7.jpg 1280w\" sizes=\"(max-width: 300px) 100vw, 300px\" \/><\/p>\n","protected":false},"excerpt":{"rendered":"<p>\u2022 La Secretar\u00eda de Desarrollo Urbano y Obras P\u00fablicas reporta avances de un 80 por ciento integrando renovaci\u00f3n de p\u00e9rgolas y elementos que mostraran una nueva imagen Bajo la instrucci\u00f3n del presidente municipal de Cuernavaca, Jos\u00e9 Luis Uri\u00f3stegui Salgado, de continuar con el proceso de rescatar y embellecer los espacios p\u00fablicos y emblem\u00e1ticos de la [&hellip;]<\/p>\n","protected":false},"author":1,"featured_media":36472,"comment_status":"closed","ping_status":"open","sticky":false,"template":"","format":"standard","meta":[],"categories":[1],"tags":[121,2889,120,206,232,127,2375],"aioseo_notices":[],"_links":{"self":[{"href":"https:\/\/cuernavaca.gob.mx\/index.php?rest_route=\/wp\/v2\/posts\/36467"}],"collection":[{"href":"https:\/\/cuernavaca.gob.mx\/index.php?rest_route=\/wp\/v2\/posts"}],"about":[{"href":"https:\/\/cuernavaca.gob.mx\/index.php?rest_route=\/wp\/v2\/types\/post"}],"author":[{"embeddable":true,"href":"https:\/\/cuernavaca.gob.mx\/index.php?rest_route=\/wp\/v2\/users\/1"}],"replies":[{"embeddable":true,"href":"https:\/\/cuernavaca.gob.mx\/index.php?rest_route=%2Fwp%2Fv2%2Fcomments&post=36467"}],"version-history":[{"count":1,"href":"https:\/\/cuernavaca.gob.mx\/index.php?rest_route=\/wp\/v2\/posts\/36467\/revisions"}],"predecessor-version":[{"id":36475,"href":"https:\/\/cuernavaca.gob.mx\/index.php?rest_route=\/wp\/v2\/posts\/36467\/revisions\/36475"}],"wp:featuredmedia":[{"embeddable":true,"href":"https:\/\/cuernavaca.gob.mx\/index.php?rest_route=\/wp\/v2\/media\/36472"}],"wp:attachment":[{"href":"https:\/\/cuernavaca.gob.mx\/index.php?rest_route=%2Fwp%2Fv2%2Fmedia&parent=36467"}],"wp:term":[{"taxonomy":"category","embeddable":true,"href":"https:\/\/cuernavaca.gob.mx\/index.php?rest_route=%2Fwp%2Fv2%2Fcategories&post=36467"},{"taxonomy":"post_tag","embeddable":true,"href":"https:\/\/cuernavaca.gob.mx\/index.php?rest_route=%2Fwp%2Fv2%2Ftags&post=36467"}],"curies":[{"name":"wp","href":"https:\/\/api.w.org\/{rel}","templated":true}]}}