{"id":36479,"date":"2024-01-04T16:00:53","date_gmt":"2024-01-04T22:00:53","guid":{"rendered":"https:\/\/cuernavaca.gob.mx\/?p=36479"},"modified":"2024-01-05T13:09:17","modified_gmt":"2024-01-05T19:09:17","slug":"b1513-04-01-23-el-instituto-de-la-mujer-de-cuernavaca-inicia-el-2024-el-ano-consolidando-acciones-de-reconocimiento-y-empoderamiento-de-las-mujeres","status":"publish","type":"post","link":"https:\/\/cuernavaca.gob.mx\/?p=36479","title":{"rendered":"B1513 04\/01\/24 EL INSTITUTO DE LA MUJER DE CUERNAVACA INICIA EL 2024 CONSOLIDANDO ACCIONES DE RECONOCIMIENTO Y EMPODERAMIENTO DE LAS MUJERES"},"content":{"rendered":"<p><strong>\u2022 Lorena Castillo inform\u00f3 que en enero se refuerzan programas basados en erradicar la Alerta de Violencia de G\u00e9nero<\/strong><\/p>\n<p><strong>\u2022 Tras efectuar un diagn\u00f3stico de necesidades se continuar\u00e1 impulsando el desarrollo integral de las usuarias<\/strong><\/p>\n<p>El Ayuntamiento de Cuernavaca, a trav\u00e9s del Instituto de la Mujer de Cuernavaca (IMC), sigue consolidando acciones y programas que impulsan el empoderamiento de las cuernavaquenses, brind\u00e1ndoles herramientas que fortalecen su autonom\u00eda, capacitaci\u00f3n, seguridad y, sobre todo, el acceso a una vida libre de violencia, atendiendo los indicadores de la declaratoria de Alerta de Violencia de G\u00e9nero.<\/p>\n<p>En entrevista, la directora general del IMC, Lorena Castillo Castillo, se\u00f1al\u00f3 que en el 2024 este a\u00f1o dar\u00e1n continuidad a distintas actividades que atienden las necesidades de las mujeres en todos los grupos etarios derivados de diagn\u00f3sticos y una planeaci\u00f3n en base a los objetivos de la Alerta de Violencia de G\u00e9nero y del desarrollo integral de las usuarias.<\/p>\n<p>Estas actividades responden a los programas permanentes de salud mental, como es \u201cRedescubriendo nuestra esencia con salud y equilibrio mental\u201d, de Resiliencia Activa, de Fortalecimiento para la Autonom\u00eda Econ\u00f3mica de las Mujeres (FAEM), Deconstruyendo con Igualdad, de Derechos Humanos y Prevenci\u00f3n de la Violencia de G\u00e9nero, as\u00ed como de la cultura de la denuncia que el \u00e1rea jur\u00eddica desarrolla.<\/p>\n<p>No obstante, Lorena Castillo resalt\u00f3 que estar\u00e1n reforzando algunos programas que trabajar\u00e1n durante los pr\u00f3ximos meses, como es el denominado \u201cLuna, la uni\u00f3n nos fortalece\u201d, que tiene como objeto darle voz a mujeres que se encuentran trabajando en espacios donde normalmente no alzan la voz ni visibilizan aquellas acciones que pueden ser en su beneficio o que las est\u00e1n poniendo en riesgo; adem\u00e1s de continuar el programa Trazando igualdad desde lo local, mediante el cual acercan los servicios del IMC a las colonias y poblados de Cuernavaca.<\/p>\n<p>Este \u00faltimo, indic\u00f3 la directora general del IMC, est\u00e1 asociado a la difusi\u00f3n permanente de los servicios del instituto y articulado a la difusi\u00f3n de la Alerta de Violencia de G\u00e9nero, informando a la poblaci\u00f3n sobre que est\u00e1 haciendo el Ayuntamiento para reforzar las medidas de seguridad y prevenci\u00f3n de la violencia contra las mujeres.<\/p>\n<p>El Instituto de la Mujer de Cuernavaca (IMC) estar\u00e1 brindando atenci\u00f3n a las mujeres, adolescentes y ni\u00f1as ind\u00edgenas con una mirada de interseccionalidad, reforzando a su vez el programa de Sensibilizaci\u00f3n para la prevenci\u00f3n de la violencia de g\u00e9nero y construcci\u00f3n de entornos de paz que se ha estado aplicando en distintas escuelas del municipio en coordinaci\u00f3n con el \u00e1rea de Convivencia Escolar del Instituto de la Educaci\u00f3n B\u00e1sica del Estado de Morelos (IEBEM), para el que en el mes de julio se har\u00e1 una evaluaci\u00f3n.<\/p>\n<p>Lorena Castillo a\u00f1adi\u00f3 que este a\u00f1o tambi\u00e9n se estar\u00e1n potencializando las alianzas con personajes claves de la sociedad civil, academia, iniciativa privada y otros sectores que puedan participar en cada acto relevante y actividades que han sido planteadas como una necesidad por la misma sociedad y que est\u00e9n a cargo del IMC.<\/p>\n<p>En los meses de julio y agosto cada una de las acciones del IMC ser\u00e1n evaluadas a fin de que en la recta final de la administraci\u00f3n tengan resultados para generar una continuidad en cada uno de los trabajos que se hicieron, en los que se ha contemplado el rescate de espacios p\u00fablicos y trabajo coordinado con las diversas \u00e1reas municipales bajo una perspectiva de g\u00e9nero.<\/p>\n<p>Para conocer la cartelera completa de actividades pueden acceder a las redes sociales oficiales del Instituto de la Mujer de Cuernavaca (IMC) o pedir informes al 777 144 0067 o al WhatsApp 777 367 4447.<\/p>\n<p><img loading=\"lazy\" class=\"alignnone size-medium wp-image-36480\" src=\"https:\/\/cuernavaca.gob.mx\/wp-content\/uploads\/2024\/01\/EL-INSTITUTO-DE-LA-MUJER-DE-CUERNAVACA-INICIA-EL-2024-EL-AN\u0303O-CONSOLIDANDO-ACCIONES-DE-RECONOCIMIENTO-Y-EMPODERAMIENTO-DE-LAS-MUJERES-1-230x300.jpg\" alt=\"\" width=\"230\" height=\"300\" srcset=\"https:\/\/cuernavaca.gob.mx\/wp-content\/uploads\/2024\/01\/EL-INSTITUTO-DE-LA-MUJER-DE-CUERNAVACA-INICIA-EL-2024-EL-AN\u0303O-CONSOLIDANDO-ACCIONES-DE-RECONOCIMIENTO-Y-EMPODERAMIENTO-DE-LAS-MUJERES-1-230x300.jpg 230w, https:\/\/cuernavaca.gob.mx\/wp-content\/uploads\/2024\/01\/EL-INSTITUTO-DE-LA-MUJER-DE-CUERNAVACA-INICIA-EL-2024-EL-AN\u0303O-CONSOLIDANDO-ACCIONES-DE-RECONOCIMIENTO-Y-EMPODERAMIENTO-DE-LAS-MUJERES-1-461x600.jpg 461w, https:\/\/cuernavaca.gob.mx\/wp-content\/uploads\/2024\/01\/EL-INSTITUTO-DE-LA-MUJER-DE-CUERNAVACA-INICIA-EL-2024-EL-AN\u0303O-CONSOLIDANDO-ACCIONES-DE-RECONOCIMIENTO-Y-EMPODERAMIENTO-DE-LAS-MUJERES-1-430x560.jpg 430w, https:\/\/cuernavaca.gob.mx\/wp-content\/uploads\/2024\/01\/EL-INSTITUTO-DE-LA-MUJER-DE-CUERNAVACA-INICIA-EL-2024-EL-AN\u0303O-CONSOLIDANDO-ACCIONES-DE-RECONOCIMIENTO-Y-EMPODERAMIENTO-DE-LAS-MUJERES-1.jpg 526w\" sizes=\"(max-width: 230px) 100vw, 230px\" \/> <img loading=\"lazy\" class=\"alignnone size-medium wp-image-36481\" src=\"https:\/\/cuernavaca.gob.mx\/wp-content\/uploads\/2024\/01\/EL-INSTITUTO-DE-LA-MUJER-DE-CUERNAVACA-INICIA-EL-2024-EL-AN\u0303O-CONSOLIDANDO-ACCIONES-DE-RECONOCIMIENTO-Y-EMPODERAMIENTO-DE-LAS-MUJERES-2-300x110.jpg\" alt=\"\" width=\"300\" height=\"110\" srcset=\"https:\/\/cuernavaca.gob.mx\/wp-content\/uploads\/2024\/01\/EL-INSTITUTO-DE-LA-MUJER-DE-CUERNAVACA-INICIA-EL-2024-EL-AN\u0303O-CONSOLIDANDO-ACCIONES-DE-RECONOCIMIENTO-Y-EMPODERAMIENTO-DE-LAS-MUJERES-2-300x110.jpg 300w, https:\/\/cuernavaca.gob.mx\/wp-content\/uploads\/2024\/01\/EL-INSTITUTO-DE-LA-MUJER-DE-CUERNAVACA-INICIA-EL-2024-EL-AN\u0303O-CONSOLIDANDO-ACCIONES-DE-RECONOCIMIENTO-Y-EMPODERAMIENTO-DE-LAS-MUJERES-2-1024x375.jpg 1024w, https:\/\/cuernavaca.gob.mx\/wp-content\/uploads\/2024\/01\/EL-INSTITUTO-DE-LA-MUJER-DE-CUERNAVACA-INICIA-EL-2024-EL-AN\u0303O-CONSOLIDANDO-ACCIONES-DE-RECONOCIMIENTO-Y-EMPODERAMIENTO-DE-LAS-MUJERES-2-768x281.jpg 768w, https:\/\/cuernavaca.gob.mx\/wp-content\/uploads\/2024\/01\/EL-INSTITUTO-DE-LA-MUJER-DE-CUERNAVACA-INICIA-EL-2024-EL-AN\u0303O-CONSOLIDANDO-ACCIONES-DE-RECONOCIMIENTO-Y-EMPODERAMIENTO-DE-LAS-MUJERES-2-1536x563.jpg 1536w, https:\/\/cuernavaca.gob.mx\/wp-content\/uploads\/2024\/01\/EL-INSTITUTO-DE-LA-MUJER-DE-CUERNAVACA-INICIA-EL-2024-EL-AN\u0303O-CONSOLIDANDO-ACCIONES-DE-RECONOCIMIENTO-Y-EMPODERAMIENTO-DE-LAS-MUJERES-2-600x220.jpg 600w, https:\/\/cuernavaca.gob.mx\/wp-content\/uploads\/2024\/01\/EL-INSTITUTO-DE-LA-MUJER-DE-CUERNAVACA-INICIA-EL-2024-EL-AN\u0303O-CONSOLIDANDO-ACCIONES-DE-RECONOCIMIENTO-Y-EMPODERAMIENTO-DE-LAS-MUJERES-2-560x205.jpg 560w, https:\/\/cuernavaca.gob.mx\/wp-content\/uploads\/2024\/01\/EL-INSTITUTO-DE-LA-MUJER-DE-CUERNAVACA-INICIA-EL-2024-EL-AN\u0303O-CONSOLIDANDO-ACCIONES-DE-RECONOCIMIENTO-Y-EMPODERAMIENTO-DE-LAS-MUJERES-2.jpg 1600w\" sizes=\"(max-width: 300px) 100vw, 300px\" \/> <img loading=\"lazy\" class=\"alignnone size-medium wp-image-36482\" src=\"https:\/\/cuernavaca.gob.mx\/wp-content\/uploads\/2024\/01\/EL-INSTITUTO-DE-LA-MUJER-DE-CUERNAVACA-INICIA-EL-2024-EL-AN\u0303O-CONSOLIDANDO-ACCIONES-DE-RECONOCIMIENTO-Y-EMPODERAMIENTO-DE-LAS-MUJERES-3-186x300.jpg\" alt=\"\" width=\"186\" height=\"300\" srcset=\"https:\/\/cuernavaca.gob.mx\/wp-content\/uploads\/2024\/01\/EL-INSTITUTO-DE-LA-MUJER-DE-CUERNAVACA-INICIA-EL-2024-EL-AN\u0303O-CONSOLIDANDO-ACCIONES-DE-RECONOCIMIENTO-Y-EMPODERAMIENTO-DE-LAS-MUJERES-3-186x300.jpg 186w, https:\/\/cuernavaca.gob.mx\/wp-content\/uploads\/2024\/01\/EL-INSTITUTO-DE-LA-MUJER-DE-CUERNAVACA-INICIA-EL-2024-EL-AN\u0303O-CONSOLIDANDO-ACCIONES-DE-RECONOCIMIENTO-Y-EMPODERAMIENTO-DE-LAS-MUJERES-3-372x600.jpg 372w, https:\/\/cuernavaca.gob.mx\/wp-content\/uploads\/2024\/01\/EL-INSTITUTO-DE-LA-MUJER-DE-CUERNAVACA-INICIA-EL-2024-EL-AN\u0303O-CONSOLIDANDO-ACCIONES-DE-RECONOCIMIENTO-Y-EMPODERAMIENTO-DE-LAS-MUJERES-3-347x560.jpg 347w, https:\/\/cuernavaca.gob.mx\/wp-content\/uploads\/2024\/01\/EL-INSTITUTO-DE-LA-MUJER-DE-CUERNAVACA-INICIA-EL-2024-EL-AN\u0303O-CONSOLIDANDO-ACCIONES-DE-RECONOCIMIENTO-Y-EMPODERAMIENTO-DE-LAS-MUJERES-3.jpg 526w\" sizes=\"(max-width: 186px) 100vw, 186px\" \/> <img loading=\"lazy\" class=\"alignnone size-medium wp-image-36483\" src=\"https:\/\/cuernavaca.gob.mx\/wp-content\/uploads\/2024\/01\/EL-INSTITUTO-DE-LA-MUJER-DE-CUERNAVACA-INICIA-EL-2024-EL-AN\u0303O-CONSOLIDANDO-ACCIONES-DE-RECONOCIMIENTO-Y-EMPODERAMIENTO-DE-LAS-MUJERES-4-300x200.jpg\" alt=\"\" width=\"300\" height=\"200\" srcset=\"https:\/\/cuernavaca.gob.mx\/wp-content\/uploads\/2024\/01\/EL-INSTITUTO-DE-LA-MUJER-DE-CUERNAVACA-INICIA-EL-2024-EL-AN\u0303O-CONSOLIDANDO-ACCIONES-DE-RECONOCIMIENTO-Y-EMPODERAMIENTO-DE-LAS-MUJERES-4-300x200.jpg 300w, https:\/\/cuernavaca.gob.mx\/wp-content\/uploads\/2024\/01\/EL-INSTITUTO-DE-LA-MUJER-DE-CUERNAVACA-INICIA-EL-2024-EL-AN\u0303O-CONSOLIDANDO-ACCIONES-DE-RECONOCIMIENTO-Y-EMPODERAMIENTO-DE-LAS-MUJERES-4-1024x682.jpg 1024w, https:\/\/cuernavaca.gob.mx\/wp-content\/uploads\/2024\/01\/EL-INSTITUTO-DE-LA-MUJER-DE-CUERNAVACA-INICIA-EL-2024-EL-AN\u0303O-CONSOLIDANDO-ACCIONES-DE-RECONOCIMIENTO-Y-EMPODERAMIENTO-DE-LAS-MUJERES-4-768x512.jpg 768w, https:\/\/cuernavaca.gob.mx\/wp-content\/uploads\/2024\/01\/EL-INSTITUTO-DE-LA-MUJER-DE-CUERNAVACA-INICIA-EL-2024-EL-AN\u0303O-CONSOLIDANDO-ACCIONES-DE-RECONOCIMIENTO-Y-EMPODERAMIENTO-DE-LAS-MUJERES-4-600x400.jpg 600w, https:\/\/cuernavaca.gob.mx\/wp-content\/uploads\/2024\/01\/EL-INSTITUTO-DE-LA-MUJER-DE-CUERNAVACA-INICIA-EL-2024-EL-AN\u0303O-CONSOLIDANDO-ACCIONES-DE-RECONOCIMIENTO-Y-EMPODERAMIENTO-DE-LAS-MUJERES-4-560x373.jpg 560w, https:\/\/cuernavaca.gob.mx\/wp-content\/uploads\/2024\/01\/EL-INSTITUTO-DE-LA-MUJER-DE-CUERNAVACA-INICIA-EL-2024-EL-AN\u0303O-CONSOLIDANDO-ACCIONES-DE-RECONOCIMIENTO-Y-EMPODERAMIENTO-DE-LAS-MUJERES-4.jpg 1280w\" sizes=\"(max-width: 300px) 100vw, 300px\" \/> <img loading=\"lazy\" class=\"alignnone size-medium wp-image-36484\" src=\"https:\/\/cuernavaca.gob.mx\/wp-content\/uploads\/2024\/01\/EL-INSTITUTO-DE-LA-MUJER-DE-CUERNAVACA-INICIA-EL-2024-EL-AN\u0303O-CONSOLIDANDO-ACCIONES-DE-RECONOCIMIENTO-Y-EMPODERAMIENTO-DE-LAS-MUJERES-5-300x200.jpg\" alt=\"\" width=\"300\" height=\"200\" srcset=\"https:\/\/cuernavaca.gob.mx\/wp-content\/uploads\/2024\/01\/EL-INSTITUTO-DE-LA-MUJER-DE-CUERNAVACA-INICIA-EL-2024-EL-AN\u0303O-CONSOLIDANDO-ACCIONES-DE-RECONOCIMIENTO-Y-EMPODERAMIENTO-DE-LAS-MUJERES-5-300x200.jpg 300w, https:\/\/cuernavaca.gob.mx\/wp-content\/uploads\/2024\/01\/EL-INSTITUTO-DE-LA-MUJER-DE-CUERNAVACA-INICIA-EL-2024-EL-AN\u0303O-CONSOLIDANDO-ACCIONES-DE-RECONOCIMIENTO-Y-EMPODERAMIENTO-DE-LAS-MUJERES-5-1024x682.jpg 1024w, https:\/\/cuernavaca.gob.mx\/wp-content\/uploads\/2024\/01\/EL-INSTITUTO-DE-LA-MUJER-DE-CUERNAVACA-INICIA-EL-2024-EL-AN\u0303O-CONSOLIDANDO-ACCIONES-DE-RECONOCIMIENTO-Y-EMPODERAMIENTO-DE-LAS-MUJERES-5-768x512.jpg 768w, https:\/\/cuernavaca.gob.mx\/wp-content\/uploads\/2024\/01\/EL-INSTITUTO-DE-LA-MUJER-DE-CUERNAVACA-INICIA-EL-2024-EL-AN\u0303O-CONSOLIDANDO-ACCIONES-DE-RECONOCIMIENTO-Y-EMPODERAMIENTO-DE-LAS-MUJERES-5-600x400.jpg 600w, https:\/\/cuernavaca.gob.mx\/wp-content\/uploads\/2024\/01\/EL-INSTITUTO-DE-LA-MUJER-DE-CUERNAVACA-INICIA-EL-2024-EL-AN\u0303O-CONSOLIDANDO-ACCIONES-DE-RECONOCIMIENTO-Y-EMPODERAMIENTO-DE-LAS-MUJERES-5-560x373.jpg 560w, https:\/\/cuernavaca.gob.mx\/wp-content\/uploads\/2024\/01\/EL-INSTITUTO-DE-LA-MUJER-DE-CUERNAVACA-INICIA-EL-2024-EL-AN\u0303O-CONSOLIDANDO-ACCIONES-DE-RECONOCIMIENTO-Y-EMPODERAMIENTO-DE-LAS-MUJERES-5.jpg 1280w\" sizes=\"(max-width: 300px) 100vw, 300px\" \/><\/p>\n","protected":false},"excerpt":{"rendered":"<p>\u2022 Lorena Castillo inform\u00f3 que en enero se refuerzan programas basados en erradicar la Alerta de Violencia de G\u00e9nero \u2022 Tras efectuar un diagn\u00f3stico de necesidades se continuar\u00e1 impulsando el desarrollo integral de las usuarias El Ayuntamiento de Cuernavaca, a trav\u00e9s del Instituto de la Mujer de Cuernavaca (IMC), sigue consolidando acciones y programas que [&hellip;]<\/p>\n","protected":false},"author":1,"featured_media":36481,"comment_status":"closed","ping_status":"open","sticky":false,"template":"","format":"standard","meta":[],"categories":[280],"tags":[121,2616,120,206,388,202,127,378,525],"aioseo_notices":[],"_links":{"self":[{"href":"https:\/\/cuernavaca.gob.mx\/index.php?rest_route=\/wp\/v2\/posts\/36479"}],"collection":[{"href":"https:\/\/cuernavaca.gob.mx\/index.php?rest_route=\/wp\/v2\/posts"}],"about":[{"href":"https:\/\/cuernavaca.gob.mx\/index.php?rest_route=\/wp\/v2\/types\/post"}],"author":[{"embeddable":true,"href":"https:\/\/cuernavaca.gob.mx\/index.php?rest_route=\/wp\/v2\/users\/1"}],"replies":[{"embeddable":true,"href":"https:\/\/cuernavaca.gob.mx\/index.php?rest_route=%2Fwp%2Fv2%2Fcomments&post=36479"}],"version-history":[{"count":3,"href":"https:\/\/cuernavaca.gob.mx\/index.php?rest_route=\/wp\/v2\/posts\/36479\/revisions"}],"predecessor-version":[{"id":36492,"href":"https:\/\/cuernavaca.gob.mx\/index.php?rest_route=\/wp\/v2\/posts\/36479\/revisions\/36492"}],"wp:featuredmedia":[{"embeddable":true,"href":"https:\/\/cuernavaca.gob.mx\/index.php?rest_route=\/wp\/v2\/media\/36481"}],"wp:attachment":[{"href":"https:\/\/cuernavaca.gob.mx\/index.php?rest_route=%2Fwp%2Fv2%2Fmedia&parent=36479"}],"wp:term":[{"taxonomy":"category","embeddable":true,"href":"https:\/\/cuernavaca.gob.mx\/index.php?rest_route=%2Fwp%2Fv2%2Fcategories&post=36479"},{"taxonomy":"post_tag","embeddable":true,"href":"https:\/\/cuernavaca.gob.mx\/index.php?rest_route=%2Fwp%2Fv2%2Ftags&post=36479"}],"curies":[{"name":"wp","href":"https:\/\/api.w.org\/{rel}","templated":true}]}}