{"id":36612,"date":"2024-01-10T13:15:00","date_gmt":"2024-01-10T19:15:00","guid":{"rendered":"https:\/\/cuernavaca.gob.mx\/?p=36612"},"modified":"2024-01-10T16:54:02","modified_gmt":"2024-01-10T22:54:02","slug":"c-10-01-23-a-prision-preventiva-los-dos-jovenes-capturados-por-la-policia-de-cuernavaca-tras-robo-de-camioneta-en-acapatzingo","status":"publish","type":"post","link":"https:\/\/cuernavaca.gob.mx\/?p=36612","title":{"rendered":"C 10\/01\/24 A PRISI\u00d3N PREVENTIVA LOS DOS JOVENES CAPTURADOS POR LA POLICIA DE CUERNAVACA TRAS ROBO DE CAMIONETA EN ACAPATZINGO"},"content":{"rendered":"<p>La Fiscal\u00eda regional Metropolitana obtuvo de un juez de control la prisi\u00f3n preventiva de Leonardo Daniel &#8220;N&#8221; y Francisco Antonio &#8220;N&#8221;, por su presunta responsabilidad en el delito de robo de veh\u00edculo automotor agravado cometido en el municipio de Cuernavaca, en las pr\u00f3ximas horas se desarrollar\u00e1 la audiencia de vinculaci\u00f3n a proceso.<\/p>\n<p>La detenci\u00f3n de Leonardo Daniel &#8220;N&#8221; y Francisco Antonio &#8220;N&#8221;, fue realizada por elementos de la Polic\u00eda Preventiva de la Secretar\u00eda de Protecci\u00f3n y Auxilio Ciudadano de Cuernavaca (SEPRAC); cuando la ma\u00f1ana del pasado jueves 04 de enero, la persona v\u00edctima, un masculino de 75 a\u00f1os de edad, se encontraba al interior de una ferreter\u00eda ubicada en la colonia San Miguel Acapantzingo, a su salida se dirigi\u00f3 a su veh\u00edculo marca Toyota tipo Highlander, de color blanco, mismo que se encontraba estacionado sobre la calle.<\/p>\n<p>Al intentar abordar la camioneta fue interceptado por los hoy imputados quienes le amenazaron con un arma de fuego, ante la negativa del hombre en entregar las llaves fue empujado y tirado al piso donde los agresores comenzaron a golpearlo<\/p>\n<p>Ambos sujetos abordaron la unidad en la que se dieron a la fuga sobre la misma calle Ruiz Cortines, al solicitarse el apoyo a trav\u00e9s del n\u00famero de emergencias, acudieron al auxilio elementos de la Polic\u00eda de Cuernavaca quienes ubicaron el veh\u00edculo robado e iniciaron la persecuci\u00f3n respectiva.<\/p>\n<p>A la altura de la colonia Loma del \u00c1guila, en los Ejidos de Acapantzingo, los elementos policiales lograron la detenci\u00f3n de Francisco Antonio \u201cN\u201d de 19 a\u00f1os, y Leonardo Daniel \u201cN\u201d de 28 a\u00f1os de edad, y al revisarse el veh\u00edculo, fue localizada un arma de fuego tipo escuadra con cargador abastecido, arma con la que amenazaron al hombre de la tercera edad.<\/p>\n<p>En audiencia realizada, la Fiscal\u00eda Metropolitana formul\u00f3 imputaci\u00f3n en contra de los masculinos por el delito de robo de veh\u00edculo automotor agravado, aport\u00e1ndose los datos de prueba correspondientes, y al solicitar la ampliaci\u00f3n del plazo se les impusieron la prisi\u00f3n preventiva justificada en tanto se desarrolla la audiencia de vinculaci\u00f3n a proceso.<\/p>\n<p><img loading=\"lazy\" class=\"alignnone size-medium wp-image-36613\" src=\"https:\/\/cuernavaca.gob.mx\/wp-content\/uploads\/2024\/01\/A-PRISIO\u0301N-PREVENTIVA-LOS-DOS-JOVENES-CAPTURADOS-POR-LA-POLICIA-DE-CUERNAVACA-TRAS-ROBO-DE-CAMIONETA-EN-ACAPATZINGO-1-300x200.jpg\" alt=\"\" width=\"300\" height=\"200\" srcset=\"https:\/\/cuernavaca.gob.mx\/wp-content\/uploads\/2024\/01\/A-PRISIO\u0301N-PREVENTIVA-LOS-DOS-JOVENES-CAPTURADOS-POR-LA-POLICIA-DE-CUERNAVACA-TRAS-ROBO-DE-CAMIONETA-EN-ACAPATZINGO-1-300x200.jpg 300w, https:\/\/cuernavaca.gob.mx\/wp-content\/uploads\/2024\/01\/A-PRISIO\u0301N-PREVENTIVA-LOS-DOS-JOVENES-CAPTURADOS-POR-LA-POLICIA-DE-CUERNAVACA-TRAS-ROBO-DE-CAMIONETA-EN-ACAPATZINGO-1-1024x684.jpg 1024w, https:\/\/cuernavaca.gob.mx\/wp-content\/uploads\/2024\/01\/A-PRISIO\u0301N-PREVENTIVA-LOS-DOS-JOVENES-CAPTURADOS-POR-LA-POLICIA-DE-CUERNAVACA-TRAS-ROBO-DE-CAMIONETA-EN-ACAPATZINGO-1-768x513.jpg 768w, https:\/\/cuernavaca.gob.mx\/wp-content\/uploads\/2024\/01\/A-PRISIO\u0301N-PREVENTIVA-LOS-DOS-JOVENES-CAPTURADOS-POR-LA-POLICIA-DE-CUERNAVACA-TRAS-ROBO-DE-CAMIONETA-EN-ACAPATZINGO-1-600x401.jpg 600w, https:\/\/cuernavaca.gob.mx\/wp-content\/uploads\/2024\/01\/A-PRISIO\u0301N-PREVENTIVA-LOS-DOS-JOVENES-CAPTURADOS-POR-LA-POLICIA-DE-CUERNAVACA-TRAS-ROBO-DE-CAMIONETA-EN-ACAPATZINGO-1-560x374.jpg 560w, https:\/\/cuernavaca.gob.mx\/wp-content\/uploads\/2024\/01\/A-PRISIO\u0301N-PREVENTIVA-LOS-DOS-JOVENES-CAPTURADOS-POR-LA-POLICIA-DE-CUERNAVACA-TRAS-ROBO-DE-CAMIONETA-EN-ACAPATZINGO-1.jpg 1486w\" sizes=\"(max-width: 300px) 100vw, 300px\" \/> <img loading=\"lazy\" class=\"alignnone size-medium wp-image-36614\" src=\"https:\/\/cuernavaca.gob.mx\/wp-content\/uploads\/2024\/01\/A-PRISIO\u0301N-PREVENTIVA-LOS-DOS-JOVENES-CAPTURADOS-POR-LA-POLICIA-DE-CUERNAVACA-TRAS-ROBO-DE-CAMIONETA-EN-ACAPATZINGO-2-300x200.jpg\" alt=\"\" width=\"300\" height=\"200\" srcset=\"https:\/\/cuernavaca.gob.mx\/wp-content\/uploads\/2024\/01\/A-PRISIO\u0301N-PREVENTIVA-LOS-DOS-JOVENES-CAPTURADOS-POR-LA-POLICIA-DE-CUERNAVACA-TRAS-ROBO-DE-CAMIONETA-EN-ACAPATZINGO-2-300x200.jpg 300w, https:\/\/cuernavaca.gob.mx\/wp-content\/uploads\/2024\/01\/A-PRISIO\u0301N-PREVENTIVA-LOS-DOS-JOVENES-CAPTURADOS-POR-LA-POLICIA-DE-CUERNAVACA-TRAS-ROBO-DE-CAMIONETA-EN-ACAPATZINGO-2-1024x682.jpg 1024w, https:\/\/cuernavaca.gob.mx\/wp-content\/uploads\/2024\/01\/A-PRISIO\u0301N-PREVENTIVA-LOS-DOS-JOVENES-CAPTURADOS-POR-LA-POLICIA-DE-CUERNAVACA-TRAS-ROBO-DE-CAMIONETA-EN-ACAPATZINGO-2-768x512.jpg 768w, https:\/\/cuernavaca.gob.mx\/wp-content\/uploads\/2024\/01\/A-PRISIO\u0301N-PREVENTIVA-LOS-DOS-JOVENES-CAPTURADOS-POR-LA-POLICIA-DE-CUERNAVACA-TRAS-ROBO-DE-CAMIONETA-EN-ACAPATZINGO-2-1536x1023.jpg 1536w, https:\/\/cuernavaca.gob.mx\/wp-content\/uploads\/2024\/01\/A-PRISIO\u0301N-PREVENTIVA-LOS-DOS-JOVENES-CAPTURADOS-POR-LA-POLICIA-DE-CUERNAVACA-TRAS-ROBO-DE-CAMIONETA-EN-ACAPATZINGO-2-600x400.jpg 600w, https:\/\/cuernavaca.gob.mx\/wp-content\/uploads\/2024\/01\/A-PRISIO\u0301N-PREVENTIVA-LOS-DOS-JOVENES-CAPTURADOS-POR-LA-POLICIA-DE-CUERNAVACA-TRAS-ROBO-DE-CAMIONETA-EN-ACAPATZINGO-2-560x373.jpg 560w, https:\/\/cuernavaca.gob.mx\/wp-content\/uploads\/2024\/01\/A-PRISIO\u0301N-PREVENTIVA-LOS-DOS-JOVENES-CAPTURADOS-POR-LA-POLICIA-DE-CUERNAVACA-TRAS-ROBO-DE-CAMIONETA-EN-ACAPATZINGO-2.jpg 1600w\" sizes=\"(max-width: 300px) 100vw, 300px\" \/> <img loading=\"lazy\" class=\"alignnone size-medium wp-image-36615\" src=\"https:\/\/cuernavaca.gob.mx\/wp-content\/uploads\/2024\/01\/A-PRISIO\u0301N-PREVENTIVA-LOS-DOS-JOVENES-CAPTURADOS-POR-LA-POLICIA-DE-CUERNAVACA-TRAS-ROBO-DE-CAMIONETA-EN-ACAPATZINGO-3-272x300.jpg\" alt=\"\" width=\"272\" height=\"300\" srcset=\"https:\/\/cuernavaca.gob.mx\/wp-content\/uploads\/2024\/01\/A-PRISIO\u0301N-PREVENTIVA-LOS-DOS-JOVENES-CAPTURADOS-POR-LA-POLICIA-DE-CUERNAVACA-TRAS-ROBO-DE-CAMIONETA-EN-ACAPATZINGO-3-272x300.jpg 272w, https:\/\/cuernavaca.gob.mx\/wp-content\/uploads\/2024\/01\/A-PRISIO\u0301N-PREVENTIVA-LOS-DOS-JOVENES-CAPTURADOS-POR-LA-POLICIA-DE-CUERNAVACA-TRAS-ROBO-DE-CAMIONETA-EN-ACAPATZINGO-3-928x1024.jpg 928w, https:\/\/cuernavaca.gob.mx\/wp-content\/uploads\/2024\/01\/A-PRISIO\u0301N-PREVENTIVA-LOS-DOS-JOVENES-CAPTURADOS-POR-LA-POLICIA-DE-CUERNAVACA-TRAS-ROBO-DE-CAMIONETA-EN-ACAPATZINGO-3-768x847.jpg 768w, https:\/\/cuernavaca.gob.mx\/wp-content\/uploads\/2024\/01\/A-PRISIO\u0301N-PREVENTIVA-LOS-DOS-JOVENES-CAPTURADOS-POR-LA-POLICIA-DE-CUERNAVACA-TRAS-ROBO-DE-CAMIONETA-EN-ACAPATZINGO-3-1392x1536.jpg 1392w, https:\/\/cuernavaca.gob.mx\/wp-content\/uploads\/2024\/01\/A-PRISIO\u0301N-PREVENTIVA-LOS-DOS-JOVENES-CAPTURADOS-POR-LA-POLICIA-DE-CUERNAVACA-TRAS-ROBO-DE-CAMIONETA-EN-ACAPATZINGO-3-544x600.jpg 544w, https:\/\/cuernavaca.gob.mx\/wp-content\/uploads\/2024\/01\/A-PRISIO\u0301N-PREVENTIVA-LOS-DOS-JOVENES-CAPTURADOS-POR-LA-POLICIA-DE-CUERNAVACA-TRAS-ROBO-DE-CAMIONETA-EN-ACAPATZINGO-3-508x560.jpg 508w, https:\/\/cuernavaca.gob.mx\/wp-content\/uploads\/2024\/01\/A-PRISIO\u0301N-PREVENTIVA-LOS-DOS-JOVENES-CAPTURADOS-POR-LA-POLICIA-DE-CUERNAVACA-TRAS-ROBO-DE-CAMIONETA-EN-ACAPATZINGO-3.jpg 1450w\" sizes=\"(max-width: 272px) 100vw, 272px\" \/><\/p>\n","protected":false},"excerpt":{"rendered":"<p>La Fiscal\u00eda regional Metropolitana obtuvo de un juez de control la prisi\u00f3n preventiva de Leonardo Daniel &#8220;N&#8221; y Francisco Antonio &#8220;N&#8221;, por su presunta responsabilidad en el delito de robo de veh\u00edculo automotor agravado cometido en el municipio de Cuernavaca, en las pr\u00f3ximas horas se desarrollar\u00e1 la audiencia de vinculaci\u00f3n a proceso. La detenci\u00f3n de [&hellip;]<\/p>\n","protected":false},"author":1,"featured_media":36613,"comment_status":"closed","ping_status":"open","sticky":false,"template":"","format":"standard","meta":[],"categories":[17],"tags":[121,3026,120,206,127,414,125],"aioseo_notices":[],"_links":{"self":[{"href":"https:\/\/cuernavaca.gob.mx\/index.php?rest_route=\/wp\/v2\/posts\/36612"}],"collection":[{"href":"https:\/\/cuernavaca.gob.mx\/index.php?rest_route=\/wp\/v2\/posts"}],"about":[{"href":"https:\/\/cuernavaca.gob.mx\/index.php?rest_route=\/wp\/v2\/types\/post"}],"author":[{"embeddable":true,"href":"https:\/\/cuernavaca.gob.mx\/index.php?rest_route=\/wp\/v2\/users\/1"}],"replies":[{"embeddable":true,"href":"https:\/\/cuernavaca.gob.mx\/index.php?rest_route=%2Fwp%2Fv2%2Fcomments&post=36612"}],"version-history":[{"count":2,"href":"https:\/\/cuernavaca.gob.mx\/index.php?rest_route=\/wp\/v2\/posts\/36612\/revisions"}],"predecessor-version":[{"id":36623,"href":"https:\/\/cuernavaca.gob.mx\/index.php?rest_route=\/wp\/v2\/posts\/36612\/revisions\/36623"}],"wp:featuredmedia":[{"embeddable":true,"href":"https:\/\/cuernavaca.gob.mx\/index.php?rest_route=\/wp\/v2\/media\/36613"}],"wp:attachment":[{"href":"https:\/\/cuernavaca.gob.mx\/index.php?rest_route=%2Fwp%2Fv2%2Fmedia&parent=36612"}],"wp:term":[{"taxonomy":"category","embeddable":true,"href":"https:\/\/cuernavaca.gob.mx\/index.php?rest_route=%2Fwp%2Fv2%2Fcategories&post=36612"},{"taxonomy":"post_tag","embeddable":true,"href":"https:\/\/cuernavaca.gob.mx\/index.php?rest_route=%2Fwp%2Fv2%2Ftags&post=36612"}],"curies":[{"name":"wp","href":"https:\/\/api.w.org\/{rel}","templated":true}]}}