{"id":36651,"date":"2024-01-11T18:51:26","date_gmt":"2024-01-12T00:51:26","guid":{"rendered":"https:\/\/cuernavaca.gob.mx\/?p=36651"},"modified":"2024-01-11T18:51:26","modified_gmt":"2024-01-12T00:51:26","slug":"c-11-01-24-avanzan-trabajos-de-rehabilitacion-en-el-pozo-melchor-ocampo","status":"publish","type":"post","link":"https:\/\/cuernavaca.gob.mx\/?p=36651","title":{"rendered":"C 11\/01\/24 AVANZAN TRABAJOS DE REHABILITACI\u00d3N EN EL POZO MELCHOR OCAMPO"},"content":{"rendered":"<p>Dando continuidad con el proceso de rehabilitaci\u00f3n en el pozo Melchor Ocampo a cargo de la Secretar\u00eda de Desarrollo Urbano y Obras P\u00fablicas del municipio, este jueves se realiza la introducci\u00f3n de bomba y columna, program\u00e1ndose para el proceso de aforo. Acciones que son supervisadas por parte del personal del Sistema de Agua Potable y Alcantarillado de Cuernavaca (SAPAC).<\/p>\n<p>La Direcci\u00f3n T\u00e9cnica del SAPAC, a cargo de H\u00e9ctor Polanco Chav\u00e9z, inform\u00f3 que este jueves se llev\u00f3 a cabo la \u00faltima toma de video inspecci\u00f3n para verificar las condiciones actuales de dicha fuente de abastecimiento.<\/p>\n<p>Una vez concluida dichas acciones, se dio paso con la introducci\u00f3n de bomba de 75 HP, as\u00ed como de la columna, que consta de 18 tramos de 6 metros, trabajando de manera paralela con la instalaci\u00f3n del sistema de tierras.<\/p>\n<p>En caso de no existir ning\u00fan tipo de contratiempo, se tiene programado iniciar con el proceso de aforo de este pozo, mismo que tendr\u00e1 una duraci\u00f3n de 24 horas, recordando que esto es indispensable para la limpieza de pozos y calcular el caudal de un pozo para determinar el equipo de bombeo que se instalar\u00e1, y no representa una fuga o desperdicio de agua.<\/p>\n<p>Por la anterior, se hace del conocimiento de los vecinos de Melchor Ocampo, del mercado Adolfo L\u00f3pez Mateos y de las calles Las Casas y Humboldt, que la presencia de agua en esta zona, no se tratar\u00e1 de una fuga de agua, sino del proceso de aforo.<\/p>\n<p><img loading=\"lazy\" class=\"alignnone size-medium wp-image-36652\" src=\"https:\/\/cuernavaca.gob.mx\/wp-content\/uploads\/2024\/01\/AVANZAN-TRABAJOS-DE-REHABILITACIO\u0301N-EN-EL-POZO-MELCHOR-OCAMPO-1-240x300.jpg\" alt=\"\" width=\"240\" height=\"300\" srcset=\"https:\/\/cuernavaca.gob.mx\/wp-content\/uploads\/2024\/01\/AVANZAN-TRABAJOS-DE-REHABILITACIO\u0301N-EN-EL-POZO-MELCHOR-OCAMPO-1-240x300.jpg 240w, https:\/\/cuernavaca.gob.mx\/wp-content\/uploads\/2024\/01\/AVANZAN-TRABAJOS-DE-REHABILITACIO\u0301N-EN-EL-POZO-MELCHOR-OCAMPO-1-480x600.jpg 480w, https:\/\/cuernavaca.gob.mx\/wp-content\/uploads\/2024\/01\/AVANZAN-TRABAJOS-DE-REHABILITACIO\u0301N-EN-EL-POZO-MELCHOR-OCAMPO-1-448x560.jpg 448w, https:\/\/cuernavaca.gob.mx\/wp-content\/uploads\/2024\/01\/AVANZAN-TRABAJOS-DE-REHABILITACIO\u0301N-EN-EL-POZO-MELCHOR-OCAMPO-1.jpg 768w\" sizes=\"(max-width: 240px) 100vw, 240px\" \/> <img loading=\"lazy\" class=\"alignnone size-medium wp-image-36653\" src=\"https:\/\/cuernavaca.gob.mx\/wp-content\/uploads\/2024\/01\/AVANZAN-TRABAJOS-DE-REHABILITACIO\u0301N-EN-EL-POZO-MELCHOR-OCAMPO-2-240x300.jpg\" alt=\"\" width=\"240\" height=\"300\" srcset=\"https:\/\/cuernavaca.gob.mx\/wp-content\/uploads\/2024\/01\/AVANZAN-TRABAJOS-DE-REHABILITACIO\u0301N-EN-EL-POZO-MELCHOR-OCAMPO-2-240x300.jpg 240w, https:\/\/cuernavaca.gob.mx\/wp-content\/uploads\/2024\/01\/AVANZAN-TRABAJOS-DE-REHABILITACIO\u0301N-EN-EL-POZO-MELCHOR-OCAMPO-2-480x600.jpg 480w, https:\/\/cuernavaca.gob.mx\/wp-content\/uploads\/2024\/01\/AVANZAN-TRABAJOS-DE-REHABILITACIO\u0301N-EN-EL-POZO-MELCHOR-OCAMPO-2-448x560.jpg 448w, https:\/\/cuernavaca.gob.mx\/wp-content\/uploads\/2024\/01\/AVANZAN-TRABAJOS-DE-REHABILITACIO\u0301N-EN-EL-POZO-MELCHOR-OCAMPO-2.jpg 768w\" sizes=\"(max-width: 240px) 100vw, 240px\" \/> <img loading=\"lazy\" class=\"alignnone size-medium wp-image-36654\" src=\"https:\/\/cuernavaca.gob.mx\/wp-content\/uploads\/2024\/01\/AVANZAN-TRABAJOS-DE-REHABILITACIO\u0301N-EN-EL-POZO-MELCHOR-OCAMPO-3-300x169.jpg\" alt=\"\" width=\"300\" height=\"169\" srcset=\"https:\/\/cuernavaca.gob.mx\/wp-content\/uploads\/2024\/01\/AVANZAN-TRABAJOS-DE-REHABILITACIO\u0301N-EN-EL-POZO-MELCHOR-OCAMPO-3-300x169.jpg 300w, https:\/\/cuernavaca.gob.mx\/wp-content\/uploads\/2024\/01\/AVANZAN-TRABAJOS-DE-REHABILITACIO\u0301N-EN-EL-POZO-MELCHOR-OCAMPO-3-1024x576.jpg 1024w, https:\/\/cuernavaca.gob.mx\/wp-content\/uploads\/2024\/01\/AVANZAN-TRABAJOS-DE-REHABILITACIO\u0301N-EN-EL-POZO-MELCHOR-OCAMPO-3-768x432.jpg 768w, https:\/\/cuernavaca.gob.mx\/wp-content\/uploads\/2024\/01\/AVANZAN-TRABAJOS-DE-REHABILITACIO\u0301N-EN-EL-POZO-MELCHOR-OCAMPO-3-600x338.jpg 600w, https:\/\/cuernavaca.gob.mx\/wp-content\/uploads\/2024\/01\/AVANZAN-TRABAJOS-DE-REHABILITACIO\u0301N-EN-EL-POZO-MELCHOR-OCAMPO-3-560x315.jpg 560w, https:\/\/cuernavaca.gob.mx\/wp-content\/uploads\/2024\/01\/AVANZAN-TRABAJOS-DE-REHABILITACIO\u0301N-EN-EL-POZO-MELCHOR-OCAMPO-3.jpg 1440w\" sizes=\"(max-width: 300px) 100vw, 300px\" \/> <img loading=\"lazy\" class=\"alignnone size-medium wp-image-36655\" src=\"https:\/\/cuernavaca.gob.mx\/wp-content\/uploads\/2024\/01\/AVANZAN-TRABAJOS-DE-REHABILITACIO\u0301N-EN-EL-POZO-MELCHOR-OCAMPO-4-225x300.jpg\" alt=\"\" width=\"225\" height=\"300\" srcset=\"https:\/\/cuernavaca.gob.mx\/wp-content\/uploads\/2024\/01\/AVANZAN-TRABAJOS-DE-REHABILITACIO\u0301N-EN-EL-POZO-MELCHOR-OCAMPO-4-225x300.jpg 225w, https:\/\/cuernavaca.gob.mx\/wp-content\/uploads\/2024\/01\/AVANZAN-TRABAJOS-DE-REHABILITACIO\u0301N-EN-EL-POZO-MELCHOR-OCAMPO-4-768x1024.jpg 768w, https:\/\/cuernavaca.gob.mx\/wp-content\/uploads\/2024\/01\/AVANZAN-TRABAJOS-DE-REHABILITACIO\u0301N-EN-EL-POZO-MELCHOR-OCAMPO-4-1152x1536.jpg 1152w, https:\/\/cuernavaca.gob.mx\/wp-content\/uploads\/2024\/01\/AVANZAN-TRABAJOS-DE-REHABILITACIO\u0301N-EN-EL-POZO-MELCHOR-OCAMPO-4-450x600.jpg 450w, https:\/\/cuernavaca.gob.mx\/wp-content\/uploads\/2024\/01\/AVANZAN-TRABAJOS-DE-REHABILITACIO\u0301N-EN-EL-POZO-MELCHOR-OCAMPO-4-420x560.jpg 420w, https:\/\/cuernavaca.gob.mx\/wp-content\/uploads\/2024\/01\/AVANZAN-TRABAJOS-DE-REHABILITACIO\u0301N-EN-EL-POZO-MELCHOR-OCAMPO-4.jpg 1200w\" sizes=\"(max-width: 225px) 100vw, 225px\" \/> <img loading=\"lazy\" class=\"alignnone size-medium wp-image-36656\" src=\"https:\/\/cuernavaca.gob.mx\/wp-content\/uploads\/2024\/01\/AVANZAN-TRABAJOS-DE-REHABILITACIO\u0301N-EN-EL-POZO-MELCHOR-OCAMPO-5-169x300.jpg\" alt=\"\" width=\"169\" height=\"300\" srcset=\"https:\/\/cuernavaca.gob.mx\/wp-content\/uploads\/2024\/01\/AVANZAN-TRABAJOS-DE-REHABILITACIO\u0301N-EN-EL-POZO-MELCHOR-OCAMPO-5-169x300.jpg 169w, https:\/\/cuernavaca.gob.mx\/wp-content\/uploads\/2024\/01\/AVANZAN-TRABAJOS-DE-REHABILITACIO\u0301N-EN-EL-POZO-MELCHOR-OCAMPO-5-576x1024.jpg 576w, https:\/\/cuernavaca.gob.mx\/wp-content\/uploads\/2024\/01\/AVANZAN-TRABAJOS-DE-REHABILITACIO\u0301N-EN-EL-POZO-MELCHOR-OCAMPO-5-768x1365.jpg 768w, https:\/\/cuernavaca.gob.mx\/wp-content\/uploads\/2024\/01\/AVANZAN-TRABAJOS-DE-REHABILITACIO\u0301N-EN-EL-POZO-MELCHOR-OCAMPO-5-864x1536.jpg 864w, https:\/\/cuernavaca.gob.mx\/wp-content\/uploads\/2024\/01\/AVANZAN-TRABAJOS-DE-REHABILITACIO\u0301N-EN-EL-POZO-MELCHOR-OCAMPO-5-338x600.jpg 338w, https:\/\/cuernavaca.gob.mx\/wp-content\/uploads\/2024\/01\/AVANZAN-TRABAJOS-DE-REHABILITACIO\u0301N-EN-EL-POZO-MELCHOR-OCAMPO-5-315x560.jpg 315w, https:\/\/cuernavaca.gob.mx\/wp-content\/uploads\/2024\/01\/AVANZAN-TRABAJOS-DE-REHABILITACIO\u0301N-EN-EL-POZO-MELCHOR-OCAMPO-5.jpg 900w\" sizes=\"(max-width: 169px) 100vw, 169px\" \/><\/p>\n","protected":false},"excerpt":{"rendered":"<p>Dando continuidad con el proceso de rehabilitaci\u00f3n en el pozo Melchor Ocampo a cargo de la Secretar\u00eda de Desarrollo Urbano y Obras P\u00fablicas del municipio, este jueves se realiza la introducci\u00f3n de bomba y columna, program\u00e1ndose para el proceso de aforo. Acciones que son supervisadas por parte del personal del Sistema de Agua Potable y [&hellip;]<\/p>\n","protected":false},"author":1,"featured_media":36656,"comment_status":"closed","ping_status":"open","sticky":false,"template":"","format":"standard","meta":[],"categories":[145],"tags":[615,916,121,120,206,2440,127],"aioseo_notices":[],"_links":{"self":[{"href":"https:\/\/cuernavaca.gob.mx\/index.php?rest_route=\/wp\/v2\/posts\/36651"}],"collection":[{"href":"https:\/\/cuernavaca.gob.mx\/index.php?rest_route=\/wp\/v2\/posts"}],"about":[{"href":"https:\/\/cuernavaca.gob.mx\/index.php?rest_route=\/wp\/v2\/types\/post"}],"author":[{"embeddable":true,"href":"https:\/\/cuernavaca.gob.mx\/index.php?rest_route=\/wp\/v2\/users\/1"}],"replies":[{"embeddable":true,"href":"https:\/\/cuernavaca.gob.mx\/index.php?rest_route=%2Fwp%2Fv2%2Fcomments&post=36651"}],"version-history":[{"count":1,"href":"https:\/\/cuernavaca.gob.mx\/index.php?rest_route=\/wp\/v2\/posts\/36651\/revisions"}],"predecessor-version":[{"id":36657,"href":"https:\/\/cuernavaca.gob.mx\/index.php?rest_route=\/wp\/v2\/posts\/36651\/revisions\/36657"}],"wp:featuredmedia":[{"embeddable":true,"href":"https:\/\/cuernavaca.gob.mx\/index.php?rest_route=\/wp\/v2\/media\/36656"}],"wp:attachment":[{"href":"https:\/\/cuernavaca.gob.mx\/index.php?rest_route=%2Fwp%2Fv2%2Fmedia&parent=36651"}],"wp:term":[{"taxonomy":"category","embeddable":true,"href":"https:\/\/cuernavaca.gob.mx\/index.php?rest_route=%2Fwp%2Fv2%2Fcategories&post=36651"},{"taxonomy":"post_tag","embeddable":true,"href":"https:\/\/cuernavaca.gob.mx\/index.php?rest_route=%2Fwp%2Fv2%2Ftags&post=36651"}],"curies":[{"name":"wp","href":"https:\/\/api.w.org\/{rel}","templated":true}]}}