{"id":36658,"date":"2024-01-12T14:30:23","date_gmt":"2024-01-12T20:30:23","guid":{"rendered":"https:\/\/cuernavaca.gob.mx\/?p=36658"},"modified":"2024-01-12T15:20:52","modified_gmt":"2024-01-12T21:20:52","slug":"b1524-12-01-24-cuernavaca-cuenta-con-una-ortofotografia-actualizada-para-la-planeacion-y-territorial-del-municipio","status":"publish","type":"post","link":"https:\/\/cuernavaca.gob.mx\/?p=36658","title":{"rendered":"B1524 12\/01\/24 CUERNAVACA CUENTA CON UNA ORTOFOTOGRAF\u00cdA ACTUALIZADA PARA LA PLANEACI\u00d3N Y TERRITORIAL DEL MUNICIPIO"},"content":{"rendered":"<ul>\n<li>El Ayuntamiento capitalino llev\u00f3 a cabo la actualizaci\u00f3n de este instrumento, siendo la primera ocasi\u00f3n que el municipio cuenta con una ortofoto de todo el territorio<\/li>\n<\/ul>\n<p>&nbsp;<\/p>\n<ul>\n<li>El presidente municipal, Jos\u00e9 Luis Uri\u00f3stegui resalt\u00f3 que esto permitir\u00e1 que las siguientes administraciones puedan tomar las mejores decisiones para la planeaci\u00f3n y el catastro de los servicios p\u00fablicos<\/li>\n<\/ul>\n<p>&nbsp;<\/p>\n<p>A partir de este 2024 Cuernavaca contar\u00e1 con una herramienta que abonar\u00e1, no solo a la correcta planeaci\u00f3n del ordenamiento territorial y desarrollo urbano que ha privilegiado la administraci\u00f3n encabezada por Jos\u00e9 Luis Uri\u00f3stegui Salgado, sino que tambi\u00e9n mejorar\u00e1 los servicios p\u00fablicos y seguridad en la ciudad a trav\u00e9s de una ortofotograf\u00eda que no hab\u00eda sido actualizada desde el a\u00f1o 2012 y para la que se destinaron recursos propios municipales.<\/p>\n<p>&nbsp;<\/p>\n<p>Este viernes el presidente municipal de Cuernavaca, Jos\u00e9 Luis Uri\u00f3stegui, acompa\u00f1ado de integrantes del Cabildo y Gabinete, recibi\u00f3 de manera formal la Ortofotograf\u00eda que se llev\u00f3 a cabo con la empresa Terrasat; esta la primera ocasi\u00f3n que la capital morelense cuenta con una presentaci\u00f3n fotogr\u00e1fica de todo el municipio que contempla desde la zona urbana hasta los l\u00edmites con el Estado de M\u00e9xico, el \u00e1rea boscosa y las localidades de Buenavista del Monte, La Carpa y el Cebadal.<\/p>\n<p>&nbsp;<\/p>\n<p>Al hacer la presentaci\u00f3n del proyecto, el director general de Terrasat, Alberto Arturo Cruz Garc\u00eda, destac\u00f3 el potencial alt\u00edsimo que tiene una ortofoto, siendo su temporalidad lo m\u00e1s importante, ya que te permite contestar a preguntas territoriales, brindando certeza jur\u00eddica en catastro, en su utilidad y en las diferentes aplicaciones de la misma, pero tambi\u00e9n puede ayudar a definir la distribuci\u00f3n de los servicios p\u00fablicos municipales y acciones preventivas para zonas de riesgo.<\/p>\n<p>&nbsp;<\/p>\n<p>En este contexto, el alcalde Jos\u00e9 Luis Uri\u00f3stegui record\u00f3 que tal y como lo determin\u00f3 el Cabildo de Cuernavaca existen cuatro instrumentos relevantes para organizar, prever y elaborar un desarrollo de la ciudad debidamente planeado a 20 o 30 a\u00f1os, como fue el esp\u00edritu de creaci\u00f3n del Instituto Municipal de Planeaci\u00f3n (IMPLAN), el atlas de riesgo, el Programa de Ordenamiento Ecol\u00f3gico, el Programa Municipal de Desarrollo Urbano Sustentable, para los que est\u00e1n avanzando en su actualizaci\u00f3n, y la ortofotograf\u00eda.<\/p>\n<p>&nbsp;<\/p>\n<p>Estos cuatro instrumentos, confirm\u00f3, permitir\u00e1n que Cuernavaca cuente con toda la informaci\u00f3n actualizada a la fecha para tomar las mejores decisiones en cuanto a la actualizaci\u00f3n del Reglamento de Construcci\u00f3n y los usos de suelo del municipio; adem\u00e1s de que permitir\u00e1 que las siguientes administraciones ya no destinen recursos en estos temas y puedan seguir en este camino id\u00f3neo para la planeaci\u00f3n y el catastro de los servicios p\u00fablicos existentes.<\/p>\n<p>&nbsp;<\/p>\n<p>A la entrega de este importante instrumento de consulta, asistieron la s\u00edndica municipal, Ver\u00f3nica Atenco P\u00e9rez; los regidores Mireya Delgado Romero, Patricia Torres Rosales, Debendrenath Salazar Solorio, Christian P\u00e9rez Jaimes, V\u00edctor Manzo God\u00ednez y Jes\u00fas Rosales Puebla, as\u00ed como el secretario de Desarrollo Urbano y Obras P\u00fablicas, Demetrio Chavira de la Torre; la secretar\u00eda de Desarrollo Humano y Participaci\u00f3n Social, Laura Hern\u00e1ndez Cruz; el Tesorero Municipal, Javier Arozarena Salazar; el director general de Catastro, Fernando Streber Montagne; el director general del IMPLAN, Carlos Hern\u00e1ndez Ad\u00e1n; el director del COPLADEMUN, Luis Enrique Mart\u00ednez Catal\u00e1n;\u00a0 el secretario ejecutivo del Consejo Municipal de Seguridad P\u00fablica, Marco Olvera Benedicto; la coordinadora de Protecci\u00f3n Civil de Cuernavaca, Roc\u00edo Guadarrama Garc\u00eda, as\u00ed como delegados municipales.<\/p>\n<p><img loading=\"lazy\" class=\"alignnone size-medium wp-image-36659\" src=\"https:\/\/cuernavaca.gob.mx\/wp-content\/uploads\/2024\/01\/CUERNAVACA-CUENTA-CON-UNA-ORTOFOTOGRAFI\u0301A-ACTUALIZADA-PARA-LA-PLANEACIO\u0301N-Y-TERRITORIAL-DEL-MUNICIPIO-1-300x200.jpg\" alt=\"\" width=\"300\" height=\"200\" srcset=\"https:\/\/cuernavaca.gob.mx\/wp-content\/uploads\/2024\/01\/CUERNAVACA-CUENTA-CON-UNA-ORTOFOTOGRAFI\u0301A-ACTUALIZADA-PARA-LA-PLANEACIO\u0301N-Y-TERRITORIAL-DEL-MUNICIPIO-1-300x200.jpg 300w, https:\/\/cuernavaca.gob.mx\/wp-content\/uploads\/2024\/01\/CUERNAVACA-CUENTA-CON-UNA-ORTOFOTOGRAFI\u0301A-ACTUALIZADA-PARA-LA-PLANEACIO\u0301N-Y-TERRITORIAL-DEL-MUNICIPIO-1-1024x682.jpg 1024w, https:\/\/cuernavaca.gob.mx\/wp-content\/uploads\/2024\/01\/CUERNAVACA-CUENTA-CON-UNA-ORTOFOTOGRAFI\u0301A-ACTUALIZADA-PARA-LA-PLANEACIO\u0301N-Y-TERRITORIAL-DEL-MUNICIPIO-1-768x512.jpg 768w, https:\/\/cuernavaca.gob.mx\/wp-content\/uploads\/2024\/01\/CUERNAVACA-CUENTA-CON-UNA-ORTOFOTOGRAFI\u0301A-ACTUALIZADA-PARA-LA-PLANEACIO\u0301N-Y-TERRITORIAL-DEL-MUNICIPIO-1-1536x1023.jpg 1536w, https:\/\/cuernavaca.gob.mx\/wp-content\/uploads\/2024\/01\/CUERNAVACA-CUENTA-CON-UNA-ORTOFOTOGRAFI\u0301A-ACTUALIZADA-PARA-LA-PLANEACIO\u0301N-Y-TERRITORIAL-DEL-MUNICIPIO-1-600x400.jpg 600w, https:\/\/cuernavaca.gob.mx\/wp-content\/uploads\/2024\/01\/CUERNAVACA-CUENTA-CON-UNA-ORTOFOTOGRAFI\u0301A-ACTUALIZADA-PARA-LA-PLANEACIO\u0301N-Y-TERRITORIAL-DEL-MUNICIPIO-1-560x373.jpg 560w, https:\/\/cuernavaca.gob.mx\/wp-content\/uploads\/2024\/01\/CUERNAVACA-CUENTA-CON-UNA-ORTOFOTOGRAFI\u0301A-ACTUALIZADA-PARA-LA-PLANEACIO\u0301N-Y-TERRITORIAL-DEL-MUNICIPIO-1.jpg 1600w\" sizes=\"(max-width: 300px) 100vw, 300px\" \/> <img loading=\"lazy\" class=\"alignnone size-medium wp-image-36660\" src=\"https:\/\/cuernavaca.gob.mx\/wp-content\/uploads\/2024\/01\/CUERNAVACA-CUENTA-CON-UNA-ORTOFOTOGRAFI\u0301A-ACTUALIZADA-PARA-LA-PLANEACIO\u0301N-Y-TERRITORIAL-DEL-MUNICIPIO-2-300x200.jpg\" alt=\"\" width=\"300\" height=\"200\" srcset=\"https:\/\/cuernavaca.gob.mx\/wp-content\/uploads\/2024\/01\/CUERNAVACA-CUENTA-CON-UNA-ORTOFOTOGRAFI\u0301A-ACTUALIZADA-PARA-LA-PLANEACIO\u0301N-Y-TERRITORIAL-DEL-MUNICIPIO-2-300x200.jpg 300w, https:\/\/cuernavaca.gob.mx\/wp-content\/uploads\/2024\/01\/CUERNAVACA-CUENTA-CON-UNA-ORTOFOTOGRAFI\u0301A-ACTUALIZADA-PARA-LA-PLANEACIO\u0301N-Y-TERRITORIAL-DEL-MUNICIPIO-2-1024x682.jpg 1024w, https:\/\/cuernavaca.gob.mx\/wp-content\/uploads\/2024\/01\/CUERNAVACA-CUENTA-CON-UNA-ORTOFOTOGRAFI\u0301A-ACTUALIZADA-PARA-LA-PLANEACIO\u0301N-Y-TERRITORIAL-DEL-MUNICIPIO-2-768x512.jpg 768w, https:\/\/cuernavaca.gob.mx\/wp-content\/uploads\/2024\/01\/CUERNAVACA-CUENTA-CON-UNA-ORTOFOTOGRAFI\u0301A-ACTUALIZADA-PARA-LA-PLANEACIO\u0301N-Y-TERRITORIAL-DEL-MUNICIPIO-2-1536x1023.jpg 1536w, https:\/\/cuernavaca.gob.mx\/wp-content\/uploads\/2024\/01\/CUERNAVACA-CUENTA-CON-UNA-ORTOFOTOGRAFI\u0301A-ACTUALIZADA-PARA-LA-PLANEACIO\u0301N-Y-TERRITORIAL-DEL-MUNICIPIO-2-600x400.jpg 600w, https:\/\/cuernavaca.gob.mx\/wp-content\/uploads\/2024\/01\/CUERNAVACA-CUENTA-CON-UNA-ORTOFOTOGRAFI\u0301A-ACTUALIZADA-PARA-LA-PLANEACIO\u0301N-Y-TERRITORIAL-DEL-MUNICIPIO-2-560x373.jpg 560w, https:\/\/cuernavaca.gob.mx\/wp-content\/uploads\/2024\/01\/CUERNAVACA-CUENTA-CON-UNA-ORTOFOTOGRAFI\u0301A-ACTUALIZADA-PARA-LA-PLANEACIO\u0301N-Y-TERRITORIAL-DEL-MUNICIPIO-2.jpg 1600w\" sizes=\"(max-width: 300px) 100vw, 300px\" \/> <img loading=\"lazy\" class=\"alignnone size-medium wp-image-36661\" src=\"https:\/\/cuernavaca.gob.mx\/wp-content\/uploads\/2024\/01\/CUERNAVACA-CUENTA-CON-UNA-ORTOFOTOGRAFI\u0301A-ACTUALIZADA-PARA-LA-PLANEACIO\u0301N-Y-TERRITORIAL-DEL-MUNICIPIO-3-300x262.jpg\" alt=\"\" width=\"300\" height=\"262\" srcset=\"https:\/\/cuernavaca.gob.mx\/wp-content\/uploads\/2024\/01\/CUERNAVACA-CUENTA-CON-UNA-ORTOFOTOGRAFI\u0301A-ACTUALIZADA-PARA-LA-PLANEACIO\u0301N-Y-TERRITORIAL-DEL-MUNICIPIO-3-300x262.jpg 300w, https:\/\/cuernavaca.gob.mx\/wp-content\/uploads\/2024\/01\/CUERNAVACA-CUENTA-CON-UNA-ORTOFOTOGRAFI\u0301A-ACTUALIZADA-PARA-LA-PLANEACIO\u0301N-Y-TERRITORIAL-DEL-MUNICIPIO-3-1024x896.jpg 1024w, https:\/\/cuernavaca.gob.mx\/wp-content\/uploads\/2024\/01\/CUERNAVACA-CUENTA-CON-UNA-ORTOFOTOGRAFI\u0301A-ACTUALIZADA-PARA-LA-PLANEACIO\u0301N-Y-TERRITORIAL-DEL-MUNICIPIO-3-768x672.jpg 768w, https:\/\/cuernavaca.gob.mx\/wp-content\/uploads\/2024\/01\/CUERNAVACA-CUENTA-CON-UNA-ORTOFOTOGRAFI\u0301A-ACTUALIZADA-PARA-LA-PLANEACIO\u0301N-Y-TERRITORIAL-DEL-MUNICIPIO-3-600x525.jpg 600w, https:\/\/cuernavaca.gob.mx\/wp-content\/uploads\/2024\/01\/CUERNAVACA-CUENTA-CON-UNA-ORTOFOTOGRAFI\u0301A-ACTUALIZADA-PARA-LA-PLANEACIO\u0301N-Y-TERRITORIAL-DEL-MUNICIPIO-3-560x490.jpg 560w, https:\/\/cuernavaca.gob.mx\/wp-content\/uploads\/2024\/01\/CUERNAVACA-CUENTA-CON-UNA-ORTOFOTOGRAFI\u0301A-ACTUALIZADA-PARA-LA-PLANEACIO\u0301N-Y-TERRITORIAL-DEL-MUNICIPIO-3.jpg 1166w\" sizes=\"(max-width: 300px) 100vw, 300px\" \/> <img loading=\"lazy\" class=\"alignnone size-medium wp-image-36662\" src=\"https:\/\/cuernavaca.gob.mx\/wp-content\/uploads\/2024\/01\/CUERNAVACA-CUENTA-CON-UNA-ORTOFOTOGRAFI\u0301A-ACTUALIZADA-PARA-LA-PLANEACIO\u0301N-Y-TERRITORIAL-DEL-MUNICIPIO-4-300x200.jpg\" alt=\"\" width=\"300\" height=\"200\" srcset=\"https:\/\/cuernavaca.gob.mx\/wp-content\/uploads\/2024\/01\/CUERNAVACA-CUENTA-CON-UNA-ORTOFOTOGRAFI\u0301A-ACTUALIZADA-PARA-LA-PLANEACIO\u0301N-Y-TERRITORIAL-DEL-MUNICIPIO-4-300x200.jpg 300w, https:\/\/cuernavaca.gob.mx\/wp-content\/uploads\/2024\/01\/CUERNAVACA-CUENTA-CON-UNA-ORTOFOTOGRAFI\u0301A-ACTUALIZADA-PARA-LA-PLANEACIO\u0301N-Y-TERRITORIAL-DEL-MUNICIPIO-4-1024x682.jpg 1024w, https:\/\/cuernavaca.gob.mx\/wp-content\/uploads\/2024\/01\/CUERNAVACA-CUENTA-CON-UNA-ORTOFOTOGRAFI\u0301A-ACTUALIZADA-PARA-LA-PLANEACIO\u0301N-Y-TERRITORIAL-DEL-MUNICIPIO-4-768x512.jpg 768w, https:\/\/cuernavaca.gob.mx\/wp-content\/uploads\/2024\/01\/CUERNAVACA-CUENTA-CON-UNA-ORTOFOTOGRAFI\u0301A-ACTUALIZADA-PARA-LA-PLANEACIO\u0301N-Y-TERRITORIAL-DEL-MUNICIPIO-4-1536x1023.jpg 1536w, https:\/\/cuernavaca.gob.mx\/wp-content\/uploads\/2024\/01\/CUERNAVACA-CUENTA-CON-UNA-ORTOFOTOGRAFI\u0301A-ACTUALIZADA-PARA-LA-PLANEACIO\u0301N-Y-TERRITORIAL-DEL-MUNICIPIO-4-600x400.jpg 600w, https:\/\/cuernavaca.gob.mx\/wp-content\/uploads\/2024\/01\/CUERNAVACA-CUENTA-CON-UNA-ORTOFOTOGRAFI\u0301A-ACTUALIZADA-PARA-LA-PLANEACIO\u0301N-Y-TERRITORIAL-DEL-MUNICIPIO-4-560x373.jpg 560w, https:\/\/cuernavaca.gob.mx\/wp-content\/uploads\/2024\/01\/CUERNAVACA-CUENTA-CON-UNA-ORTOFOTOGRAFI\u0301A-ACTUALIZADA-PARA-LA-PLANEACIO\u0301N-Y-TERRITORIAL-DEL-MUNICIPIO-4.jpg 1600w\" sizes=\"(max-width: 300px) 100vw, 300px\" \/> <img loading=\"lazy\" class=\"alignnone size-medium wp-image-36663\" src=\"https:\/\/cuernavaca.gob.mx\/wp-content\/uploads\/2024\/01\/CUERNAVACA-CUENTA-CON-UNA-ORTOFOTOGRAFI\u0301A-ACTUALIZADA-PARA-LA-PLANEACIO\u0301N-Y-TERRITORIAL-DEL-MUNICIPIO-5-300x200.jpg\" alt=\"\" width=\"300\" height=\"200\" srcset=\"https:\/\/cuernavaca.gob.mx\/wp-content\/uploads\/2024\/01\/CUERNAVACA-CUENTA-CON-UNA-ORTOFOTOGRAFI\u0301A-ACTUALIZADA-PARA-LA-PLANEACIO\u0301N-Y-TERRITORIAL-DEL-MUNICIPIO-5-300x200.jpg 300w, https:\/\/cuernavaca.gob.mx\/wp-content\/uploads\/2024\/01\/CUERNAVACA-CUENTA-CON-UNA-ORTOFOTOGRAFI\u0301A-ACTUALIZADA-PARA-LA-PLANEACIO\u0301N-Y-TERRITORIAL-DEL-MUNICIPIO-5-1024x682.jpg 1024w, https:\/\/cuernavaca.gob.mx\/wp-content\/uploads\/2024\/01\/CUERNAVACA-CUENTA-CON-UNA-ORTOFOTOGRAFI\u0301A-ACTUALIZADA-PARA-LA-PLANEACIO\u0301N-Y-TERRITORIAL-DEL-MUNICIPIO-5-768x512.jpg 768w, https:\/\/cuernavaca.gob.mx\/wp-content\/uploads\/2024\/01\/CUERNAVACA-CUENTA-CON-UNA-ORTOFOTOGRAFI\u0301A-ACTUALIZADA-PARA-LA-PLANEACIO\u0301N-Y-TERRITORIAL-DEL-MUNICIPIO-5-1536x1023.jpg 1536w, https:\/\/cuernavaca.gob.mx\/wp-content\/uploads\/2024\/01\/CUERNAVACA-CUENTA-CON-UNA-ORTOFOTOGRAFI\u0301A-ACTUALIZADA-PARA-LA-PLANEACIO\u0301N-Y-TERRITORIAL-DEL-MUNICIPIO-5-600x400.jpg 600w, https:\/\/cuernavaca.gob.mx\/wp-content\/uploads\/2024\/01\/CUERNAVACA-CUENTA-CON-UNA-ORTOFOTOGRAFI\u0301A-ACTUALIZADA-PARA-LA-PLANEACIO\u0301N-Y-TERRITORIAL-DEL-MUNICIPIO-5-560x373.jpg 560w, https:\/\/cuernavaca.gob.mx\/wp-content\/uploads\/2024\/01\/CUERNAVACA-CUENTA-CON-UNA-ORTOFOTOGRAFI\u0301A-ACTUALIZADA-PARA-LA-PLANEACIO\u0301N-Y-TERRITORIAL-DEL-MUNICIPIO-5.jpg 1600w\" sizes=\"(max-width: 300px) 100vw, 300px\" \/> <img loading=\"lazy\" class=\"alignnone size-medium wp-image-36664\" src=\"https:\/\/cuernavaca.gob.mx\/wp-content\/uploads\/2024\/01\/CUERNAVACA-CUENTA-CON-UNA-ORTOFOTOGRAFI\u0301A-ACTUALIZADA-PARA-LA-PLANEACIO\u0301N-Y-TERRITORIAL-DEL-MUNICIPIO-6-300x200.jpg\" alt=\"\" width=\"300\" height=\"200\" srcset=\"https:\/\/cuernavaca.gob.mx\/wp-content\/uploads\/2024\/01\/CUERNAVACA-CUENTA-CON-UNA-ORTOFOTOGRAFI\u0301A-ACTUALIZADA-PARA-LA-PLANEACIO\u0301N-Y-TERRITORIAL-DEL-MUNICIPIO-6-300x200.jpg 300w, https:\/\/cuernavaca.gob.mx\/wp-content\/uploads\/2024\/01\/CUERNAVACA-CUENTA-CON-UNA-ORTOFOTOGRAFI\u0301A-ACTUALIZADA-PARA-LA-PLANEACIO\u0301N-Y-TERRITORIAL-DEL-MUNICIPIO-6-1024x682.jpg 1024w, https:\/\/cuernavaca.gob.mx\/wp-content\/uploads\/2024\/01\/CUERNAVACA-CUENTA-CON-UNA-ORTOFOTOGRAFI\u0301A-ACTUALIZADA-PARA-LA-PLANEACIO\u0301N-Y-TERRITORIAL-DEL-MUNICIPIO-6-768x512.jpg 768w, https:\/\/cuernavaca.gob.mx\/wp-content\/uploads\/2024\/01\/CUERNAVACA-CUENTA-CON-UNA-ORTOFOTOGRAFI\u0301A-ACTUALIZADA-PARA-LA-PLANEACIO\u0301N-Y-TERRITORIAL-DEL-MUNICIPIO-6-1536x1023.jpg 1536w, https:\/\/cuernavaca.gob.mx\/wp-content\/uploads\/2024\/01\/CUERNAVACA-CUENTA-CON-UNA-ORTOFOTOGRAFI\u0301A-ACTUALIZADA-PARA-LA-PLANEACIO\u0301N-Y-TERRITORIAL-DEL-MUNICIPIO-6-600x400.jpg 600w, https:\/\/cuernavaca.gob.mx\/wp-content\/uploads\/2024\/01\/CUERNAVACA-CUENTA-CON-UNA-ORTOFOTOGRAFI\u0301A-ACTUALIZADA-PARA-LA-PLANEACIO\u0301N-Y-TERRITORIAL-DEL-MUNICIPIO-6-560x373.jpg 560w, https:\/\/cuernavaca.gob.mx\/wp-content\/uploads\/2024\/01\/CUERNAVACA-CUENTA-CON-UNA-ORTOFOTOGRAFI\u0301A-ACTUALIZADA-PARA-LA-PLANEACIO\u0301N-Y-TERRITORIAL-DEL-MUNICIPIO-6.jpg 1600w\" sizes=\"(max-width: 300px) 100vw, 300px\" \/><\/p>\n","protected":false},"excerpt":{"rendered":"<p>El Ayuntamiento capitalino llev\u00f3 a cabo la actualizaci\u00f3n de este instrumento, siendo la primera ocasi\u00f3n que el municipio cuenta con una ortofoto de todo el territorio &nbsp; El presidente municipal, Jos\u00e9 Luis Uri\u00f3stegui resalt\u00f3 que esto permitir\u00e1 que las siguientes administraciones puedan tomar las mejores decisiones para la planeaci\u00f3n y el catastro de los servicios [&hellip;]<\/p>\n","protected":false},"author":1,"featured_media":36661,"comment_status":"closed","ping_status":"open","sticky":false,"template":"","format":"standard","meta":[],"categories":[20],"tags":[121,515,120,206,356,3487,127],"aioseo_notices":[],"_links":{"self":[{"href":"https:\/\/cuernavaca.gob.mx\/index.php?rest_route=\/wp\/v2\/posts\/36658"}],"collection":[{"href":"https:\/\/cuernavaca.gob.mx\/index.php?rest_route=\/wp\/v2\/posts"}],"about":[{"href":"https:\/\/cuernavaca.gob.mx\/index.php?rest_route=\/wp\/v2\/types\/post"}],"author":[{"embeddable":true,"href":"https:\/\/cuernavaca.gob.mx\/index.php?rest_route=\/wp\/v2\/users\/1"}],"replies":[{"embeddable":true,"href":"https:\/\/cuernavaca.gob.mx\/index.php?rest_route=%2Fwp%2Fv2%2Fcomments&post=36658"}],"version-history":[{"count":1,"href":"https:\/\/cuernavaca.gob.mx\/index.php?rest_route=\/wp\/v2\/posts\/36658\/revisions"}],"predecessor-version":[{"id":36665,"href":"https:\/\/cuernavaca.gob.mx\/index.php?rest_route=\/wp\/v2\/posts\/36658\/revisions\/36665"}],"wp:featuredmedia":[{"embeddable":true,"href":"https:\/\/cuernavaca.gob.mx\/index.php?rest_route=\/wp\/v2\/media\/36661"}],"wp:attachment":[{"href":"https:\/\/cuernavaca.gob.mx\/index.php?rest_route=%2Fwp%2Fv2%2Fmedia&parent=36658"}],"wp:term":[{"taxonomy":"category","embeddable":true,"href":"https:\/\/cuernavaca.gob.mx\/index.php?rest_route=%2Fwp%2Fv2%2Fcategories&post=36658"},{"taxonomy":"post_tag","embeddable":true,"href":"https:\/\/cuernavaca.gob.mx\/index.php?rest_route=%2Fwp%2Fv2%2Ftags&post=36658"}],"curies":[{"name":"wp","href":"https:\/\/api.w.org\/{rel}","templated":true}]}}