{"id":36668,"date":"2024-01-13T17:00:24","date_gmt":"2024-01-13T23:00:24","guid":{"rendered":"https:\/\/cuernavaca.gob.mx\/?p=36668"},"modified":"2024-01-13T19:58:44","modified_gmt":"2024-01-14T01:58:44","slug":"b1525-13-01-24-entrega-jose-luis-uriostegui-la-renovada-unidad-deportiva-del-parque-denver-en-lomas-de-ahuatlan","status":"publish","type":"post","link":"https:\/\/cuernavaca.gob.mx\/?p=36668","title":{"rendered":"B1525 13\/01\/24 ENTREGA JOS\u00c9 LUIS URI\u00d3STEGUI LA RENOVADA UNIDAD DEPORTIVA DEL PARQUE DENVER EN LOMAS DE AHUATL\u00c1N"},"content":{"rendered":"<p><strong>* Tras varios a\u00f1os en abandono, se ejerci\u00f3 una inversi\u00f3n de cerca de 2 millones de pesos de recursos propios para diversas acciones de reparaci\u00f3n y remozamiento<\/strong><\/p>\n<p>El presidente municipal de Cuernavaca, Jos\u00e9 Luis Uri\u00f3stegui Salgado, entreg\u00f3 la renovada unidad deportiva del Parque Denver en la colonia Lomas de Ahuatl\u00e1n, que tras varios a\u00f1os en abandono, hoy este lugar es aprovechado por m\u00e1s de 10 mil habitantes y usuarios beneficiarios, tras concluirse los trabajos de rehabilitaci\u00f3n y remozamiento integral a la que fue sometida, para lo que se ejerci\u00f3 un monto de un mill\u00f3n 994 mil 670.73 pesos de recursos propios municipales.<\/p>\n<p>Ante familias y deportistas, Jos\u00e9 Luis Uri\u00f3stegui resalt\u00f3 los acuerdos tomados por el Cabildo para que todas las decisiones en obras y servicios tengan un mayor impacto para la poblaci\u00f3n, como es el rescate de espacios p\u00fablicos que fomentan la convivencia comunitaria, donde la ciudadan\u00eda pueda hacer deportes, actividades culturales y art\u00edsticas, siendo este parque un ejemplo de ese prop\u00f3sito, un espacio de encuentro para fortalecer los v\u00ednculos entre la sociedad.<\/p>\n<p>Al dar la explicaci\u00f3n t\u00e9cnica de la obra, el secretario de Desarrollo Urbano y Obras P\u00fablicas, Demetrio Chavira de la Torre, detall\u00f3 que entre los trabajos realizados, en lo que se refiere a la cancha de b\u00e1squetbol se aplic\u00f3 acabado sint\u00e9tico en la cancha de basquetbol en 496.40 metros c\u00fabicos, la aplicaci\u00f3n de 107 metros c\u00fabicos de pintura esmalte en la cancha de voleibol, el suministro y aplicaci\u00f3n de pintura sobre muros y plafones en mil 180 metros c\u00fabicos; la cerca de malla cicl\u00f3nica cal. 10.5 en 163.82 metros lineales, as\u00ed como la rehabilitaci\u00f3n y reposici\u00f3n del piso de adoqu\u00edn en 69.6 metros c\u00fabicos.<\/p>\n<p>Precis\u00f3 que adem\u00e1s de rehabilitar los ba\u00f1os, la pista de patinaje, los ejercitadores y los juegos infantiles, se instal\u00f3 una bomba sumergible para regar las \u00e1reas verdes y la empresa hizo trabajos extras que no le costaron al municipio dando como resultado que por primera ocasi\u00f3n el parque tendr\u00e1 iluminaci\u00f3n solar, aunado a que la Secretar\u00eda de Administraci\u00f3n recuper\u00f3 el contrato con la CFE con lo cual despu\u00e9s de varios a\u00f1os en la oscuridad hoy contar\u00e1 nuevamente con este servicio.<\/p>\n<p>En su mensaje, el diputado local por el II Distrito, \u00c1ngel Adame Jim\u00e9nez, anunci\u00f3 que el renacer de este espacio continuar\u00e1 en este a\u00f1o con la rehabilitaci\u00f3n de la cancha de f\u00fatbol r\u00e1pido, al confirmar que desde el Congreso del Estado se etiquetaron recursos que ser\u00e1n ejercidos por el Ayuntamiento de Cuernavaca, consolidando as\u00ed un espacio p\u00fablico digno y con calidad que favorecer\u00e1 la convivencia de las familias.<\/p>\n<p>En representaci\u00f3n del Cabildo, el regidor Adri\u00e1n Mart\u00ednez Terrazas, puntualiz\u00f3 que en esta rehabilitaci\u00f3n integral se tomaron en cuenta todas las peticiones hechas por la ciudadan\u00eda, entregando un espacio en \u00f3ptimas condiciones y acorde a las necesidades de sus usuarios, a quienes les pidi\u00f3 coadyuvar en las labores de cuidado, d\u00e1ndole un buen uso.<\/p>\n<p>En un ambiente de j\u00fabilo y a nombre de los beneficiarios, los profesores Diana Dom\u00ednguez y Arnaldo Pozas, y Carlos Puebla, agradecieron la disposici\u00f3n del municipio por seguir invirtiendo en el deporte, lo que qued\u00f3 consolidado con esta obra que favorecer\u00e1 de manera significativa a miles de ciudadanos de todas las edades que se re\u00fanen diariamente para practicar alg\u00fan deporte, siendo muchos de ellos profesionales con presencia en varias competencias.<\/p>\n<p>En esta Unidad Deportiva, se cuenta con una infraestructura para la pr\u00e1ctica del skateboard, donde j\u00f3venes pueden practicar suertes con sus tablas acompa\u00f1ados de instructores con reconocimiento nacional, quienes celebraron que en Cuernavaca se haya dado espacio para estos deportistas.<\/p>\n<p>A esta entrega y recorrido, asistieron la s\u00edndica municipal, Ver\u00f3nica Atenco P\u00e9rez; los regidores Mireya Delgado Romero, Paz Hern\u00e1ndez Pardo, Fernando Carrillo Alvarado, Debendrenath Salazar Solorio y V\u00edctor Manzo God\u00ednez; la secretaria de Desarrollo Humano y Participaci\u00f3n Social, Laura Hern\u00e1ndez Cruz; el secretario de Desarrollo Sustentable y Servicios P\u00fablicos, Israel Albavera V\u00e1zquez; el director del Instituto del Deporte, Gerardo Olvera Moreno; y el director general de Servicios P\u00fablicos, Gerardo Abarca Pe\u00f1a, quienes estrenaron junto con los usuarios las canchas.<\/p>\n<p><img loading=\"lazy\" class=\"alignnone size-medium wp-image-36669\" src=\"https:\/\/cuernavaca.gob.mx\/wp-content\/uploads\/2024\/01\/ENTREGA-JOSE-LUIS-URIOSTEGUI-LA-RENOVADA-UNIDAD-DEPORTIVA-DEL-PARQUE-DENVER-EN-LOMAS-DE-AHUATLAN-1-300x200.jpeg\" alt=\"\" width=\"300\" height=\"200\" srcset=\"https:\/\/cuernavaca.gob.mx\/wp-content\/uploads\/2024\/01\/ENTREGA-JOSE-LUIS-URIOSTEGUI-LA-RENOVADA-UNIDAD-DEPORTIVA-DEL-PARQUE-DENVER-EN-LOMAS-DE-AHUATLAN-1-300x200.jpeg 300w, https:\/\/cuernavaca.gob.mx\/wp-content\/uploads\/2024\/01\/ENTREGA-JOSE-LUIS-URIOSTEGUI-LA-RENOVADA-UNIDAD-DEPORTIVA-DEL-PARQUE-DENVER-EN-LOMAS-DE-AHUATLAN-1-1024x682.jpeg 1024w, https:\/\/cuernavaca.gob.mx\/wp-content\/uploads\/2024\/01\/ENTREGA-JOSE-LUIS-URIOSTEGUI-LA-RENOVADA-UNIDAD-DEPORTIVA-DEL-PARQUE-DENVER-EN-LOMAS-DE-AHUATLAN-1-768x512.jpeg 768w, https:\/\/cuernavaca.gob.mx\/wp-content\/uploads\/2024\/01\/ENTREGA-JOSE-LUIS-URIOSTEGUI-LA-RENOVADA-UNIDAD-DEPORTIVA-DEL-PARQUE-DENVER-EN-LOMAS-DE-AHUATLAN-1-1536x1023.jpeg 1536w, https:\/\/cuernavaca.gob.mx\/wp-content\/uploads\/2024\/01\/ENTREGA-JOSE-LUIS-URIOSTEGUI-LA-RENOVADA-UNIDAD-DEPORTIVA-DEL-PARQUE-DENVER-EN-LOMAS-DE-AHUATLAN-1-600x400.jpeg 600w, https:\/\/cuernavaca.gob.mx\/wp-content\/uploads\/2024\/01\/ENTREGA-JOSE-LUIS-URIOSTEGUI-LA-RENOVADA-UNIDAD-DEPORTIVA-DEL-PARQUE-DENVER-EN-LOMAS-DE-AHUATLAN-1-560x373.jpeg 560w, https:\/\/cuernavaca.gob.mx\/wp-content\/uploads\/2024\/01\/ENTREGA-JOSE-LUIS-URIOSTEGUI-LA-RENOVADA-UNIDAD-DEPORTIVA-DEL-PARQUE-DENVER-EN-LOMAS-DE-AHUATLAN-1.jpeg 1600w\" sizes=\"(max-width: 300px) 100vw, 300px\" \/> <img loading=\"lazy\" class=\"alignnone size-medium wp-image-36670\" src=\"https:\/\/cuernavaca.gob.mx\/wp-content\/uploads\/2024\/01\/ENTREGA-JOSE-LUIS-URIOSTEGUI-LA-RENOVADA-UNIDAD-DEPORTIVA-DEL-PARQUE-DENVER-EN-LOMAS-DE-AHUATLAN-2-300x200.jpeg\" alt=\"\" width=\"300\" height=\"200\" srcset=\"https:\/\/cuernavaca.gob.mx\/wp-content\/uploads\/2024\/01\/ENTREGA-JOSE-LUIS-URIOSTEGUI-LA-RENOVADA-UNIDAD-DEPORTIVA-DEL-PARQUE-DENVER-EN-LOMAS-DE-AHUATLAN-2-300x200.jpeg 300w, https:\/\/cuernavaca.gob.mx\/wp-content\/uploads\/2024\/01\/ENTREGA-JOSE-LUIS-URIOSTEGUI-LA-RENOVADA-UNIDAD-DEPORTIVA-DEL-PARQUE-DENVER-EN-LOMAS-DE-AHUATLAN-2-1024x682.jpeg 1024w, https:\/\/cuernavaca.gob.mx\/wp-content\/uploads\/2024\/01\/ENTREGA-JOSE-LUIS-URIOSTEGUI-LA-RENOVADA-UNIDAD-DEPORTIVA-DEL-PARQUE-DENVER-EN-LOMAS-DE-AHUATLAN-2-768x512.jpeg 768w, https:\/\/cuernavaca.gob.mx\/wp-content\/uploads\/2024\/01\/ENTREGA-JOSE-LUIS-URIOSTEGUI-LA-RENOVADA-UNIDAD-DEPORTIVA-DEL-PARQUE-DENVER-EN-LOMAS-DE-AHUATLAN-2-1536x1023.jpeg 1536w, https:\/\/cuernavaca.gob.mx\/wp-content\/uploads\/2024\/01\/ENTREGA-JOSE-LUIS-URIOSTEGUI-LA-RENOVADA-UNIDAD-DEPORTIVA-DEL-PARQUE-DENVER-EN-LOMAS-DE-AHUATLAN-2-600x400.jpeg 600w, https:\/\/cuernavaca.gob.mx\/wp-content\/uploads\/2024\/01\/ENTREGA-JOSE-LUIS-URIOSTEGUI-LA-RENOVADA-UNIDAD-DEPORTIVA-DEL-PARQUE-DENVER-EN-LOMAS-DE-AHUATLAN-2-560x373.jpeg 560w, https:\/\/cuernavaca.gob.mx\/wp-content\/uploads\/2024\/01\/ENTREGA-JOSE-LUIS-URIOSTEGUI-LA-RENOVADA-UNIDAD-DEPORTIVA-DEL-PARQUE-DENVER-EN-LOMAS-DE-AHUATLAN-2.jpeg 1600w\" sizes=\"(max-width: 300px) 100vw, 300px\" \/> <img loading=\"lazy\" class=\"alignnone size-medium wp-image-36671\" src=\"https:\/\/cuernavaca.gob.mx\/wp-content\/uploads\/2024\/01\/ENTREGA-JOSE-LUIS-URIOSTEGUI-LA-RENOVADA-UNIDAD-DEPORTIVA-DEL-PARQUE-DENVER-EN-LOMAS-DE-AHUATLAN-3-300x200.jpeg\" alt=\"\" width=\"300\" height=\"200\" srcset=\"https:\/\/cuernavaca.gob.mx\/wp-content\/uploads\/2024\/01\/ENTREGA-JOSE-LUIS-URIOSTEGUI-LA-RENOVADA-UNIDAD-DEPORTIVA-DEL-PARQUE-DENVER-EN-LOMAS-DE-AHUATLAN-3-300x200.jpeg 300w, https:\/\/cuernavaca.gob.mx\/wp-content\/uploads\/2024\/01\/ENTREGA-JOSE-LUIS-URIOSTEGUI-LA-RENOVADA-UNIDAD-DEPORTIVA-DEL-PARQUE-DENVER-EN-LOMAS-DE-AHUATLAN-3-1024x682.jpeg 1024w, https:\/\/cuernavaca.gob.mx\/wp-content\/uploads\/2024\/01\/ENTREGA-JOSE-LUIS-URIOSTEGUI-LA-RENOVADA-UNIDAD-DEPORTIVA-DEL-PARQUE-DENVER-EN-LOMAS-DE-AHUATLAN-3-768x512.jpeg 768w, https:\/\/cuernavaca.gob.mx\/wp-content\/uploads\/2024\/01\/ENTREGA-JOSE-LUIS-URIOSTEGUI-LA-RENOVADA-UNIDAD-DEPORTIVA-DEL-PARQUE-DENVER-EN-LOMAS-DE-AHUATLAN-3-1536x1023.jpeg 1536w, https:\/\/cuernavaca.gob.mx\/wp-content\/uploads\/2024\/01\/ENTREGA-JOSE-LUIS-URIOSTEGUI-LA-RENOVADA-UNIDAD-DEPORTIVA-DEL-PARQUE-DENVER-EN-LOMAS-DE-AHUATLAN-3-600x400.jpeg 600w, https:\/\/cuernavaca.gob.mx\/wp-content\/uploads\/2024\/01\/ENTREGA-JOSE-LUIS-URIOSTEGUI-LA-RENOVADA-UNIDAD-DEPORTIVA-DEL-PARQUE-DENVER-EN-LOMAS-DE-AHUATLAN-3-560x373.jpeg 560w, https:\/\/cuernavaca.gob.mx\/wp-content\/uploads\/2024\/01\/ENTREGA-JOSE-LUIS-URIOSTEGUI-LA-RENOVADA-UNIDAD-DEPORTIVA-DEL-PARQUE-DENVER-EN-LOMAS-DE-AHUATLAN-3.jpeg 1600w\" sizes=\"(max-width: 300px) 100vw, 300px\" \/> <img loading=\"lazy\" class=\"alignnone size-medium wp-image-36672\" src=\"https:\/\/cuernavaca.gob.mx\/wp-content\/uploads\/2024\/01\/ENTREGA-JOSE-LUIS-URIOSTEGUI-LA-RENOVADA-UNIDAD-DEPORTIVA-DEL-PARQUE-DENVER-EN-LOMAS-DE-AHUATLAN-4-300x200.jpeg\" alt=\"\" width=\"300\" height=\"200\" srcset=\"https:\/\/cuernavaca.gob.mx\/wp-content\/uploads\/2024\/01\/ENTREGA-JOSE-LUIS-URIOSTEGUI-LA-RENOVADA-UNIDAD-DEPORTIVA-DEL-PARQUE-DENVER-EN-LOMAS-DE-AHUATLAN-4-300x200.jpeg 300w, https:\/\/cuernavaca.gob.mx\/wp-content\/uploads\/2024\/01\/ENTREGA-JOSE-LUIS-URIOSTEGUI-LA-RENOVADA-UNIDAD-DEPORTIVA-DEL-PARQUE-DENVER-EN-LOMAS-DE-AHUATLAN-4-1024x682.jpeg 1024w, https:\/\/cuernavaca.gob.mx\/wp-content\/uploads\/2024\/01\/ENTREGA-JOSE-LUIS-URIOSTEGUI-LA-RENOVADA-UNIDAD-DEPORTIVA-DEL-PARQUE-DENVER-EN-LOMAS-DE-AHUATLAN-4-768x512.jpeg 768w, https:\/\/cuernavaca.gob.mx\/wp-content\/uploads\/2024\/01\/ENTREGA-JOSE-LUIS-URIOSTEGUI-LA-RENOVADA-UNIDAD-DEPORTIVA-DEL-PARQUE-DENVER-EN-LOMAS-DE-AHUATLAN-4-1536x1023.jpeg 1536w, https:\/\/cuernavaca.gob.mx\/wp-content\/uploads\/2024\/01\/ENTREGA-JOSE-LUIS-URIOSTEGUI-LA-RENOVADA-UNIDAD-DEPORTIVA-DEL-PARQUE-DENVER-EN-LOMAS-DE-AHUATLAN-4-600x400.jpeg 600w, https:\/\/cuernavaca.gob.mx\/wp-content\/uploads\/2024\/01\/ENTREGA-JOSE-LUIS-URIOSTEGUI-LA-RENOVADA-UNIDAD-DEPORTIVA-DEL-PARQUE-DENVER-EN-LOMAS-DE-AHUATLAN-4-560x373.jpeg 560w, https:\/\/cuernavaca.gob.mx\/wp-content\/uploads\/2024\/01\/ENTREGA-JOSE-LUIS-URIOSTEGUI-LA-RENOVADA-UNIDAD-DEPORTIVA-DEL-PARQUE-DENVER-EN-LOMAS-DE-AHUATLAN-4.jpeg 1600w\" sizes=\"(max-width: 300px) 100vw, 300px\" \/> <img loading=\"lazy\" class=\"alignnone size-medium wp-image-36673\" src=\"https:\/\/cuernavaca.gob.mx\/wp-content\/uploads\/2024\/01\/ENTREGA-JOSE-LUIS-URIOSTEGUI-LA-RENOVADA-UNIDAD-DEPORTIVA-DEL-PARQUE-DENVER-EN-LOMAS-DE-AHUATLAN-5-300x200.jpeg\" alt=\"\" width=\"300\" height=\"200\" srcset=\"https:\/\/cuernavaca.gob.mx\/wp-content\/uploads\/2024\/01\/ENTREGA-JOSE-LUIS-URIOSTEGUI-LA-RENOVADA-UNIDAD-DEPORTIVA-DEL-PARQUE-DENVER-EN-LOMAS-DE-AHUATLAN-5-300x200.jpeg 300w, https:\/\/cuernavaca.gob.mx\/wp-content\/uploads\/2024\/01\/ENTREGA-JOSE-LUIS-URIOSTEGUI-LA-RENOVADA-UNIDAD-DEPORTIVA-DEL-PARQUE-DENVER-EN-LOMAS-DE-AHUATLAN-5-1024x682.jpeg 1024w, https:\/\/cuernavaca.gob.mx\/wp-content\/uploads\/2024\/01\/ENTREGA-JOSE-LUIS-URIOSTEGUI-LA-RENOVADA-UNIDAD-DEPORTIVA-DEL-PARQUE-DENVER-EN-LOMAS-DE-AHUATLAN-5-768x512.jpeg 768w, https:\/\/cuernavaca.gob.mx\/wp-content\/uploads\/2024\/01\/ENTREGA-JOSE-LUIS-URIOSTEGUI-LA-RENOVADA-UNIDAD-DEPORTIVA-DEL-PARQUE-DENVER-EN-LOMAS-DE-AHUATLAN-5-1536x1023.jpeg 1536w, https:\/\/cuernavaca.gob.mx\/wp-content\/uploads\/2024\/01\/ENTREGA-JOSE-LUIS-URIOSTEGUI-LA-RENOVADA-UNIDAD-DEPORTIVA-DEL-PARQUE-DENVER-EN-LOMAS-DE-AHUATLAN-5-600x400.jpeg 600w, https:\/\/cuernavaca.gob.mx\/wp-content\/uploads\/2024\/01\/ENTREGA-JOSE-LUIS-URIOSTEGUI-LA-RENOVADA-UNIDAD-DEPORTIVA-DEL-PARQUE-DENVER-EN-LOMAS-DE-AHUATLAN-5-560x373.jpeg 560w, https:\/\/cuernavaca.gob.mx\/wp-content\/uploads\/2024\/01\/ENTREGA-JOSE-LUIS-URIOSTEGUI-LA-RENOVADA-UNIDAD-DEPORTIVA-DEL-PARQUE-DENVER-EN-LOMAS-DE-AHUATLAN-5.jpeg 1600w\" sizes=\"(max-width: 300px) 100vw, 300px\" \/> <img loading=\"lazy\" class=\"alignnone size-medium wp-image-36674\" src=\"https:\/\/cuernavaca.gob.mx\/wp-content\/uploads\/2024\/01\/ENTREGA-JOSE-LUIS-URIOSTEGUI-LA-RENOVADA-UNIDAD-DEPORTIVA-DEL-PARQUE-DENVER-EN-LOMAS-DE-AHUATLAN-6-300x200.jpeg\" alt=\"\" width=\"300\" height=\"200\" srcset=\"https:\/\/cuernavaca.gob.mx\/wp-content\/uploads\/2024\/01\/ENTREGA-JOSE-LUIS-URIOSTEGUI-LA-RENOVADA-UNIDAD-DEPORTIVA-DEL-PARQUE-DENVER-EN-LOMAS-DE-AHUATLAN-6-300x200.jpeg 300w, https:\/\/cuernavaca.gob.mx\/wp-content\/uploads\/2024\/01\/ENTREGA-JOSE-LUIS-URIOSTEGUI-LA-RENOVADA-UNIDAD-DEPORTIVA-DEL-PARQUE-DENVER-EN-LOMAS-DE-AHUATLAN-6-1024x682.jpeg 1024w, https:\/\/cuernavaca.gob.mx\/wp-content\/uploads\/2024\/01\/ENTREGA-JOSE-LUIS-URIOSTEGUI-LA-RENOVADA-UNIDAD-DEPORTIVA-DEL-PARQUE-DENVER-EN-LOMAS-DE-AHUATLAN-6-768x512.jpeg 768w, https:\/\/cuernavaca.gob.mx\/wp-content\/uploads\/2024\/01\/ENTREGA-JOSE-LUIS-URIOSTEGUI-LA-RENOVADA-UNIDAD-DEPORTIVA-DEL-PARQUE-DENVER-EN-LOMAS-DE-AHUATLAN-6-1536x1023.jpeg 1536w, https:\/\/cuernavaca.gob.mx\/wp-content\/uploads\/2024\/01\/ENTREGA-JOSE-LUIS-URIOSTEGUI-LA-RENOVADA-UNIDAD-DEPORTIVA-DEL-PARQUE-DENVER-EN-LOMAS-DE-AHUATLAN-6-600x400.jpeg 600w, https:\/\/cuernavaca.gob.mx\/wp-content\/uploads\/2024\/01\/ENTREGA-JOSE-LUIS-URIOSTEGUI-LA-RENOVADA-UNIDAD-DEPORTIVA-DEL-PARQUE-DENVER-EN-LOMAS-DE-AHUATLAN-6-560x373.jpeg 560w, https:\/\/cuernavaca.gob.mx\/wp-content\/uploads\/2024\/01\/ENTREGA-JOSE-LUIS-URIOSTEGUI-LA-RENOVADA-UNIDAD-DEPORTIVA-DEL-PARQUE-DENVER-EN-LOMAS-DE-AHUATLAN-6.jpeg 1600w\" sizes=\"(max-width: 300px) 100vw, 300px\" \/> <img loading=\"lazy\" class=\"alignnone size-medium wp-image-36675\" src=\"https:\/\/cuernavaca.gob.mx\/wp-content\/uploads\/2024\/01\/ENTREGA-JOSE-LUIS-URIOSTEGUI-LA-RENOVADA-UNIDAD-DEPORTIVA-DEL-PARQUE-DENVER-EN-LOMAS-DE-AHUATLAN-7-300x200.jpeg\" alt=\"\" width=\"300\" height=\"200\" srcset=\"https:\/\/cuernavaca.gob.mx\/wp-content\/uploads\/2024\/01\/ENTREGA-JOSE-LUIS-URIOSTEGUI-LA-RENOVADA-UNIDAD-DEPORTIVA-DEL-PARQUE-DENVER-EN-LOMAS-DE-AHUATLAN-7-300x200.jpeg 300w, https:\/\/cuernavaca.gob.mx\/wp-content\/uploads\/2024\/01\/ENTREGA-JOSE-LUIS-URIOSTEGUI-LA-RENOVADA-UNIDAD-DEPORTIVA-DEL-PARQUE-DENVER-EN-LOMAS-DE-AHUATLAN-7-1024x682.jpeg 1024w, https:\/\/cuernavaca.gob.mx\/wp-content\/uploads\/2024\/01\/ENTREGA-JOSE-LUIS-URIOSTEGUI-LA-RENOVADA-UNIDAD-DEPORTIVA-DEL-PARQUE-DENVER-EN-LOMAS-DE-AHUATLAN-7-768x512.jpeg 768w, https:\/\/cuernavaca.gob.mx\/wp-content\/uploads\/2024\/01\/ENTREGA-JOSE-LUIS-URIOSTEGUI-LA-RENOVADA-UNIDAD-DEPORTIVA-DEL-PARQUE-DENVER-EN-LOMAS-DE-AHUATLAN-7-1536x1023.jpeg 1536w, https:\/\/cuernavaca.gob.mx\/wp-content\/uploads\/2024\/01\/ENTREGA-JOSE-LUIS-URIOSTEGUI-LA-RENOVADA-UNIDAD-DEPORTIVA-DEL-PARQUE-DENVER-EN-LOMAS-DE-AHUATLAN-7-600x400.jpeg 600w, https:\/\/cuernavaca.gob.mx\/wp-content\/uploads\/2024\/01\/ENTREGA-JOSE-LUIS-URIOSTEGUI-LA-RENOVADA-UNIDAD-DEPORTIVA-DEL-PARQUE-DENVER-EN-LOMAS-DE-AHUATLAN-7-560x373.jpeg 560w, https:\/\/cuernavaca.gob.mx\/wp-content\/uploads\/2024\/01\/ENTREGA-JOSE-LUIS-URIOSTEGUI-LA-RENOVADA-UNIDAD-DEPORTIVA-DEL-PARQUE-DENVER-EN-LOMAS-DE-AHUATLAN-7.jpeg 1600w\" sizes=\"(max-width: 300px) 100vw, 300px\" \/> <img loading=\"lazy\" class=\"alignnone size-medium wp-image-36676\" src=\"https:\/\/cuernavaca.gob.mx\/wp-content\/uploads\/2024\/01\/ENTREGA-JOSE-LUIS-URIOSTEGUI-LA-RENOVADA-UNIDAD-DEPORTIVA-DEL-PARQUE-DENVER-EN-LOMAS-DE-AHUATLAN-8-300x200.jpeg\" alt=\"\" width=\"300\" height=\"200\" srcset=\"https:\/\/cuernavaca.gob.mx\/wp-content\/uploads\/2024\/01\/ENTREGA-JOSE-LUIS-URIOSTEGUI-LA-RENOVADA-UNIDAD-DEPORTIVA-DEL-PARQUE-DENVER-EN-LOMAS-DE-AHUATLAN-8-300x200.jpeg 300w, https:\/\/cuernavaca.gob.mx\/wp-content\/uploads\/2024\/01\/ENTREGA-JOSE-LUIS-URIOSTEGUI-LA-RENOVADA-UNIDAD-DEPORTIVA-DEL-PARQUE-DENVER-EN-LOMAS-DE-AHUATLAN-8-1024x682.jpeg 1024w, https:\/\/cuernavaca.gob.mx\/wp-content\/uploads\/2024\/01\/ENTREGA-JOSE-LUIS-URIOSTEGUI-LA-RENOVADA-UNIDAD-DEPORTIVA-DEL-PARQUE-DENVER-EN-LOMAS-DE-AHUATLAN-8-768x512.jpeg 768w, https:\/\/cuernavaca.gob.mx\/wp-content\/uploads\/2024\/01\/ENTREGA-JOSE-LUIS-URIOSTEGUI-LA-RENOVADA-UNIDAD-DEPORTIVA-DEL-PARQUE-DENVER-EN-LOMAS-DE-AHUATLAN-8-1536x1023.jpeg 1536w, https:\/\/cuernavaca.gob.mx\/wp-content\/uploads\/2024\/01\/ENTREGA-JOSE-LUIS-URIOSTEGUI-LA-RENOVADA-UNIDAD-DEPORTIVA-DEL-PARQUE-DENVER-EN-LOMAS-DE-AHUATLAN-8-600x400.jpeg 600w, https:\/\/cuernavaca.gob.mx\/wp-content\/uploads\/2024\/01\/ENTREGA-JOSE-LUIS-URIOSTEGUI-LA-RENOVADA-UNIDAD-DEPORTIVA-DEL-PARQUE-DENVER-EN-LOMAS-DE-AHUATLAN-8-560x373.jpeg 560w, https:\/\/cuernavaca.gob.mx\/wp-content\/uploads\/2024\/01\/ENTREGA-JOSE-LUIS-URIOSTEGUI-LA-RENOVADA-UNIDAD-DEPORTIVA-DEL-PARQUE-DENVER-EN-LOMAS-DE-AHUATLAN-8.jpeg 1600w\" sizes=\"(max-width: 300px) 100vw, 300px\" \/> <img loading=\"lazy\" class=\"alignnone size-medium wp-image-36677\" src=\"https:\/\/cuernavaca.gob.mx\/wp-content\/uploads\/2024\/01\/ENTREGA-JOSE-LUIS-URIOSTEGUI-LA-RENOVADA-UNIDAD-DEPORTIVA-DEL-PARQUE-DENVER-EN-LOMAS-DE-AHUATLAN-9-300x200.jpeg\" alt=\"\" width=\"300\" height=\"200\" srcset=\"https:\/\/cuernavaca.gob.mx\/wp-content\/uploads\/2024\/01\/ENTREGA-JOSE-LUIS-URIOSTEGUI-LA-RENOVADA-UNIDAD-DEPORTIVA-DEL-PARQUE-DENVER-EN-LOMAS-DE-AHUATLAN-9-300x200.jpeg 300w, https:\/\/cuernavaca.gob.mx\/wp-content\/uploads\/2024\/01\/ENTREGA-JOSE-LUIS-URIOSTEGUI-LA-RENOVADA-UNIDAD-DEPORTIVA-DEL-PARQUE-DENVER-EN-LOMAS-DE-AHUATLAN-9-1024x682.jpeg 1024w, https:\/\/cuernavaca.gob.mx\/wp-content\/uploads\/2024\/01\/ENTREGA-JOSE-LUIS-URIOSTEGUI-LA-RENOVADA-UNIDAD-DEPORTIVA-DEL-PARQUE-DENVER-EN-LOMAS-DE-AHUATLAN-9-768x512.jpeg 768w, https:\/\/cuernavaca.gob.mx\/wp-content\/uploads\/2024\/01\/ENTREGA-JOSE-LUIS-URIOSTEGUI-LA-RENOVADA-UNIDAD-DEPORTIVA-DEL-PARQUE-DENVER-EN-LOMAS-DE-AHUATLAN-9-1536x1023.jpeg 1536w, https:\/\/cuernavaca.gob.mx\/wp-content\/uploads\/2024\/01\/ENTREGA-JOSE-LUIS-URIOSTEGUI-LA-RENOVADA-UNIDAD-DEPORTIVA-DEL-PARQUE-DENVER-EN-LOMAS-DE-AHUATLAN-9-600x400.jpeg 600w, https:\/\/cuernavaca.gob.mx\/wp-content\/uploads\/2024\/01\/ENTREGA-JOSE-LUIS-URIOSTEGUI-LA-RENOVADA-UNIDAD-DEPORTIVA-DEL-PARQUE-DENVER-EN-LOMAS-DE-AHUATLAN-9-560x373.jpeg 560w, https:\/\/cuernavaca.gob.mx\/wp-content\/uploads\/2024\/01\/ENTREGA-JOSE-LUIS-URIOSTEGUI-LA-RENOVADA-UNIDAD-DEPORTIVA-DEL-PARQUE-DENVER-EN-LOMAS-DE-AHUATLAN-9.jpeg 1600w\" sizes=\"(max-width: 300px) 100vw, 300px\" \/> <img loading=\"lazy\" class=\"alignnone size-medium wp-image-36678\" src=\"https:\/\/cuernavaca.gob.mx\/wp-content\/uploads\/2024\/01\/ENTREGA-JOSE-LUIS-URIOSTEGUI-LA-RENOVADA-UNIDAD-DEPORTIVA-DEL-PARQUE-DENVER-EN-LOMAS-DE-AHUATLAN-10-300x200.jpeg\" alt=\"\" width=\"300\" height=\"200\" srcset=\"https:\/\/cuernavaca.gob.mx\/wp-content\/uploads\/2024\/01\/ENTREGA-JOSE-LUIS-URIOSTEGUI-LA-RENOVADA-UNIDAD-DEPORTIVA-DEL-PARQUE-DENVER-EN-LOMAS-DE-AHUATLAN-10-300x200.jpeg 300w, https:\/\/cuernavaca.gob.mx\/wp-content\/uploads\/2024\/01\/ENTREGA-JOSE-LUIS-URIOSTEGUI-LA-RENOVADA-UNIDAD-DEPORTIVA-DEL-PARQUE-DENVER-EN-LOMAS-DE-AHUATLAN-10-1024x682.jpeg 1024w, https:\/\/cuernavaca.gob.mx\/wp-content\/uploads\/2024\/01\/ENTREGA-JOSE-LUIS-URIOSTEGUI-LA-RENOVADA-UNIDAD-DEPORTIVA-DEL-PARQUE-DENVER-EN-LOMAS-DE-AHUATLAN-10-768x512.jpeg 768w, https:\/\/cuernavaca.gob.mx\/wp-content\/uploads\/2024\/01\/ENTREGA-JOSE-LUIS-URIOSTEGUI-LA-RENOVADA-UNIDAD-DEPORTIVA-DEL-PARQUE-DENVER-EN-LOMAS-DE-AHUATLAN-10-1536x1023.jpeg 1536w, https:\/\/cuernavaca.gob.mx\/wp-content\/uploads\/2024\/01\/ENTREGA-JOSE-LUIS-URIOSTEGUI-LA-RENOVADA-UNIDAD-DEPORTIVA-DEL-PARQUE-DENVER-EN-LOMAS-DE-AHUATLAN-10-600x400.jpeg 600w, https:\/\/cuernavaca.gob.mx\/wp-content\/uploads\/2024\/01\/ENTREGA-JOSE-LUIS-URIOSTEGUI-LA-RENOVADA-UNIDAD-DEPORTIVA-DEL-PARQUE-DENVER-EN-LOMAS-DE-AHUATLAN-10-560x373.jpeg 560w, https:\/\/cuernavaca.gob.mx\/wp-content\/uploads\/2024\/01\/ENTREGA-JOSE-LUIS-URIOSTEGUI-LA-RENOVADA-UNIDAD-DEPORTIVA-DEL-PARQUE-DENVER-EN-LOMAS-DE-AHUATLAN-10.jpeg 1600w\" sizes=\"(max-width: 300px) 100vw, 300px\" \/> <img loading=\"lazy\" class=\"alignnone size-medium wp-image-36679\" src=\"https:\/\/cuernavaca.gob.mx\/wp-content\/uploads\/2024\/01\/ENTREGA-JOSE-LUIS-URIOSTEGUI-LA-RENOVADA-UNIDAD-DEPORTIVA-DEL-PARQUE-DENVER-EN-LOMAS-DE-AHUATLAN-11-300x200.jpeg\" alt=\"\" width=\"300\" height=\"200\" srcset=\"https:\/\/cuernavaca.gob.mx\/wp-content\/uploads\/2024\/01\/ENTREGA-JOSE-LUIS-URIOSTEGUI-LA-RENOVADA-UNIDAD-DEPORTIVA-DEL-PARQUE-DENVER-EN-LOMAS-DE-AHUATLAN-11-300x200.jpeg 300w, https:\/\/cuernavaca.gob.mx\/wp-content\/uploads\/2024\/01\/ENTREGA-JOSE-LUIS-URIOSTEGUI-LA-RENOVADA-UNIDAD-DEPORTIVA-DEL-PARQUE-DENVER-EN-LOMAS-DE-AHUATLAN-11-1024x682.jpeg 1024w, https:\/\/cuernavaca.gob.mx\/wp-content\/uploads\/2024\/01\/ENTREGA-JOSE-LUIS-URIOSTEGUI-LA-RENOVADA-UNIDAD-DEPORTIVA-DEL-PARQUE-DENVER-EN-LOMAS-DE-AHUATLAN-11-768x512.jpeg 768w, https:\/\/cuernavaca.gob.mx\/wp-content\/uploads\/2024\/01\/ENTREGA-JOSE-LUIS-URIOSTEGUI-LA-RENOVADA-UNIDAD-DEPORTIVA-DEL-PARQUE-DENVER-EN-LOMAS-DE-AHUATLAN-11-1536x1023.jpeg 1536w, https:\/\/cuernavaca.gob.mx\/wp-content\/uploads\/2024\/01\/ENTREGA-JOSE-LUIS-URIOSTEGUI-LA-RENOVADA-UNIDAD-DEPORTIVA-DEL-PARQUE-DENVER-EN-LOMAS-DE-AHUATLAN-11-600x400.jpeg 600w, https:\/\/cuernavaca.gob.mx\/wp-content\/uploads\/2024\/01\/ENTREGA-JOSE-LUIS-URIOSTEGUI-LA-RENOVADA-UNIDAD-DEPORTIVA-DEL-PARQUE-DENVER-EN-LOMAS-DE-AHUATLAN-11-560x373.jpeg 560w, https:\/\/cuernavaca.gob.mx\/wp-content\/uploads\/2024\/01\/ENTREGA-JOSE-LUIS-URIOSTEGUI-LA-RENOVADA-UNIDAD-DEPORTIVA-DEL-PARQUE-DENVER-EN-LOMAS-DE-AHUATLAN-11.jpeg 1600w\" sizes=\"(max-width: 300px) 100vw, 300px\" \/> <img loading=\"lazy\" class=\"alignnone size-medium wp-image-36680\" src=\"https:\/\/cuernavaca.gob.mx\/wp-content\/uploads\/2024\/01\/ENTREGA-JOSE-LUIS-URIOSTEGUI-LA-RENOVADA-UNIDAD-DEPORTIVA-DEL-PARQUE-DENVER-EN-LOMAS-DE-AHUATLAN-12-300x200.jpeg\" alt=\"\" width=\"300\" height=\"200\" srcset=\"https:\/\/cuernavaca.gob.mx\/wp-content\/uploads\/2024\/01\/ENTREGA-JOSE-LUIS-URIOSTEGUI-LA-RENOVADA-UNIDAD-DEPORTIVA-DEL-PARQUE-DENVER-EN-LOMAS-DE-AHUATLAN-12-300x200.jpeg 300w, https:\/\/cuernavaca.gob.mx\/wp-content\/uploads\/2024\/01\/ENTREGA-JOSE-LUIS-URIOSTEGUI-LA-RENOVADA-UNIDAD-DEPORTIVA-DEL-PARQUE-DENVER-EN-LOMAS-DE-AHUATLAN-12-1024x682.jpeg 1024w, https:\/\/cuernavaca.gob.mx\/wp-content\/uploads\/2024\/01\/ENTREGA-JOSE-LUIS-URIOSTEGUI-LA-RENOVADA-UNIDAD-DEPORTIVA-DEL-PARQUE-DENVER-EN-LOMAS-DE-AHUATLAN-12-768x512.jpeg 768w, https:\/\/cuernavaca.gob.mx\/wp-content\/uploads\/2024\/01\/ENTREGA-JOSE-LUIS-URIOSTEGUI-LA-RENOVADA-UNIDAD-DEPORTIVA-DEL-PARQUE-DENVER-EN-LOMAS-DE-AHUATLAN-12-1536x1023.jpeg 1536w, https:\/\/cuernavaca.gob.mx\/wp-content\/uploads\/2024\/01\/ENTREGA-JOSE-LUIS-URIOSTEGUI-LA-RENOVADA-UNIDAD-DEPORTIVA-DEL-PARQUE-DENVER-EN-LOMAS-DE-AHUATLAN-12-600x400.jpeg 600w, https:\/\/cuernavaca.gob.mx\/wp-content\/uploads\/2024\/01\/ENTREGA-JOSE-LUIS-URIOSTEGUI-LA-RENOVADA-UNIDAD-DEPORTIVA-DEL-PARQUE-DENVER-EN-LOMAS-DE-AHUATLAN-12-560x373.jpeg 560w, https:\/\/cuernavaca.gob.mx\/wp-content\/uploads\/2024\/01\/ENTREGA-JOSE-LUIS-URIOSTEGUI-LA-RENOVADA-UNIDAD-DEPORTIVA-DEL-PARQUE-DENVER-EN-LOMAS-DE-AHUATLAN-12.jpeg 1600w\" sizes=\"(max-width: 300px) 100vw, 300px\" \/> <img loading=\"lazy\" class=\"alignnone size-medium wp-image-36681\" src=\"https:\/\/cuernavaca.gob.mx\/wp-content\/uploads\/2024\/01\/ENTREGA-JOSE-LUIS-URIOSTEGUI-LA-RENOVADA-UNIDAD-DEPORTIVA-DEL-PARQUE-DENVER-EN-LOMAS-DE-AHUATLAN-13-300x200.jpeg\" alt=\"\" width=\"300\" height=\"200\" srcset=\"https:\/\/cuernavaca.gob.mx\/wp-content\/uploads\/2024\/01\/ENTREGA-JOSE-LUIS-URIOSTEGUI-LA-RENOVADA-UNIDAD-DEPORTIVA-DEL-PARQUE-DENVER-EN-LOMAS-DE-AHUATLAN-13-300x200.jpeg 300w, https:\/\/cuernavaca.gob.mx\/wp-content\/uploads\/2024\/01\/ENTREGA-JOSE-LUIS-URIOSTEGUI-LA-RENOVADA-UNIDAD-DEPORTIVA-DEL-PARQUE-DENVER-EN-LOMAS-DE-AHUATLAN-13-1024x682.jpeg 1024w, https:\/\/cuernavaca.gob.mx\/wp-content\/uploads\/2024\/01\/ENTREGA-JOSE-LUIS-URIOSTEGUI-LA-RENOVADA-UNIDAD-DEPORTIVA-DEL-PARQUE-DENVER-EN-LOMAS-DE-AHUATLAN-13-768x512.jpeg 768w, https:\/\/cuernavaca.gob.mx\/wp-content\/uploads\/2024\/01\/ENTREGA-JOSE-LUIS-URIOSTEGUI-LA-RENOVADA-UNIDAD-DEPORTIVA-DEL-PARQUE-DENVER-EN-LOMAS-DE-AHUATLAN-13-1536x1023.jpeg 1536w, https:\/\/cuernavaca.gob.mx\/wp-content\/uploads\/2024\/01\/ENTREGA-JOSE-LUIS-URIOSTEGUI-LA-RENOVADA-UNIDAD-DEPORTIVA-DEL-PARQUE-DENVER-EN-LOMAS-DE-AHUATLAN-13-600x400.jpeg 600w, https:\/\/cuernavaca.gob.mx\/wp-content\/uploads\/2024\/01\/ENTREGA-JOSE-LUIS-URIOSTEGUI-LA-RENOVADA-UNIDAD-DEPORTIVA-DEL-PARQUE-DENVER-EN-LOMAS-DE-AHUATLAN-13-560x373.jpeg 560w, https:\/\/cuernavaca.gob.mx\/wp-content\/uploads\/2024\/01\/ENTREGA-JOSE-LUIS-URIOSTEGUI-LA-RENOVADA-UNIDAD-DEPORTIVA-DEL-PARQUE-DENVER-EN-LOMAS-DE-AHUATLAN-13.jpeg 1600w\" sizes=\"(max-width: 300px) 100vw, 300px\" \/> <img loading=\"lazy\" class=\"alignnone size-medium wp-image-36682\" src=\"https:\/\/cuernavaca.gob.mx\/wp-content\/uploads\/2024\/01\/ENTREGA-JOSE-LUIS-URIOSTEGUI-LA-RENOVADA-UNIDAD-DEPORTIVA-DEL-PARQUE-DENVER-EN-LOMAS-DE-AHUATLAN-14-300x200.jpeg\" alt=\"\" width=\"300\" height=\"200\" srcset=\"https:\/\/cuernavaca.gob.mx\/wp-content\/uploads\/2024\/01\/ENTREGA-JOSE-LUIS-URIOSTEGUI-LA-RENOVADA-UNIDAD-DEPORTIVA-DEL-PARQUE-DENVER-EN-LOMAS-DE-AHUATLAN-14-300x200.jpeg 300w, https:\/\/cuernavaca.gob.mx\/wp-content\/uploads\/2024\/01\/ENTREGA-JOSE-LUIS-URIOSTEGUI-LA-RENOVADA-UNIDAD-DEPORTIVA-DEL-PARQUE-DENVER-EN-LOMAS-DE-AHUATLAN-14-1024x682.jpeg 1024w, https:\/\/cuernavaca.gob.mx\/wp-content\/uploads\/2024\/01\/ENTREGA-JOSE-LUIS-URIOSTEGUI-LA-RENOVADA-UNIDAD-DEPORTIVA-DEL-PARQUE-DENVER-EN-LOMAS-DE-AHUATLAN-14-768x512.jpeg 768w, https:\/\/cuernavaca.gob.mx\/wp-content\/uploads\/2024\/01\/ENTREGA-JOSE-LUIS-URIOSTEGUI-LA-RENOVADA-UNIDAD-DEPORTIVA-DEL-PARQUE-DENVER-EN-LOMAS-DE-AHUATLAN-14-1536x1023.jpeg 1536w, https:\/\/cuernavaca.gob.mx\/wp-content\/uploads\/2024\/01\/ENTREGA-JOSE-LUIS-URIOSTEGUI-LA-RENOVADA-UNIDAD-DEPORTIVA-DEL-PARQUE-DENVER-EN-LOMAS-DE-AHUATLAN-14-600x400.jpeg 600w, https:\/\/cuernavaca.gob.mx\/wp-content\/uploads\/2024\/01\/ENTREGA-JOSE-LUIS-URIOSTEGUI-LA-RENOVADA-UNIDAD-DEPORTIVA-DEL-PARQUE-DENVER-EN-LOMAS-DE-AHUATLAN-14-560x373.jpeg 560w, https:\/\/cuernavaca.gob.mx\/wp-content\/uploads\/2024\/01\/ENTREGA-JOSE-LUIS-URIOSTEGUI-LA-RENOVADA-UNIDAD-DEPORTIVA-DEL-PARQUE-DENVER-EN-LOMAS-DE-AHUATLAN-14.jpeg 1600w\" sizes=\"(max-width: 300px) 100vw, 300px\" \/> <img loading=\"lazy\" class=\"alignnone size-medium wp-image-36683\" src=\"https:\/\/cuernavaca.gob.mx\/wp-content\/uploads\/2024\/01\/ENTREGA-JOSE-LUIS-URIOSTEGUI-LA-RENOVADA-UNIDAD-DEPORTIVA-DEL-PARQUE-DENVER-EN-LOMAS-DE-AHUATLAN-15-300x200.jpeg\" alt=\"\" width=\"300\" height=\"200\" srcset=\"https:\/\/cuernavaca.gob.mx\/wp-content\/uploads\/2024\/01\/ENTREGA-JOSE-LUIS-URIOSTEGUI-LA-RENOVADA-UNIDAD-DEPORTIVA-DEL-PARQUE-DENVER-EN-LOMAS-DE-AHUATLAN-15-300x200.jpeg 300w, https:\/\/cuernavaca.gob.mx\/wp-content\/uploads\/2024\/01\/ENTREGA-JOSE-LUIS-URIOSTEGUI-LA-RENOVADA-UNIDAD-DEPORTIVA-DEL-PARQUE-DENVER-EN-LOMAS-DE-AHUATLAN-15-1024x682.jpeg 1024w, https:\/\/cuernavaca.gob.mx\/wp-content\/uploads\/2024\/01\/ENTREGA-JOSE-LUIS-URIOSTEGUI-LA-RENOVADA-UNIDAD-DEPORTIVA-DEL-PARQUE-DENVER-EN-LOMAS-DE-AHUATLAN-15-768x512.jpeg 768w, https:\/\/cuernavaca.gob.mx\/wp-content\/uploads\/2024\/01\/ENTREGA-JOSE-LUIS-URIOSTEGUI-LA-RENOVADA-UNIDAD-DEPORTIVA-DEL-PARQUE-DENVER-EN-LOMAS-DE-AHUATLAN-15-1536x1023.jpeg 1536w, https:\/\/cuernavaca.gob.mx\/wp-content\/uploads\/2024\/01\/ENTREGA-JOSE-LUIS-URIOSTEGUI-LA-RENOVADA-UNIDAD-DEPORTIVA-DEL-PARQUE-DENVER-EN-LOMAS-DE-AHUATLAN-15-600x400.jpeg 600w, https:\/\/cuernavaca.gob.mx\/wp-content\/uploads\/2024\/01\/ENTREGA-JOSE-LUIS-URIOSTEGUI-LA-RENOVADA-UNIDAD-DEPORTIVA-DEL-PARQUE-DENVER-EN-LOMAS-DE-AHUATLAN-15-560x373.jpeg 560w, https:\/\/cuernavaca.gob.mx\/wp-content\/uploads\/2024\/01\/ENTREGA-JOSE-LUIS-URIOSTEGUI-LA-RENOVADA-UNIDAD-DEPORTIVA-DEL-PARQUE-DENVER-EN-LOMAS-DE-AHUATLAN-15.jpeg 1600w\" sizes=\"(max-width: 300px) 100vw, 300px\" \/> <img loading=\"lazy\" class=\"alignnone size-medium wp-image-36684\" src=\"https:\/\/cuernavaca.gob.mx\/wp-content\/uploads\/2024\/01\/ENTREGA-JOSE-LUIS-URIOSTEGUI-LA-RENOVADA-UNIDAD-DEPORTIVA-DEL-PARQUE-DENVER-EN-LOMAS-DE-AHUATLAN-16-300x200.jpeg\" alt=\"\" width=\"300\" height=\"200\" srcset=\"https:\/\/cuernavaca.gob.mx\/wp-content\/uploads\/2024\/01\/ENTREGA-JOSE-LUIS-URIOSTEGUI-LA-RENOVADA-UNIDAD-DEPORTIVA-DEL-PARQUE-DENVER-EN-LOMAS-DE-AHUATLAN-16-300x200.jpeg 300w, https:\/\/cuernavaca.gob.mx\/wp-content\/uploads\/2024\/01\/ENTREGA-JOSE-LUIS-URIOSTEGUI-LA-RENOVADA-UNIDAD-DEPORTIVA-DEL-PARQUE-DENVER-EN-LOMAS-DE-AHUATLAN-16-1024x682.jpeg 1024w, https:\/\/cuernavaca.gob.mx\/wp-content\/uploads\/2024\/01\/ENTREGA-JOSE-LUIS-URIOSTEGUI-LA-RENOVADA-UNIDAD-DEPORTIVA-DEL-PARQUE-DENVER-EN-LOMAS-DE-AHUATLAN-16-768x512.jpeg 768w, https:\/\/cuernavaca.gob.mx\/wp-content\/uploads\/2024\/01\/ENTREGA-JOSE-LUIS-URIOSTEGUI-LA-RENOVADA-UNIDAD-DEPORTIVA-DEL-PARQUE-DENVER-EN-LOMAS-DE-AHUATLAN-16-1536x1023.jpeg 1536w, https:\/\/cuernavaca.gob.mx\/wp-content\/uploads\/2024\/01\/ENTREGA-JOSE-LUIS-URIOSTEGUI-LA-RENOVADA-UNIDAD-DEPORTIVA-DEL-PARQUE-DENVER-EN-LOMAS-DE-AHUATLAN-16-600x400.jpeg 600w, https:\/\/cuernavaca.gob.mx\/wp-content\/uploads\/2024\/01\/ENTREGA-JOSE-LUIS-URIOSTEGUI-LA-RENOVADA-UNIDAD-DEPORTIVA-DEL-PARQUE-DENVER-EN-LOMAS-DE-AHUATLAN-16-560x373.jpeg 560w, https:\/\/cuernavaca.gob.mx\/wp-content\/uploads\/2024\/01\/ENTREGA-JOSE-LUIS-URIOSTEGUI-LA-RENOVADA-UNIDAD-DEPORTIVA-DEL-PARQUE-DENVER-EN-LOMAS-DE-AHUATLAN-16.jpeg 1600w\" sizes=\"(max-width: 300px) 100vw, 300px\" \/> <img loading=\"lazy\" class=\"alignnone size-medium wp-image-36685\" src=\"https:\/\/cuernavaca.gob.mx\/wp-content\/uploads\/2024\/01\/ENTREGA-JOSE-LUIS-URIOSTEGUI-LA-RENOVADA-UNIDAD-DEPORTIVA-DEL-PARQUE-DENVER-EN-LOMAS-DE-AHUATLAN-17-300x200.jpeg\" alt=\"\" width=\"300\" height=\"200\" srcset=\"https:\/\/cuernavaca.gob.mx\/wp-content\/uploads\/2024\/01\/ENTREGA-JOSE-LUIS-URIOSTEGUI-LA-RENOVADA-UNIDAD-DEPORTIVA-DEL-PARQUE-DENVER-EN-LOMAS-DE-AHUATLAN-17-300x200.jpeg 300w, https:\/\/cuernavaca.gob.mx\/wp-content\/uploads\/2024\/01\/ENTREGA-JOSE-LUIS-URIOSTEGUI-LA-RENOVADA-UNIDAD-DEPORTIVA-DEL-PARQUE-DENVER-EN-LOMAS-DE-AHUATLAN-17-1024x682.jpeg 1024w, https:\/\/cuernavaca.gob.mx\/wp-content\/uploads\/2024\/01\/ENTREGA-JOSE-LUIS-URIOSTEGUI-LA-RENOVADA-UNIDAD-DEPORTIVA-DEL-PARQUE-DENVER-EN-LOMAS-DE-AHUATLAN-17-768x512.jpeg 768w, https:\/\/cuernavaca.gob.mx\/wp-content\/uploads\/2024\/01\/ENTREGA-JOSE-LUIS-URIOSTEGUI-LA-RENOVADA-UNIDAD-DEPORTIVA-DEL-PARQUE-DENVER-EN-LOMAS-DE-AHUATLAN-17-1536x1023.jpeg 1536w, https:\/\/cuernavaca.gob.mx\/wp-content\/uploads\/2024\/01\/ENTREGA-JOSE-LUIS-URIOSTEGUI-LA-RENOVADA-UNIDAD-DEPORTIVA-DEL-PARQUE-DENVER-EN-LOMAS-DE-AHUATLAN-17-600x400.jpeg 600w, https:\/\/cuernavaca.gob.mx\/wp-content\/uploads\/2024\/01\/ENTREGA-JOSE-LUIS-URIOSTEGUI-LA-RENOVADA-UNIDAD-DEPORTIVA-DEL-PARQUE-DENVER-EN-LOMAS-DE-AHUATLAN-17-560x373.jpeg 560w, https:\/\/cuernavaca.gob.mx\/wp-content\/uploads\/2024\/01\/ENTREGA-JOSE-LUIS-URIOSTEGUI-LA-RENOVADA-UNIDAD-DEPORTIVA-DEL-PARQUE-DENVER-EN-LOMAS-DE-AHUATLAN-17.jpeg 1600w\" sizes=\"(max-width: 300px) 100vw, 300px\" \/><\/p>\n","protected":false},"excerpt":{"rendered":"<p>* Tras varios a\u00f1os en abandono, se ejerci\u00f3 una inversi\u00f3n de cerca de 2 millones de pesos de recursos propios para diversas acciones de reparaci\u00f3n y remozamiento El presidente municipal de Cuernavaca, Jos\u00e9 Luis Uri\u00f3stegui Salgado, entreg\u00f3 la renovada unidad deportiva del Parque Denver en la colonia Lomas de Ahuatl\u00e1n, que tras varios a\u00f1os en [&hellip;]<\/p>\n","protected":false},"author":1,"featured_media":36670,"comment_status":"closed","ping_status":"open","sticky":false,"template":"","format":"standard","meta":[],"categories":[1],"tags":[121,2886,220,120,206,232,454,127],"aioseo_notices":[],"_links":{"self":[{"href":"https:\/\/cuernavaca.gob.mx\/index.php?rest_route=\/wp\/v2\/posts\/36668"}],"collection":[{"href":"https:\/\/cuernavaca.gob.mx\/index.php?rest_route=\/wp\/v2\/posts"}],"about":[{"href":"https:\/\/cuernavaca.gob.mx\/index.php?rest_route=\/wp\/v2\/types\/post"}],"author":[{"embeddable":true,"href":"https:\/\/cuernavaca.gob.mx\/index.php?rest_route=\/wp\/v2\/users\/1"}],"replies":[{"embeddable":true,"href":"https:\/\/cuernavaca.gob.mx\/index.php?rest_route=%2Fwp%2Fv2%2Fcomments&post=36668"}],"version-history":[{"count":1,"href":"https:\/\/cuernavaca.gob.mx\/index.php?rest_route=\/wp\/v2\/posts\/36668\/revisions"}],"predecessor-version":[{"id":36686,"href":"https:\/\/cuernavaca.gob.mx\/index.php?rest_route=\/wp\/v2\/posts\/36668\/revisions\/36686"}],"wp:featuredmedia":[{"embeddable":true,"href":"https:\/\/cuernavaca.gob.mx\/index.php?rest_route=\/wp\/v2\/media\/36670"}],"wp:attachment":[{"href":"https:\/\/cuernavaca.gob.mx\/index.php?rest_route=%2Fwp%2Fv2%2Fmedia&parent=36668"}],"wp:term":[{"taxonomy":"category","embeddable":true,"href":"https:\/\/cuernavaca.gob.mx\/index.php?rest_route=%2Fwp%2Fv2%2Fcategories&post=36668"},{"taxonomy":"post_tag","embeddable":true,"href":"https:\/\/cuernavaca.gob.mx\/index.php?rest_route=%2Fwp%2Fv2%2Ftags&post=36668"}],"curies":[{"name":"wp","href":"https:\/\/api.w.org\/{rel}","templated":true}]}}