{"id":36687,"date":"2024-01-13T17:30:24","date_gmt":"2024-01-13T23:30:24","guid":{"rendered":"https:\/\/cuernavaca.gob.mx\/?p=36687"},"modified":"2024-01-13T20:44:03","modified_gmt":"2024-01-14T02:44:03","slug":"b1526-13-01-23-se-cumple-proceso-de-rescate-de-la-plazuela-del-zacate-en-el-centro-de-cuernavaca","status":"publish","type":"post","link":"https:\/\/cuernavaca.gob.mx\/?p=36687","title":{"rendered":"B1526 13\/01\/24 SE CUMPLE PROCESO DE RESCATE DE LA PLAZUELA DEL ZACATE EN EL CENTRO DE CUERNAVACA"},"content":{"rendered":"<p><strong>\u00b0 El presidente municipal Jos\u00e9 Luis Uri\u00f3stegui entreg\u00f3 la remodelaci\u00f3n de la fuente de este hist\u00f3rico lugar, obra donada por la iniciativa privada<\/strong><\/p>\n<p><strong>\u00b0 En este lugar tambi\u00e9n se intervinieron jardineras, podaron \u00e1rboles y limpieza de espacios que eran ocupados por personas en situaci\u00f3n de calle<\/strong><\/p>\n<p>Con el apoyo de la iniciativa privada, el presidente municipal de Cuernavaca, Jos\u00e9 Luis Uri\u00f3stegui Salgado, inaugur\u00f3 este s\u00e1bado la rehabilitaci\u00f3n de la fuente principal de la Plazuela del Zacate que no represent\u00f3 una inversi\u00f3n econ\u00f3mica para el municipio al haber sido una donaci\u00f3n del empresario Juan Jos\u00e9 Alcal\u00e1 Ortega, con el objetivo de seguir rescatando espacios p\u00fablicos y en este caso, hist\u00f3ricos, para el disfrute de familias y turismo.<\/p>\n<p>En su mensaje, Jos\u00e9 Luis Uri\u00f3stegui, destac\u00f3 la suma de esfuerzos entre integrantes de la sociedad y el Ayuntamiento para llevar a cabo obras que representan una menor inversi\u00f3n, pero que tienen un resultado muy aprovechable, siendo en este caso una obra con perspectiva de g\u00e9nero que impulsa la apropiaci\u00f3n de los espacios por parte de mujeres y familias.<\/p>\n<p>Al ser una obra integral, con el acompa\u00f1amiento de la Secretar\u00eda de Desarrollo Sustentable y Servicios P\u00fablicos, su titular, Israel Albavera V\u00e1zquez, explic\u00f3 que como parte de la rehabilitaci\u00f3n de la fuente llevaron a cabo el remozamiento del andador externo, la restituci\u00f3n del cerco y del plato superior, el retiro y la colocaci\u00f3n del azulejo tipo talavera en pintura en interior y exterior de la fuente, se coloc\u00f3 una bomba de agua nueva, as\u00ed como la instalaci\u00f3n el\u00e9ctrica.<\/p>\n<p>Aunado a esto, se realizaron podas de \u00e1rboles con una altura mayor de seis metros, podas de aclar\u00f3, se plantaron alrededor de 580 plantas, aplicaron composta, hicieron un lavado general de la plaza y rehabilitaron jardineras.<\/p>\n<p>Al uso de la palabra, el empresario Juan Jos\u00e9 Alcal\u00e1 y el empresario y presidente del Club Rotario Jardines de Cuernavaca, Adri\u00e1n Inda Valencia, coincidieron en que esta obra es una muestra m\u00e1s de la confianza que tiene la sociedad civil en el alcalde Jos\u00e9 Luis Uri\u00f3stegui y su administraci\u00f3n, colaborando desde la sociedad civil para generar arraigo e identidad entre las y los cuernavaquenses, haciendo realidad la recuperaci\u00f3n de este espacio y su fuente, que le da una imagen distinta a este circuito que ha sido de diversi\u00f3n e historia.<\/p>\n<p>En esta entrega de obra estuvieron presentes la s\u00edndica municipal, Ver\u00f3nica Atenco P\u00e9rez; la regidora Mireya Delgado Romero y los regidores Christian P\u00e9rez Jaimes, Jes\u00fas Rosales Puebla y Fernando Carrillo Alvarado; el diputado local por el II Distrito, \u00c1ngel Adame Jim\u00e9nez; la directora general del Instituto de la Mujer de Cuernavaca, Lorena Castillo Castillo y la titular de la Delegaci\u00f3n Benito Ju\u00e1rez Garc\u00eda, Deyanira Hern\u00e1ndez Guti\u00e9rrez.<\/p>\n<p><img loading=\"lazy\" class=\"alignnone size-medium wp-image-36688\" src=\"https:\/\/cuernavaca.gob.mx\/wp-content\/uploads\/2024\/01\/SE-CUMPLE-PROCESO-DE-RESCATE-DE-LA-PLAZUELA-DEL-ZACATE-EN-EL-CENTRO-DE-CUERNAVACA-1-300x200.jpeg\" alt=\"\" width=\"300\" height=\"200\" srcset=\"https:\/\/cuernavaca.gob.mx\/wp-content\/uploads\/2024\/01\/SE-CUMPLE-PROCESO-DE-RESCATE-DE-LA-PLAZUELA-DEL-ZACATE-EN-EL-CENTRO-DE-CUERNAVACA-1-300x200.jpeg 300w, https:\/\/cuernavaca.gob.mx\/wp-content\/uploads\/2024\/01\/SE-CUMPLE-PROCESO-DE-RESCATE-DE-LA-PLAZUELA-DEL-ZACATE-EN-EL-CENTRO-DE-CUERNAVACA-1-1024x682.jpeg 1024w, https:\/\/cuernavaca.gob.mx\/wp-content\/uploads\/2024\/01\/SE-CUMPLE-PROCESO-DE-RESCATE-DE-LA-PLAZUELA-DEL-ZACATE-EN-EL-CENTRO-DE-CUERNAVACA-1-768x512.jpeg 768w, https:\/\/cuernavaca.gob.mx\/wp-content\/uploads\/2024\/01\/SE-CUMPLE-PROCESO-DE-RESCATE-DE-LA-PLAZUELA-DEL-ZACATE-EN-EL-CENTRO-DE-CUERNAVACA-1-1536x1023.jpeg 1536w, https:\/\/cuernavaca.gob.mx\/wp-content\/uploads\/2024\/01\/SE-CUMPLE-PROCESO-DE-RESCATE-DE-LA-PLAZUELA-DEL-ZACATE-EN-EL-CENTRO-DE-CUERNAVACA-1-600x400.jpeg 600w, https:\/\/cuernavaca.gob.mx\/wp-content\/uploads\/2024\/01\/SE-CUMPLE-PROCESO-DE-RESCATE-DE-LA-PLAZUELA-DEL-ZACATE-EN-EL-CENTRO-DE-CUERNAVACA-1-560x373.jpeg 560w, https:\/\/cuernavaca.gob.mx\/wp-content\/uploads\/2024\/01\/SE-CUMPLE-PROCESO-DE-RESCATE-DE-LA-PLAZUELA-DEL-ZACATE-EN-EL-CENTRO-DE-CUERNAVACA-1.jpeg 1600w\" sizes=\"(max-width: 300px) 100vw, 300px\" \/> <img loading=\"lazy\" class=\"alignnone size-medium wp-image-36689\" src=\"https:\/\/cuernavaca.gob.mx\/wp-content\/uploads\/2024\/01\/SE-CUMPLE-PROCESO-DE-RESCATE-DE-LA-PLAZUELA-DEL-ZACATE-EN-EL-CENTRO-DE-CUERNAVACA-2-300x200.jpeg\" alt=\"\" width=\"300\" height=\"200\" srcset=\"https:\/\/cuernavaca.gob.mx\/wp-content\/uploads\/2024\/01\/SE-CUMPLE-PROCESO-DE-RESCATE-DE-LA-PLAZUELA-DEL-ZACATE-EN-EL-CENTRO-DE-CUERNAVACA-2-300x200.jpeg 300w, https:\/\/cuernavaca.gob.mx\/wp-content\/uploads\/2024\/01\/SE-CUMPLE-PROCESO-DE-RESCATE-DE-LA-PLAZUELA-DEL-ZACATE-EN-EL-CENTRO-DE-CUERNAVACA-2-1024x682.jpeg 1024w, https:\/\/cuernavaca.gob.mx\/wp-content\/uploads\/2024\/01\/SE-CUMPLE-PROCESO-DE-RESCATE-DE-LA-PLAZUELA-DEL-ZACATE-EN-EL-CENTRO-DE-CUERNAVACA-2-768x512.jpeg 768w, https:\/\/cuernavaca.gob.mx\/wp-content\/uploads\/2024\/01\/SE-CUMPLE-PROCESO-DE-RESCATE-DE-LA-PLAZUELA-DEL-ZACATE-EN-EL-CENTRO-DE-CUERNAVACA-2-1536x1023.jpeg 1536w, https:\/\/cuernavaca.gob.mx\/wp-content\/uploads\/2024\/01\/SE-CUMPLE-PROCESO-DE-RESCATE-DE-LA-PLAZUELA-DEL-ZACATE-EN-EL-CENTRO-DE-CUERNAVACA-2-600x400.jpeg 600w, https:\/\/cuernavaca.gob.mx\/wp-content\/uploads\/2024\/01\/SE-CUMPLE-PROCESO-DE-RESCATE-DE-LA-PLAZUELA-DEL-ZACATE-EN-EL-CENTRO-DE-CUERNAVACA-2-560x373.jpeg 560w, https:\/\/cuernavaca.gob.mx\/wp-content\/uploads\/2024\/01\/SE-CUMPLE-PROCESO-DE-RESCATE-DE-LA-PLAZUELA-DEL-ZACATE-EN-EL-CENTRO-DE-CUERNAVACA-2.jpeg 1600w\" sizes=\"(max-width: 300px) 100vw, 300px\" \/> <img loading=\"lazy\" class=\"alignnone size-medium wp-image-36690\" src=\"https:\/\/cuernavaca.gob.mx\/wp-content\/uploads\/2024\/01\/SE-CUMPLE-PROCESO-DE-RESCATE-DE-LA-PLAZUELA-DEL-ZACATE-EN-EL-CENTRO-DE-CUERNAVACA-3-300x200.jpeg\" alt=\"\" width=\"300\" height=\"200\" srcset=\"https:\/\/cuernavaca.gob.mx\/wp-content\/uploads\/2024\/01\/SE-CUMPLE-PROCESO-DE-RESCATE-DE-LA-PLAZUELA-DEL-ZACATE-EN-EL-CENTRO-DE-CUERNAVACA-3-300x200.jpeg 300w, https:\/\/cuernavaca.gob.mx\/wp-content\/uploads\/2024\/01\/SE-CUMPLE-PROCESO-DE-RESCATE-DE-LA-PLAZUELA-DEL-ZACATE-EN-EL-CENTRO-DE-CUERNAVACA-3-1024x682.jpeg 1024w, https:\/\/cuernavaca.gob.mx\/wp-content\/uploads\/2024\/01\/SE-CUMPLE-PROCESO-DE-RESCATE-DE-LA-PLAZUELA-DEL-ZACATE-EN-EL-CENTRO-DE-CUERNAVACA-3-768x512.jpeg 768w, https:\/\/cuernavaca.gob.mx\/wp-content\/uploads\/2024\/01\/SE-CUMPLE-PROCESO-DE-RESCATE-DE-LA-PLAZUELA-DEL-ZACATE-EN-EL-CENTRO-DE-CUERNAVACA-3-1536x1023.jpeg 1536w, https:\/\/cuernavaca.gob.mx\/wp-content\/uploads\/2024\/01\/SE-CUMPLE-PROCESO-DE-RESCATE-DE-LA-PLAZUELA-DEL-ZACATE-EN-EL-CENTRO-DE-CUERNAVACA-3-600x400.jpeg 600w, https:\/\/cuernavaca.gob.mx\/wp-content\/uploads\/2024\/01\/SE-CUMPLE-PROCESO-DE-RESCATE-DE-LA-PLAZUELA-DEL-ZACATE-EN-EL-CENTRO-DE-CUERNAVACA-3-560x373.jpeg 560w, https:\/\/cuernavaca.gob.mx\/wp-content\/uploads\/2024\/01\/SE-CUMPLE-PROCESO-DE-RESCATE-DE-LA-PLAZUELA-DEL-ZACATE-EN-EL-CENTRO-DE-CUERNAVACA-3.jpeg 1600w\" sizes=\"(max-width: 300px) 100vw, 300px\" \/> <img loading=\"lazy\" class=\"alignnone size-medium wp-image-36691\" src=\"https:\/\/cuernavaca.gob.mx\/wp-content\/uploads\/2024\/01\/SE-CUMPLE-PROCESO-DE-RESCATE-DE-LA-PLAZUELA-DEL-ZACATE-EN-EL-CENTRO-DE-CUERNAVACA-4-300x200.jpeg\" alt=\"\" width=\"300\" height=\"200\" srcset=\"https:\/\/cuernavaca.gob.mx\/wp-content\/uploads\/2024\/01\/SE-CUMPLE-PROCESO-DE-RESCATE-DE-LA-PLAZUELA-DEL-ZACATE-EN-EL-CENTRO-DE-CUERNAVACA-4-300x200.jpeg 300w, https:\/\/cuernavaca.gob.mx\/wp-content\/uploads\/2024\/01\/SE-CUMPLE-PROCESO-DE-RESCATE-DE-LA-PLAZUELA-DEL-ZACATE-EN-EL-CENTRO-DE-CUERNAVACA-4-1024x682.jpeg 1024w, https:\/\/cuernavaca.gob.mx\/wp-content\/uploads\/2024\/01\/SE-CUMPLE-PROCESO-DE-RESCATE-DE-LA-PLAZUELA-DEL-ZACATE-EN-EL-CENTRO-DE-CUERNAVACA-4-768x512.jpeg 768w, https:\/\/cuernavaca.gob.mx\/wp-content\/uploads\/2024\/01\/SE-CUMPLE-PROCESO-DE-RESCATE-DE-LA-PLAZUELA-DEL-ZACATE-EN-EL-CENTRO-DE-CUERNAVACA-4-1536x1023.jpeg 1536w, https:\/\/cuernavaca.gob.mx\/wp-content\/uploads\/2024\/01\/SE-CUMPLE-PROCESO-DE-RESCATE-DE-LA-PLAZUELA-DEL-ZACATE-EN-EL-CENTRO-DE-CUERNAVACA-4-600x400.jpeg 600w, https:\/\/cuernavaca.gob.mx\/wp-content\/uploads\/2024\/01\/SE-CUMPLE-PROCESO-DE-RESCATE-DE-LA-PLAZUELA-DEL-ZACATE-EN-EL-CENTRO-DE-CUERNAVACA-4-560x373.jpeg 560w, https:\/\/cuernavaca.gob.mx\/wp-content\/uploads\/2024\/01\/SE-CUMPLE-PROCESO-DE-RESCATE-DE-LA-PLAZUELA-DEL-ZACATE-EN-EL-CENTRO-DE-CUERNAVACA-4.jpeg 1600w\" sizes=\"(max-width: 300px) 100vw, 300px\" \/> <img loading=\"lazy\" class=\"alignnone size-medium wp-image-36692\" src=\"https:\/\/cuernavaca.gob.mx\/wp-content\/uploads\/2024\/01\/SE-CUMPLE-PROCESO-DE-RESCATE-DE-LA-PLAZUELA-DEL-ZACATE-EN-EL-CENTRO-DE-CUERNAVACA-5-300x200.jpeg\" alt=\"\" width=\"300\" height=\"200\" srcset=\"https:\/\/cuernavaca.gob.mx\/wp-content\/uploads\/2024\/01\/SE-CUMPLE-PROCESO-DE-RESCATE-DE-LA-PLAZUELA-DEL-ZACATE-EN-EL-CENTRO-DE-CUERNAVACA-5-300x200.jpeg 300w, https:\/\/cuernavaca.gob.mx\/wp-content\/uploads\/2024\/01\/SE-CUMPLE-PROCESO-DE-RESCATE-DE-LA-PLAZUELA-DEL-ZACATE-EN-EL-CENTRO-DE-CUERNAVACA-5-1024x682.jpeg 1024w, https:\/\/cuernavaca.gob.mx\/wp-content\/uploads\/2024\/01\/SE-CUMPLE-PROCESO-DE-RESCATE-DE-LA-PLAZUELA-DEL-ZACATE-EN-EL-CENTRO-DE-CUERNAVACA-5-768x512.jpeg 768w, https:\/\/cuernavaca.gob.mx\/wp-content\/uploads\/2024\/01\/SE-CUMPLE-PROCESO-DE-RESCATE-DE-LA-PLAZUELA-DEL-ZACATE-EN-EL-CENTRO-DE-CUERNAVACA-5-1536x1023.jpeg 1536w, https:\/\/cuernavaca.gob.mx\/wp-content\/uploads\/2024\/01\/SE-CUMPLE-PROCESO-DE-RESCATE-DE-LA-PLAZUELA-DEL-ZACATE-EN-EL-CENTRO-DE-CUERNAVACA-5-600x400.jpeg 600w, https:\/\/cuernavaca.gob.mx\/wp-content\/uploads\/2024\/01\/SE-CUMPLE-PROCESO-DE-RESCATE-DE-LA-PLAZUELA-DEL-ZACATE-EN-EL-CENTRO-DE-CUERNAVACA-5-560x373.jpeg 560w, https:\/\/cuernavaca.gob.mx\/wp-content\/uploads\/2024\/01\/SE-CUMPLE-PROCESO-DE-RESCATE-DE-LA-PLAZUELA-DEL-ZACATE-EN-EL-CENTRO-DE-CUERNAVACA-5.jpeg 1600w\" sizes=\"(max-width: 300px) 100vw, 300px\" \/> <img loading=\"lazy\" class=\"alignnone size-medium wp-image-36693\" src=\"https:\/\/cuernavaca.gob.mx\/wp-content\/uploads\/2024\/01\/SE-CUMPLE-PROCESO-DE-RESCATE-DE-LA-PLAZUELA-DEL-ZACATE-EN-EL-CENTRO-DE-CUERNAVACA-6-300x200.jpeg\" alt=\"\" width=\"300\" height=\"200\" srcset=\"https:\/\/cuernavaca.gob.mx\/wp-content\/uploads\/2024\/01\/SE-CUMPLE-PROCESO-DE-RESCATE-DE-LA-PLAZUELA-DEL-ZACATE-EN-EL-CENTRO-DE-CUERNAVACA-6-300x200.jpeg 300w, https:\/\/cuernavaca.gob.mx\/wp-content\/uploads\/2024\/01\/SE-CUMPLE-PROCESO-DE-RESCATE-DE-LA-PLAZUELA-DEL-ZACATE-EN-EL-CENTRO-DE-CUERNAVACA-6-1024x682.jpeg 1024w, https:\/\/cuernavaca.gob.mx\/wp-content\/uploads\/2024\/01\/SE-CUMPLE-PROCESO-DE-RESCATE-DE-LA-PLAZUELA-DEL-ZACATE-EN-EL-CENTRO-DE-CUERNAVACA-6-768x512.jpeg 768w, https:\/\/cuernavaca.gob.mx\/wp-content\/uploads\/2024\/01\/SE-CUMPLE-PROCESO-DE-RESCATE-DE-LA-PLAZUELA-DEL-ZACATE-EN-EL-CENTRO-DE-CUERNAVACA-6-1536x1023.jpeg 1536w, https:\/\/cuernavaca.gob.mx\/wp-content\/uploads\/2024\/01\/SE-CUMPLE-PROCESO-DE-RESCATE-DE-LA-PLAZUELA-DEL-ZACATE-EN-EL-CENTRO-DE-CUERNAVACA-6-600x400.jpeg 600w, https:\/\/cuernavaca.gob.mx\/wp-content\/uploads\/2024\/01\/SE-CUMPLE-PROCESO-DE-RESCATE-DE-LA-PLAZUELA-DEL-ZACATE-EN-EL-CENTRO-DE-CUERNAVACA-6-560x373.jpeg 560w, https:\/\/cuernavaca.gob.mx\/wp-content\/uploads\/2024\/01\/SE-CUMPLE-PROCESO-DE-RESCATE-DE-LA-PLAZUELA-DEL-ZACATE-EN-EL-CENTRO-DE-CUERNAVACA-6.jpeg 1600w\" sizes=\"(max-width: 300px) 100vw, 300px\" \/> <img loading=\"lazy\" class=\"alignnone size-medium wp-image-36694\" src=\"https:\/\/cuernavaca.gob.mx\/wp-content\/uploads\/2024\/01\/SE-CUMPLE-PROCESO-DE-RESCATE-DE-LA-PLAZUELA-DEL-ZACATE-EN-EL-CENTRO-DE-CUERNAVACA-7-300x200.jpeg\" alt=\"\" width=\"300\" height=\"200\" srcset=\"https:\/\/cuernavaca.gob.mx\/wp-content\/uploads\/2024\/01\/SE-CUMPLE-PROCESO-DE-RESCATE-DE-LA-PLAZUELA-DEL-ZACATE-EN-EL-CENTRO-DE-CUERNAVACA-7-300x200.jpeg 300w, https:\/\/cuernavaca.gob.mx\/wp-content\/uploads\/2024\/01\/SE-CUMPLE-PROCESO-DE-RESCATE-DE-LA-PLAZUELA-DEL-ZACATE-EN-EL-CENTRO-DE-CUERNAVACA-7-1024x682.jpeg 1024w, https:\/\/cuernavaca.gob.mx\/wp-content\/uploads\/2024\/01\/SE-CUMPLE-PROCESO-DE-RESCATE-DE-LA-PLAZUELA-DEL-ZACATE-EN-EL-CENTRO-DE-CUERNAVACA-7-768x512.jpeg 768w, https:\/\/cuernavaca.gob.mx\/wp-content\/uploads\/2024\/01\/SE-CUMPLE-PROCESO-DE-RESCATE-DE-LA-PLAZUELA-DEL-ZACATE-EN-EL-CENTRO-DE-CUERNAVACA-7-1536x1023.jpeg 1536w, https:\/\/cuernavaca.gob.mx\/wp-content\/uploads\/2024\/01\/SE-CUMPLE-PROCESO-DE-RESCATE-DE-LA-PLAZUELA-DEL-ZACATE-EN-EL-CENTRO-DE-CUERNAVACA-7-600x400.jpeg 600w, https:\/\/cuernavaca.gob.mx\/wp-content\/uploads\/2024\/01\/SE-CUMPLE-PROCESO-DE-RESCATE-DE-LA-PLAZUELA-DEL-ZACATE-EN-EL-CENTRO-DE-CUERNAVACA-7-560x373.jpeg 560w, https:\/\/cuernavaca.gob.mx\/wp-content\/uploads\/2024\/01\/SE-CUMPLE-PROCESO-DE-RESCATE-DE-LA-PLAZUELA-DEL-ZACATE-EN-EL-CENTRO-DE-CUERNAVACA-7.jpeg 1600w\" sizes=\"(max-width: 300px) 100vw, 300px\" \/> <img loading=\"lazy\" class=\"alignnone size-medium wp-image-36695\" src=\"https:\/\/cuernavaca.gob.mx\/wp-content\/uploads\/2024\/01\/SE-CUMPLE-PROCESO-DE-RESCATE-DE-LA-PLAZUELA-DEL-ZACATE-EN-EL-CENTRO-DE-CUERNAVACA-8-300x200.jpeg\" alt=\"\" width=\"300\" height=\"200\" srcset=\"https:\/\/cuernavaca.gob.mx\/wp-content\/uploads\/2024\/01\/SE-CUMPLE-PROCESO-DE-RESCATE-DE-LA-PLAZUELA-DEL-ZACATE-EN-EL-CENTRO-DE-CUERNAVACA-8-300x200.jpeg 300w, https:\/\/cuernavaca.gob.mx\/wp-content\/uploads\/2024\/01\/SE-CUMPLE-PROCESO-DE-RESCATE-DE-LA-PLAZUELA-DEL-ZACATE-EN-EL-CENTRO-DE-CUERNAVACA-8-1024x682.jpeg 1024w, https:\/\/cuernavaca.gob.mx\/wp-content\/uploads\/2024\/01\/SE-CUMPLE-PROCESO-DE-RESCATE-DE-LA-PLAZUELA-DEL-ZACATE-EN-EL-CENTRO-DE-CUERNAVACA-8-768x512.jpeg 768w, https:\/\/cuernavaca.gob.mx\/wp-content\/uploads\/2024\/01\/SE-CUMPLE-PROCESO-DE-RESCATE-DE-LA-PLAZUELA-DEL-ZACATE-EN-EL-CENTRO-DE-CUERNAVACA-8-1536x1023.jpeg 1536w, https:\/\/cuernavaca.gob.mx\/wp-content\/uploads\/2024\/01\/SE-CUMPLE-PROCESO-DE-RESCATE-DE-LA-PLAZUELA-DEL-ZACATE-EN-EL-CENTRO-DE-CUERNAVACA-8-600x400.jpeg 600w, https:\/\/cuernavaca.gob.mx\/wp-content\/uploads\/2024\/01\/SE-CUMPLE-PROCESO-DE-RESCATE-DE-LA-PLAZUELA-DEL-ZACATE-EN-EL-CENTRO-DE-CUERNAVACA-8-560x373.jpeg 560w, https:\/\/cuernavaca.gob.mx\/wp-content\/uploads\/2024\/01\/SE-CUMPLE-PROCESO-DE-RESCATE-DE-LA-PLAZUELA-DEL-ZACATE-EN-EL-CENTRO-DE-CUERNAVACA-8.jpeg 1600w\" sizes=\"(max-width: 300px) 100vw, 300px\" \/> <img loading=\"lazy\" class=\"alignnone size-medium wp-image-36696\" src=\"https:\/\/cuernavaca.gob.mx\/wp-content\/uploads\/2024\/01\/SE-CUMPLE-PROCESO-DE-RESCATE-DE-LA-PLAZUELA-DEL-ZACATE-EN-EL-CENTRO-DE-CUERNAVACA-9-300x200.jpeg\" alt=\"\" width=\"300\" height=\"200\" srcset=\"https:\/\/cuernavaca.gob.mx\/wp-content\/uploads\/2024\/01\/SE-CUMPLE-PROCESO-DE-RESCATE-DE-LA-PLAZUELA-DEL-ZACATE-EN-EL-CENTRO-DE-CUERNAVACA-9-300x200.jpeg 300w, https:\/\/cuernavaca.gob.mx\/wp-content\/uploads\/2024\/01\/SE-CUMPLE-PROCESO-DE-RESCATE-DE-LA-PLAZUELA-DEL-ZACATE-EN-EL-CENTRO-DE-CUERNAVACA-9-1024x682.jpeg 1024w, https:\/\/cuernavaca.gob.mx\/wp-content\/uploads\/2024\/01\/SE-CUMPLE-PROCESO-DE-RESCATE-DE-LA-PLAZUELA-DEL-ZACATE-EN-EL-CENTRO-DE-CUERNAVACA-9-768x512.jpeg 768w, https:\/\/cuernavaca.gob.mx\/wp-content\/uploads\/2024\/01\/SE-CUMPLE-PROCESO-DE-RESCATE-DE-LA-PLAZUELA-DEL-ZACATE-EN-EL-CENTRO-DE-CUERNAVACA-9-1536x1023.jpeg 1536w, https:\/\/cuernavaca.gob.mx\/wp-content\/uploads\/2024\/01\/SE-CUMPLE-PROCESO-DE-RESCATE-DE-LA-PLAZUELA-DEL-ZACATE-EN-EL-CENTRO-DE-CUERNAVACA-9-600x400.jpeg 600w, https:\/\/cuernavaca.gob.mx\/wp-content\/uploads\/2024\/01\/SE-CUMPLE-PROCESO-DE-RESCATE-DE-LA-PLAZUELA-DEL-ZACATE-EN-EL-CENTRO-DE-CUERNAVACA-9-560x373.jpeg 560w, https:\/\/cuernavaca.gob.mx\/wp-content\/uploads\/2024\/01\/SE-CUMPLE-PROCESO-DE-RESCATE-DE-LA-PLAZUELA-DEL-ZACATE-EN-EL-CENTRO-DE-CUERNAVACA-9.jpeg 1600w\" sizes=\"(max-width: 300px) 100vw, 300px\" \/> <img loading=\"lazy\" class=\"alignnone size-medium wp-image-36697\" src=\"https:\/\/cuernavaca.gob.mx\/wp-content\/uploads\/2024\/01\/SE-CUMPLE-PROCESO-DE-RESCATE-DE-LA-PLAZUELA-DEL-ZACATE-EN-EL-CENTRO-DE-CUERNAVACA-10-300x200.jpeg\" alt=\"\" width=\"300\" height=\"200\" srcset=\"https:\/\/cuernavaca.gob.mx\/wp-content\/uploads\/2024\/01\/SE-CUMPLE-PROCESO-DE-RESCATE-DE-LA-PLAZUELA-DEL-ZACATE-EN-EL-CENTRO-DE-CUERNAVACA-10-300x200.jpeg 300w, https:\/\/cuernavaca.gob.mx\/wp-content\/uploads\/2024\/01\/SE-CUMPLE-PROCESO-DE-RESCATE-DE-LA-PLAZUELA-DEL-ZACATE-EN-EL-CENTRO-DE-CUERNAVACA-10-1024x682.jpeg 1024w, https:\/\/cuernavaca.gob.mx\/wp-content\/uploads\/2024\/01\/SE-CUMPLE-PROCESO-DE-RESCATE-DE-LA-PLAZUELA-DEL-ZACATE-EN-EL-CENTRO-DE-CUERNAVACA-10-768x512.jpeg 768w, https:\/\/cuernavaca.gob.mx\/wp-content\/uploads\/2024\/01\/SE-CUMPLE-PROCESO-DE-RESCATE-DE-LA-PLAZUELA-DEL-ZACATE-EN-EL-CENTRO-DE-CUERNAVACA-10-1536x1023.jpeg 1536w, https:\/\/cuernavaca.gob.mx\/wp-content\/uploads\/2024\/01\/SE-CUMPLE-PROCESO-DE-RESCATE-DE-LA-PLAZUELA-DEL-ZACATE-EN-EL-CENTRO-DE-CUERNAVACA-10-600x400.jpeg 600w, https:\/\/cuernavaca.gob.mx\/wp-content\/uploads\/2024\/01\/SE-CUMPLE-PROCESO-DE-RESCATE-DE-LA-PLAZUELA-DEL-ZACATE-EN-EL-CENTRO-DE-CUERNAVACA-10-560x373.jpeg 560w, https:\/\/cuernavaca.gob.mx\/wp-content\/uploads\/2024\/01\/SE-CUMPLE-PROCESO-DE-RESCATE-DE-LA-PLAZUELA-DEL-ZACATE-EN-EL-CENTRO-DE-CUERNAVACA-10.jpeg 1600w\" sizes=\"(max-width: 300px) 100vw, 300px\" \/><\/p>\n","protected":false},"excerpt":{"rendered":"<p>\u00b0 El presidente municipal Jos\u00e9 Luis Uri\u00f3stegui entreg\u00f3 la remodelaci\u00f3n de la fuente de este hist\u00f3rico lugar, obra donada por la iniciativa privada \u00b0 En este lugar tambi\u00e9n se intervinieron jardineras, podaron \u00e1rboles y limpieza de espacios que eran ocupados por personas en situaci\u00f3n de calle Con el apoyo de la iniciativa privada, el presidente [&hellip;]<\/p>\n","protected":false},"author":1,"featured_media":36690,"comment_status":"closed","ping_status":"open","sticky":false,"template":"","format":"standard","meta":[],"categories":[18],"tags":[121,220,120,206,3488,127,194],"aioseo_notices":[],"_links":{"self":[{"href":"https:\/\/cuernavaca.gob.mx\/index.php?rest_route=\/wp\/v2\/posts\/36687"}],"collection":[{"href":"https:\/\/cuernavaca.gob.mx\/index.php?rest_route=\/wp\/v2\/posts"}],"about":[{"href":"https:\/\/cuernavaca.gob.mx\/index.php?rest_route=\/wp\/v2\/types\/post"}],"author":[{"embeddable":true,"href":"https:\/\/cuernavaca.gob.mx\/index.php?rest_route=\/wp\/v2\/users\/1"}],"replies":[{"embeddable":true,"href":"https:\/\/cuernavaca.gob.mx\/index.php?rest_route=%2Fwp%2Fv2%2Fcomments&post=36687"}],"version-history":[{"count":2,"href":"https:\/\/cuernavaca.gob.mx\/index.php?rest_route=\/wp\/v2\/posts\/36687\/revisions"}],"predecessor-version":[{"id":36699,"href":"https:\/\/cuernavaca.gob.mx\/index.php?rest_route=\/wp\/v2\/posts\/36687\/revisions\/36699"}],"wp:featuredmedia":[{"embeddable":true,"href":"https:\/\/cuernavaca.gob.mx\/index.php?rest_route=\/wp\/v2\/media\/36690"}],"wp:attachment":[{"href":"https:\/\/cuernavaca.gob.mx\/index.php?rest_route=%2Fwp%2Fv2%2Fmedia&parent=36687"}],"wp:term":[{"taxonomy":"category","embeddable":true,"href":"https:\/\/cuernavaca.gob.mx\/index.php?rest_route=%2Fwp%2Fv2%2Fcategories&post=36687"},{"taxonomy":"post_tag","embeddable":true,"href":"https:\/\/cuernavaca.gob.mx\/index.php?rest_route=%2Fwp%2Fv2%2Ftags&post=36687"}],"curies":[{"name":"wp","href":"https:\/\/api.w.org\/{rel}","templated":true}]}}