{"id":36701,"date":"2024-01-14T14:00:19","date_gmt":"2024-01-14T20:00:19","guid":{"rendered":"https:\/\/cuernavaca.gob.mx\/?p=36701"},"modified":"2024-01-14T15:10:28","modified_gmt":"2024-01-14T21:10:28","slug":"b1527-14-01-24-comprometido-jose-luis-uriostegui-con-lograr-dignificar-el-mercado-adolfo-lopez-mateos-por-dentro-y-por-fuera","status":"publish","type":"post","link":"https:\/\/cuernavaca.gob.mx\/?p=36701","title":{"rendered":"B1527 14\/01\/24 COMPROMETIDO JOS\u00c9 LUIS URI\u00d3STEGUI CON LOGRAR DIGNIFICAR EL MERCADO ADOLFO L\u00d3PEZ MATEOS POR DENTRO Y POR FUERA"},"content":{"rendered":"<p><strong>\u00b0 El presidente Municipal entreg\u00f3 la obra de reencarpetamiento con concreto asf\u00e1ltico del circuito Adolfo L\u00f3pez Mateos<\/strong><\/p>\n<p><strong>\u00b0 Desde el 2022 una de las prioridades ha sido atender de manera integral las necesidades de esta central de abastos<\/strong><\/p>\n<p>Como parte del rescate del Centro Hist\u00f3rico que ha encabezado el Ayuntamiento de Cuernavaca, el presidente municipal, Jos\u00e9 Luis Uri\u00f3stegui Salgado, acompa\u00f1ado de integrantes del Cabildo y Gabinete, inaugur\u00f3 la obra de reencarpetamiento con concreto asf\u00e1ltico del circuito Adolfo L\u00f3pez Mateos, con lo cual se sigue dignificando a la central de abastos m\u00e1s importante del estado.<\/p>\n<p>En presencia de comerciantes y locatarios del mercado, Jos\u00e9 Luis Uri\u00f3stegui puntualiz\u00f3 que desde el primer a\u00f1o de su administraci\u00f3n una de las prioridades ha sido atender de manera integral las necesidades del mercado, llevando a cabo para este fin distintas obras que recuperan su imagen y dan seguridad a los m\u00e1s de cinco mil locatarios y decenas de miles de personas que diariamente llegan a abastecerse.<\/p>\n<p>Precis\u00f3 que algunas de estas obras han sido la reparaci\u00f3n de calle Vicente Guerrero desde calle Santos Degollado hasta llegar al Boulevard Adolfo L\u00f3pez Mateos, el asfaltado de la parte oriente del circuito Adolfo L\u00f3pez Mateos, la rehabilitaci\u00f3n total del sistema contra incendios y pr\u00f3ximamente el cambio de drenaje y asfaltado de calle Santos Degollado que en conjunto con la obra que est\u00e1 realizando el Gobierno del Estado en la nave principal, generar\u00e1n una recuperaci\u00f3n integral.<\/p>\n<p>En su explicaci\u00f3n, el secretario de Desarrollo Urbano y Obras P\u00fablicas, Demetrio Chavira de la Torre, precis\u00f3 que con una inversi\u00f3n de cinco millones 729 mil 382 pesos proveniente de recursos propios municipales efectuaron la aplicaci\u00f3n de la carpeta de cinco cent\u00edmetros de espesor de concreto asf\u00e1ltico en nueve mil 583.85 metros c\u00fabicos, la renivelaci\u00f3n manual con mezcla asf\u00e1ltica en la zona donde hist\u00f3ricamente se inundaba en 402.30 metros c\u00fabicos, la aplicaci\u00f3n de pintura termopl\u00e1stica en dos mil 064.85 metros lineales, y la aplicaci\u00f3n de pintura en guarniciones en mil 685.5 metros lineales.<\/p>\n<p>A nombre de los beneficiados con la obra, el secretario de la Uni\u00f3n de Comerciantes del Mercado Adolfo L\u00f3pez Mateos, Alejandro Delgado Ortega, agradeci\u00f3 que la disposici\u00f3n mostrada de manera permanente por la presente administraci\u00f3n municipal que ha atendido las necesidades del centro comercial, dignificando este espacio con obras como \u00e9sta.<\/p>\n<p>A este acto de entrega asistieron la s\u00edndica municipal, Ver\u00f3nica Atenco P\u00e9rez; los regidores Jes\u00fas Rosales Puebla y Christian P\u00e9rez Jaimes; el secretario de Desarrollo Sustentable y Servicios P\u00fablicos, Israel Albavera V\u00e1zquez; la directora general del mercado, Sara Bello Olmedo y l\u00edderes del mercado.<\/p>\n<p><img loading=\"lazy\" class=\"alignnone size-medium wp-image-36702\" src=\"https:\/\/cuernavaca.gob.mx\/wp-content\/uploads\/2024\/01\/COMPROMETIDO-JOSE-LUIS-URIOSTEGUI-CON-LOGRAR-DIGNIFICAR-EL-MERCADO-ADOLFO-LOPEZ-MATEOS-POR-DENTRO-Y-POR-FUERA-1-300x200.jpeg\" alt=\"\" width=\"300\" height=\"200\" srcset=\"https:\/\/cuernavaca.gob.mx\/wp-content\/uploads\/2024\/01\/COMPROMETIDO-JOSE-LUIS-URIOSTEGUI-CON-LOGRAR-DIGNIFICAR-EL-MERCADO-ADOLFO-LOPEZ-MATEOS-POR-DENTRO-Y-POR-FUERA-1-300x200.jpeg 300w, https:\/\/cuernavaca.gob.mx\/wp-content\/uploads\/2024\/01\/COMPROMETIDO-JOSE-LUIS-URIOSTEGUI-CON-LOGRAR-DIGNIFICAR-EL-MERCADO-ADOLFO-LOPEZ-MATEOS-POR-DENTRO-Y-POR-FUERA-1-1024x682.jpeg 1024w, https:\/\/cuernavaca.gob.mx\/wp-content\/uploads\/2024\/01\/COMPROMETIDO-JOSE-LUIS-URIOSTEGUI-CON-LOGRAR-DIGNIFICAR-EL-MERCADO-ADOLFO-LOPEZ-MATEOS-POR-DENTRO-Y-POR-FUERA-1-768x512.jpeg 768w, https:\/\/cuernavaca.gob.mx\/wp-content\/uploads\/2024\/01\/COMPROMETIDO-JOSE-LUIS-URIOSTEGUI-CON-LOGRAR-DIGNIFICAR-EL-MERCADO-ADOLFO-LOPEZ-MATEOS-POR-DENTRO-Y-POR-FUERA-1-1536x1023.jpeg 1536w, https:\/\/cuernavaca.gob.mx\/wp-content\/uploads\/2024\/01\/COMPROMETIDO-JOSE-LUIS-URIOSTEGUI-CON-LOGRAR-DIGNIFICAR-EL-MERCADO-ADOLFO-LOPEZ-MATEOS-POR-DENTRO-Y-POR-FUERA-1-600x400.jpeg 600w, https:\/\/cuernavaca.gob.mx\/wp-content\/uploads\/2024\/01\/COMPROMETIDO-JOSE-LUIS-URIOSTEGUI-CON-LOGRAR-DIGNIFICAR-EL-MERCADO-ADOLFO-LOPEZ-MATEOS-POR-DENTRO-Y-POR-FUERA-1-560x373.jpeg 560w, https:\/\/cuernavaca.gob.mx\/wp-content\/uploads\/2024\/01\/COMPROMETIDO-JOSE-LUIS-URIOSTEGUI-CON-LOGRAR-DIGNIFICAR-EL-MERCADO-ADOLFO-LOPEZ-MATEOS-POR-DENTRO-Y-POR-FUERA-1.jpeg 1600w\" sizes=\"(max-width: 300px) 100vw, 300px\" \/> <img loading=\"lazy\" class=\"alignnone size-medium wp-image-36703\" src=\"https:\/\/cuernavaca.gob.mx\/wp-content\/uploads\/2024\/01\/COMPROMETIDO-JOSE-LUIS-URIOSTEGUI-CON-LOGRAR-DIGNIFICAR-EL-MERCADO-ADOLFO-LOPEZ-MATEOS-POR-DENTRO-Y-POR-FUERA-2-300x200.jpeg\" alt=\"\" width=\"300\" height=\"200\" srcset=\"https:\/\/cuernavaca.gob.mx\/wp-content\/uploads\/2024\/01\/COMPROMETIDO-JOSE-LUIS-URIOSTEGUI-CON-LOGRAR-DIGNIFICAR-EL-MERCADO-ADOLFO-LOPEZ-MATEOS-POR-DENTRO-Y-POR-FUERA-2-300x200.jpeg 300w, https:\/\/cuernavaca.gob.mx\/wp-content\/uploads\/2024\/01\/COMPROMETIDO-JOSE-LUIS-URIOSTEGUI-CON-LOGRAR-DIGNIFICAR-EL-MERCADO-ADOLFO-LOPEZ-MATEOS-POR-DENTRO-Y-POR-FUERA-2-1024x682.jpeg 1024w, https:\/\/cuernavaca.gob.mx\/wp-content\/uploads\/2024\/01\/COMPROMETIDO-JOSE-LUIS-URIOSTEGUI-CON-LOGRAR-DIGNIFICAR-EL-MERCADO-ADOLFO-LOPEZ-MATEOS-POR-DENTRO-Y-POR-FUERA-2-768x512.jpeg 768w, https:\/\/cuernavaca.gob.mx\/wp-content\/uploads\/2024\/01\/COMPROMETIDO-JOSE-LUIS-URIOSTEGUI-CON-LOGRAR-DIGNIFICAR-EL-MERCADO-ADOLFO-LOPEZ-MATEOS-POR-DENTRO-Y-POR-FUERA-2-1536x1023.jpeg 1536w, https:\/\/cuernavaca.gob.mx\/wp-content\/uploads\/2024\/01\/COMPROMETIDO-JOSE-LUIS-URIOSTEGUI-CON-LOGRAR-DIGNIFICAR-EL-MERCADO-ADOLFO-LOPEZ-MATEOS-POR-DENTRO-Y-POR-FUERA-2-600x400.jpeg 600w, https:\/\/cuernavaca.gob.mx\/wp-content\/uploads\/2024\/01\/COMPROMETIDO-JOSE-LUIS-URIOSTEGUI-CON-LOGRAR-DIGNIFICAR-EL-MERCADO-ADOLFO-LOPEZ-MATEOS-POR-DENTRO-Y-POR-FUERA-2-560x373.jpeg 560w, https:\/\/cuernavaca.gob.mx\/wp-content\/uploads\/2024\/01\/COMPROMETIDO-JOSE-LUIS-URIOSTEGUI-CON-LOGRAR-DIGNIFICAR-EL-MERCADO-ADOLFO-LOPEZ-MATEOS-POR-DENTRO-Y-POR-FUERA-2.jpeg 1600w\" sizes=\"(max-width: 300px) 100vw, 300px\" \/> <img loading=\"lazy\" class=\"alignnone size-medium wp-image-36704\" src=\"https:\/\/cuernavaca.gob.mx\/wp-content\/uploads\/2024\/01\/COMPROMETIDO-JOSE-LUIS-URIOSTEGUI-CON-LOGRAR-DIGNIFICAR-EL-MERCADO-ADOLFO-LOPEZ-MATEOS-POR-DENTRO-Y-POR-FUERA-3-300x200.jpeg\" alt=\"\" width=\"300\" height=\"200\" srcset=\"https:\/\/cuernavaca.gob.mx\/wp-content\/uploads\/2024\/01\/COMPROMETIDO-JOSE-LUIS-URIOSTEGUI-CON-LOGRAR-DIGNIFICAR-EL-MERCADO-ADOLFO-LOPEZ-MATEOS-POR-DENTRO-Y-POR-FUERA-3-300x200.jpeg 300w, https:\/\/cuernavaca.gob.mx\/wp-content\/uploads\/2024\/01\/COMPROMETIDO-JOSE-LUIS-URIOSTEGUI-CON-LOGRAR-DIGNIFICAR-EL-MERCADO-ADOLFO-LOPEZ-MATEOS-POR-DENTRO-Y-POR-FUERA-3-1024x682.jpeg 1024w, https:\/\/cuernavaca.gob.mx\/wp-content\/uploads\/2024\/01\/COMPROMETIDO-JOSE-LUIS-URIOSTEGUI-CON-LOGRAR-DIGNIFICAR-EL-MERCADO-ADOLFO-LOPEZ-MATEOS-POR-DENTRO-Y-POR-FUERA-3-768x512.jpeg 768w, https:\/\/cuernavaca.gob.mx\/wp-content\/uploads\/2024\/01\/COMPROMETIDO-JOSE-LUIS-URIOSTEGUI-CON-LOGRAR-DIGNIFICAR-EL-MERCADO-ADOLFO-LOPEZ-MATEOS-POR-DENTRO-Y-POR-FUERA-3-1536x1023.jpeg 1536w, https:\/\/cuernavaca.gob.mx\/wp-content\/uploads\/2024\/01\/COMPROMETIDO-JOSE-LUIS-URIOSTEGUI-CON-LOGRAR-DIGNIFICAR-EL-MERCADO-ADOLFO-LOPEZ-MATEOS-POR-DENTRO-Y-POR-FUERA-3-600x400.jpeg 600w, https:\/\/cuernavaca.gob.mx\/wp-content\/uploads\/2024\/01\/COMPROMETIDO-JOSE-LUIS-URIOSTEGUI-CON-LOGRAR-DIGNIFICAR-EL-MERCADO-ADOLFO-LOPEZ-MATEOS-POR-DENTRO-Y-POR-FUERA-3-560x373.jpeg 560w, https:\/\/cuernavaca.gob.mx\/wp-content\/uploads\/2024\/01\/COMPROMETIDO-JOSE-LUIS-URIOSTEGUI-CON-LOGRAR-DIGNIFICAR-EL-MERCADO-ADOLFO-LOPEZ-MATEOS-POR-DENTRO-Y-POR-FUERA-3.jpeg 1600w\" sizes=\"(max-width: 300px) 100vw, 300px\" \/> <img loading=\"lazy\" class=\"alignnone size-medium wp-image-36705\" src=\"https:\/\/cuernavaca.gob.mx\/wp-content\/uploads\/2024\/01\/COMPROMETIDO-JOSE-LUIS-URIOSTEGUI-CON-LOGRAR-DIGNIFICAR-EL-MERCADO-ADOLFO-LOPEZ-MATEOS-POR-DENTRO-Y-POR-FUERA-4-300x200.jpeg\" alt=\"\" width=\"300\" height=\"200\" srcset=\"https:\/\/cuernavaca.gob.mx\/wp-content\/uploads\/2024\/01\/COMPROMETIDO-JOSE-LUIS-URIOSTEGUI-CON-LOGRAR-DIGNIFICAR-EL-MERCADO-ADOLFO-LOPEZ-MATEOS-POR-DENTRO-Y-POR-FUERA-4-300x200.jpeg 300w, https:\/\/cuernavaca.gob.mx\/wp-content\/uploads\/2024\/01\/COMPROMETIDO-JOSE-LUIS-URIOSTEGUI-CON-LOGRAR-DIGNIFICAR-EL-MERCADO-ADOLFO-LOPEZ-MATEOS-POR-DENTRO-Y-POR-FUERA-4-1024x682.jpeg 1024w, https:\/\/cuernavaca.gob.mx\/wp-content\/uploads\/2024\/01\/COMPROMETIDO-JOSE-LUIS-URIOSTEGUI-CON-LOGRAR-DIGNIFICAR-EL-MERCADO-ADOLFO-LOPEZ-MATEOS-POR-DENTRO-Y-POR-FUERA-4-768x512.jpeg 768w, https:\/\/cuernavaca.gob.mx\/wp-content\/uploads\/2024\/01\/COMPROMETIDO-JOSE-LUIS-URIOSTEGUI-CON-LOGRAR-DIGNIFICAR-EL-MERCADO-ADOLFO-LOPEZ-MATEOS-POR-DENTRO-Y-POR-FUERA-4-1536x1023.jpeg 1536w, https:\/\/cuernavaca.gob.mx\/wp-content\/uploads\/2024\/01\/COMPROMETIDO-JOSE-LUIS-URIOSTEGUI-CON-LOGRAR-DIGNIFICAR-EL-MERCADO-ADOLFO-LOPEZ-MATEOS-POR-DENTRO-Y-POR-FUERA-4-600x400.jpeg 600w, https:\/\/cuernavaca.gob.mx\/wp-content\/uploads\/2024\/01\/COMPROMETIDO-JOSE-LUIS-URIOSTEGUI-CON-LOGRAR-DIGNIFICAR-EL-MERCADO-ADOLFO-LOPEZ-MATEOS-POR-DENTRO-Y-POR-FUERA-4-560x373.jpeg 560w, https:\/\/cuernavaca.gob.mx\/wp-content\/uploads\/2024\/01\/COMPROMETIDO-JOSE-LUIS-URIOSTEGUI-CON-LOGRAR-DIGNIFICAR-EL-MERCADO-ADOLFO-LOPEZ-MATEOS-POR-DENTRO-Y-POR-FUERA-4.jpeg 1600w\" sizes=\"(max-width: 300px) 100vw, 300px\" \/> <img loading=\"lazy\" class=\"alignnone size-medium wp-image-36706\" src=\"https:\/\/cuernavaca.gob.mx\/wp-content\/uploads\/2024\/01\/COMPROMETIDO-JOSE-LUIS-URIOSTEGUI-CON-LOGRAR-DIGNIFICAR-EL-MERCADO-ADOLFO-LOPEZ-MATEOS-POR-DENTRO-Y-POR-FUERA-5-300x200.jpeg\" alt=\"\" width=\"300\" height=\"200\" srcset=\"https:\/\/cuernavaca.gob.mx\/wp-content\/uploads\/2024\/01\/COMPROMETIDO-JOSE-LUIS-URIOSTEGUI-CON-LOGRAR-DIGNIFICAR-EL-MERCADO-ADOLFO-LOPEZ-MATEOS-POR-DENTRO-Y-POR-FUERA-5-300x200.jpeg 300w, https:\/\/cuernavaca.gob.mx\/wp-content\/uploads\/2024\/01\/COMPROMETIDO-JOSE-LUIS-URIOSTEGUI-CON-LOGRAR-DIGNIFICAR-EL-MERCADO-ADOLFO-LOPEZ-MATEOS-POR-DENTRO-Y-POR-FUERA-5-1024x682.jpeg 1024w, https:\/\/cuernavaca.gob.mx\/wp-content\/uploads\/2024\/01\/COMPROMETIDO-JOSE-LUIS-URIOSTEGUI-CON-LOGRAR-DIGNIFICAR-EL-MERCADO-ADOLFO-LOPEZ-MATEOS-POR-DENTRO-Y-POR-FUERA-5-768x512.jpeg 768w, https:\/\/cuernavaca.gob.mx\/wp-content\/uploads\/2024\/01\/COMPROMETIDO-JOSE-LUIS-URIOSTEGUI-CON-LOGRAR-DIGNIFICAR-EL-MERCADO-ADOLFO-LOPEZ-MATEOS-POR-DENTRO-Y-POR-FUERA-5-1536x1023.jpeg 1536w, https:\/\/cuernavaca.gob.mx\/wp-content\/uploads\/2024\/01\/COMPROMETIDO-JOSE-LUIS-URIOSTEGUI-CON-LOGRAR-DIGNIFICAR-EL-MERCADO-ADOLFO-LOPEZ-MATEOS-POR-DENTRO-Y-POR-FUERA-5-600x400.jpeg 600w, https:\/\/cuernavaca.gob.mx\/wp-content\/uploads\/2024\/01\/COMPROMETIDO-JOSE-LUIS-URIOSTEGUI-CON-LOGRAR-DIGNIFICAR-EL-MERCADO-ADOLFO-LOPEZ-MATEOS-POR-DENTRO-Y-POR-FUERA-5-560x373.jpeg 560w, https:\/\/cuernavaca.gob.mx\/wp-content\/uploads\/2024\/01\/COMPROMETIDO-JOSE-LUIS-URIOSTEGUI-CON-LOGRAR-DIGNIFICAR-EL-MERCADO-ADOLFO-LOPEZ-MATEOS-POR-DENTRO-Y-POR-FUERA-5.jpeg 1600w\" sizes=\"(max-width: 300px) 100vw, 300px\" \/> <img loading=\"lazy\" class=\"alignnone size-medium wp-image-36707\" src=\"https:\/\/cuernavaca.gob.mx\/wp-content\/uploads\/2024\/01\/COMPROMETIDO-JOSE-LUIS-URIOSTEGUI-CON-LOGRAR-DIGNIFICAR-EL-MERCADO-ADOLFO-LOPEZ-MATEOS-POR-DENTRO-Y-POR-FUERA-6-300x200.jpeg\" alt=\"\" width=\"300\" height=\"200\" srcset=\"https:\/\/cuernavaca.gob.mx\/wp-content\/uploads\/2024\/01\/COMPROMETIDO-JOSE-LUIS-URIOSTEGUI-CON-LOGRAR-DIGNIFICAR-EL-MERCADO-ADOLFO-LOPEZ-MATEOS-POR-DENTRO-Y-POR-FUERA-6-300x200.jpeg 300w, https:\/\/cuernavaca.gob.mx\/wp-content\/uploads\/2024\/01\/COMPROMETIDO-JOSE-LUIS-URIOSTEGUI-CON-LOGRAR-DIGNIFICAR-EL-MERCADO-ADOLFO-LOPEZ-MATEOS-POR-DENTRO-Y-POR-FUERA-6-1024x682.jpeg 1024w, https:\/\/cuernavaca.gob.mx\/wp-content\/uploads\/2024\/01\/COMPROMETIDO-JOSE-LUIS-URIOSTEGUI-CON-LOGRAR-DIGNIFICAR-EL-MERCADO-ADOLFO-LOPEZ-MATEOS-POR-DENTRO-Y-POR-FUERA-6-768x512.jpeg 768w, https:\/\/cuernavaca.gob.mx\/wp-content\/uploads\/2024\/01\/COMPROMETIDO-JOSE-LUIS-URIOSTEGUI-CON-LOGRAR-DIGNIFICAR-EL-MERCADO-ADOLFO-LOPEZ-MATEOS-POR-DENTRO-Y-POR-FUERA-6-1536x1023.jpeg 1536w, https:\/\/cuernavaca.gob.mx\/wp-content\/uploads\/2024\/01\/COMPROMETIDO-JOSE-LUIS-URIOSTEGUI-CON-LOGRAR-DIGNIFICAR-EL-MERCADO-ADOLFO-LOPEZ-MATEOS-POR-DENTRO-Y-POR-FUERA-6-600x400.jpeg 600w, https:\/\/cuernavaca.gob.mx\/wp-content\/uploads\/2024\/01\/COMPROMETIDO-JOSE-LUIS-URIOSTEGUI-CON-LOGRAR-DIGNIFICAR-EL-MERCADO-ADOLFO-LOPEZ-MATEOS-POR-DENTRO-Y-POR-FUERA-6-560x373.jpeg 560w, https:\/\/cuernavaca.gob.mx\/wp-content\/uploads\/2024\/01\/COMPROMETIDO-JOSE-LUIS-URIOSTEGUI-CON-LOGRAR-DIGNIFICAR-EL-MERCADO-ADOLFO-LOPEZ-MATEOS-POR-DENTRO-Y-POR-FUERA-6.jpeg 1600w\" sizes=\"(max-width: 300px) 100vw, 300px\" \/> <img loading=\"lazy\" class=\"alignnone size-medium wp-image-36708\" src=\"https:\/\/cuernavaca.gob.mx\/wp-content\/uploads\/2024\/01\/COMPROMETIDO-JOSE-LUIS-URIOSTEGUI-CON-LOGRAR-DIGNIFICAR-EL-MERCADO-ADOLFO-LOPEZ-MATEOS-POR-DENTRO-Y-POR-FUERA-7-300x200.jpeg\" alt=\"\" width=\"300\" height=\"200\" srcset=\"https:\/\/cuernavaca.gob.mx\/wp-content\/uploads\/2024\/01\/COMPROMETIDO-JOSE-LUIS-URIOSTEGUI-CON-LOGRAR-DIGNIFICAR-EL-MERCADO-ADOLFO-LOPEZ-MATEOS-POR-DENTRO-Y-POR-FUERA-7-300x200.jpeg 300w, https:\/\/cuernavaca.gob.mx\/wp-content\/uploads\/2024\/01\/COMPROMETIDO-JOSE-LUIS-URIOSTEGUI-CON-LOGRAR-DIGNIFICAR-EL-MERCADO-ADOLFO-LOPEZ-MATEOS-POR-DENTRO-Y-POR-FUERA-7-1024x682.jpeg 1024w, https:\/\/cuernavaca.gob.mx\/wp-content\/uploads\/2024\/01\/COMPROMETIDO-JOSE-LUIS-URIOSTEGUI-CON-LOGRAR-DIGNIFICAR-EL-MERCADO-ADOLFO-LOPEZ-MATEOS-POR-DENTRO-Y-POR-FUERA-7-768x512.jpeg 768w, https:\/\/cuernavaca.gob.mx\/wp-content\/uploads\/2024\/01\/COMPROMETIDO-JOSE-LUIS-URIOSTEGUI-CON-LOGRAR-DIGNIFICAR-EL-MERCADO-ADOLFO-LOPEZ-MATEOS-POR-DENTRO-Y-POR-FUERA-7-1536x1023.jpeg 1536w, https:\/\/cuernavaca.gob.mx\/wp-content\/uploads\/2024\/01\/COMPROMETIDO-JOSE-LUIS-URIOSTEGUI-CON-LOGRAR-DIGNIFICAR-EL-MERCADO-ADOLFO-LOPEZ-MATEOS-POR-DENTRO-Y-POR-FUERA-7-600x400.jpeg 600w, https:\/\/cuernavaca.gob.mx\/wp-content\/uploads\/2024\/01\/COMPROMETIDO-JOSE-LUIS-URIOSTEGUI-CON-LOGRAR-DIGNIFICAR-EL-MERCADO-ADOLFO-LOPEZ-MATEOS-POR-DENTRO-Y-POR-FUERA-7-560x373.jpeg 560w, https:\/\/cuernavaca.gob.mx\/wp-content\/uploads\/2024\/01\/COMPROMETIDO-JOSE-LUIS-URIOSTEGUI-CON-LOGRAR-DIGNIFICAR-EL-MERCADO-ADOLFO-LOPEZ-MATEOS-POR-DENTRO-Y-POR-FUERA-7.jpeg 1600w\" sizes=\"(max-width: 300px) 100vw, 300px\" \/><\/p>\n","protected":false},"excerpt":{"rendered":"<p>\u00b0 El presidente Municipal entreg\u00f3 la obra de reencarpetamiento con concreto asf\u00e1ltico del circuito Adolfo L\u00f3pez Mateos \u00b0 Desde el 2022 una de las prioridades ha sido atender de manera integral las necesidades de esta central de abastos Como parte del rescate del Centro Hist\u00f3rico que ha encabezado el Ayuntamiento de Cuernavaca, el presidente municipal, [&hellip;]<\/p>\n","protected":false},"author":1,"featured_media":36702,"comment_status":"closed","ping_status":"open","sticky":false,"template":"","format":"standard","meta":[],"categories":[18],"tags":[800,121,120,3192,206,232,358,127],"aioseo_notices":[],"_links":{"self":[{"href":"https:\/\/cuernavaca.gob.mx\/index.php?rest_route=\/wp\/v2\/posts\/36701"}],"collection":[{"href":"https:\/\/cuernavaca.gob.mx\/index.php?rest_route=\/wp\/v2\/posts"}],"about":[{"href":"https:\/\/cuernavaca.gob.mx\/index.php?rest_route=\/wp\/v2\/types\/post"}],"author":[{"embeddable":true,"href":"https:\/\/cuernavaca.gob.mx\/index.php?rest_route=\/wp\/v2\/users\/1"}],"replies":[{"embeddable":true,"href":"https:\/\/cuernavaca.gob.mx\/index.php?rest_route=%2Fwp%2Fv2%2Fcomments&post=36701"}],"version-history":[{"count":1,"href":"https:\/\/cuernavaca.gob.mx\/index.php?rest_route=\/wp\/v2\/posts\/36701\/revisions"}],"predecessor-version":[{"id":36709,"href":"https:\/\/cuernavaca.gob.mx\/index.php?rest_route=\/wp\/v2\/posts\/36701\/revisions\/36709"}],"wp:featuredmedia":[{"embeddable":true,"href":"https:\/\/cuernavaca.gob.mx\/index.php?rest_route=\/wp\/v2\/media\/36702"}],"wp:attachment":[{"href":"https:\/\/cuernavaca.gob.mx\/index.php?rest_route=%2Fwp%2Fv2%2Fmedia&parent=36701"}],"wp:term":[{"taxonomy":"category","embeddable":true,"href":"https:\/\/cuernavaca.gob.mx\/index.php?rest_route=%2Fwp%2Fv2%2Fcategories&post=36701"},{"taxonomy":"post_tag","embeddable":true,"href":"https:\/\/cuernavaca.gob.mx\/index.php?rest_route=%2Fwp%2Fv2%2Ftags&post=36701"}],"curies":[{"name":"wp","href":"https:\/\/api.w.org\/{rel}","templated":true}]}}