{"id":36710,"date":"2024-01-14T15:15:52","date_gmt":"2024-01-14T21:15:52","guid":{"rendered":"https:\/\/cuernavaca.gob.mx\/?p=36710"},"modified":"2024-01-14T16:10:26","modified_gmt":"2024-01-14T22:10:26","slug":"b1528-14-01-23-inicio-el-analisis-del-programa-anual-de-obra-publica-de-cuernavaca-que-se-ejecutara-en-2024","status":"publish","type":"post","link":"https:\/\/cuernavaca.gob.mx\/?p=36710","title":{"rendered":"B1528 14\/01\/24 INICI\u00d3 EL AN\u00c1LISIS DEL PROGRAMA ANUAL DE OBRA P\u00daBLICA DE CUERNAVACA QUE SE EJECUTAR\u00c1 EN 2024"},"content":{"rendered":"<p><strong>\u00b0 Se declar\u00f3 en sesi\u00f3n permanente el COPLADEMUN para definir de manera pronta las obras m\u00e1s apremiantes de este a\u00f1o<\/strong><\/p>\n<p><strong>\u00b0 Por segundo a\u00f1o consecutivo se contar\u00e1 con distintas bolsas para invertir en materia de obra p\u00fablica<\/strong><\/p>\n<p>Con el objetivo de seguir con el proceso para abatir el rezago en materia de obra p\u00fablica que mejoren la calidad de vida de los habitantes de Cuernavaca, el alcalde Jos\u00e9 Luis Uri\u00f3stegui Salgado, declar\u00f3 en sesi\u00f3n permanente el Comit\u00e9 de Planeaci\u00f3n para el Desarrollo Municipal (COPLADEMUN), para definir de manera pronta y de acuerdo a las necesidades m\u00e1s apremiantes el Programa Anual de Obra P\u00fablica 2024.<\/p>\n<p>En el marco de la cuarta sesi\u00f3n extraordinaria y tras la presentaci\u00f3n de un primer listado de obras propuestas con recursos propios municipales, del Fondo de Infraestructura Regional Municipal etiquetado por el Congreso de Morelos y del Fondo de Aportaciones para la Infraestructura Social (FAISMUN), Jos\u00e9 Luis Uri\u00f3stegui solicit\u00f3 a los integranted del COPLADEMUN, a los titulares de la Secretar\u00eda de Desarrollo Urbano y Obras P\u00fablicas y del Sistema de Agua Potable y Alcantarillado de Cuernavaca (SAPAC), elaborar una lista de prioridades conforme a la planeaci\u00f3n del desarrollo del municipio donde se determinen las zonas que requieren m\u00e1s obras para canalizar los recursos indispensables para ello.<\/p>\n<p>Precis\u00f3 que tal y como se hab\u00eda instruido previamente, con el Programa Anual de Obra P\u00fablica 2024 se busca atender aquellas colonias y poblados que no han sido beneficiados con proyectos de obra p\u00fablica, a fin de atender de manera homog\u00e9nea al territorio municipal con obras integrales que contemplen la reparaci\u00f3n de redes de agua potable, drenaje y luminarias, adem\u00e1s de la pavimentaci\u00f3n o reencarpetamiento, garantizando su uso por la ciudadan\u00eda.<\/p>\n<p>Dentro del listado de obras que se anunciaron se encuentran la sustituci\u00f3n de redes de agua en un aproximado de 40 kil\u00f3metros en calles y avenidas del municipio, como lo hab\u00eda informado previamente el alcalde; as\u00ed como la rehabilitaci\u00f3n del circuito de Avenida Universidad de la entrada norte a sur de la Universidad Aut\u00f3noma del Estado de Morelos (UAEM), la repavimentaci\u00f3n de la calle Motolin\u00eda, la construcci\u00f3n de escaleras y barandales en el pante\u00f3n de Tlaltenango, la rehabilitaci\u00f3n de calle Defensa Nacional, la repavimentaci\u00f3n de avenida Compositores, el drenaje pluvial de Paseo Cuauhnahuac, entre otros, adem\u00e1s de las 21 obras etiquetadas por el Congreso del Estado.<\/p>\n<p>A esta cuarta sesi\u00f3n extraordinaria, se acord\u00f3 darle celeridad a la revisi\u00f3n, an\u00e1lisis y en su caso aprobar el listado que sera turnado al Cabildo e iniciar con todos los procedimientos correspondientes para iniciar las obras.<\/p>\n<p>En esta sesi\u00f3n, participaron la s\u00edndica municipal, Ver\u00f3nica Atenco P\u00e9rez; los regidores Mireya Delgado Romero, Wendi Salinas Ruiz, Patricia Torres Rosales, Debendrenath Salazar Solorio, V\u00edctor Manzo God\u00ednez y Christian P\u00e9rez Jaimes; el Tesorero Municipal, Javier Arozarena Salazar y Dolores \u00c1lvarez D\u00edaz, Contralora municipal, el director del IMPLAN, Carlos Hern\u00e1ndez Ad\u00e1n, los Secretarios de Desarrollo Sustentable y Servicios P\u00fablicos, Israel Albavera V\u00e1zquez, de Desarrollo Econ\u00f3mico y Turismo, Humberto Paladino Valdovinos, y de Desarrollo Humano y Participaci\u00f3n Social, Laura Hern\u00e1ndez Cruz.<\/p>\n<p><img loading=\"lazy\" class=\"alignnone size-medium wp-image-36711\" src=\"https:\/\/cuernavaca.gob.mx\/wp-content\/uploads\/2024\/01\/INICIO-EL-ANALISIS-DEL-PROGRAMA-ANUAL-DE-OBRA-PUBLICA-DE-CUERNAVACA-QUE-SE-EJECUTARA-EN-2024-1-300x200.jpeg\" alt=\"\" width=\"300\" height=\"200\" srcset=\"https:\/\/cuernavaca.gob.mx\/wp-content\/uploads\/2024\/01\/INICIO-EL-ANALISIS-DEL-PROGRAMA-ANUAL-DE-OBRA-PUBLICA-DE-CUERNAVACA-QUE-SE-EJECUTARA-EN-2024-1-300x200.jpeg 300w, https:\/\/cuernavaca.gob.mx\/wp-content\/uploads\/2024\/01\/INICIO-EL-ANALISIS-DEL-PROGRAMA-ANUAL-DE-OBRA-PUBLICA-DE-CUERNAVACA-QUE-SE-EJECUTARA-EN-2024-1-1024x682.jpeg 1024w, https:\/\/cuernavaca.gob.mx\/wp-content\/uploads\/2024\/01\/INICIO-EL-ANALISIS-DEL-PROGRAMA-ANUAL-DE-OBRA-PUBLICA-DE-CUERNAVACA-QUE-SE-EJECUTARA-EN-2024-1-768x512.jpeg 768w, https:\/\/cuernavaca.gob.mx\/wp-content\/uploads\/2024\/01\/INICIO-EL-ANALISIS-DEL-PROGRAMA-ANUAL-DE-OBRA-PUBLICA-DE-CUERNAVACA-QUE-SE-EJECUTARA-EN-2024-1-1536x1023.jpeg 1536w, https:\/\/cuernavaca.gob.mx\/wp-content\/uploads\/2024\/01\/INICIO-EL-ANALISIS-DEL-PROGRAMA-ANUAL-DE-OBRA-PUBLICA-DE-CUERNAVACA-QUE-SE-EJECUTARA-EN-2024-1-600x400.jpeg 600w, https:\/\/cuernavaca.gob.mx\/wp-content\/uploads\/2024\/01\/INICIO-EL-ANALISIS-DEL-PROGRAMA-ANUAL-DE-OBRA-PUBLICA-DE-CUERNAVACA-QUE-SE-EJECUTARA-EN-2024-1-560x373.jpeg 560w, https:\/\/cuernavaca.gob.mx\/wp-content\/uploads\/2024\/01\/INICIO-EL-ANALISIS-DEL-PROGRAMA-ANUAL-DE-OBRA-PUBLICA-DE-CUERNAVACA-QUE-SE-EJECUTARA-EN-2024-1.jpeg 1600w\" sizes=\"(max-width: 300px) 100vw, 300px\" \/> <img loading=\"lazy\" class=\"alignnone size-medium wp-image-36712\" src=\"https:\/\/cuernavaca.gob.mx\/wp-content\/uploads\/2024\/01\/INICIO-EL-ANALISIS-DEL-PROGRAMA-ANUAL-DE-OBRA-PUBLICA-DE-CUERNAVACA-QUE-SE-EJECUTARA-EN-2024-2-300x200.jpeg\" alt=\"\" width=\"300\" height=\"200\" srcset=\"https:\/\/cuernavaca.gob.mx\/wp-content\/uploads\/2024\/01\/INICIO-EL-ANALISIS-DEL-PROGRAMA-ANUAL-DE-OBRA-PUBLICA-DE-CUERNAVACA-QUE-SE-EJECUTARA-EN-2024-2-300x200.jpeg 300w, https:\/\/cuernavaca.gob.mx\/wp-content\/uploads\/2024\/01\/INICIO-EL-ANALISIS-DEL-PROGRAMA-ANUAL-DE-OBRA-PUBLICA-DE-CUERNAVACA-QUE-SE-EJECUTARA-EN-2024-2-1024x682.jpeg 1024w, https:\/\/cuernavaca.gob.mx\/wp-content\/uploads\/2024\/01\/INICIO-EL-ANALISIS-DEL-PROGRAMA-ANUAL-DE-OBRA-PUBLICA-DE-CUERNAVACA-QUE-SE-EJECUTARA-EN-2024-2-768x512.jpeg 768w, https:\/\/cuernavaca.gob.mx\/wp-content\/uploads\/2024\/01\/INICIO-EL-ANALISIS-DEL-PROGRAMA-ANUAL-DE-OBRA-PUBLICA-DE-CUERNAVACA-QUE-SE-EJECUTARA-EN-2024-2-1536x1023.jpeg 1536w, https:\/\/cuernavaca.gob.mx\/wp-content\/uploads\/2024\/01\/INICIO-EL-ANALISIS-DEL-PROGRAMA-ANUAL-DE-OBRA-PUBLICA-DE-CUERNAVACA-QUE-SE-EJECUTARA-EN-2024-2-600x400.jpeg 600w, https:\/\/cuernavaca.gob.mx\/wp-content\/uploads\/2024\/01\/INICIO-EL-ANALISIS-DEL-PROGRAMA-ANUAL-DE-OBRA-PUBLICA-DE-CUERNAVACA-QUE-SE-EJECUTARA-EN-2024-2-560x373.jpeg 560w, https:\/\/cuernavaca.gob.mx\/wp-content\/uploads\/2024\/01\/INICIO-EL-ANALISIS-DEL-PROGRAMA-ANUAL-DE-OBRA-PUBLICA-DE-CUERNAVACA-QUE-SE-EJECUTARA-EN-2024-2.jpeg 1600w\" sizes=\"(max-width: 300px) 100vw, 300px\" \/> <img loading=\"lazy\" class=\"alignnone size-medium wp-image-36713\" src=\"https:\/\/cuernavaca.gob.mx\/wp-content\/uploads\/2024\/01\/INICIO-EL-ANALISIS-DEL-PROGRAMA-ANUAL-DE-OBRA-PUBLICA-DE-CUERNAVACA-QUE-SE-EJECUTARA-EN-2024-3-300x200.jpeg\" alt=\"\" width=\"300\" height=\"200\" srcset=\"https:\/\/cuernavaca.gob.mx\/wp-content\/uploads\/2024\/01\/INICIO-EL-ANALISIS-DEL-PROGRAMA-ANUAL-DE-OBRA-PUBLICA-DE-CUERNAVACA-QUE-SE-EJECUTARA-EN-2024-3-300x200.jpeg 300w, https:\/\/cuernavaca.gob.mx\/wp-content\/uploads\/2024\/01\/INICIO-EL-ANALISIS-DEL-PROGRAMA-ANUAL-DE-OBRA-PUBLICA-DE-CUERNAVACA-QUE-SE-EJECUTARA-EN-2024-3-1024x682.jpeg 1024w, https:\/\/cuernavaca.gob.mx\/wp-content\/uploads\/2024\/01\/INICIO-EL-ANALISIS-DEL-PROGRAMA-ANUAL-DE-OBRA-PUBLICA-DE-CUERNAVACA-QUE-SE-EJECUTARA-EN-2024-3-768x512.jpeg 768w, https:\/\/cuernavaca.gob.mx\/wp-content\/uploads\/2024\/01\/INICIO-EL-ANALISIS-DEL-PROGRAMA-ANUAL-DE-OBRA-PUBLICA-DE-CUERNAVACA-QUE-SE-EJECUTARA-EN-2024-3-1536x1023.jpeg 1536w, https:\/\/cuernavaca.gob.mx\/wp-content\/uploads\/2024\/01\/INICIO-EL-ANALISIS-DEL-PROGRAMA-ANUAL-DE-OBRA-PUBLICA-DE-CUERNAVACA-QUE-SE-EJECUTARA-EN-2024-3-600x400.jpeg 600w, https:\/\/cuernavaca.gob.mx\/wp-content\/uploads\/2024\/01\/INICIO-EL-ANALISIS-DEL-PROGRAMA-ANUAL-DE-OBRA-PUBLICA-DE-CUERNAVACA-QUE-SE-EJECUTARA-EN-2024-3-560x373.jpeg 560w, https:\/\/cuernavaca.gob.mx\/wp-content\/uploads\/2024\/01\/INICIO-EL-ANALISIS-DEL-PROGRAMA-ANUAL-DE-OBRA-PUBLICA-DE-CUERNAVACA-QUE-SE-EJECUTARA-EN-2024-3.jpeg 1600w\" sizes=\"(max-width: 300px) 100vw, 300px\" \/> <img loading=\"lazy\" class=\"alignnone size-medium wp-image-36714\" src=\"https:\/\/cuernavaca.gob.mx\/wp-content\/uploads\/2024\/01\/INICIO-EL-ANALISIS-DEL-PROGRAMA-ANUAL-DE-OBRA-PUBLICA-DE-CUERNAVACA-QUE-SE-EJECUTARA-EN-2024-4-300x200.jpeg\" alt=\"\" width=\"300\" height=\"200\" srcset=\"https:\/\/cuernavaca.gob.mx\/wp-content\/uploads\/2024\/01\/INICIO-EL-ANALISIS-DEL-PROGRAMA-ANUAL-DE-OBRA-PUBLICA-DE-CUERNAVACA-QUE-SE-EJECUTARA-EN-2024-4-300x200.jpeg 300w, https:\/\/cuernavaca.gob.mx\/wp-content\/uploads\/2024\/01\/INICIO-EL-ANALISIS-DEL-PROGRAMA-ANUAL-DE-OBRA-PUBLICA-DE-CUERNAVACA-QUE-SE-EJECUTARA-EN-2024-4-1024x682.jpeg 1024w, https:\/\/cuernavaca.gob.mx\/wp-content\/uploads\/2024\/01\/INICIO-EL-ANALISIS-DEL-PROGRAMA-ANUAL-DE-OBRA-PUBLICA-DE-CUERNAVACA-QUE-SE-EJECUTARA-EN-2024-4-768x512.jpeg 768w, https:\/\/cuernavaca.gob.mx\/wp-content\/uploads\/2024\/01\/INICIO-EL-ANALISIS-DEL-PROGRAMA-ANUAL-DE-OBRA-PUBLICA-DE-CUERNAVACA-QUE-SE-EJECUTARA-EN-2024-4-1536x1023.jpeg 1536w, https:\/\/cuernavaca.gob.mx\/wp-content\/uploads\/2024\/01\/INICIO-EL-ANALISIS-DEL-PROGRAMA-ANUAL-DE-OBRA-PUBLICA-DE-CUERNAVACA-QUE-SE-EJECUTARA-EN-2024-4-600x400.jpeg 600w, https:\/\/cuernavaca.gob.mx\/wp-content\/uploads\/2024\/01\/INICIO-EL-ANALISIS-DEL-PROGRAMA-ANUAL-DE-OBRA-PUBLICA-DE-CUERNAVACA-QUE-SE-EJECUTARA-EN-2024-4-560x373.jpeg 560w, https:\/\/cuernavaca.gob.mx\/wp-content\/uploads\/2024\/01\/INICIO-EL-ANALISIS-DEL-PROGRAMA-ANUAL-DE-OBRA-PUBLICA-DE-CUERNAVACA-QUE-SE-EJECUTARA-EN-2024-4.jpeg 1600w\" sizes=\"(max-width: 300px) 100vw, 300px\" \/> <img loading=\"lazy\" class=\"alignnone size-medium wp-image-36715\" src=\"https:\/\/cuernavaca.gob.mx\/wp-content\/uploads\/2024\/01\/INICIO-EL-ANALISIS-DEL-PROGRAMA-ANUAL-DE-OBRA-PUBLICA-DE-CUERNAVACA-QUE-SE-EJECUTARA-EN-2024-5-300x200.jpeg\" alt=\"\" width=\"300\" height=\"200\" srcset=\"https:\/\/cuernavaca.gob.mx\/wp-content\/uploads\/2024\/01\/INICIO-EL-ANALISIS-DEL-PROGRAMA-ANUAL-DE-OBRA-PUBLICA-DE-CUERNAVACA-QUE-SE-EJECUTARA-EN-2024-5-300x200.jpeg 300w, https:\/\/cuernavaca.gob.mx\/wp-content\/uploads\/2024\/01\/INICIO-EL-ANALISIS-DEL-PROGRAMA-ANUAL-DE-OBRA-PUBLICA-DE-CUERNAVACA-QUE-SE-EJECUTARA-EN-2024-5-1024x682.jpeg 1024w, https:\/\/cuernavaca.gob.mx\/wp-content\/uploads\/2024\/01\/INICIO-EL-ANALISIS-DEL-PROGRAMA-ANUAL-DE-OBRA-PUBLICA-DE-CUERNAVACA-QUE-SE-EJECUTARA-EN-2024-5-768x512.jpeg 768w, https:\/\/cuernavaca.gob.mx\/wp-content\/uploads\/2024\/01\/INICIO-EL-ANALISIS-DEL-PROGRAMA-ANUAL-DE-OBRA-PUBLICA-DE-CUERNAVACA-QUE-SE-EJECUTARA-EN-2024-5-1536x1023.jpeg 1536w, https:\/\/cuernavaca.gob.mx\/wp-content\/uploads\/2024\/01\/INICIO-EL-ANALISIS-DEL-PROGRAMA-ANUAL-DE-OBRA-PUBLICA-DE-CUERNAVACA-QUE-SE-EJECUTARA-EN-2024-5-600x400.jpeg 600w, https:\/\/cuernavaca.gob.mx\/wp-content\/uploads\/2024\/01\/INICIO-EL-ANALISIS-DEL-PROGRAMA-ANUAL-DE-OBRA-PUBLICA-DE-CUERNAVACA-QUE-SE-EJECUTARA-EN-2024-5-560x373.jpeg 560w, https:\/\/cuernavaca.gob.mx\/wp-content\/uploads\/2024\/01\/INICIO-EL-ANALISIS-DEL-PROGRAMA-ANUAL-DE-OBRA-PUBLICA-DE-CUERNAVACA-QUE-SE-EJECUTARA-EN-2024-5.jpeg 1600w\" sizes=\"(max-width: 300px) 100vw, 300px\" \/> <img loading=\"lazy\" class=\"alignnone size-medium wp-image-36716\" src=\"https:\/\/cuernavaca.gob.mx\/wp-content\/uploads\/2024\/01\/INICIO-EL-ANALISIS-DEL-PROGRAMA-ANUAL-DE-OBRA-PUBLICA-DE-CUERNAVACA-QUE-SE-EJECUTARA-EN-2024-6-300x200.jpeg\" alt=\"\" width=\"300\" height=\"200\" srcset=\"https:\/\/cuernavaca.gob.mx\/wp-content\/uploads\/2024\/01\/INICIO-EL-ANALISIS-DEL-PROGRAMA-ANUAL-DE-OBRA-PUBLICA-DE-CUERNAVACA-QUE-SE-EJECUTARA-EN-2024-6-300x200.jpeg 300w, https:\/\/cuernavaca.gob.mx\/wp-content\/uploads\/2024\/01\/INICIO-EL-ANALISIS-DEL-PROGRAMA-ANUAL-DE-OBRA-PUBLICA-DE-CUERNAVACA-QUE-SE-EJECUTARA-EN-2024-6-1024x682.jpeg 1024w, https:\/\/cuernavaca.gob.mx\/wp-content\/uploads\/2024\/01\/INICIO-EL-ANALISIS-DEL-PROGRAMA-ANUAL-DE-OBRA-PUBLICA-DE-CUERNAVACA-QUE-SE-EJECUTARA-EN-2024-6-768x512.jpeg 768w, https:\/\/cuernavaca.gob.mx\/wp-content\/uploads\/2024\/01\/INICIO-EL-ANALISIS-DEL-PROGRAMA-ANUAL-DE-OBRA-PUBLICA-DE-CUERNAVACA-QUE-SE-EJECUTARA-EN-2024-6-1536x1023.jpeg 1536w, https:\/\/cuernavaca.gob.mx\/wp-content\/uploads\/2024\/01\/INICIO-EL-ANALISIS-DEL-PROGRAMA-ANUAL-DE-OBRA-PUBLICA-DE-CUERNAVACA-QUE-SE-EJECUTARA-EN-2024-6-600x400.jpeg 600w, https:\/\/cuernavaca.gob.mx\/wp-content\/uploads\/2024\/01\/INICIO-EL-ANALISIS-DEL-PROGRAMA-ANUAL-DE-OBRA-PUBLICA-DE-CUERNAVACA-QUE-SE-EJECUTARA-EN-2024-6-560x373.jpeg 560w, https:\/\/cuernavaca.gob.mx\/wp-content\/uploads\/2024\/01\/INICIO-EL-ANALISIS-DEL-PROGRAMA-ANUAL-DE-OBRA-PUBLICA-DE-CUERNAVACA-QUE-SE-EJECUTARA-EN-2024-6.jpeg 1600w\" sizes=\"(max-width: 300px) 100vw, 300px\" \/><\/p>\n","protected":false},"excerpt":{"rendered":"<p>\u00b0 Se declar\u00f3 en sesi\u00f3n permanente el COPLADEMUN para definir de manera pronta las obras m\u00e1s apremiantes de este a\u00f1o \u00b0 Por segundo a\u00f1o consecutivo se contar\u00e1 con distintas bolsas para invertir en materia de obra p\u00fablica Con el objetivo de seguir con el proceso para abatir el rezago en materia de obra p\u00fablica que [&hellip;]<\/p>\n","protected":false},"author":1,"featured_media":36716,"comment_status":"closed","ping_status":"open","sticky":false,"template":"","format":"standard","meta":[],"categories":[20],"tags":[121,515,120,206,356,232,127],"aioseo_notices":[],"_links":{"self":[{"href":"https:\/\/cuernavaca.gob.mx\/index.php?rest_route=\/wp\/v2\/posts\/36710"}],"collection":[{"href":"https:\/\/cuernavaca.gob.mx\/index.php?rest_route=\/wp\/v2\/posts"}],"about":[{"href":"https:\/\/cuernavaca.gob.mx\/index.php?rest_route=\/wp\/v2\/types\/post"}],"author":[{"embeddable":true,"href":"https:\/\/cuernavaca.gob.mx\/index.php?rest_route=\/wp\/v2\/users\/1"}],"replies":[{"embeddable":true,"href":"https:\/\/cuernavaca.gob.mx\/index.php?rest_route=%2Fwp%2Fv2%2Fcomments&post=36710"}],"version-history":[{"count":2,"href":"https:\/\/cuernavaca.gob.mx\/index.php?rest_route=\/wp\/v2\/posts\/36710\/revisions"}],"predecessor-version":[{"id":36718,"href":"https:\/\/cuernavaca.gob.mx\/index.php?rest_route=\/wp\/v2\/posts\/36710\/revisions\/36718"}],"wp:featuredmedia":[{"embeddable":true,"href":"https:\/\/cuernavaca.gob.mx\/index.php?rest_route=\/wp\/v2\/media\/36716"}],"wp:attachment":[{"href":"https:\/\/cuernavaca.gob.mx\/index.php?rest_route=%2Fwp%2Fv2%2Fmedia&parent=36710"}],"wp:term":[{"taxonomy":"category","embeddable":true,"href":"https:\/\/cuernavaca.gob.mx\/index.php?rest_route=%2Fwp%2Fv2%2Fcategories&post=36710"},{"taxonomy":"post_tag","embeddable":true,"href":"https:\/\/cuernavaca.gob.mx\/index.php?rest_route=%2Fwp%2Fv2%2Ftags&post=36710"}],"curies":[{"name":"wp","href":"https:\/\/api.w.org\/{rel}","templated":true}]}}