{"id":36787,"date":"2024-01-15T12:00:43","date_gmt":"2024-01-15T18:00:43","guid":{"rendered":"https:\/\/cuernavaca.gob.mx\/?p=36787"},"modified":"2024-01-15T13:22:44","modified_gmt":"2024-01-15T19:22:44","slug":"b1529-15-01-24-jose-luis-uriostegui-invita-a-ninas-y-ninos-a-participar-en-la-segunda-edicion-del-programa-de-becas-del-ayuntamiento-de-cuernavaca","status":"publish","type":"post","link":"https:\/\/cuernavaca.gob.mx\/?p=36787","title":{"rendered":"B1529 15\/01\/24 JOS\u00c9 LUIS URI\u00d3STEGUI INVITA A NI\u00d1AS Y NI\u00d1OS A PARTICIPAR EN LA SEGUNDA EDICI\u00d3N DEL PROGRAMA DE BECAS DEL AYUNTAMIENTO DE CUERNAVACA"},"content":{"rendered":"<p><strong>\u2022 El alcalde capitalino encabez\u00f3 este lunes la ceremonia c\u00edvica de honores a la bandera de la escuela primaria Ejercito Mexicano en Buena Vista<\/strong><\/p>\n<p><strong>\u2022 Ante estudiantes, docentes, madres y padres de familia enfatiz\u00f3 las acciones para fortalecer a la educaci\u00f3n a trav\u00e9s de la entrega de becas escolares que eviten la deserci\u00f3n escolar y apoyen la econom\u00eda familiar<\/strong><\/p>\n<p>El presidente municipal de Cuernavaca, Jos\u00e9 Luis Uri\u00f3stegui Salgado, invit\u00f3 a ni\u00f1as y ni\u00f1os a participar este a\u00f1o en el programa de Becas que impulsa su administraci\u00f3n, en busca evitar la deserci\u00f3n escolar a trav\u00e9s de la entrega de un apoyo econ\u00f3mico de dos mil 500 pesos en una sola ocasi\u00f3n en materia de excelencia acad\u00e9mica y vulnerabilidad econ\u00f3mica a estudiantes de sexto grado de primaria y primero de secundaria de planteles educativos ubicados dentro del municipio.<\/p>\n<p>Lo anterior lo se\u00f1al\u00f3 Jos\u00e9 Luis Uri\u00f3stegui este lunes, al encabezar este lunes la ceremonia c\u00edvica de honores a la bandera en la escuela primaria Ejercito Mexicano, donde a invitaci\u00f3n de la directora, Sandra Adelina Pinz\u00f3n S\u00e1nchez, el alcalde entreg\u00f3 el l\u00e1baro patrio a la escolta conformada por ni\u00f1as de cuarto grado de primaria grupo B que estuvieron a cargo de los honores.<\/p>\n<p>Acompa\u00f1ado de la profesora Helga Gaona De Stefani en representaci\u00f3n la supervisora de la zona escolar 28, M\u00f3nica L\u00f3pez Jaramillo; de maestros y maestros, as\u00ed como madres y padres de familia, Jos\u00e9 Luis Uri\u00f3stegui, destac\u00f3 que para garantizar un mayor alcance de personas beneficiadas desde el Cabildo est\u00e1n llevando a cabo las adecuaciones correspondientes al reglamento de becas, a fin de que este a\u00f1o puedan agilizar las cuestiones administrativas, haciendo m\u00e1s pr\u00e1ctico el proceso de entrega tras un primer ejercicio donde se establecieron los mecanismos necesarios para ello.<\/p>\n<p>Precis\u00f3 que al estar a una semana de haber reanudado clases del ciclo escolar 2023- 2024 todas y todos tienen la misma oportunidad de participar y mejorar su desempe\u00f1o para acceder a la beca de excelencia acad\u00e9mica que pide como requisito un promedio de nueve a 10, misma que ser\u00e1 entrega entre los meses de octubre y noviembre, adem\u00e1s de la modalidad de vulnerabilidad econ\u00f3mica que tiene como objetivo ayudar a la econom\u00eda familiar, adquiriendo lo que necesiten para que sus hijas e hijos vayan a la escuela.<\/p>\n<p>Finalmente, Jos\u00e9 Luis Uri\u00f3stegui puntualiz\u00f3 que este 2024 tambi\u00e9n estar\u00e1 vigente por segunda ocasi\u00f3n el programa de Presupuesto Social Ciudadano, mediante el cual se pretende establecer una mejora sustancial m\u00e1s pronta en cuanto a las obras que las propias comunidades determinen que es conveniente hacer, aportando el municipio el material y las comunidades la mano de obra y el material complementario para hacer peque\u00f1as obras que tengan un costo promedio de cien mil pesos y hagan una diferencia entre el antes y el despu\u00e9s.<\/p>\n<p>Las convocatorias de ambos programas ser\u00e1n publicadas en las redes oficiales y p\u00e1gina web del Ayuntamiento de Cuernavaca en su oportunidad, y con el tiempo suficiente para que la poblaci\u00f3n pueda acceder a ellas.<\/p>\n<p><img loading=\"lazy\" class=\"alignnone size-medium wp-image-36797\" src=\"https:\/\/cuernavaca.gob.mx\/wp-content\/uploads\/2024\/01\/JOSE\u0301-LUIS-URIO\u0301STEGUI-INVITA-A-NIN\u0303AS-Y-NIN\u0303OS-A-PARTICIPAR-EN-LA-SEGUNDA-EDICIO\u0301N-DEL-PROGRAMA-DE-BECAS-DEL-AYUNTAMIENTO-DE-CUERNAVACA-1-300x200.jpg\" alt=\"\" width=\"300\" height=\"200\" srcset=\"https:\/\/cuernavaca.gob.mx\/wp-content\/uploads\/2024\/01\/JOSE\u0301-LUIS-URIO\u0301STEGUI-INVITA-A-NIN\u0303AS-Y-NIN\u0303OS-A-PARTICIPAR-EN-LA-SEGUNDA-EDICIO\u0301N-DEL-PROGRAMA-DE-BECAS-DEL-AYUNTAMIENTO-DE-CUERNAVACA-1-300x200.jpg 300w, https:\/\/cuernavaca.gob.mx\/wp-content\/uploads\/2024\/01\/JOSE\u0301-LUIS-URIO\u0301STEGUI-INVITA-A-NIN\u0303AS-Y-NIN\u0303OS-A-PARTICIPAR-EN-LA-SEGUNDA-EDICIO\u0301N-DEL-PROGRAMA-DE-BECAS-DEL-AYUNTAMIENTO-DE-CUERNAVACA-1-1024x682.jpg 1024w, https:\/\/cuernavaca.gob.mx\/wp-content\/uploads\/2024\/01\/JOSE\u0301-LUIS-URIO\u0301STEGUI-INVITA-A-NIN\u0303AS-Y-NIN\u0303OS-A-PARTICIPAR-EN-LA-SEGUNDA-EDICIO\u0301N-DEL-PROGRAMA-DE-BECAS-DEL-AYUNTAMIENTO-DE-CUERNAVACA-1-768x512.jpg 768w, https:\/\/cuernavaca.gob.mx\/wp-content\/uploads\/2024\/01\/JOSE\u0301-LUIS-URIO\u0301STEGUI-INVITA-A-NIN\u0303AS-Y-NIN\u0303OS-A-PARTICIPAR-EN-LA-SEGUNDA-EDICIO\u0301N-DEL-PROGRAMA-DE-BECAS-DEL-AYUNTAMIENTO-DE-CUERNAVACA-1-1536x1023.jpg 1536w, https:\/\/cuernavaca.gob.mx\/wp-content\/uploads\/2024\/01\/JOSE\u0301-LUIS-URIO\u0301STEGUI-INVITA-A-NIN\u0303AS-Y-NIN\u0303OS-A-PARTICIPAR-EN-LA-SEGUNDA-EDICIO\u0301N-DEL-PROGRAMA-DE-BECAS-DEL-AYUNTAMIENTO-DE-CUERNAVACA-1-600x400.jpg 600w, https:\/\/cuernavaca.gob.mx\/wp-content\/uploads\/2024\/01\/JOSE\u0301-LUIS-URIO\u0301STEGUI-INVITA-A-NIN\u0303AS-Y-NIN\u0303OS-A-PARTICIPAR-EN-LA-SEGUNDA-EDICIO\u0301N-DEL-PROGRAMA-DE-BECAS-DEL-AYUNTAMIENTO-DE-CUERNAVACA-1-560x373.jpg 560w, https:\/\/cuernavaca.gob.mx\/wp-content\/uploads\/2024\/01\/JOSE\u0301-LUIS-URIO\u0301STEGUI-INVITA-A-NIN\u0303AS-Y-NIN\u0303OS-A-PARTICIPAR-EN-LA-SEGUNDA-EDICIO\u0301N-DEL-PROGRAMA-DE-BECAS-DEL-AYUNTAMIENTO-DE-CUERNAVACA-1.jpg 1600w\" sizes=\"(max-width: 300px) 100vw, 300px\" \/> <img loading=\"lazy\" class=\"alignnone size-medium wp-image-36798\" src=\"https:\/\/cuernavaca.gob.mx\/wp-content\/uploads\/2024\/01\/JOSE\u0301-LUIS-URIO\u0301STEGUI-INVITA-A-NIN\u0303AS-Y-NIN\u0303OS-A-PARTICIPAR-EN-LA-SEGUNDA-EDICIO\u0301N-DEL-PROGRAMA-DE-BECAS-DEL-AYUNTAMIENTO-DE-CUERNAVACA-2-300x200.jpg\" alt=\"\" width=\"300\" height=\"200\" srcset=\"https:\/\/cuernavaca.gob.mx\/wp-content\/uploads\/2024\/01\/JOSE\u0301-LUIS-URIO\u0301STEGUI-INVITA-A-NIN\u0303AS-Y-NIN\u0303OS-A-PARTICIPAR-EN-LA-SEGUNDA-EDICIO\u0301N-DEL-PROGRAMA-DE-BECAS-DEL-AYUNTAMIENTO-DE-CUERNAVACA-2-300x200.jpg 300w, https:\/\/cuernavaca.gob.mx\/wp-content\/uploads\/2024\/01\/JOSE\u0301-LUIS-URIO\u0301STEGUI-INVITA-A-NIN\u0303AS-Y-NIN\u0303OS-A-PARTICIPAR-EN-LA-SEGUNDA-EDICIO\u0301N-DEL-PROGRAMA-DE-BECAS-DEL-AYUNTAMIENTO-DE-CUERNAVACA-2-1024x682.jpg 1024w, https:\/\/cuernavaca.gob.mx\/wp-content\/uploads\/2024\/01\/JOSE\u0301-LUIS-URIO\u0301STEGUI-INVITA-A-NIN\u0303AS-Y-NIN\u0303OS-A-PARTICIPAR-EN-LA-SEGUNDA-EDICIO\u0301N-DEL-PROGRAMA-DE-BECAS-DEL-AYUNTAMIENTO-DE-CUERNAVACA-2-768x512.jpg 768w, https:\/\/cuernavaca.gob.mx\/wp-content\/uploads\/2024\/01\/JOSE\u0301-LUIS-URIO\u0301STEGUI-INVITA-A-NIN\u0303AS-Y-NIN\u0303OS-A-PARTICIPAR-EN-LA-SEGUNDA-EDICIO\u0301N-DEL-PROGRAMA-DE-BECAS-DEL-AYUNTAMIENTO-DE-CUERNAVACA-2-1536x1023.jpg 1536w, https:\/\/cuernavaca.gob.mx\/wp-content\/uploads\/2024\/01\/JOSE\u0301-LUIS-URIO\u0301STEGUI-INVITA-A-NIN\u0303AS-Y-NIN\u0303OS-A-PARTICIPAR-EN-LA-SEGUNDA-EDICIO\u0301N-DEL-PROGRAMA-DE-BECAS-DEL-AYUNTAMIENTO-DE-CUERNAVACA-2-600x400.jpg 600w, https:\/\/cuernavaca.gob.mx\/wp-content\/uploads\/2024\/01\/JOSE\u0301-LUIS-URIO\u0301STEGUI-INVITA-A-NIN\u0303AS-Y-NIN\u0303OS-A-PARTICIPAR-EN-LA-SEGUNDA-EDICIO\u0301N-DEL-PROGRAMA-DE-BECAS-DEL-AYUNTAMIENTO-DE-CUERNAVACA-2-560x373.jpg 560w, https:\/\/cuernavaca.gob.mx\/wp-content\/uploads\/2024\/01\/JOSE\u0301-LUIS-URIO\u0301STEGUI-INVITA-A-NIN\u0303AS-Y-NIN\u0303OS-A-PARTICIPAR-EN-LA-SEGUNDA-EDICIO\u0301N-DEL-PROGRAMA-DE-BECAS-DEL-AYUNTAMIENTO-DE-CUERNAVACA-2.jpg 1600w\" sizes=\"(max-width: 300px) 100vw, 300px\" \/> <img loading=\"lazy\" class=\"alignnone size-medium wp-image-36799\" src=\"https:\/\/cuernavaca.gob.mx\/wp-content\/uploads\/2024\/01\/JOSE\u0301-LUIS-URIO\u0301STEGUI-INVITA-A-NIN\u0303AS-Y-NIN\u0303OS-A-PARTICIPAR-EN-LA-SEGUNDA-EDICIO\u0301N-DEL-PROGRAMA-DE-BECAS-DEL-AYUNTAMIENTO-DE-CUERNAVACA-3-300x200.jpg\" alt=\"\" width=\"300\" height=\"200\" srcset=\"https:\/\/cuernavaca.gob.mx\/wp-content\/uploads\/2024\/01\/JOSE\u0301-LUIS-URIO\u0301STEGUI-INVITA-A-NIN\u0303AS-Y-NIN\u0303OS-A-PARTICIPAR-EN-LA-SEGUNDA-EDICIO\u0301N-DEL-PROGRAMA-DE-BECAS-DEL-AYUNTAMIENTO-DE-CUERNAVACA-3-300x200.jpg 300w, https:\/\/cuernavaca.gob.mx\/wp-content\/uploads\/2024\/01\/JOSE\u0301-LUIS-URIO\u0301STEGUI-INVITA-A-NIN\u0303AS-Y-NIN\u0303OS-A-PARTICIPAR-EN-LA-SEGUNDA-EDICIO\u0301N-DEL-PROGRAMA-DE-BECAS-DEL-AYUNTAMIENTO-DE-CUERNAVACA-3-1024x682.jpg 1024w, https:\/\/cuernavaca.gob.mx\/wp-content\/uploads\/2024\/01\/JOSE\u0301-LUIS-URIO\u0301STEGUI-INVITA-A-NIN\u0303AS-Y-NIN\u0303OS-A-PARTICIPAR-EN-LA-SEGUNDA-EDICIO\u0301N-DEL-PROGRAMA-DE-BECAS-DEL-AYUNTAMIENTO-DE-CUERNAVACA-3-768x512.jpg 768w, https:\/\/cuernavaca.gob.mx\/wp-content\/uploads\/2024\/01\/JOSE\u0301-LUIS-URIO\u0301STEGUI-INVITA-A-NIN\u0303AS-Y-NIN\u0303OS-A-PARTICIPAR-EN-LA-SEGUNDA-EDICIO\u0301N-DEL-PROGRAMA-DE-BECAS-DEL-AYUNTAMIENTO-DE-CUERNAVACA-3-1536x1023.jpg 1536w, https:\/\/cuernavaca.gob.mx\/wp-content\/uploads\/2024\/01\/JOSE\u0301-LUIS-URIO\u0301STEGUI-INVITA-A-NIN\u0303AS-Y-NIN\u0303OS-A-PARTICIPAR-EN-LA-SEGUNDA-EDICIO\u0301N-DEL-PROGRAMA-DE-BECAS-DEL-AYUNTAMIENTO-DE-CUERNAVACA-3-600x400.jpg 600w, https:\/\/cuernavaca.gob.mx\/wp-content\/uploads\/2024\/01\/JOSE\u0301-LUIS-URIO\u0301STEGUI-INVITA-A-NIN\u0303AS-Y-NIN\u0303OS-A-PARTICIPAR-EN-LA-SEGUNDA-EDICIO\u0301N-DEL-PROGRAMA-DE-BECAS-DEL-AYUNTAMIENTO-DE-CUERNAVACA-3-560x373.jpg 560w, https:\/\/cuernavaca.gob.mx\/wp-content\/uploads\/2024\/01\/JOSE\u0301-LUIS-URIO\u0301STEGUI-INVITA-A-NIN\u0303AS-Y-NIN\u0303OS-A-PARTICIPAR-EN-LA-SEGUNDA-EDICIO\u0301N-DEL-PROGRAMA-DE-BECAS-DEL-AYUNTAMIENTO-DE-CUERNAVACA-3.jpg 1600w\" sizes=\"(max-width: 300px) 100vw, 300px\" \/> <img loading=\"lazy\" class=\"alignnone size-medium wp-image-36800\" src=\"https:\/\/cuernavaca.gob.mx\/wp-content\/uploads\/2024\/01\/JOSE\u0301-LUIS-URIO\u0301STEGUI-INVITA-A-NIN\u0303AS-Y-NIN\u0303OS-A-PARTICIPAR-EN-LA-SEGUNDA-EDICIO\u0301N-DEL-PROGRAMA-DE-BECAS-DEL-AYUNTAMIENTO-DE-CUERNAVACA-4-300x200.jpg\" alt=\"\" width=\"300\" height=\"200\" srcset=\"https:\/\/cuernavaca.gob.mx\/wp-content\/uploads\/2024\/01\/JOSE\u0301-LUIS-URIO\u0301STEGUI-INVITA-A-NIN\u0303AS-Y-NIN\u0303OS-A-PARTICIPAR-EN-LA-SEGUNDA-EDICIO\u0301N-DEL-PROGRAMA-DE-BECAS-DEL-AYUNTAMIENTO-DE-CUERNAVACA-4-300x200.jpg 300w, https:\/\/cuernavaca.gob.mx\/wp-content\/uploads\/2024\/01\/JOSE\u0301-LUIS-URIO\u0301STEGUI-INVITA-A-NIN\u0303AS-Y-NIN\u0303OS-A-PARTICIPAR-EN-LA-SEGUNDA-EDICIO\u0301N-DEL-PROGRAMA-DE-BECAS-DEL-AYUNTAMIENTO-DE-CUERNAVACA-4-1024x682.jpg 1024w, https:\/\/cuernavaca.gob.mx\/wp-content\/uploads\/2024\/01\/JOSE\u0301-LUIS-URIO\u0301STEGUI-INVITA-A-NIN\u0303AS-Y-NIN\u0303OS-A-PARTICIPAR-EN-LA-SEGUNDA-EDICIO\u0301N-DEL-PROGRAMA-DE-BECAS-DEL-AYUNTAMIENTO-DE-CUERNAVACA-4-768x512.jpg 768w, https:\/\/cuernavaca.gob.mx\/wp-content\/uploads\/2024\/01\/JOSE\u0301-LUIS-URIO\u0301STEGUI-INVITA-A-NIN\u0303AS-Y-NIN\u0303OS-A-PARTICIPAR-EN-LA-SEGUNDA-EDICIO\u0301N-DEL-PROGRAMA-DE-BECAS-DEL-AYUNTAMIENTO-DE-CUERNAVACA-4-1536x1023.jpg 1536w, https:\/\/cuernavaca.gob.mx\/wp-content\/uploads\/2024\/01\/JOSE\u0301-LUIS-URIO\u0301STEGUI-INVITA-A-NIN\u0303AS-Y-NIN\u0303OS-A-PARTICIPAR-EN-LA-SEGUNDA-EDICIO\u0301N-DEL-PROGRAMA-DE-BECAS-DEL-AYUNTAMIENTO-DE-CUERNAVACA-4-600x400.jpg 600w, https:\/\/cuernavaca.gob.mx\/wp-content\/uploads\/2024\/01\/JOSE\u0301-LUIS-URIO\u0301STEGUI-INVITA-A-NIN\u0303AS-Y-NIN\u0303OS-A-PARTICIPAR-EN-LA-SEGUNDA-EDICIO\u0301N-DEL-PROGRAMA-DE-BECAS-DEL-AYUNTAMIENTO-DE-CUERNAVACA-4-560x373.jpg 560w, https:\/\/cuernavaca.gob.mx\/wp-content\/uploads\/2024\/01\/JOSE\u0301-LUIS-URIO\u0301STEGUI-INVITA-A-NIN\u0303AS-Y-NIN\u0303OS-A-PARTICIPAR-EN-LA-SEGUNDA-EDICIO\u0301N-DEL-PROGRAMA-DE-BECAS-DEL-AYUNTAMIENTO-DE-CUERNAVACA-4.jpg 1600w\" sizes=\"(max-width: 300px) 100vw, 300px\" \/> <img loading=\"lazy\" class=\"alignnone size-medium wp-image-36801\" src=\"https:\/\/cuernavaca.gob.mx\/wp-content\/uploads\/2024\/01\/JOSE\u0301-LUIS-URIO\u0301STEGUI-INVITA-A-NIN\u0303AS-Y-NIN\u0303OS-A-PARTICIPAR-EN-LA-SEGUNDA-EDICIO\u0301N-DEL-PROGRAMA-DE-BECAS-DEL-AYUNTAMIENTO-DE-CUERNAVACA-5-300x200.jpg\" alt=\"\" width=\"300\" height=\"200\" srcset=\"https:\/\/cuernavaca.gob.mx\/wp-content\/uploads\/2024\/01\/JOSE\u0301-LUIS-URIO\u0301STEGUI-INVITA-A-NIN\u0303AS-Y-NIN\u0303OS-A-PARTICIPAR-EN-LA-SEGUNDA-EDICIO\u0301N-DEL-PROGRAMA-DE-BECAS-DEL-AYUNTAMIENTO-DE-CUERNAVACA-5-300x200.jpg 300w, https:\/\/cuernavaca.gob.mx\/wp-content\/uploads\/2024\/01\/JOSE\u0301-LUIS-URIO\u0301STEGUI-INVITA-A-NIN\u0303AS-Y-NIN\u0303OS-A-PARTICIPAR-EN-LA-SEGUNDA-EDICIO\u0301N-DEL-PROGRAMA-DE-BECAS-DEL-AYUNTAMIENTO-DE-CUERNAVACA-5-1024x682.jpg 1024w, https:\/\/cuernavaca.gob.mx\/wp-content\/uploads\/2024\/01\/JOSE\u0301-LUIS-URIO\u0301STEGUI-INVITA-A-NIN\u0303AS-Y-NIN\u0303OS-A-PARTICIPAR-EN-LA-SEGUNDA-EDICIO\u0301N-DEL-PROGRAMA-DE-BECAS-DEL-AYUNTAMIENTO-DE-CUERNAVACA-5-768x512.jpg 768w, https:\/\/cuernavaca.gob.mx\/wp-content\/uploads\/2024\/01\/JOSE\u0301-LUIS-URIO\u0301STEGUI-INVITA-A-NIN\u0303AS-Y-NIN\u0303OS-A-PARTICIPAR-EN-LA-SEGUNDA-EDICIO\u0301N-DEL-PROGRAMA-DE-BECAS-DEL-AYUNTAMIENTO-DE-CUERNAVACA-5-1536x1023.jpg 1536w, https:\/\/cuernavaca.gob.mx\/wp-content\/uploads\/2024\/01\/JOSE\u0301-LUIS-URIO\u0301STEGUI-INVITA-A-NIN\u0303AS-Y-NIN\u0303OS-A-PARTICIPAR-EN-LA-SEGUNDA-EDICIO\u0301N-DEL-PROGRAMA-DE-BECAS-DEL-AYUNTAMIENTO-DE-CUERNAVACA-5-600x400.jpg 600w, https:\/\/cuernavaca.gob.mx\/wp-content\/uploads\/2024\/01\/JOSE\u0301-LUIS-URIO\u0301STEGUI-INVITA-A-NIN\u0303AS-Y-NIN\u0303OS-A-PARTICIPAR-EN-LA-SEGUNDA-EDICIO\u0301N-DEL-PROGRAMA-DE-BECAS-DEL-AYUNTAMIENTO-DE-CUERNAVACA-5-560x373.jpg 560w, https:\/\/cuernavaca.gob.mx\/wp-content\/uploads\/2024\/01\/JOSE\u0301-LUIS-URIO\u0301STEGUI-INVITA-A-NIN\u0303AS-Y-NIN\u0303OS-A-PARTICIPAR-EN-LA-SEGUNDA-EDICIO\u0301N-DEL-PROGRAMA-DE-BECAS-DEL-AYUNTAMIENTO-DE-CUERNAVACA-5.jpg 1600w\" sizes=\"(max-width: 300px) 100vw, 300px\" \/> <img loading=\"lazy\" class=\"alignnone size-medium wp-image-36802\" src=\"https:\/\/cuernavaca.gob.mx\/wp-content\/uploads\/2024\/01\/JOSE\u0301-LUIS-URIO\u0301STEGUI-INVITA-A-NIN\u0303AS-Y-NIN\u0303OS-A-PARTICIPAR-EN-LA-SEGUNDA-EDICIO\u0301N-DEL-PROGRAMA-DE-BECAS-DEL-AYUNTAMIENTO-DE-CUERNAVACA-6-300x200.jpg\" alt=\"\" width=\"300\" height=\"200\" srcset=\"https:\/\/cuernavaca.gob.mx\/wp-content\/uploads\/2024\/01\/JOSE\u0301-LUIS-URIO\u0301STEGUI-INVITA-A-NIN\u0303AS-Y-NIN\u0303OS-A-PARTICIPAR-EN-LA-SEGUNDA-EDICIO\u0301N-DEL-PROGRAMA-DE-BECAS-DEL-AYUNTAMIENTO-DE-CUERNAVACA-6-300x200.jpg 300w, https:\/\/cuernavaca.gob.mx\/wp-content\/uploads\/2024\/01\/JOSE\u0301-LUIS-URIO\u0301STEGUI-INVITA-A-NIN\u0303AS-Y-NIN\u0303OS-A-PARTICIPAR-EN-LA-SEGUNDA-EDICIO\u0301N-DEL-PROGRAMA-DE-BECAS-DEL-AYUNTAMIENTO-DE-CUERNAVACA-6-1024x682.jpg 1024w, https:\/\/cuernavaca.gob.mx\/wp-content\/uploads\/2024\/01\/JOSE\u0301-LUIS-URIO\u0301STEGUI-INVITA-A-NIN\u0303AS-Y-NIN\u0303OS-A-PARTICIPAR-EN-LA-SEGUNDA-EDICIO\u0301N-DEL-PROGRAMA-DE-BECAS-DEL-AYUNTAMIENTO-DE-CUERNAVACA-6-768x512.jpg 768w, https:\/\/cuernavaca.gob.mx\/wp-content\/uploads\/2024\/01\/JOSE\u0301-LUIS-URIO\u0301STEGUI-INVITA-A-NIN\u0303AS-Y-NIN\u0303OS-A-PARTICIPAR-EN-LA-SEGUNDA-EDICIO\u0301N-DEL-PROGRAMA-DE-BECAS-DEL-AYUNTAMIENTO-DE-CUERNAVACA-6-1536x1023.jpg 1536w, https:\/\/cuernavaca.gob.mx\/wp-content\/uploads\/2024\/01\/JOSE\u0301-LUIS-URIO\u0301STEGUI-INVITA-A-NIN\u0303AS-Y-NIN\u0303OS-A-PARTICIPAR-EN-LA-SEGUNDA-EDICIO\u0301N-DEL-PROGRAMA-DE-BECAS-DEL-AYUNTAMIENTO-DE-CUERNAVACA-6-600x400.jpg 600w, https:\/\/cuernavaca.gob.mx\/wp-content\/uploads\/2024\/01\/JOSE\u0301-LUIS-URIO\u0301STEGUI-INVITA-A-NIN\u0303AS-Y-NIN\u0303OS-A-PARTICIPAR-EN-LA-SEGUNDA-EDICIO\u0301N-DEL-PROGRAMA-DE-BECAS-DEL-AYUNTAMIENTO-DE-CUERNAVACA-6-560x373.jpg 560w, https:\/\/cuernavaca.gob.mx\/wp-content\/uploads\/2024\/01\/JOSE\u0301-LUIS-URIO\u0301STEGUI-INVITA-A-NIN\u0303AS-Y-NIN\u0303OS-A-PARTICIPAR-EN-LA-SEGUNDA-EDICIO\u0301N-DEL-PROGRAMA-DE-BECAS-DEL-AYUNTAMIENTO-DE-CUERNAVACA-6.jpg 1600w\" sizes=\"(max-width: 300px) 100vw, 300px\" \/> <img loading=\"lazy\" class=\"alignnone size-medium wp-image-36803\" src=\"https:\/\/cuernavaca.gob.mx\/wp-content\/uploads\/2024\/01\/JOSE\u0301-LUIS-URIO\u0301STEGUI-INVITA-A-NIN\u0303AS-Y-NIN\u0303OS-A-PARTICIPAR-EN-LA-SEGUNDA-EDICIO\u0301N-DEL-PROGRAMA-DE-BECAS-DEL-AYUNTAMIENTO-DE-CUERNAVACA-7-300x200.jpg\" alt=\"\" width=\"300\" height=\"200\" srcset=\"https:\/\/cuernavaca.gob.mx\/wp-content\/uploads\/2024\/01\/JOSE\u0301-LUIS-URIO\u0301STEGUI-INVITA-A-NIN\u0303AS-Y-NIN\u0303OS-A-PARTICIPAR-EN-LA-SEGUNDA-EDICIO\u0301N-DEL-PROGRAMA-DE-BECAS-DEL-AYUNTAMIENTO-DE-CUERNAVACA-7-300x200.jpg 300w, https:\/\/cuernavaca.gob.mx\/wp-content\/uploads\/2024\/01\/JOSE\u0301-LUIS-URIO\u0301STEGUI-INVITA-A-NIN\u0303AS-Y-NIN\u0303OS-A-PARTICIPAR-EN-LA-SEGUNDA-EDICIO\u0301N-DEL-PROGRAMA-DE-BECAS-DEL-AYUNTAMIENTO-DE-CUERNAVACA-7-1024x682.jpg 1024w, https:\/\/cuernavaca.gob.mx\/wp-content\/uploads\/2024\/01\/JOSE\u0301-LUIS-URIO\u0301STEGUI-INVITA-A-NIN\u0303AS-Y-NIN\u0303OS-A-PARTICIPAR-EN-LA-SEGUNDA-EDICIO\u0301N-DEL-PROGRAMA-DE-BECAS-DEL-AYUNTAMIENTO-DE-CUERNAVACA-7-768x512.jpg 768w, https:\/\/cuernavaca.gob.mx\/wp-content\/uploads\/2024\/01\/JOSE\u0301-LUIS-URIO\u0301STEGUI-INVITA-A-NIN\u0303AS-Y-NIN\u0303OS-A-PARTICIPAR-EN-LA-SEGUNDA-EDICIO\u0301N-DEL-PROGRAMA-DE-BECAS-DEL-AYUNTAMIENTO-DE-CUERNAVACA-7-1536x1023.jpg 1536w, https:\/\/cuernavaca.gob.mx\/wp-content\/uploads\/2024\/01\/JOSE\u0301-LUIS-URIO\u0301STEGUI-INVITA-A-NIN\u0303AS-Y-NIN\u0303OS-A-PARTICIPAR-EN-LA-SEGUNDA-EDICIO\u0301N-DEL-PROGRAMA-DE-BECAS-DEL-AYUNTAMIENTO-DE-CUERNAVACA-7-600x400.jpg 600w, https:\/\/cuernavaca.gob.mx\/wp-content\/uploads\/2024\/01\/JOSE\u0301-LUIS-URIO\u0301STEGUI-INVITA-A-NIN\u0303AS-Y-NIN\u0303OS-A-PARTICIPAR-EN-LA-SEGUNDA-EDICIO\u0301N-DEL-PROGRAMA-DE-BECAS-DEL-AYUNTAMIENTO-DE-CUERNAVACA-7-560x373.jpg 560w, https:\/\/cuernavaca.gob.mx\/wp-content\/uploads\/2024\/01\/JOSE\u0301-LUIS-URIO\u0301STEGUI-INVITA-A-NIN\u0303AS-Y-NIN\u0303OS-A-PARTICIPAR-EN-LA-SEGUNDA-EDICIO\u0301N-DEL-PROGRAMA-DE-BECAS-DEL-AYUNTAMIENTO-DE-CUERNAVACA-7.jpg 1600w\" sizes=\"(max-width: 300px) 100vw, 300px\" \/> <img loading=\"lazy\" class=\"alignnone size-medium wp-image-36804\" src=\"https:\/\/cuernavaca.gob.mx\/wp-content\/uploads\/2024\/01\/JOSE\u0301-LUIS-URIO\u0301STEGUI-INVITA-A-NIN\u0303AS-Y-NIN\u0303OS-A-PARTICIPAR-EN-LA-SEGUNDA-EDICIO\u0301N-DEL-PROGRAMA-DE-BECAS-DEL-AYUNTAMIENTO-DE-CUERNAVACA-8-300x200.jpg\" alt=\"\" width=\"300\" height=\"200\" srcset=\"https:\/\/cuernavaca.gob.mx\/wp-content\/uploads\/2024\/01\/JOSE\u0301-LUIS-URIO\u0301STEGUI-INVITA-A-NIN\u0303AS-Y-NIN\u0303OS-A-PARTICIPAR-EN-LA-SEGUNDA-EDICIO\u0301N-DEL-PROGRAMA-DE-BECAS-DEL-AYUNTAMIENTO-DE-CUERNAVACA-8-300x200.jpg 300w, https:\/\/cuernavaca.gob.mx\/wp-content\/uploads\/2024\/01\/JOSE\u0301-LUIS-URIO\u0301STEGUI-INVITA-A-NIN\u0303AS-Y-NIN\u0303OS-A-PARTICIPAR-EN-LA-SEGUNDA-EDICIO\u0301N-DEL-PROGRAMA-DE-BECAS-DEL-AYUNTAMIENTO-DE-CUERNAVACA-8-1024x682.jpg 1024w, https:\/\/cuernavaca.gob.mx\/wp-content\/uploads\/2024\/01\/JOSE\u0301-LUIS-URIO\u0301STEGUI-INVITA-A-NIN\u0303AS-Y-NIN\u0303OS-A-PARTICIPAR-EN-LA-SEGUNDA-EDICIO\u0301N-DEL-PROGRAMA-DE-BECAS-DEL-AYUNTAMIENTO-DE-CUERNAVACA-8-768x512.jpg 768w, https:\/\/cuernavaca.gob.mx\/wp-content\/uploads\/2024\/01\/JOSE\u0301-LUIS-URIO\u0301STEGUI-INVITA-A-NIN\u0303AS-Y-NIN\u0303OS-A-PARTICIPAR-EN-LA-SEGUNDA-EDICIO\u0301N-DEL-PROGRAMA-DE-BECAS-DEL-AYUNTAMIENTO-DE-CUERNAVACA-8-1536x1023.jpg 1536w, https:\/\/cuernavaca.gob.mx\/wp-content\/uploads\/2024\/01\/JOSE\u0301-LUIS-URIO\u0301STEGUI-INVITA-A-NIN\u0303AS-Y-NIN\u0303OS-A-PARTICIPAR-EN-LA-SEGUNDA-EDICIO\u0301N-DEL-PROGRAMA-DE-BECAS-DEL-AYUNTAMIENTO-DE-CUERNAVACA-8-600x400.jpg 600w, https:\/\/cuernavaca.gob.mx\/wp-content\/uploads\/2024\/01\/JOSE\u0301-LUIS-URIO\u0301STEGUI-INVITA-A-NIN\u0303AS-Y-NIN\u0303OS-A-PARTICIPAR-EN-LA-SEGUNDA-EDICIO\u0301N-DEL-PROGRAMA-DE-BECAS-DEL-AYUNTAMIENTO-DE-CUERNAVACA-8-560x373.jpg 560w, https:\/\/cuernavaca.gob.mx\/wp-content\/uploads\/2024\/01\/JOSE\u0301-LUIS-URIO\u0301STEGUI-INVITA-A-NIN\u0303AS-Y-NIN\u0303OS-A-PARTICIPAR-EN-LA-SEGUNDA-EDICIO\u0301N-DEL-PROGRAMA-DE-BECAS-DEL-AYUNTAMIENTO-DE-CUERNAVACA-8.jpg 1600w\" sizes=\"(max-width: 300px) 100vw, 300px\" \/><\/p>\n","protected":false},"excerpt":{"rendered":"<p>\u2022 El alcalde capitalino encabez\u00f3 este lunes la ceremonia c\u00edvica de honores a la bandera de la escuela primaria Ejercito Mexicano en Buena Vista \u2022 Ante estudiantes, docentes, madres y padres de familia enfatiz\u00f3 las acciones para fortalecer a la educaci\u00f3n a trav\u00e9s de la entrega de becas escolares que eviten la deserci\u00f3n escolar y [&hellip;]<\/p>\n","protected":false},"author":1,"featured_media":36801,"comment_status":"closed","ping_status":"open","sticky":false,"template":"","format":"standard","meta":[],"categories":[20],"tags":[2268,2867,121,576,120,206,127],"aioseo_notices":[],"_links":{"self":[{"href":"https:\/\/cuernavaca.gob.mx\/index.php?rest_route=\/wp\/v2\/posts\/36787"}],"collection":[{"href":"https:\/\/cuernavaca.gob.mx\/index.php?rest_route=\/wp\/v2\/posts"}],"about":[{"href":"https:\/\/cuernavaca.gob.mx\/index.php?rest_route=\/wp\/v2\/types\/post"}],"author":[{"embeddable":true,"href":"https:\/\/cuernavaca.gob.mx\/index.php?rest_route=\/wp\/v2\/users\/1"}],"replies":[{"embeddable":true,"href":"https:\/\/cuernavaca.gob.mx\/index.php?rest_route=%2Fwp%2Fv2%2Fcomments&post=36787"}],"version-history":[{"count":1,"href":"https:\/\/cuernavaca.gob.mx\/index.php?rest_route=\/wp\/v2\/posts\/36787\/revisions"}],"predecessor-version":[{"id":36808,"href":"https:\/\/cuernavaca.gob.mx\/index.php?rest_route=\/wp\/v2\/posts\/36787\/revisions\/36808"}],"wp:featuredmedia":[{"embeddable":true,"href":"https:\/\/cuernavaca.gob.mx\/index.php?rest_route=\/wp\/v2\/media\/36801"}],"wp:attachment":[{"href":"https:\/\/cuernavaca.gob.mx\/index.php?rest_route=%2Fwp%2Fv2%2Fmedia&parent=36787"}],"wp:term":[{"taxonomy":"category","embeddable":true,"href":"https:\/\/cuernavaca.gob.mx\/index.php?rest_route=%2Fwp%2Fv2%2Fcategories&post=36787"},{"taxonomy":"post_tag","embeddable":true,"href":"https:\/\/cuernavaca.gob.mx\/index.php?rest_route=%2Fwp%2Fv2%2Ftags&post=36787"}],"curies":[{"name":"wp","href":"https:\/\/api.w.org\/{rel}","templated":true}]}}