{"id":36853,"date":"2024-01-15T14:00:18","date_gmt":"2024-01-15T20:00:18","guid":{"rendered":"https:\/\/cuernavaca.gob.mx\/?p=36853"},"modified":"2024-01-15T15:11:04","modified_gmt":"2024-01-15T21:11:04","slug":"f604-15-01-24-recibe-jose-luis-uriostegui-al-embajador-de-mexico-en-polonia-juan-sandoval-mendiolea","status":"publish","type":"post","link":"https:\/\/cuernavaca.gob.mx\/?p=36853","title":{"rendered":"F604 15\/01\/24 RECIBE JOS\u00c9 LUIS URI\u00d3STEGUI AL EMBAJADOR DE M\u00c9XICO EN POLONIA JUAN SANDOVAL MENDIOLEA"},"content":{"rendered":"<p>Al refrendarse la vocaci\u00f3n de anfitrion\u00eda de la ciudad de Cuernavaca, mundialmente conocida por su hospitalidad, atractivos tur\u00edsticos, culturales, art\u00edsticos y gastron\u00f3micos, el presidente municipal, Jos\u00e9 Luis Uri\u00f3stegui Salgado, recibi\u00f3 este lunes al Embajador Extraordinario y Plenipotenciario de M\u00e9xico en Polonia, Juan Sandoval Mendiolea, a quien agradeci\u00f3 su visita para hablar de temas de inter\u00e9s com\u00fan y exponerle la petici\u00f3n de que sea Embajador de buena voluntad de Cuernavaca en esta naci\u00f3n de Europa Central, en un trabajo diplom\u00e1tico que permita a la capital del estado de Morelos, seguirse posicionando m\u00e1s all\u00e1 de sus fronteras.<\/p>\n<p>En los \u00faltimos dos a\u00f1os, Cuernavaca ha recibido a importantes personalidades de reconocimiento nacional e internacional, entre ellos distintos diplom\u00e1ticos como el Embajador de Jap\u00f3n en M\u00e9xico, Noriteru Fukushima; Sr. Jon Benjam\u00edn, Embajador del Reino Unido de Gran Breta\u00f1a e Irlanda del Norte en M\u00e9xico, el embajador de Polonia en M\u00e9xico, Sr. Maciej Zi\u0119tara; el Embajador de Italia en M\u00e9xico, Luigi de Chiara; el Embajador de Brasil en M\u00e9xico, Fernando Coimbra y el excelent\u00edsimo Sr. Embajador del Reino de los Pa\u00edses Bajos en M\u00e9xico y Belice, Wilfred Mohr entre otros personajes quienes reconocen el trabajo de rescate que se realiza de la ciudad de la Eterna Primavera.<\/p>\n<p>Durante estos encuentros, Jos\u00e9 Luis Uri\u00f3stegui ha estrechado lazos de amistad y respeto mutuo para generar un frente com\u00fan que siga posicionando al municipio en materia tur\u00edstica, cultural, comercial, social y econ\u00f3mica de Cuernavaca.<\/p>\n<p><img loading=\"lazy\" class=\"alignnone size-medium wp-image-36854\" src=\"https:\/\/cuernavaca.gob.mx\/wp-content\/uploads\/2024\/01\/RECIBE-JOSE\u0301-LUIS-URIO\u0301STEGUI-AL-EMBAJADOR-DE-ME\u0301XICO-EN-POLONIA-JUAN-SANDOVAL-MENDIOLEA-1-300x200.jpg\" alt=\"\" width=\"300\" height=\"200\" srcset=\"https:\/\/cuernavaca.gob.mx\/wp-content\/uploads\/2024\/01\/RECIBE-JOSE\u0301-LUIS-URIO\u0301STEGUI-AL-EMBAJADOR-DE-ME\u0301XICO-EN-POLONIA-JUAN-SANDOVAL-MENDIOLEA-1-300x200.jpg 300w, https:\/\/cuernavaca.gob.mx\/wp-content\/uploads\/2024\/01\/RECIBE-JOSE\u0301-LUIS-URIO\u0301STEGUI-AL-EMBAJADOR-DE-ME\u0301XICO-EN-POLONIA-JUAN-SANDOVAL-MENDIOLEA-1-1024x682.jpg 1024w, https:\/\/cuernavaca.gob.mx\/wp-content\/uploads\/2024\/01\/RECIBE-JOSE\u0301-LUIS-URIO\u0301STEGUI-AL-EMBAJADOR-DE-ME\u0301XICO-EN-POLONIA-JUAN-SANDOVAL-MENDIOLEA-1-768x512.jpg 768w, https:\/\/cuernavaca.gob.mx\/wp-content\/uploads\/2024\/01\/RECIBE-JOSE\u0301-LUIS-URIO\u0301STEGUI-AL-EMBAJADOR-DE-ME\u0301XICO-EN-POLONIA-JUAN-SANDOVAL-MENDIOLEA-1-1536x1023.jpg 1536w, https:\/\/cuernavaca.gob.mx\/wp-content\/uploads\/2024\/01\/RECIBE-JOSE\u0301-LUIS-URIO\u0301STEGUI-AL-EMBAJADOR-DE-ME\u0301XICO-EN-POLONIA-JUAN-SANDOVAL-MENDIOLEA-1-600x400.jpg 600w, https:\/\/cuernavaca.gob.mx\/wp-content\/uploads\/2024\/01\/RECIBE-JOSE\u0301-LUIS-URIO\u0301STEGUI-AL-EMBAJADOR-DE-ME\u0301XICO-EN-POLONIA-JUAN-SANDOVAL-MENDIOLEA-1-560x373.jpg 560w, https:\/\/cuernavaca.gob.mx\/wp-content\/uploads\/2024\/01\/RECIBE-JOSE\u0301-LUIS-URIO\u0301STEGUI-AL-EMBAJADOR-DE-ME\u0301XICO-EN-POLONIA-JUAN-SANDOVAL-MENDIOLEA-1.jpg 1600w\" sizes=\"(max-width: 300px) 100vw, 300px\" \/> <img loading=\"lazy\" class=\"alignnone size-medium wp-image-36855\" src=\"https:\/\/cuernavaca.gob.mx\/wp-content\/uploads\/2024\/01\/RECIBE-JOSE\u0301-LUIS-URIO\u0301STEGUI-AL-EMBAJADOR-DE-ME\u0301XICO-EN-POLONIA-JUAN-SANDOVAL-MENDIOLEA-2-300x200.jpg\" alt=\"\" width=\"300\" height=\"200\" srcset=\"https:\/\/cuernavaca.gob.mx\/wp-content\/uploads\/2024\/01\/RECIBE-JOSE\u0301-LUIS-URIO\u0301STEGUI-AL-EMBAJADOR-DE-ME\u0301XICO-EN-POLONIA-JUAN-SANDOVAL-MENDIOLEA-2-300x200.jpg 300w, https:\/\/cuernavaca.gob.mx\/wp-content\/uploads\/2024\/01\/RECIBE-JOSE\u0301-LUIS-URIO\u0301STEGUI-AL-EMBAJADOR-DE-ME\u0301XICO-EN-POLONIA-JUAN-SANDOVAL-MENDIOLEA-2-1024x682.jpg 1024w, https:\/\/cuernavaca.gob.mx\/wp-content\/uploads\/2024\/01\/RECIBE-JOSE\u0301-LUIS-URIO\u0301STEGUI-AL-EMBAJADOR-DE-ME\u0301XICO-EN-POLONIA-JUAN-SANDOVAL-MENDIOLEA-2-768x512.jpg 768w, https:\/\/cuernavaca.gob.mx\/wp-content\/uploads\/2024\/01\/RECIBE-JOSE\u0301-LUIS-URIO\u0301STEGUI-AL-EMBAJADOR-DE-ME\u0301XICO-EN-POLONIA-JUAN-SANDOVAL-MENDIOLEA-2-1536x1023.jpg 1536w, https:\/\/cuernavaca.gob.mx\/wp-content\/uploads\/2024\/01\/RECIBE-JOSE\u0301-LUIS-URIO\u0301STEGUI-AL-EMBAJADOR-DE-ME\u0301XICO-EN-POLONIA-JUAN-SANDOVAL-MENDIOLEA-2-600x400.jpg 600w, https:\/\/cuernavaca.gob.mx\/wp-content\/uploads\/2024\/01\/RECIBE-JOSE\u0301-LUIS-URIO\u0301STEGUI-AL-EMBAJADOR-DE-ME\u0301XICO-EN-POLONIA-JUAN-SANDOVAL-MENDIOLEA-2-560x373.jpg 560w, https:\/\/cuernavaca.gob.mx\/wp-content\/uploads\/2024\/01\/RECIBE-JOSE\u0301-LUIS-URIO\u0301STEGUI-AL-EMBAJADOR-DE-ME\u0301XICO-EN-POLONIA-JUAN-SANDOVAL-MENDIOLEA-2.jpg 1600w\" sizes=\"(max-width: 300px) 100vw, 300px\" \/> <img loading=\"lazy\" class=\"alignnone size-medium wp-image-36856\" src=\"https:\/\/cuernavaca.gob.mx\/wp-content\/uploads\/2024\/01\/RECIBE-JOSE\u0301-LUIS-URIO\u0301STEGUI-AL-EMBAJADOR-DE-ME\u0301XICO-EN-POLONIA-JUAN-SANDOVAL-MENDIOLEA-3-300x200.jpg\" alt=\"\" width=\"300\" height=\"200\" srcset=\"https:\/\/cuernavaca.gob.mx\/wp-content\/uploads\/2024\/01\/RECIBE-JOSE\u0301-LUIS-URIO\u0301STEGUI-AL-EMBAJADOR-DE-ME\u0301XICO-EN-POLONIA-JUAN-SANDOVAL-MENDIOLEA-3-300x200.jpg 300w, https:\/\/cuernavaca.gob.mx\/wp-content\/uploads\/2024\/01\/RECIBE-JOSE\u0301-LUIS-URIO\u0301STEGUI-AL-EMBAJADOR-DE-ME\u0301XICO-EN-POLONIA-JUAN-SANDOVAL-MENDIOLEA-3-1024x682.jpg 1024w, https:\/\/cuernavaca.gob.mx\/wp-content\/uploads\/2024\/01\/RECIBE-JOSE\u0301-LUIS-URIO\u0301STEGUI-AL-EMBAJADOR-DE-ME\u0301XICO-EN-POLONIA-JUAN-SANDOVAL-MENDIOLEA-3-768x512.jpg 768w, https:\/\/cuernavaca.gob.mx\/wp-content\/uploads\/2024\/01\/RECIBE-JOSE\u0301-LUIS-URIO\u0301STEGUI-AL-EMBAJADOR-DE-ME\u0301XICO-EN-POLONIA-JUAN-SANDOVAL-MENDIOLEA-3-1536x1023.jpg 1536w, https:\/\/cuernavaca.gob.mx\/wp-content\/uploads\/2024\/01\/RECIBE-JOSE\u0301-LUIS-URIO\u0301STEGUI-AL-EMBAJADOR-DE-ME\u0301XICO-EN-POLONIA-JUAN-SANDOVAL-MENDIOLEA-3-600x400.jpg 600w, https:\/\/cuernavaca.gob.mx\/wp-content\/uploads\/2024\/01\/RECIBE-JOSE\u0301-LUIS-URIO\u0301STEGUI-AL-EMBAJADOR-DE-ME\u0301XICO-EN-POLONIA-JUAN-SANDOVAL-MENDIOLEA-3-560x373.jpg 560w, https:\/\/cuernavaca.gob.mx\/wp-content\/uploads\/2024\/01\/RECIBE-JOSE\u0301-LUIS-URIO\u0301STEGUI-AL-EMBAJADOR-DE-ME\u0301XICO-EN-POLONIA-JUAN-SANDOVAL-MENDIOLEA-3.jpg 1600w\" sizes=\"(max-width: 300px) 100vw, 300px\" \/><\/p>\n","protected":false},"excerpt":{"rendered":"<p>Al refrendarse la vocaci\u00f3n de anfitrion\u00eda de la ciudad de Cuernavaca, mundialmente conocida por su hospitalidad, atractivos tur\u00edsticos, culturales, art\u00edsticos y gastron\u00f3micos, el presidente municipal, Jos\u00e9 Luis Uri\u00f3stegui Salgado, recibi\u00f3 este lunes al Embajador Extraordinario y Plenipotenciario de M\u00e9xico en Polonia, Juan Sandoval Mendiolea, a quien agradeci\u00f3 su visita para hablar de temas de inter\u00e9s [&hellip;]<\/p>\n","protected":false},"author":1,"featured_media":36855,"comment_status":"closed","ping_status":"open","sticky":false,"template":"","format":"standard","meta":[],"categories":[20],"tags":[121,1198,120,206,2497,127],"aioseo_notices":[],"_links":{"self":[{"href":"https:\/\/cuernavaca.gob.mx\/index.php?rest_route=\/wp\/v2\/posts\/36853"}],"collection":[{"href":"https:\/\/cuernavaca.gob.mx\/index.php?rest_route=\/wp\/v2\/posts"}],"about":[{"href":"https:\/\/cuernavaca.gob.mx\/index.php?rest_route=\/wp\/v2\/types\/post"}],"author":[{"embeddable":true,"href":"https:\/\/cuernavaca.gob.mx\/index.php?rest_route=\/wp\/v2\/users\/1"}],"replies":[{"embeddable":true,"href":"https:\/\/cuernavaca.gob.mx\/index.php?rest_route=%2Fwp%2Fv2%2Fcomments&post=36853"}],"version-history":[{"count":1,"href":"https:\/\/cuernavaca.gob.mx\/index.php?rest_route=\/wp\/v2\/posts\/36853\/revisions"}],"predecessor-version":[{"id":36857,"href":"https:\/\/cuernavaca.gob.mx\/index.php?rest_route=\/wp\/v2\/posts\/36853\/revisions\/36857"}],"wp:featuredmedia":[{"embeddable":true,"href":"https:\/\/cuernavaca.gob.mx\/index.php?rest_route=\/wp\/v2\/media\/36855"}],"wp:attachment":[{"href":"https:\/\/cuernavaca.gob.mx\/index.php?rest_route=%2Fwp%2Fv2%2Fmedia&parent=36853"}],"wp:term":[{"taxonomy":"category","embeddable":true,"href":"https:\/\/cuernavaca.gob.mx\/index.php?rest_route=%2Fwp%2Fv2%2Fcategories&post=36853"},{"taxonomy":"post_tag","embeddable":true,"href":"https:\/\/cuernavaca.gob.mx\/index.php?rest_route=%2Fwp%2Fv2%2Ftags&post=36853"}],"curies":[{"name":"wp","href":"https:\/\/api.w.org\/{rel}","templated":true}]}}