{"id":37719,"date":"2024-01-21T15:15:43","date_gmt":"2024-01-21T21:15:43","guid":{"rendered":"https:\/\/cuernavaca.gob.mx\/?p=37719"},"modified":"2024-01-22T15:48:41","modified_gmt":"2024-01-22T21:48:41","slug":"f611-impulsa-ayuntamiento-de-cuernavaca-la-participacion-politica-de-las-comunidades-indigenas-en-el-proceso-electoral-2023-2024","status":"publish","type":"post","link":"https:\/\/cuernavaca.gob.mx\/?p=37719","title":{"rendered":"F611 IMPULSA AYUNTAMIENTO DE CUERNAVACA LA PARTICIPACI\u00d3N POL\u00cdTICA DE LAS COMUNIDADES IND\u00cdGENAS EN EL PROCESO ELECTORAL 2023- 2024"},"content":{"rendered":"<p>El Ayuntamiento de Cuernavaca iniciar\u00e1 acercamientos con las autoridades electorales para formalizar una coordinaci\u00f3n para que las comunidades ind\u00edgenas en la ciudad tengan conocimiento sobre las acciones afirmativas que garantizan su derecho a la participaci\u00f3n pol\u00edtica en el proceso electoral 2023- 2024 a nivel estatal y federal, a propuesta de la regidora Wendi Salinas Ruiz,<\/p>\n<p>Al respecto, en sesi\u00f3n de Cabildo el presidente municipal, Jos\u00e9 Luis Uri\u00f3stegui Salgado, instruy\u00f3 al titular de la Secretar\u00eda del Ayuntamiento, Carlos de la Rosa Segura, para que valoren el acercamiento con el Instituto Morelense de Procesos Electorales y Participaci\u00f3n Ciudadana (IMPEPAC) y la Comisi\u00f3n de Derechos Humanos del Estado de Morelos (CDHM), a fin de que estas reuniones informativas y de capacitaci\u00f3n puedan concretarse.<\/p>\n<p>Estas capacitaciones tienen como objeto cumplir con el derecho a la informaci\u00f3n, trabajando bajo la pol\u00edtica p\u00fablica de inclusi\u00f3n que ha implementado la presente administraci\u00f3n, fomentando la participaci\u00f3n pol\u00edtica de las comunidades ind\u00edgenas con pleno respeto a sus usos y costumbres, sobre todo de las mujeres ind\u00edgenas.<\/p>\n<p><img loading=\"lazy\" class=\"alignnone size-medium wp-image-37720\" src=\"https:\/\/cuernavaca.gob.mx\/wp-content\/uploads\/2024\/01\/IMPULSA-AYUNTAMIENTO-DE-CUERNAVACA-LA-PARTICIPACIO\u0301N-POLI\u0301TICA-DE-LAS-COMUNIDADES-INDI\u0301GENAS-EN-EL-PROCESO-ELECTORAL-2023-2024-1-300x200.jpg\" alt=\"\" width=\"300\" height=\"200\" srcset=\"https:\/\/cuernavaca.gob.mx\/wp-content\/uploads\/2024\/01\/IMPULSA-AYUNTAMIENTO-DE-CUERNAVACA-LA-PARTICIPACIO\u0301N-POLI\u0301TICA-DE-LAS-COMUNIDADES-INDI\u0301GENAS-EN-EL-PROCESO-ELECTORAL-2023-2024-1-300x200.jpg 300w, https:\/\/cuernavaca.gob.mx\/wp-content\/uploads\/2024\/01\/IMPULSA-AYUNTAMIENTO-DE-CUERNAVACA-LA-PARTICIPACIO\u0301N-POLI\u0301TICA-DE-LAS-COMUNIDADES-INDI\u0301GENAS-EN-EL-PROCESO-ELECTORAL-2023-2024-1-1024x682.jpg 1024w, https:\/\/cuernavaca.gob.mx\/wp-content\/uploads\/2024\/01\/IMPULSA-AYUNTAMIENTO-DE-CUERNAVACA-LA-PARTICIPACIO\u0301N-POLI\u0301TICA-DE-LAS-COMUNIDADES-INDI\u0301GENAS-EN-EL-PROCESO-ELECTORAL-2023-2024-1-768x512.jpg 768w, https:\/\/cuernavaca.gob.mx\/wp-content\/uploads\/2024\/01\/IMPULSA-AYUNTAMIENTO-DE-CUERNAVACA-LA-PARTICIPACIO\u0301N-POLI\u0301TICA-DE-LAS-COMUNIDADES-INDI\u0301GENAS-EN-EL-PROCESO-ELECTORAL-2023-2024-1-600x400.jpg 600w, https:\/\/cuernavaca.gob.mx\/wp-content\/uploads\/2024\/01\/IMPULSA-AYUNTAMIENTO-DE-CUERNAVACA-LA-PARTICIPACIO\u0301N-POLI\u0301TICA-DE-LAS-COMUNIDADES-INDI\u0301GENAS-EN-EL-PROCESO-ELECTORAL-2023-2024-1-560x373.jpg 560w, https:\/\/cuernavaca.gob.mx\/wp-content\/uploads\/2024\/01\/IMPULSA-AYUNTAMIENTO-DE-CUERNAVACA-LA-PARTICIPACIO\u0301N-POLI\u0301TICA-DE-LAS-COMUNIDADES-INDI\u0301GENAS-EN-EL-PROCESO-ELECTORAL-2023-2024-1.jpg 1280w\" sizes=\"(max-width: 300px) 100vw, 300px\" \/> <img loading=\"lazy\" class=\"alignnone size-medium wp-image-37721\" src=\"https:\/\/cuernavaca.gob.mx\/wp-content\/uploads\/2024\/01\/IMPULSA-AYUNTAMIENTO-DE-CUERNAVACA-LA-PARTICIPACIO\u0301N-POLI\u0301TICA-DE-LAS-COMUNIDADES-INDI\u0301GENAS-EN-EL-PROCESO-ELECTORAL-2023-2024-2-300x200.jpg\" alt=\"\" width=\"300\" height=\"200\" srcset=\"https:\/\/cuernavaca.gob.mx\/wp-content\/uploads\/2024\/01\/IMPULSA-AYUNTAMIENTO-DE-CUERNAVACA-LA-PARTICIPACIO\u0301N-POLI\u0301TICA-DE-LAS-COMUNIDADES-INDI\u0301GENAS-EN-EL-PROCESO-ELECTORAL-2023-2024-2-300x200.jpg 300w, https:\/\/cuernavaca.gob.mx\/wp-content\/uploads\/2024\/01\/IMPULSA-AYUNTAMIENTO-DE-CUERNAVACA-LA-PARTICIPACIO\u0301N-POLI\u0301TICA-DE-LAS-COMUNIDADES-INDI\u0301GENAS-EN-EL-PROCESO-ELECTORAL-2023-2024-2-1024x682.jpg 1024w, https:\/\/cuernavaca.gob.mx\/wp-content\/uploads\/2024\/01\/IMPULSA-AYUNTAMIENTO-DE-CUERNAVACA-LA-PARTICIPACIO\u0301N-POLI\u0301TICA-DE-LAS-COMUNIDADES-INDI\u0301GENAS-EN-EL-PROCESO-ELECTORAL-2023-2024-2-768x512.jpg 768w, https:\/\/cuernavaca.gob.mx\/wp-content\/uploads\/2024\/01\/IMPULSA-AYUNTAMIENTO-DE-CUERNAVACA-LA-PARTICIPACIO\u0301N-POLI\u0301TICA-DE-LAS-COMUNIDADES-INDI\u0301GENAS-EN-EL-PROCESO-ELECTORAL-2023-2024-2-600x400.jpg 600w, https:\/\/cuernavaca.gob.mx\/wp-content\/uploads\/2024\/01\/IMPULSA-AYUNTAMIENTO-DE-CUERNAVACA-LA-PARTICIPACIO\u0301N-POLI\u0301TICA-DE-LAS-COMUNIDADES-INDI\u0301GENAS-EN-EL-PROCESO-ELECTORAL-2023-2024-2-560x373.jpg 560w, https:\/\/cuernavaca.gob.mx\/wp-content\/uploads\/2024\/01\/IMPULSA-AYUNTAMIENTO-DE-CUERNAVACA-LA-PARTICIPACIO\u0301N-POLI\u0301TICA-DE-LAS-COMUNIDADES-INDI\u0301GENAS-EN-EL-PROCESO-ELECTORAL-2023-2024-2.jpg 1280w\" sizes=\"(max-width: 300px) 100vw, 300px\" \/> <img loading=\"lazy\" class=\"alignnone size-medium wp-image-37722\" src=\"https:\/\/cuernavaca.gob.mx\/wp-content\/uploads\/2024\/01\/IMPULSA-AYUNTAMIENTO-DE-CUERNAVACA-LA-PARTICIPACIO\u0301N-POLI\u0301TICA-DE-LAS-COMUNIDADES-INDI\u0301GENAS-EN-EL-PROCESO-ELECTORAL-2023-2024-3-300x200.jpg\" alt=\"\" width=\"300\" height=\"200\" srcset=\"https:\/\/cuernavaca.gob.mx\/wp-content\/uploads\/2024\/01\/IMPULSA-AYUNTAMIENTO-DE-CUERNAVACA-LA-PARTICIPACIO\u0301N-POLI\u0301TICA-DE-LAS-COMUNIDADES-INDI\u0301GENAS-EN-EL-PROCESO-ELECTORAL-2023-2024-3-300x200.jpg 300w, https:\/\/cuernavaca.gob.mx\/wp-content\/uploads\/2024\/01\/IMPULSA-AYUNTAMIENTO-DE-CUERNAVACA-LA-PARTICIPACIO\u0301N-POLI\u0301TICA-DE-LAS-COMUNIDADES-INDI\u0301GENAS-EN-EL-PROCESO-ELECTORAL-2023-2024-3-1024x682.jpg 1024w, https:\/\/cuernavaca.gob.mx\/wp-content\/uploads\/2024\/01\/IMPULSA-AYUNTAMIENTO-DE-CUERNAVACA-LA-PARTICIPACIO\u0301N-POLI\u0301TICA-DE-LAS-COMUNIDADES-INDI\u0301GENAS-EN-EL-PROCESO-ELECTORAL-2023-2024-3-768x512.jpg 768w, https:\/\/cuernavaca.gob.mx\/wp-content\/uploads\/2024\/01\/IMPULSA-AYUNTAMIENTO-DE-CUERNAVACA-LA-PARTICIPACIO\u0301N-POLI\u0301TICA-DE-LAS-COMUNIDADES-INDI\u0301GENAS-EN-EL-PROCESO-ELECTORAL-2023-2024-3-600x400.jpg 600w, https:\/\/cuernavaca.gob.mx\/wp-content\/uploads\/2024\/01\/IMPULSA-AYUNTAMIENTO-DE-CUERNAVACA-LA-PARTICIPACIO\u0301N-POLI\u0301TICA-DE-LAS-COMUNIDADES-INDI\u0301GENAS-EN-EL-PROCESO-ELECTORAL-2023-2024-3-560x373.jpg 560w, https:\/\/cuernavaca.gob.mx\/wp-content\/uploads\/2024\/01\/IMPULSA-AYUNTAMIENTO-DE-CUERNAVACA-LA-PARTICIPACIO\u0301N-POLI\u0301TICA-DE-LAS-COMUNIDADES-INDI\u0301GENAS-EN-EL-PROCESO-ELECTORAL-2023-2024-3.jpg 1280w\" sizes=\"(max-width: 300px) 100vw, 300px\" \/> <img loading=\"lazy\" class=\"alignnone size-medium wp-image-37723\" src=\"https:\/\/cuernavaca.gob.mx\/wp-content\/uploads\/2024\/01\/IMPULSA-AYUNTAMIENTO-DE-CUERNAVACA-LA-PARTICIPACIO\u0301N-POLI\u0301TICA-DE-LAS-COMUNIDADES-INDI\u0301GENAS-EN-EL-PROCESO-ELECTORAL-2023-2024-4-300x200.jpg\" alt=\"\" width=\"300\" height=\"200\" srcset=\"https:\/\/cuernavaca.gob.mx\/wp-content\/uploads\/2024\/01\/IMPULSA-AYUNTAMIENTO-DE-CUERNAVACA-LA-PARTICIPACIO\u0301N-POLI\u0301TICA-DE-LAS-COMUNIDADES-INDI\u0301GENAS-EN-EL-PROCESO-ELECTORAL-2023-2024-4-300x200.jpg 300w, https:\/\/cuernavaca.gob.mx\/wp-content\/uploads\/2024\/01\/IMPULSA-AYUNTAMIENTO-DE-CUERNAVACA-LA-PARTICIPACIO\u0301N-POLI\u0301TICA-DE-LAS-COMUNIDADES-INDI\u0301GENAS-EN-EL-PROCESO-ELECTORAL-2023-2024-4-1024x682.jpg 1024w, https:\/\/cuernavaca.gob.mx\/wp-content\/uploads\/2024\/01\/IMPULSA-AYUNTAMIENTO-DE-CUERNAVACA-LA-PARTICIPACIO\u0301N-POLI\u0301TICA-DE-LAS-COMUNIDADES-INDI\u0301GENAS-EN-EL-PROCESO-ELECTORAL-2023-2024-4-768x512.jpg 768w, https:\/\/cuernavaca.gob.mx\/wp-content\/uploads\/2024\/01\/IMPULSA-AYUNTAMIENTO-DE-CUERNAVACA-LA-PARTICIPACIO\u0301N-POLI\u0301TICA-DE-LAS-COMUNIDADES-INDI\u0301GENAS-EN-EL-PROCESO-ELECTORAL-2023-2024-4-600x400.jpg 600w, https:\/\/cuernavaca.gob.mx\/wp-content\/uploads\/2024\/01\/IMPULSA-AYUNTAMIENTO-DE-CUERNAVACA-LA-PARTICIPACIO\u0301N-POLI\u0301TICA-DE-LAS-COMUNIDADES-INDI\u0301GENAS-EN-EL-PROCESO-ELECTORAL-2023-2024-4-560x373.jpg 560w, https:\/\/cuernavaca.gob.mx\/wp-content\/uploads\/2024\/01\/IMPULSA-AYUNTAMIENTO-DE-CUERNAVACA-LA-PARTICIPACIO\u0301N-POLI\u0301TICA-DE-LAS-COMUNIDADES-INDI\u0301GENAS-EN-EL-PROCESO-ELECTORAL-2023-2024-4.jpg 1280w\" sizes=\"(max-width: 300px) 100vw, 300px\" \/><\/p>\n","protected":false},"excerpt":{"rendered":"<p>El Ayuntamiento de Cuernavaca iniciar\u00e1 acercamientos con las autoridades electorales para formalizar una coordinaci\u00f3n para que las comunidades ind\u00edgenas en la ciudad tengan conocimiento sobre las acciones afirmativas que garantizan su derecho a la participaci\u00f3n pol\u00edtica en el proceso electoral 2023- 2024 a nivel estatal y federal, a propuesta de la regidora Wendi Salinas Ruiz, [&hellip;]<\/p>\n","protected":false},"author":1,"featured_media":37720,"comment_status":"closed","ping_status":"open","sticky":false,"template":"","format":"standard","meta":[],"categories":[3047],"tags":[3498,121,804,120,206,388,127],"aioseo_notices":[],"_links":{"self":[{"href":"https:\/\/cuernavaca.gob.mx\/index.php?rest_route=\/wp\/v2\/posts\/37719"}],"collection":[{"href":"https:\/\/cuernavaca.gob.mx\/index.php?rest_route=\/wp\/v2\/posts"}],"about":[{"href":"https:\/\/cuernavaca.gob.mx\/index.php?rest_route=\/wp\/v2\/types\/post"}],"author":[{"embeddable":true,"href":"https:\/\/cuernavaca.gob.mx\/index.php?rest_route=\/wp\/v2\/users\/1"}],"replies":[{"embeddable":true,"href":"https:\/\/cuernavaca.gob.mx\/index.php?rest_route=%2Fwp%2Fv2%2Fcomments&post=37719"}],"version-history":[{"count":1,"href":"https:\/\/cuernavaca.gob.mx\/index.php?rest_route=\/wp\/v2\/posts\/37719\/revisions"}],"predecessor-version":[{"id":37724,"href":"https:\/\/cuernavaca.gob.mx\/index.php?rest_route=\/wp\/v2\/posts\/37719\/revisions\/37724"}],"wp:featuredmedia":[{"embeddable":true,"href":"https:\/\/cuernavaca.gob.mx\/index.php?rest_route=\/wp\/v2\/media\/37720"}],"wp:attachment":[{"href":"https:\/\/cuernavaca.gob.mx\/index.php?rest_route=%2Fwp%2Fv2%2Fmedia&parent=37719"}],"wp:term":[{"taxonomy":"category","embeddable":true,"href":"https:\/\/cuernavaca.gob.mx\/index.php?rest_route=%2Fwp%2Fv2%2Fcategories&post=37719"},{"taxonomy":"post_tag","embeddable":true,"href":"https:\/\/cuernavaca.gob.mx\/index.php?rest_route=%2Fwp%2Fv2%2Ftags&post=37719"}],"curies":[{"name":"wp","href":"https:\/\/api.w.org\/{rel}","templated":true}]}}