{"id":37725,"date":"2024-01-21T15:30:20","date_gmt":"2024-01-21T21:30:20","guid":{"rendered":"https:\/\/cuernavaca.gob.mx\/?p=37725"},"modified":"2024-01-22T15:57:42","modified_gmt":"2024-01-22T21:57:42","slug":"b1538-21-01-24-cabildo-de-cuernavaca-autoriza-la-desincorporacion-de-bienes-muebles-y-vehiculos-en-condiciones-inservibles-para-el-servicio-publico","status":"publish","type":"post","link":"https:\/\/cuernavaca.gob.mx\/?p=37725","title":{"rendered":"B1538 21\/01\/24 CABILDO DE CUERNAVACA AUTORIZA LA DESINCORPORACI\u00d3N DE BIENES MUEBLES Y VEH\u00cdCULOS EN CONDICIONES INSERVIBLES PARA EL SERVICIO P\u00daBLICO"},"content":{"rendered":"<p><strong>\u00b0 Se aprob\u00f3 la desincorporaci\u00f3n de 205 dict\u00e1menes que fueron realizados por la Tesorer\u00eda Municipal y un perito valuador<\/strong><\/p>\n<p><strong>\u00b0 El presidente municipal Jos\u00e9 Luis Uri\u00f3stegui, consider\u00f3 fundamental este proceso que lograr\u00e1 desocupar terrenos que pueden tener una mejor utilidad y evitar tener veh\u00edculos chatarra<\/strong><\/p>\n<p>El Cabildo del Ayuntamiento de Cuernavaca aprob\u00f3 el acuerdo que autoriza la desincorporaci\u00f3n de los bienes muebles y veh\u00edculos a cargo de la Sindicatura Municipal que por su condici\u00f3n ya no son aptos para el servicio p\u00fablico, lo que permite continuar con el ordenamiento patrimonial y en su momento generar ingresos siempre necesarios para el desarrollo de otras actividades y proyectos gubernamentales a favor de la poblaci\u00f3n.<\/p>\n<p>En total cumplimiento a lo establecido por el art\u00edculo 46 de la Ley Org\u00e1nica Municipal del Estado, la s\u00edndica municipal, Ver\u00f3nica Atenco P\u00e9rez, explic\u00f3 que este proceso se ha trabajado con la Tesorer\u00eda Municipal y del perito valuador autorizado, \u00d3scar David S\u00e1nchez Galindo, quienes en conjunto realizaron 205 dict\u00e1menes de valuaci\u00f3n de los bienes muebles y veh\u00edculos susceptibles a ser desincorporados en base a un listado remitido por la Direcci\u00f3n de Patrimonio Municipal que derivo de un acuerdo emanado del Comit\u00e9 para la desincorporaci\u00f3n y venta de bienes muebles considerados chatarra.<\/p>\n<p>Se\u00f1al\u00f3 que, adem\u00e1s de sostener distintas reuniones y entregar la informaci\u00f3n correspondiente al cuerpo edilicio sobre este proceso, el Cabildo realiz\u00f3 un recorrido por las instalaciones del extinto taller municipal para verificar la existencia de los veh\u00edculos a desincorporar, siendo este un espacio que se podr\u00e1 utilizar para otros proyectos que favorezcan los ingresos municipales.<\/p>\n<p>Atenco P\u00e9rez a\u00f1adi\u00f3 que de acuerdo con la Consejer\u00eda Jur\u00eddica los bienes contemplados no se cuentan con carpetas de investigaci\u00f3n relacionadas con delitos o con cualquier otro proceso judicial distinto, por lo cual no existe impedimento legal para realizar la desincorporaci\u00f3n.<\/p>\n<p>El presidente municipal de Cuernavaca, Jos\u00e9 Luis Uri\u00f3stegui Salgado, consider\u00f3 fundamental este proceso que lograr\u00e1 desocupar terrenos que pueden tener una mejor utilidad en beneficio de la poblaci\u00f3n y evitar\u00e1 que los veh\u00edculos chatarra que llevan m\u00e1s de 20 a\u00f1os arrumbados sigan siendo focos de infecci\u00f3n, de malos olores y hasta de fauna nociva.<\/p>\n<p>A petici\u00f3n de los regidores Jes\u00fas Rosales Puebla y Debendrenath Salazar Solorio se acord\u00f3 incluir en el art\u00edculo quinto del acuerdo la revaloraci\u00f3n respecto a la clasificaci\u00f3n de los bienes muebles que est\u00e1n siendo en este momento enajenados debido a que en la mayor\u00eda de los casos se sistematizaron como desecho vehicular, aunque algunos podr\u00edan revalorizarse para irse lo antes posibles, al contar con costos y reparaciones m\u00e1s redituables para las personas que deseen adquirirlos, recuperarlos o solicitar una donaci\u00f3n, salvaguardar tambi\u00e9n la vigencia del dictamen.<\/p>\n<p>De igual forma, se estableci\u00f3 que en esta revaloraci\u00f3n ser\u00e1 incluida la Contralor\u00eda Municipal, toda vez que cu\u00e1ndo se iniciaron los trabajos a la actualidad algunos veh\u00edculos considerados chatarra tuvieron modificaciones.<\/p>\n<p><img loading=\"lazy\" class=\"alignnone size-medium wp-image-37726\" src=\"https:\/\/cuernavaca.gob.mx\/wp-content\/uploads\/2024\/01\/CABILDO-DE-CUERNAVACA-AUTORIZA-LA-DESINCORPORACIO\u0301N-DE-BIENES-MUEBLES-Y-VEHI\u0301CULOS-EN-CONDICIONES-INSERVIBLES-PARA-EL-SERVICIO-PU\u0301BLICO-1-300x200.jpg\" alt=\"\" width=\"300\" height=\"200\" srcset=\"https:\/\/cuernavaca.gob.mx\/wp-content\/uploads\/2024\/01\/CABILDO-DE-CUERNAVACA-AUTORIZA-LA-DESINCORPORACIO\u0301N-DE-BIENES-MUEBLES-Y-VEHI\u0301CULOS-EN-CONDICIONES-INSERVIBLES-PARA-EL-SERVICIO-PU\u0301BLICO-1-300x200.jpg 300w, https:\/\/cuernavaca.gob.mx\/wp-content\/uploads\/2024\/01\/CABILDO-DE-CUERNAVACA-AUTORIZA-LA-DESINCORPORACIO\u0301N-DE-BIENES-MUEBLES-Y-VEHI\u0301CULOS-EN-CONDICIONES-INSERVIBLES-PARA-EL-SERVICIO-PU\u0301BLICO-1-1024x682.jpg 1024w, https:\/\/cuernavaca.gob.mx\/wp-content\/uploads\/2024\/01\/CABILDO-DE-CUERNAVACA-AUTORIZA-LA-DESINCORPORACIO\u0301N-DE-BIENES-MUEBLES-Y-VEHI\u0301CULOS-EN-CONDICIONES-INSERVIBLES-PARA-EL-SERVICIO-PU\u0301BLICO-1-768x512.jpg 768w, https:\/\/cuernavaca.gob.mx\/wp-content\/uploads\/2024\/01\/CABILDO-DE-CUERNAVACA-AUTORIZA-LA-DESINCORPORACIO\u0301N-DE-BIENES-MUEBLES-Y-VEHI\u0301CULOS-EN-CONDICIONES-INSERVIBLES-PARA-EL-SERVICIO-PU\u0301BLICO-1-600x400.jpg 600w, https:\/\/cuernavaca.gob.mx\/wp-content\/uploads\/2024\/01\/CABILDO-DE-CUERNAVACA-AUTORIZA-LA-DESINCORPORACIO\u0301N-DE-BIENES-MUEBLES-Y-VEHI\u0301CULOS-EN-CONDICIONES-INSERVIBLES-PARA-EL-SERVICIO-PU\u0301BLICO-1-560x373.jpg 560w, https:\/\/cuernavaca.gob.mx\/wp-content\/uploads\/2024\/01\/CABILDO-DE-CUERNAVACA-AUTORIZA-LA-DESINCORPORACIO\u0301N-DE-BIENES-MUEBLES-Y-VEHI\u0301CULOS-EN-CONDICIONES-INSERVIBLES-PARA-EL-SERVICIO-PU\u0301BLICO-1.jpg 1280w\" sizes=\"(max-width: 300px) 100vw, 300px\" \/> <img loading=\"lazy\" class=\"alignnone size-medium wp-image-37727\" src=\"https:\/\/cuernavaca.gob.mx\/wp-content\/uploads\/2024\/01\/CABILDO-DE-CUERNAVACA-AUTORIZA-LA-DESINCORPORACIO\u0301N-DE-BIENES-MUEBLES-Y-VEHI\u0301CULOS-EN-CONDICIONES-INSERVIBLES-PARA-EL-SERVICIO-PU\u0301BLICO-2-300x200.jpg\" alt=\"\" width=\"300\" height=\"200\" srcset=\"https:\/\/cuernavaca.gob.mx\/wp-content\/uploads\/2024\/01\/CABILDO-DE-CUERNAVACA-AUTORIZA-LA-DESINCORPORACIO\u0301N-DE-BIENES-MUEBLES-Y-VEHI\u0301CULOS-EN-CONDICIONES-INSERVIBLES-PARA-EL-SERVICIO-PU\u0301BLICO-2-300x200.jpg 300w, https:\/\/cuernavaca.gob.mx\/wp-content\/uploads\/2024\/01\/CABILDO-DE-CUERNAVACA-AUTORIZA-LA-DESINCORPORACIO\u0301N-DE-BIENES-MUEBLES-Y-VEHI\u0301CULOS-EN-CONDICIONES-INSERVIBLES-PARA-EL-SERVICIO-PU\u0301BLICO-2-1024x682.jpg 1024w, https:\/\/cuernavaca.gob.mx\/wp-content\/uploads\/2024\/01\/CABILDO-DE-CUERNAVACA-AUTORIZA-LA-DESINCORPORACIO\u0301N-DE-BIENES-MUEBLES-Y-VEHI\u0301CULOS-EN-CONDICIONES-INSERVIBLES-PARA-EL-SERVICIO-PU\u0301BLICO-2-768x512.jpg 768w, https:\/\/cuernavaca.gob.mx\/wp-content\/uploads\/2024\/01\/CABILDO-DE-CUERNAVACA-AUTORIZA-LA-DESINCORPORACIO\u0301N-DE-BIENES-MUEBLES-Y-VEHI\u0301CULOS-EN-CONDICIONES-INSERVIBLES-PARA-EL-SERVICIO-PU\u0301BLICO-2-600x400.jpg 600w, https:\/\/cuernavaca.gob.mx\/wp-content\/uploads\/2024\/01\/CABILDO-DE-CUERNAVACA-AUTORIZA-LA-DESINCORPORACIO\u0301N-DE-BIENES-MUEBLES-Y-VEHI\u0301CULOS-EN-CONDICIONES-INSERVIBLES-PARA-EL-SERVICIO-PU\u0301BLICO-2-560x373.jpg 560w, https:\/\/cuernavaca.gob.mx\/wp-content\/uploads\/2024\/01\/CABILDO-DE-CUERNAVACA-AUTORIZA-LA-DESINCORPORACIO\u0301N-DE-BIENES-MUEBLES-Y-VEHI\u0301CULOS-EN-CONDICIONES-INSERVIBLES-PARA-EL-SERVICIO-PU\u0301BLICO-2.jpg 1280w\" sizes=\"(max-width: 300px) 100vw, 300px\" \/> <img loading=\"lazy\" class=\"alignnone size-medium wp-image-37728\" src=\"https:\/\/cuernavaca.gob.mx\/wp-content\/uploads\/2024\/01\/CABILDO-DE-CUERNAVACA-AUTORIZA-LA-DESINCORPORACIO\u0301N-DE-BIENES-MUEBLES-Y-VEHI\u0301CULOS-EN-CONDICIONES-INSERVIBLES-PARA-EL-SERVICIO-PU\u0301BLICO-3-300x140.jpg\" alt=\"\" width=\"300\" height=\"140\" srcset=\"https:\/\/cuernavaca.gob.mx\/wp-content\/uploads\/2024\/01\/CABILDO-DE-CUERNAVACA-AUTORIZA-LA-DESINCORPORACIO\u0301N-DE-BIENES-MUEBLES-Y-VEHI\u0301CULOS-EN-CONDICIONES-INSERVIBLES-PARA-EL-SERVICIO-PU\u0301BLICO-3-300x140.jpg 300w, https:\/\/cuernavaca.gob.mx\/wp-content\/uploads\/2024\/01\/CABILDO-DE-CUERNAVACA-AUTORIZA-LA-DESINCORPORACIO\u0301N-DE-BIENES-MUEBLES-Y-VEHI\u0301CULOS-EN-CONDICIONES-INSERVIBLES-PARA-EL-SERVICIO-PU\u0301BLICO-3-1024x477.jpg 1024w, https:\/\/cuernavaca.gob.mx\/wp-content\/uploads\/2024\/01\/CABILDO-DE-CUERNAVACA-AUTORIZA-LA-DESINCORPORACIO\u0301N-DE-BIENES-MUEBLES-Y-VEHI\u0301CULOS-EN-CONDICIONES-INSERVIBLES-PARA-EL-SERVICIO-PU\u0301BLICO-3-768x358.jpg 768w, https:\/\/cuernavaca.gob.mx\/wp-content\/uploads\/2024\/01\/CABILDO-DE-CUERNAVACA-AUTORIZA-LA-DESINCORPORACIO\u0301N-DE-BIENES-MUEBLES-Y-VEHI\u0301CULOS-EN-CONDICIONES-INSERVIBLES-PARA-EL-SERVICIO-PU\u0301BLICO-3-1536x716.jpg 1536w, https:\/\/cuernavaca.gob.mx\/wp-content\/uploads\/2024\/01\/CABILDO-DE-CUERNAVACA-AUTORIZA-LA-DESINCORPORACIO\u0301N-DE-BIENES-MUEBLES-Y-VEHI\u0301CULOS-EN-CONDICIONES-INSERVIBLES-PARA-EL-SERVICIO-PU\u0301BLICO-3-600x280.jpg 600w, https:\/\/cuernavaca.gob.mx\/wp-content\/uploads\/2024\/01\/CABILDO-DE-CUERNAVACA-AUTORIZA-LA-DESINCORPORACIO\u0301N-DE-BIENES-MUEBLES-Y-VEHI\u0301CULOS-EN-CONDICIONES-INSERVIBLES-PARA-EL-SERVICIO-PU\u0301BLICO-3-560x261.jpg 560w, https:\/\/cuernavaca.gob.mx\/wp-content\/uploads\/2024\/01\/CABILDO-DE-CUERNAVACA-AUTORIZA-LA-DESINCORPORACIO\u0301N-DE-BIENES-MUEBLES-Y-VEHI\u0301CULOS-EN-CONDICIONES-INSERVIBLES-PARA-EL-SERVICIO-PU\u0301BLICO-3.jpg 1600w\" sizes=\"(max-width: 300px) 100vw, 300px\" \/> <img loading=\"lazy\" class=\"alignnone size-medium wp-image-37729\" src=\"https:\/\/cuernavaca.gob.mx\/wp-content\/uploads\/2024\/01\/CABILDO-DE-CUERNAVACA-AUTORIZA-LA-DESINCORPORACIO\u0301N-DE-BIENES-MUEBLES-Y-VEHI\u0301CULOS-EN-CONDICIONES-INSERVIBLES-PARA-EL-SERVICIO-PU\u0301BLICO-4-300x225.jpg\" alt=\"\" width=\"300\" height=\"225\" srcset=\"https:\/\/cuernavaca.gob.mx\/wp-content\/uploads\/2024\/01\/CABILDO-DE-CUERNAVACA-AUTORIZA-LA-DESINCORPORACIO\u0301N-DE-BIENES-MUEBLES-Y-VEHI\u0301CULOS-EN-CONDICIONES-INSERVIBLES-PARA-EL-SERVICIO-PU\u0301BLICO-4-300x225.jpg 300w, https:\/\/cuernavaca.gob.mx\/wp-content\/uploads\/2024\/01\/CABILDO-DE-CUERNAVACA-AUTORIZA-LA-DESINCORPORACIO\u0301N-DE-BIENES-MUEBLES-Y-VEHI\u0301CULOS-EN-CONDICIONES-INSERVIBLES-PARA-EL-SERVICIO-PU\u0301BLICO-4-1024x768.jpg 1024w, https:\/\/cuernavaca.gob.mx\/wp-content\/uploads\/2024\/01\/CABILDO-DE-CUERNAVACA-AUTORIZA-LA-DESINCORPORACIO\u0301N-DE-BIENES-MUEBLES-Y-VEHI\u0301CULOS-EN-CONDICIONES-INSERVIBLES-PARA-EL-SERVICIO-PU\u0301BLICO-4-768x576.jpg 768w, https:\/\/cuernavaca.gob.mx\/wp-content\/uploads\/2024\/01\/CABILDO-DE-CUERNAVACA-AUTORIZA-LA-DESINCORPORACIO\u0301N-DE-BIENES-MUEBLES-Y-VEHI\u0301CULOS-EN-CONDICIONES-INSERVIBLES-PARA-EL-SERVICIO-PU\u0301BLICO-4-1536x1153.jpg 1536w, https:\/\/cuernavaca.gob.mx\/wp-content\/uploads\/2024\/01\/CABILDO-DE-CUERNAVACA-AUTORIZA-LA-DESINCORPORACIO\u0301N-DE-BIENES-MUEBLES-Y-VEHI\u0301CULOS-EN-CONDICIONES-INSERVIBLES-PARA-EL-SERVICIO-PU\u0301BLICO-4-600x450.jpg 600w, https:\/\/cuernavaca.gob.mx\/wp-content\/uploads\/2024\/01\/CABILDO-DE-CUERNAVACA-AUTORIZA-LA-DESINCORPORACIO\u0301N-DE-BIENES-MUEBLES-Y-VEHI\u0301CULOS-EN-CONDICIONES-INSERVIBLES-PARA-EL-SERVICIO-PU\u0301BLICO-4-560x420.jpg 560w, https:\/\/cuernavaca.gob.mx\/wp-content\/uploads\/2024\/01\/CABILDO-DE-CUERNAVACA-AUTORIZA-LA-DESINCORPORACIO\u0301N-DE-BIENES-MUEBLES-Y-VEHI\u0301CULOS-EN-CONDICIONES-INSERVIBLES-PARA-EL-SERVICIO-PU\u0301BLICO-4.jpg 1599w\" sizes=\"(max-width: 300px) 100vw, 300px\" \/><\/p>\n","protected":false},"excerpt":{"rendered":"<p>\u00b0 Se aprob\u00f3 la desincorporaci\u00f3n de 205 dict\u00e1menes que fueron realizados por la Tesorer\u00eda Municipal y un perito valuador \u00b0 El presidente municipal Jos\u00e9 Luis Uri\u00f3stegui, consider\u00f3 fundamental este proceso que lograr\u00e1 desocupar terrenos que pueden tener una mejor utilidad y evitar tener veh\u00edculos chatarra El Cabildo del Ayuntamiento de Cuernavaca aprob\u00f3 el acuerdo que [&hellip;]<\/p>\n","protected":false},"author":1,"featured_media":37729,"comment_status":"closed","ping_status":"open","sticky":false,"template":"","format":"standard","meta":[],"categories":[3047],"tags":[121,120,206],"aioseo_notices":[],"_links":{"self":[{"href":"https:\/\/cuernavaca.gob.mx\/index.php?rest_route=\/wp\/v2\/posts\/37725"}],"collection":[{"href":"https:\/\/cuernavaca.gob.mx\/index.php?rest_route=\/wp\/v2\/posts"}],"about":[{"href":"https:\/\/cuernavaca.gob.mx\/index.php?rest_route=\/wp\/v2\/types\/post"}],"author":[{"embeddable":true,"href":"https:\/\/cuernavaca.gob.mx\/index.php?rest_route=\/wp\/v2\/users\/1"}],"replies":[{"embeddable":true,"href":"https:\/\/cuernavaca.gob.mx\/index.php?rest_route=%2Fwp%2Fv2%2Fcomments&post=37725"}],"version-history":[{"count":1,"href":"https:\/\/cuernavaca.gob.mx\/index.php?rest_route=\/wp\/v2\/posts\/37725\/revisions"}],"predecessor-version":[{"id":37730,"href":"https:\/\/cuernavaca.gob.mx\/index.php?rest_route=\/wp\/v2\/posts\/37725\/revisions\/37730"}],"wp:featuredmedia":[{"embeddable":true,"href":"https:\/\/cuernavaca.gob.mx\/index.php?rest_route=\/wp\/v2\/media\/37729"}],"wp:attachment":[{"href":"https:\/\/cuernavaca.gob.mx\/index.php?rest_route=%2Fwp%2Fv2%2Fmedia&parent=37725"}],"wp:term":[{"taxonomy":"category","embeddable":true,"href":"https:\/\/cuernavaca.gob.mx\/index.php?rest_route=%2Fwp%2Fv2%2Fcategories&post=37725"},{"taxonomy":"post_tag","embeddable":true,"href":"https:\/\/cuernavaca.gob.mx\/index.php?rest_route=%2Fwp%2Fv2%2Ftags&post=37725"}],"curies":[{"name":"wp","href":"https:\/\/api.w.org\/{rel}","templated":true}]}}