{"id":37751,"date":"2024-01-22T16:00:04","date_gmt":"2024-01-22T22:00:04","guid":{"rendered":"https:\/\/cuernavaca.gob.mx\/?p=37751"},"modified":"2024-01-22T18:23:57","modified_gmt":"2024-01-23T00:23:57","slug":"b1540-22-01-24-en-cuernavaca-se-atiende-de-manera-integral-la-seguridad-por-parte-del-gobierno-municipal","status":"publish","type":"post","link":"https:\/\/cuernavaca.gob.mx\/?p=37751","title":{"rendered":"B1540 22\/01\/24 EN CUERNAVACA SE ATIENDE DE MANERA INTEGRAL LA SEGURIDAD POR PARTE DEL GOBIERNO MUNICIPAL"},"content":{"rendered":"<p><strong>\u2022 El Alcalde Jos\u00e9 Luis Uri\u00f3stegui asever\u00f3 que contin\u00faa form\u00e1ndose una corporaci\u00f3n policial que trascender\u00e1 administraciones, trabajando para abatir 26 a\u00f1os de retrocesos<\/strong><\/p>\n<p><strong>\u2022 Esta semana se espera la incorporaci\u00f3n de alrededor de 25 elementos que egresan del Colegio de Seguridad P\u00fablica Estatal<\/strong><\/p>\n<p>El presidente municipal de Cuernavaca, Jos\u00e9 Luis Uri\u00f3stegui Salgado, afirm\u00f3 que continuar\u00e1n fortaleciendo los esquemas de prevenci\u00f3n del delito en Cuernavaca redoblando esfuerzos para revertir la percepci\u00f3n de inseguridad que se present\u00f3 en la Encuesta Nacional de Seguridad P\u00fablica Urbana (ENSU) correspondiente al cuarto trimestre de 2023, que si bien es cierto esa percepci\u00f3n se deriva de la comisi\u00f3n de delitos que est\u00e1n fuera de la competencia del municipio, esto no es impedimento para que su administraci\u00f3n trabaje en ellos en coordinaci\u00f3n con las tres instancias de gobierno y los municipios de la zona metropolitana.<\/p>\n<p>Tras darse a conocer los resultados de la ENSU elaborada por el Instituto Nacional de Estad\u00edstica y Geograf\u00eda (INEGI), Jos\u00e9 Luis Uri\u00f3stegui se\u00f1al\u00f3 que a ra\u00edz de los cambios que han hecho en materia de seguridad en los dos a\u00f1os de gobierno han logrado disminuir esta percepci\u00f3n en comparaci\u00f3n a cuando asumieron la administraci\u00f3n que registraba un 89 por ciento, bajando a casi un 77 por ciento en promedio, siendo este aumento de los \u00faltimos meses del 2023 a consecuencia del enfrentamiento de bandas de la delincuencia y ante la percepci\u00f3n que se vive en toda la zona metropolitana.<\/p>\n<p>No obstante, reiter\u00f3 que continuar\u00e1n construyendo una corporaci\u00f3n policial no para dar resultados a una sola administraci\u00f3n, sino que este fortalecida de manera permanente hacia el futuro, puesto que en 26 a\u00f1os de historia la corporaci\u00f3n ha tenido retrocesos importantes, priorizando actualmente darles un trato parejo que les permita dignificar su labor con mejor equipamiento, nivelando el salario a 15 mil pesos mensuales y a trav\u00e9s del Centro de Control, Comando, Comunicaciones y C\u00f3mputo (C4) de Cuernavaca.<\/p>\n<p>Aunado a ello, el presidente municipal expres\u00f3 que esta semana se espera la incorporaci\u00f3n de alrededor de 25 elementos que egresan del Colegio de Seguridad P\u00fablica Estatal con la posibilidad de recibir polic\u00edas adicionales de acuerdo con informaci\u00f3n del Comisionado Estatal de Seguridad P\u00fablica, con lo que se espera empezar a abatir la falta de personal que registra la corporaci\u00f3n.<\/p>\n<p>Jos\u00e9 Luis Uri\u00f3stegui puntualiz\u00f3 que la prioridad en su administraci\u00f3n no solo es mejorar la percepci\u00f3n, sino que la poblaci\u00f3n se sienta bien en Cuernavaca, lo que se ha comenzado a consolidar y notar, ya que la capital morelense ha recibido m\u00e1s visitantes y la gente ha comenzado a apropiarse de los espacios p\u00fablicos disfrutando de la belleza de la Eterna Primavera.<\/p>\n<p><img loading=\"lazy\" class=\"alignnone size-medium wp-image-37752\" src=\"https:\/\/cuernavaca.gob.mx\/wp-content\/uploads\/2024\/01\/EN-CUERNAVACA-SE-ATIENDE-DE-MANERA-INTEGRAL-LA-SEGURIDAD-POR-PARTE-DEL-GOBIERNO-MUNICIPAL-1-300x200.jpg\" alt=\"\" width=\"300\" height=\"200\" srcset=\"https:\/\/cuernavaca.gob.mx\/wp-content\/uploads\/2024\/01\/EN-CUERNAVACA-SE-ATIENDE-DE-MANERA-INTEGRAL-LA-SEGURIDAD-POR-PARTE-DEL-GOBIERNO-MUNICIPAL-1-300x200.jpg 300w, https:\/\/cuernavaca.gob.mx\/wp-content\/uploads\/2024\/01\/EN-CUERNAVACA-SE-ATIENDE-DE-MANERA-INTEGRAL-LA-SEGURIDAD-POR-PARTE-DEL-GOBIERNO-MUNICIPAL-1-1024x682.jpg 1024w, https:\/\/cuernavaca.gob.mx\/wp-content\/uploads\/2024\/01\/EN-CUERNAVACA-SE-ATIENDE-DE-MANERA-INTEGRAL-LA-SEGURIDAD-POR-PARTE-DEL-GOBIERNO-MUNICIPAL-1-768x512.jpg 768w, https:\/\/cuernavaca.gob.mx\/wp-content\/uploads\/2024\/01\/EN-CUERNAVACA-SE-ATIENDE-DE-MANERA-INTEGRAL-LA-SEGURIDAD-POR-PARTE-DEL-GOBIERNO-MUNICIPAL-1-1536x1023.jpg 1536w, https:\/\/cuernavaca.gob.mx\/wp-content\/uploads\/2024\/01\/EN-CUERNAVACA-SE-ATIENDE-DE-MANERA-INTEGRAL-LA-SEGURIDAD-POR-PARTE-DEL-GOBIERNO-MUNICIPAL-1-600x400.jpg 600w, https:\/\/cuernavaca.gob.mx\/wp-content\/uploads\/2024\/01\/EN-CUERNAVACA-SE-ATIENDE-DE-MANERA-INTEGRAL-LA-SEGURIDAD-POR-PARTE-DEL-GOBIERNO-MUNICIPAL-1-560x373.jpg 560w, https:\/\/cuernavaca.gob.mx\/wp-content\/uploads\/2024\/01\/EN-CUERNAVACA-SE-ATIENDE-DE-MANERA-INTEGRAL-LA-SEGURIDAD-POR-PARTE-DEL-GOBIERNO-MUNICIPAL-1.jpg 1600w\" sizes=\"(max-width: 300px) 100vw, 300px\" \/> <img loading=\"lazy\" class=\"alignnone size-medium wp-image-37753\" src=\"https:\/\/cuernavaca.gob.mx\/wp-content\/uploads\/2024\/01\/EN-CUERNAVACA-SE-ATIENDE-DE-MANERA-INTEGRAL-LA-SEGURIDAD-POR-PARTE-DEL-GOBIERNO-MUNICIPAL-2-300x200.jpg\" alt=\"\" width=\"300\" height=\"200\" srcset=\"https:\/\/cuernavaca.gob.mx\/wp-content\/uploads\/2024\/01\/EN-CUERNAVACA-SE-ATIENDE-DE-MANERA-INTEGRAL-LA-SEGURIDAD-POR-PARTE-DEL-GOBIERNO-MUNICIPAL-2-300x200.jpg 300w, https:\/\/cuernavaca.gob.mx\/wp-content\/uploads\/2024\/01\/EN-CUERNAVACA-SE-ATIENDE-DE-MANERA-INTEGRAL-LA-SEGURIDAD-POR-PARTE-DEL-GOBIERNO-MUNICIPAL-2-1024x682.jpg 1024w, https:\/\/cuernavaca.gob.mx\/wp-content\/uploads\/2024\/01\/EN-CUERNAVACA-SE-ATIENDE-DE-MANERA-INTEGRAL-LA-SEGURIDAD-POR-PARTE-DEL-GOBIERNO-MUNICIPAL-2-768x512.jpg 768w, https:\/\/cuernavaca.gob.mx\/wp-content\/uploads\/2024\/01\/EN-CUERNAVACA-SE-ATIENDE-DE-MANERA-INTEGRAL-LA-SEGURIDAD-POR-PARTE-DEL-GOBIERNO-MUNICIPAL-2-1536x1023.jpg 1536w, https:\/\/cuernavaca.gob.mx\/wp-content\/uploads\/2024\/01\/EN-CUERNAVACA-SE-ATIENDE-DE-MANERA-INTEGRAL-LA-SEGURIDAD-POR-PARTE-DEL-GOBIERNO-MUNICIPAL-2-600x400.jpg 600w, https:\/\/cuernavaca.gob.mx\/wp-content\/uploads\/2024\/01\/EN-CUERNAVACA-SE-ATIENDE-DE-MANERA-INTEGRAL-LA-SEGURIDAD-POR-PARTE-DEL-GOBIERNO-MUNICIPAL-2-560x373.jpg 560w, https:\/\/cuernavaca.gob.mx\/wp-content\/uploads\/2024\/01\/EN-CUERNAVACA-SE-ATIENDE-DE-MANERA-INTEGRAL-LA-SEGURIDAD-POR-PARTE-DEL-GOBIERNO-MUNICIPAL-2.jpg 1600w\" sizes=\"(max-width: 300px) 100vw, 300px\" \/> <img loading=\"lazy\" class=\"alignnone size-medium wp-image-37754\" src=\"https:\/\/cuernavaca.gob.mx\/wp-content\/uploads\/2024\/01\/EN-CUERNAVACA-SE-ATIENDE-DE-MANERA-INTEGRAL-LA-SEGURIDAD-POR-PARTE-DEL-GOBIERNO-MUNICIPAL-3-300x200.jpg\" alt=\"\" width=\"300\" height=\"200\" srcset=\"https:\/\/cuernavaca.gob.mx\/wp-content\/uploads\/2024\/01\/EN-CUERNAVACA-SE-ATIENDE-DE-MANERA-INTEGRAL-LA-SEGURIDAD-POR-PARTE-DEL-GOBIERNO-MUNICIPAL-3-300x200.jpg 300w, https:\/\/cuernavaca.gob.mx\/wp-content\/uploads\/2024\/01\/EN-CUERNAVACA-SE-ATIENDE-DE-MANERA-INTEGRAL-LA-SEGURIDAD-POR-PARTE-DEL-GOBIERNO-MUNICIPAL-3-1024x682.jpg 1024w, https:\/\/cuernavaca.gob.mx\/wp-content\/uploads\/2024\/01\/EN-CUERNAVACA-SE-ATIENDE-DE-MANERA-INTEGRAL-LA-SEGURIDAD-POR-PARTE-DEL-GOBIERNO-MUNICIPAL-3-768x512.jpg 768w, https:\/\/cuernavaca.gob.mx\/wp-content\/uploads\/2024\/01\/EN-CUERNAVACA-SE-ATIENDE-DE-MANERA-INTEGRAL-LA-SEGURIDAD-POR-PARTE-DEL-GOBIERNO-MUNICIPAL-3-1536x1023.jpg 1536w, https:\/\/cuernavaca.gob.mx\/wp-content\/uploads\/2024\/01\/EN-CUERNAVACA-SE-ATIENDE-DE-MANERA-INTEGRAL-LA-SEGURIDAD-POR-PARTE-DEL-GOBIERNO-MUNICIPAL-3-600x400.jpg 600w, https:\/\/cuernavaca.gob.mx\/wp-content\/uploads\/2024\/01\/EN-CUERNAVACA-SE-ATIENDE-DE-MANERA-INTEGRAL-LA-SEGURIDAD-POR-PARTE-DEL-GOBIERNO-MUNICIPAL-3-560x373.jpg 560w, https:\/\/cuernavaca.gob.mx\/wp-content\/uploads\/2024\/01\/EN-CUERNAVACA-SE-ATIENDE-DE-MANERA-INTEGRAL-LA-SEGURIDAD-POR-PARTE-DEL-GOBIERNO-MUNICIPAL-3.jpg 1600w\" sizes=\"(max-width: 300px) 100vw, 300px\" \/><\/p>\n","protected":false},"excerpt":{"rendered":"<p>\u2022 El Alcalde Jos\u00e9 Luis Uri\u00f3stegui asever\u00f3 que contin\u00faa form\u00e1ndose una corporaci\u00f3n policial que trascender\u00e1 administraciones, trabajando para abatir 26 a\u00f1os de retrocesos \u2022 Esta semana se espera la incorporaci\u00f3n de alrededor de 25 elementos que egresan del Colegio de Seguridad P\u00fablica Estatal El presidente municipal de Cuernavaca, Jos\u00e9 Luis Uri\u00f3stegui Salgado, afirm\u00f3 que continuar\u00e1n [&hellip;]<\/p>\n","protected":false},"author":1,"featured_media":37754,"comment_status":"closed","ping_status":"open","sticky":false,"template":"","format":"standard","meta":[],"categories":[17],"tags":[2912,121,120,206,141,3499,127,414,125],"aioseo_notices":[],"_links":{"self":[{"href":"https:\/\/cuernavaca.gob.mx\/index.php?rest_route=\/wp\/v2\/posts\/37751"}],"collection":[{"href":"https:\/\/cuernavaca.gob.mx\/index.php?rest_route=\/wp\/v2\/posts"}],"about":[{"href":"https:\/\/cuernavaca.gob.mx\/index.php?rest_route=\/wp\/v2\/types\/post"}],"author":[{"embeddable":true,"href":"https:\/\/cuernavaca.gob.mx\/index.php?rest_route=\/wp\/v2\/users\/1"}],"replies":[{"embeddable":true,"href":"https:\/\/cuernavaca.gob.mx\/index.php?rest_route=%2Fwp%2Fv2%2Fcomments&post=37751"}],"version-history":[{"count":1,"href":"https:\/\/cuernavaca.gob.mx\/index.php?rest_route=\/wp\/v2\/posts\/37751\/revisions"}],"predecessor-version":[{"id":37755,"href":"https:\/\/cuernavaca.gob.mx\/index.php?rest_route=\/wp\/v2\/posts\/37751\/revisions\/37755"}],"wp:featuredmedia":[{"embeddable":true,"href":"https:\/\/cuernavaca.gob.mx\/index.php?rest_route=\/wp\/v2\/media\/37754"}],"wp:attachment":[{"href":"https:\/\/cuernavaca.gob.mx\/index.php?rest_route=%2Fwp%2Fv2%2Fmedia&parent=37751"}],"wp:term":[{"taxonomy":"category","embeddable":true,"href":"https:\/\/cuernavaca.gob.mx\/index.php?rest_route=%2Fwp%2Fv2%2Fcategories&post=37751"},{"taxonomy":"post_tag","embeddable":true,"href":"https:\/\/cuernavaca.gob.mx\/index.php?rest_route=%2Fwp%2Fv2%2Ftags&post=37751"}],"curies":[{"name":"wp","href":"https:\/\/api.w.org\/{rel}","templated":true}]}}