{"id":37835,"date":"2024-01-25T15:58:00","date_gmt":"2024-01-25T21:58:00","guid":{"rendered":"https:\/\/cuernavaca.gob.mx\/?p=37835"},"modified":"2024-01-25T15:58:00","modified_gmt":"2024-01-25T21:58:00","slug":"b1547-refrenda-ayuntamiento-de-cuernavaca-trabajo-coordinado-con-conaseg-para-la-prevencion-y-proteccion-civil-de-la-poblacion","status":"publish","type":"post","link":"https:\/\/cuernavaca.gob.mx\/?p=37835","title":{"rendered":"B1547 REFRENDA AYUNTAMIENTO DE CUERNAVACA TRABAJO COORDINADO CON CONASEG PARA LA PREVENCI\u00d3N Y PROTECCI\u00d3N CIVIL DE LA POBLACI\u00d3N"},"content":{"rendered":"<p><strong>\u2022 Este mi\u00e9rcoles se llev\u00f3 a cabo el proceso de mantenimiento y recarga de extintores de las diferentes dependencias municipales como herramienta de apoyo en caso de un siniestro<\/strong><\/p>\n<p>A fin de brindar inmuebles seguros a la poblaci\u00f3n que cuenten con las medidas de seguridad para hacer frente a una emergencia, el Ayuntamiento de Cuernavaca contin\u00faa trabajando de manera coordinada con el Corporativo Nacional de Seguridad y Gesti\u00f3n de Riesgos (CONASEG), refrendando las acciones en materia preventiva y de protecci\u00f3n civil en la ciudad a trav\u00e9s del mantenimiento y recarga de extintores de las dependencias municipales.<\/p>\n<p>En el marco de ejecuci\u00f3n de este programa que se ha realizado de manera consecutiva, a nombre del presidente municipal, Jos\u00e9 Luis Uri\u00f3stegui Salgado, el secretario del Ayuntamiento, Carlos de la Rosa Segura, extern\u00f3 su agradecimiento a la empresa socialmente responsable que de manera permanente a apoyado al municipio con la donaci\u00f3n de distintos implementos y capacitaciones que les dan certeza para seguir trabajando de manera segura y cierta a favor de la ciudadan\u00eda.<\/p>\n<p>Al uso de la palabra, el director general de CONASEG, Arist\u00f3teles Mart\u00ednez Mondrag\u00f3n, manifest\u00f3 su reconocimiento a la voluntad y disposici\u00f3n mostrada por el Ayuntamiento que ha sumado esfuerzos con el sector privado para aportar beneficios a la sociedad, lo cual se ha traducido en otorgar una cobertura cada vez mayor a los inmuebles municipales, labor que han efectuado desde hace m\u00e1s de 10 a\u00f1os.<\/p>\n<p>La Secretar\u00eda de Protecci\u00f3n y Auxilio Ciudadano (SEPRAC) a trav\u00e9s de su titular, Alicia V\u00e1zquez Luna, ha gestionado estos apoyos que tuvieron presencia en la sede Papagayo del Ayuntamiento de Cuernavaca, en la SEPRAC, Bomberos, Protecci\u00f3n Civil, el Sistema DIF Cuernavaca, el mercado Adolfo L\u00f3pez Mateos, los mercados perif\u00e9ricos, entre otras instancias municipales.<\/p>\n<p>Como parte de este trabajo de cooperaci\u00f3n y colaboraci\u00f3n, CONASEG ha contribuido a mejorar las condiciones laborales de los servidores p\u00fablicos, particularmente de los polic\u00edas municipales otorgando incentivos para el desempe\u00f1o de su funci\u00f3n, como fue la donaci\u00f3n de una motocicleta la cual fue rifada en el mes de diciembre pasado y que gan\u00f3 una mujer polic\u00eda que este d\u00eda recibi\u00f3 la factura que le da certidumbre a su posesi\u00f3n.<\/p>\n<p>En el evento se cont\u00f3 con la asistencia de la subdirectora ejecutiva de CONASEG, Paola Hern\u00e1ndez Vargas, quien explic\u00f3 a las brigadas de Protecci\u00f3n Civil municipales el proceso de recarga de los extintores que se realiz\u00f3 en una unidad m\u00f3vil modificada para ese prop\u00f3sito.<\/p>\n<p><img loading=\"lazy\" class=\"alignnone size-medium wp-image-37836\" src=\"https:\/\/cuernavaca.gob.mx\/wp-content\/uploads\/2024\/01\/REFRENDA-AYUNTAMIENTO-DE-CUERNAVACA-TRABAJO-COORDINADO-CON-CONASEG-PARA-LA-PREVENCIO\u0301N-Y-PROTECCIO\u0301N-CIVIL-DE-LA-POBLACIO\u0301N-1-300x200.jpg\" alt=\"\" width=\"300\" height=\"200\" srcset=\"https:\/\/cuernavaca.gob.mx\/wp-content\/uploads\/2024\/01\/REFRENDA-AYUNTAMIENTO-DE-CUERNAVACA-TRABAJO-COORDINADO-CON-CONASEG-PARA-LA-PREVENCIO\u0301N-Y-PROTECCIO\u0301N-CIVIL-DE-LA-POBLACIO\u0301N-1-300x200.jpg 300w, https:\/\/cuernavaca.gob.mx\/wp-content\/uploads\/2024\/01\/REFRENDA-AYUNTAMIENTO-DE-CUERNAVACA-TRABAJO-COORDINADO-CON-CONASEG-PARA-LA-PREVENCIO\u0301N-Y-PROTECCIO\u0301N-CIVIL-DE-LA-POBLACIO\u0301N-1-1024x682.jpg 1024w, https:\/\/cuernavaca.gob.mx\/wp-content\/uploads\/2024\/01\/REFRENDA-AYUNTAMIENTO-DE-CUERNAVACA-TRABAJO-COORDINADO-CON-CONASEG-PARA-LA-PREVENCIO\u0301N-Y-PROTECCIO\u0301N-CIVIL-DE-LA-POBLACIO\u0301N-1-768x512.jpg 768w, https:\/\/cuernavaca.gob.mx\/wp-content\/uploads\/2024\/01\/REFRENDA-AYUNTAMIENTO-DE-CUERNAVACA-TRABAJO-COORDINADO-CON-CONASEG-PARA-LA-PREVENCIO\u0301N-Y-PROTECCIO\u0301N-CIVIL-DE-LA-POBLACIO\u0301N-1-1536x1023.jpg 1536w, https:\/\/cuernavaca.gob.mx\/wp-content\/uploads\/2024\/01\/REFRENDA-AYUNTAMIENTO-DE-CUERNAVACA-TRABAJO-COORDINADO-CON-CONASEG-PARA-LA-PREVENCIO\u0301N-Y-PROTECCIO\u0301N-CIVIL-DE-LA-POBLACIO\u0301N-1-600x400.jpg 600w, https:\/\/cuernavaca.gob.mx\/wp-content\/uploads\/2024\/01\/REFRENDA-AYUNTAMIENTO-DE-CUERNAVACA-TRABAJO-COORDINADO-CON-CONASEG-PARA-LA-PREVENCIO\u0301N-Y-PROTECCIO\u0301N-CIVIL-DE-LA-POBLACIO\u0301N-1-560x373.jpg 560w, https:\/\/cuernavaca.gob.mx\/wp-content\/uploads\/2024\/01\/REFRENDA-AYUNTAMIENTO-DE-CUERNAVACA-TRABAJO-COORDINADO-CON-CONASEG-PARA-LA-PREVENCIO\u0301N-Y-PROTECCIO\u0301N-CIVIL-DE-LA-POBLACIO\u0301N-1.jpg 1600w\" sizes=\"(max-width: 300px) 100vw, 300px\" \/> <img loading=\"lazy\" class=\"alignnone size-medium wp-image-37837\" src=\"https:\/\/cuernavaca.gob.mx\/wp-content\/uploads\/2024\/01\/REFRENDA-AYUNTAMIENTO-DE-CUERNAVACA-TRABAJO-COORDINADO-CON-CONASEG-PARA-LA-PREVENCIO\u0301N-Y-PROTECCIO\u0301N-CIVIL-DE-LA-POBLACIO\u0301N-2-300x200.jpg\" alt=\"\" width=\"300\" height=\"200\" srcset=\"https:\/\/cuernavaca.gob.mx\/wp-content\/uploads\/2024\/01\/REFRENDA-AYUNTAMIENTO-DE-CUERNAVACA-TRABAJO-COORDINADO-CON-CONASEG-PARA-LA-PREVENCIO\u0301N-Y-PROTECCIO\u0301N-CIVIL-DE-LA-POBLACIO\u0301N-2-300x200.jpg 300w, https:\/\/cuernavaca.gob.mx\/wp-content\/uploads\/2024\/01\/REFRENDA-AYUNTAMIENTO-DE-CUERNAVACA-TRABAJO-COORDINADO-CON-CONASEG-PARA-LA-PREVENCIO\u0301N-Y-PROTECCIO\u0301N-CIVIL-DE-LA-POBLACIO\u0301N-2-1024x682.jpg 1024w, https:\/\/cuernavaca.gob.mx\/wp-content\/uploads\/2024\/01\/REFRENDA-AYUNTAMIENTO-DE-CUERNAVACA-TRABAJO-COORDINADO-CON-CONASEG-PARA-LA-PREVENCIO\u0301N-Y-PROTECCIO\u0301N-CIVIL-DE-LA-POBLACIO\u0301N-2-768x512.jpg 768w, https:\/\/cuernavaca.gob.mx\/wp-content\/uploads\/2024\/01\/REFRENDA-AYUNTAMIENTO-DE-CUERNAVACA-TRABAJO-COORDINADO-CON-CONASEG-PARA-LA-PREVENCIO\u0301N-Y-PROTECCIO\u0301N-CIVIL-DE-LA-POBLACIO\u0301N-2-1536x1023.jpg 1536w, https:\/\/cuernavaca.gob.mx\/wp-content\/uploads\/2024\/01\/REFRENDA-AYUNTAMIENTO-DE-CUERNAVACA-TRABAJO-COORDINADO-CON-CONASEG-PARA-LA-PREVENCIO\u0301N-Y-PROTECCIO\u0301N-CIVIL-DE-LA-POBLACIO\u0301N-2-600x400.jpg 600w, https:\/\/cuernavaca.gob.mx\/wp-content\/uploads\/2024\/01\/REFRENDA-AYUNTAMIENTO-DE-CUERNAVACA-TRABAJO-COORDINADO-CON-CONASEG-PARA-LA-PREVENCIO\u0301N-Y-PROTECCIO\u0301N-CIVIL-DE-LA-POBLACIO\u0301N-2-560x373.jpg 560w, https:\/\/cuernavaca.gob.mx\/wp-content\/uploads\/2024\/01\/REFRENDA-AYUNTAMIENTO-DE-CUERNAVACA-TRABAJO-COORDINADO-CON-CONASEG-PARA-LA-PREVENCIO\u0301N-Y-PROTECCIO\u0301N-CIVIL-DE-LA-POBLACIO\u0301N-2.jpg 1600w\" sizes=\"(max-width: 300px) 100vw, 300px\" \/> <img loading=\"lazy\" class=\"alignnone size-medium wp-image-37838\" src=\"https:\/\/cuernavaca.gob.mx\/wp-content\/uploads\/2024\/01\/REFRENDA-AYUNTAMIENTO-DE-CUERNAVACA-TRABAJO-COORDINADO-CON-CONASEG-PARA-LA-PREVENCIO\u0301N-Y-PROTECCIO\u0301N-CIVIL-DE-LA-POBLACIO\u0301N-3-300x200.jpg\" alt=\"\" width=\"300\" height=\"200\" srcset=\"https:\/\/cuernavaca.gob.mx\/wp-content\/uploads\/2024\/01\/REFRENDA-AYUNTAMIENTO-DE-CUERNAVACA-TRABAJO-COORDINADO-CON-CONASEG-PARA-LA-PREVENCIO\u0301N-Y-PROTECCIO\u0301N-CIVIL-DE-LA-POBLACIO\u0301N-3-300x200.jpg 300w, https:\/\/cuernavaca.gob.mx\/wp-content\/uploads\/2024\/01\/REFRENDA-AYUNTAMIENTO-DE-CUERNAVACA-TRABAJO-COORDINADO-CON-CONASEG-PARA-LA-PREVENCIO\u0301N-Y-PROTECCIO\u0301N-CIVIL-DE-LA-POBLACIO\u0301N-3-1024x682.jpg 1024w, https:\/\/cuernavaca.gob.mx\/wp-content\/uploads\/2024\/01\/REFRENDA-AYUNTAMIENTO-DE-CUERNAVACA-TRABAJO-COORDINADO-CON-CONASEG-PARA-LA-PREVENCIO\u0301N-Y-PROTECCIO\u0301N-CIVIL-DE-LA-POBLACIO\u0301N-3-768x512.jpg 768w, https:\/\/cuernavaca.gob.mx\/wp-content\/uploads\/2024\/01\/REFRENDA-AYUNTAMIENTO-DE-CUERNAVACA-TRABAJO-COORDINADO-CON-CONASEG-PARA-LA-PREVENCIO\u0301N-Y-PROTECCIO\u0301N-CIVIL-DE-LA-POBLACIO\u0301N-3-1536x1023.jpg 1536w, https:\/\/cuernavaca.gob.mx\/wp-content\/uploads\/2024\/01\/REFRENDA-AYUNTAMIENTO-DE-CUERNAVACA-TRABAJO-COORDINADO-CON-CONASEG-PARA-LA-PREVENCIO\u0301N-Y-PROTECCIO\u0301N-CIVIL-DE-LA-POBLACIO\u0301N-3-600x400.jpg 600w, https:\/\/cuernavaca.gob.mx\/wp-content\/uploads\/2024\/01\/REFRENDA-AYUNTAMIENTO-DE-CUERNAVACA-TRABAJO-COORDINADO-CON-CONASEG-PARA-LA-PREVENCIO\u0301N-Y-PROTECCIO\u0301N-CIVIL-DE-LA-POBLACIO\u0301N-3-560x373.jpg 560w, https:\/\/cuernavaca.gob.mx\/wp-content\/uploads\/2024\/01\/REFRENDA-AYUNTAMIENTO-DE-CUERNAVACA-TRABAJO-COORDINADO-CON-CONASEG-PARA-LA-PREVENCIO\u0301N-Y-PROTECCIO\u0301N-CIVIL-DE-LA-POBLACIO\u0301N-3.jpg 1600w\" sizes=\"(max-width: 300px) 100vw, 300px\" \/> <img loading=\"lazy\" class=\"alignnone size-medium wp-image-37839\" src=\"https:\/\/cuernavaca.gob.mx\/wp-content\/uploads\/2024\/01\/REFRENDA-AYUNTAMIENTO-DE-CUERNAVACA-TRABAJO-COORDINADO-CON-CONASEG-PARA-LA-PREVENCIO\u0301N-Y-PROTECCIO\u0301N-CIVIL-DE-LA-POBLACIO\u0301N-4-300x200.jpg\" alt=\"\" width=\"300\" height=\"200\" srcset=\"https:\/\/cuernavaca.gob.mx\/wp-content\/uploads\/2024\/01\/REFRENDA-AYUNTAMIENTO-DE-CUERNAVACA-TRABAJO-COORDINADO-CON-CONASEG-PARA-LA-PREVENCIO\u0301N-Y-PROTECCIO\u0301N-CIVIL-DE-LA-POBLACIO\u0301N-4-300x200.jpg 300w, https:\/\/cuernavaca.gob.mx\/wp-content\/uploads\/2024\/01\/REFRENDA-AYUNTAMIENTO-DE-CUERNAVACA-TRABAJO-COORDINADO-CON-CONASEG-PARA-LA-PREVENCIO\u0301N-Y-PROTECCIO\u0301N-CIVIL-DE-LA-POBLACIO\u0301N-4-1024x682.jpg 1024w, https:\/\/cuernavaca.gob.mx\/wp-content\/uploads\/2024\/01\/REFRENDA-AYUNTAMIENTO-DE-CUERNAVACA-TRABAJO-COORDINADO-CON-CONASEG-PARA-LA-PREVENCIO\u0301N-Y-PROTECCIO\u0301N-CIVIL-DE-LA-POBLACIO\u0301N-4-768x512.jpg 768w, https:\/\/cuernavaca.gob.mx\/wp-content\/uploads\/2024\/01\/REFRENDA-AYUNTAMIENTO-DE-CUERNAVACA-TRABAJO-COORDINADO-CON-CONASEG-PARA-LA-PREVENCIO\u0301N-Y-PROTECCIO\u0301N-CIVIL-DE-LA-POBLACIO\u0301N-4-1536x1023.jpg 1536w, https:\/\/cuernavaca.gob.mx\/wp-content\/uploads\/2024\/01\/REFRENDA-AYUNTAMIENTO-DE-CUERNAVACA-TRABAJO-COORDINADO-CON-CONASEG-PARA-LA-PREVENCIO\u0301N-Y-PROTECCIO\u0301N-CIVIL-DE-LA-POBLACIO\u0301N-4-600x400.jpg 600w, https:\/\/cuernavaca.gob.mx\/wp-content\/uploads\/2024\/01\/REFRENDA-AYUNTAMIENTO-DE-CUERNAVACA-TRABAJO-COORDINADO-CON-CONASEG-PARA-LA-PREVENCIO\u0301N-Y-PROTECCIO\u0301N-CIVIL-DE-LA-POBLACIO\u0301N-4-560x373.jpg 560w, https:\/\/cuernavaca.gob.mx\/wp-content\/uploads\/2024\/01\/REFRENDA-AYUNTAMIENTO-DE-CUERNAVACA-TRABAJO-COORDINADO-CON-CONASEG-PARA-LA-PREVENCIO\u0301N-Y-PROTECCIO\u0301N-CIVIL-DE-LA-POBLACIO\u0301N-4.jpg 1600w\" sizes=\"(max-width: 300px) 100vw, 300px\" \/> <img loading=\"lazy\" class=\"alignnone size-medium wp-image-37840\" src=\"https:\/\/cuernavaca.gob.mx\/wp-content\/uploads\/2024\/01\/REFRENDA-AYUNTAMIENTO-DE-CUERNAVACA-TRABAJO-COORDINADO-CON-CONASEG-PARA-LA-PREVENCIO\u0301N-Y-PROTECCIO\u0301N-CIVIL-DE-LA-POBLACIO\u0301N-5-300x200.jpg\" alt=\"\" width=\"300\" height=\"200\" srcset=\"https:\/\/cuernavaca.gob.mx\/wp-content\/uploads\/2024\/01\/REFRENDA-AYUNTAMIENTO-DE-CUERNAVACA-TRABAJO-COORDINADO-CON-CONASEG-PARA-LA-PREVENCIO\u0301N-Y-PROTECCIO\u0301N-CIVIL-DE-LA-POBLACIO\u0301N-5-300x200.jpg 300w, https:\/\/cuernavaca.gob.mx\/wp-content\/uploads\/2024\/01\/REFRENDA-AYUNTAMIENTO-DE-CUERNAVACA-TRABAJO-COORDINADO-CON-CONASEG-PARA-LA-PREVENCIO\u0301N-Y-PROTECCIO\u0301N-CIVIL-DE-LA-POBLACIO\u0301N-5-1024x682.jpg 1024w, https:\/\/cuernavaca.gob.mx\/wp-content\/uploads\/2024\/01\/REFRENDA-AYUNTAMIENTO-DE-CUERNAVACA-TRABAJO-COORDINADO-CON-CONASEG-PARA-LA-PREVENCIO\u0301N-Y-PROTECCIO\u0301N-CIVIL-DE-LA-POBLACIO\u0301N-5-768x512.jpg 768w, https:\/\/cuernavaca.gob.mx\/wp-content\/uploads\/2024\/01\/REFRENDA-AYUNTAMIENTO-DE-CUERNAVACA-TRABAJO-COORDINADO-CON-CONASEG-PARA-LA-PREVENCIO\u0301N-Y-PROTECCIO\u0301N-CIVIL-DE-LA-POBLACIO\u0301N-5-1536x1023.jpg 1536w, https:\/\/cuernavaca.gob.mx\/wp-content\/uploads\/2024\/01\/REFRENDA-AYUNTAMIENTO-DE-CUERNAVACA-TRABAJO-COORDINADO-CON-CONASEG-PARA-LA-PREVENCIO\u0301N-Y-PROTECCIO\u0301N-CIVIL-DE-LA-POBLACIO\u0301N-5-600x400.jpg 600w, https:\/\/cuernavaca.gob.mx\/wp-content\/uploads\/2024\/01\/REFRENDA-AYUNTAMIENTO-DE-CUERNAVACA-TRABAJO-COORDINADO-CON-CONASEG-PARA-LA-PREVENCIO\u0301N-Y-PROTECCIO\u0301N-CIVIL-DE-LA-POBLACIO\u0301N-5-560x373.jpg 560w, https:\/\/cuernavaca.gob.mx\/wp-content\/uploads\/2024\/01\/REFRENDA-AYUNTAMIENTO-DE-CUERNAVACA-TRABAJO-COORDINADO-CON-CONASEG-PARA-LA-PREVENCIO\u0301N-Y-PROTECCIO\u0301N-CIVIL-DE-LA-POBLACIO\u0301N-5.jpg 1600w\" sizes=\"(max-width: 300px) 100vw, 300px\" \/> <img loading=\"lazy\" class=\"alignnone size-medium wp-image-37841\" src=\"https:\/\/cuernavaca.gob.mx\/wp-content\/uploads\/2024\/01\/REFRENDA-AYUNTAMIENTO-DE-CUERNAVACA-TRABAJO-COORDINADO-CON-CONASEG-PARA-LA-PREVENCIO\u0301N-Y-PROTECCIO\u0301N-CIVIL-DE-LA-POBLACIO\u0301N-6-300x200.jpg\" alt=\"\" width=\"300\" height=\"200\" srcset=\"https:\/\/cuernavaca.gob.mx\/wp-content\/uploads\/2024\/01\/REFRENDA-AYUNTAMIENTO-DE-CUERNAVACA-TRABAJO-COORDINADO-CON-CONASEG-PARA-LA-PREVENCIO\u0301N-Y-PROTECCIO\u0301N-CIVIL-DE-LA-POBLACIO\u0301N-6-300x200.jpg 300w, https:\/\/cuernavaca.gob.mx\/wp-content\/uploads\/2024\/01\/REFRENDA-AYUNTAMIENTO-DE-CUERNAVACA-TRABAJO-COORDINADO-CON-CONASEG-PARA-LA-PREVENCIO\u0301N-Y-PROTECCIO\u0301N-CIVIL-DE-LA-POBLACIO\u0301N-6-1024x682.jpg 1024w, https:\/\/cuernavaca.gob.mx\/wp-content\/uploads\/2024\/01\/REFRENDA-AYUNTAMIENTO-DE-CUERNAVACA-TRABAJO-COORDINADO-CON-CONASEG-PARA-LA-PREVENCIO\u0301N-Y-PROTECCIO\u0301N-CIVIL-DE-LA-POBLACIO\u0301N-6-768x512.jpg 768w, https:\/\/cuernavaca.gob.mx\/wp-content\/uploads\/2024\/01\/REFRENDA-AYUNTAMIENTO-DE-CUERNAVACA-TRABAJO-COORDINADO-CON-CONASEG-PARA-LA-PREVENCIO\u0301N-Y-PROTECCIO\u0301N-CIVIL-DE-LA-POBLACIO\u0301N-6-1536x1023.jpg 1536w, https:\/\/cuernavaca.gob.mx\/wp-content\/uploads\/2024\/01\/REFRENDA-AYUNTAMIENTO-DE-CUERNAVACA-TRABAJO-COORDINADO-CON-CONASEG-PARA-LA-PREVENCIO\u0301N-Y-PROTECCIO\u0301N-CIVIL-DE-LA-POBLACIO\u0301N-6-600x400.jpg 600w, https:\/\/cuernavaca.gob.mx\/wp-content\/uploads\/2024\/01\/REFRENDA-AYUNTAMIENTO-DE-CUERNAVACA-TRABAJO-COORDINADO-CON-CONASEG-PARA-LA-PREVENCIO\u0301N-Y-PROTECCIO\u0301N-CIVIL-DE-LA-POBLACIO\u0301N-6-560x373.jpg 560w, https:\/\/cuernavaca.gob.mx\/wp-content\/uploads\/2024\/01\/REFRENDA-AYUNTAMIENTO-DE-CUERNAVACA-TRABAJO-COORDINADO-CON-CONASEG-PARA-LA-PREVENCIO\u0301N-Y-PROTECCIO\u0301N-CIVIL-DE-LA-POBLACIO\u0301N-6.jpg 1600w\" sizes=\"(max-width: 300px) 100vw, 300px\" \/> <img loading=\"lazy\" class=\"alignnone size-medium wp-image-37842\" src=\"https:\/\/cuernavaca.gob.mx\/wp-content\/uploads\/2024\/01\/REFRENDA-AYUNTAMIENTO-DE-CUERNAVACA-TRABAJO-COORDINADO-CON-CONASEG-PARA-LA-PREVENCIO\u0301N-Y-PROTECCIO\u0301N-CIVIL-DE-LA-POBLACIO\u0301N-7-300x200.jpg\" alt=\"\" width=\"300\" height=\"200\" srcset=\"https:\/\/cuernavaca.gob.mx\/wp-content\/uploads\/2024\/01\/REFRENDA-AYUNTAMIENTO-DE-CUERNAVACA-TRABAJO-COORDINADO-CON-CONASEG-PARA-LA-PREVENCIO\u0301N-Y-PROTECCIO\u0301N-CIVIL-DE-LA-POBLACIO\u0301N-7-300x200.jpg 300w, https:\/\/cuernavaca.gob.mx\/wp-content\/uploads\/2024\/01\/REFRENDA-AYUNTAMIENTO-DE-CUERNAVACA-TRABAJO-COORDINADO-CON-CONASEG-PARA-LA-PREVENCIO\u0301N-Y-PROTECCIO\u0301N-CIVIL-DE-LA-POBLACIO\u0301N-7-1024x682.jpg 1024w, https:\/\/cuernavaca.gob.mx\/wp-content\/uploads\/2024\/01\/REFRENDA-AYUNTAMIENTO-DE-CUERNAVACA-TRABAJO-COORDINADO-CON-CONASEG-PARA-LA-PREVENCIO\u0301N-Y-PROTECCIO\u0301N-CIVIL-DE-LA-POBLACIO\u0301N-7-768x512.jpg 768w, https:\/\/cuernavaca.gob.mx\/wp-content\/uploads\/2024\/01\/REFRENDA-AYUNTAMIENTO-DE-CUERNAVACA-TRABAJO-COORDINADO-CON-CONASEG-PARA-LA-PREVENCIO\u0301N-Y-PROTECCIO\u0301N-CIVIL-DE-LA-POBLACIO\u0301N-7-1536x1023.jpg 1536w, https:\/\/cuernavaca.gob.mx\/wp-content\/uploads\/2024\/01\/REFRENDA-AYUNTAMIENTO-DE-CUERNAVACA-TRABAJO-COORDINADO-CON-CONASEG-PARA-LA-PREVENCIO\u0301N-Y-PROTECCIO\u0301N-CIVIL-DE-LA-POBLACIO\u0301N-7-600x400.jpg 600w, https:\/\/cuernavaca.gob.mx\/wp-content\/uploads\/2024\/01\/REFRENDA-AYUNTAMIENTO-DE-CUERNAVACA-TRABAJO-COORDINADO-CON-CONASEG-PARA-LA-PREVENCIO\u0301N-Y-PROTECCIO\u0301N-CIVIL-DE-LA-POBLACIO\u0301N-7-560x373.jpg 560w, https:\/\/cuernavaca.gob.mx\/wp-content\/uploads\/2024\/01\/REFRENDA-AYUNTAMIENTO-DE-CUERNAVACA-TRABAJO-COORDINADO-CON-CONASEG-PARA-LA-PREVENCIO\u0301N-Y-PROTECCIO\u0301N-CIVIL-DE-LA-POBLACIO\u0301N-7.jpg 1600w\" sizes=\"(max-width: 300px) 100vw, 300px\" \/> <img loading=\"lazy\" class=\"alignnone size-medium wp-image-37843\" src=\"https:\/\/cuernavaca.gob.mx\/wp-content\/uploads\/2024\/01\/REFRENDA-AYUNTAMIENTO-DE-CUERNAVACA-TRABAJO-COORDINADO-CON-CONASEG-PARA-LA-PREVENCIO\u0301N-Y-PROTECCIO\u0301N-CIVIL-DE-LA-POBLACIO\u0301N-8-300x200.jpg\" alt=\"\" width=\"300\" height=\"200\" srcset=\"https:\/\/cuernavaca.gob.mx\/wp-content\/uploads\/2024\/01\/REFRENDA-AYUNTAMIENTO-DE-CUERNAVACA-TRABAJO-COORDINADO-CON-CONASEG-PARA-LA-PREVENCIO\u0301N-Y-PROTECCIO\u0301N-CIVIL-DE-LA-POBLACIO\u0301N-8-300x200.jpg 300w, https:\/\/cuernavaca.gob.mx\/wp-content\/uploads\/2024\/01\/REFRENDA-AYUNTAMIENTO-DE-CUERNAVACA-TRABAJO-COORDINADO-CON-CONASEG-PARA-LA-PREVENCIO\u0301N-Y-PROTECCIO\u0301N-CIVIL-DE-LA-POBLACIO\u0301N-8-1024x682.jpg 1024w, https:\/\/cuernavaca.gob.mx\/wp-content\/uploads\/2024\/01\/REFRENDA-AYUNTAMIENTO-DE-CUERNAVACA-TRABAJO-COORDINADO-CON-CONASEG-PARA-LA-PREVENCIO\u0301N-Y-PROTECCIO\u0301N-CIVIL-DE-LA-POBLACIO\u0301N-8-768x512.jpg 768w, https:\/\/cuernavaca.gob.mx\/wp-content\/uploads\/2024\/01\/REFRENDA-AYUNTAMIENTO-DE-CUERNAVACA-TRABAJO-COORDINADO-CON-CONASEG-PARA-LA-PREVENCIO\u0301N-Y-PROTECCIO\u0301N-CIVIL-DE-LA-POBLACIO\u0301N-8-1536x1023.jpg 1536w, https:\/\/cuernavaca.gob.mx\/wp-content\/uploads\/2024\/01\/REFRENDA-AYUNTAMIENTO-DE-CUERNAVACA-TRABAJO-COORDINADO-CON-CONASEG-PARA-LA-PREVENCIO\u0301N-Y-PROTECCIO\u0301N-CIVIL-DE-LA-POBLACIO\u0301N-8-600x400.jpg 600w, https:\/\/cuernavaca.gob.mx\/wp-content\/uploads\/2024\/01\/REFRENDA-AYUNTAMIENTO-DE-CUERNAVACA-TRABAJO-COORDINADO-CON-CONASEG-PARA-LA-PREVENCIO\u0301N-Y-PROTECCIO\u0301N-CIVIL-DE-LA-POBLACIO\u0301N-8-560x373.jpg 560w, https:\/\/cuernavaca.gob.mx\/wp-content\/uploads\/2024\/01\/REFRENDA-AYUNTAMIENTO-DE-CUERNAVACA-TRABAJO-COORDINADO-CON-CONASEG-PARA-LA-PREVENCIO\u0301N-Y-PROTECCIO\u0301N-CIVIL-DE-LA-POBLACIO\u0301N-8.jpg 1600w\" sizes=\"(max-width: 300px) 100vw, 300px\" \/> <img loading=\"lazy\" class=\"alignnone size-medium wp-image-37844\" src=\"https:\/\/cuernavaca.gob.mx\/wp-content\/uploads\/2024\/01\/REFRENDA-AYUNTAMIENTO-DE-CUERNAVACA-TRABAJO-COORDINADO-CON-CONASEG-PARA-LA-PREVENCIO\u0301N-Y-PROTECCIO\u0301N-CIVIL-DE-LA-POBLACIO\u0301N-9-300x200.jpg\" alt=\"\" width=\"300\" height=\"200\" srcset=\"https:\/\/cuernavaca.gob.mx\/wp-content\/uploads\/2024\/01\/REFRENDA-AYUNTAMIENTO-DE-CUERNAVACA-TRABAJO-COORDINADO-CON-CONASEG-PARA-LA-PREVENCIO\u0301N-Y-PROTECCIO\u0301N-CIVIL-DE-LA-POBLACIO\u0301N-9-300x200.jpg 300w, https:\/\/cuernavaca.gob.mx\/wp-content\/uploads\/2024\/01\/REFRENDA-AYUNTAMIENTO-DE-CUERNAVACA-TRABAJO-COORDINADO-CON-CONASEG-PARA-LA-PREVENCIO\u0301N-Y-PROTECCIO\u0301N-CIVIL-DE-LA-POBLACIO\u0301N-9-1024x682.jpg 1024w, https:\/\/cuernavaca.gob.mx\/wp-content\/uploads\/2024\/01\/REFRENDA-AYUNTAMIENTO-DE-CUERNAVACA-TRABAJO-COORDINADO-CON-CONASEG-PARA-LA-PREVENCIO\u0301N-Y-PROTECCIO\u0301N-CIVIL-DE-LA-POBLACIO\u0301N-9-768x512.jpg 768w, https:\/\/cuernavaca.gob.mx\/wp-content\/uploads\/2024\/01\/REFRENDA-AYUNTAMIENTO-DE-CUERNAVACA-TRABAJO-COORDINADO-CON-CONASEG-PARA-LA-PREVENCIO\u0301N-Y-PROTECCIO\u0301N-CIVIL-DE-LA-POBLACIO\u0301N-9-1536x1023.jpg 1536w, https:\/\/cuernavaca.gob.mx\/wp-content\/uploads\/2024\/01\/REFRENDA-AYUNTAMIENTO-DE-CUERNAVACA-TRABAJO-COORDINADO-CON-CONASEG-PARA-LA-PREVENCIO\u0301N-Y-PROTECCIO\u0301N-CIVIL-DE-LA-POBLACIO\u0301N-9-600x400.jpg 600w, https:\/\/cuernavaca.gob.mx\/wp-content\/uploads\/2024\/01\/REFRENDA-AYUNTAMIENTO-DE-CUERNAVACA-TRABAJO-COORDINADO-CON-CONASEG-PARA-LA-PREVENCIO\u0301N-Y-PROTECCIO\u0301N-CIVIL-DE-LA-POBLACIO\u0301N-9-560x373.jpg 560w, https:\/\/cuernavaca.gob.mx\/wp-content\/uploads\/2024\/01\/REFRENDA-AYUNTAMIENTO-DE-CUERNAVACA-TRABAJO-COORDINADO-CON-CONASEG-PARA-LA-PREVENCIO\u0301N-Y-PROTECCIO\u0301N-CIVIL-DE-LA-POBLACIO\u0301N-9.jpg 1600w\" sizes=\"(max-width: 300px) 100vw, 300px\" \/><\/p>\n","protected":false},"excerpt":{"rendered":"<p>\u2022 Este mi\u00e9rcoles se llev\u00f3 a cabo el proceso de mantenimiento y recarga de extintores de las diferentes dependencias municipales como herramienta de apoyo en caso de un siniestro A fin de brindar inmuebles seguros a la poblaci\u00f3n que cuenten con las medidas de seguridad para hacer frente a una emergencia, el Ayuntamiento de Cuernavaca [&hellip;]<\/p>\n","protected":false},"author":1,"featured_media":37836,"comment_status":"closed","ping_status":"open","sticky":false,"template":"","format":"standard","meta":[],"categories":[19],"tags":[121,1128,3503,127,403,1733,125],"aioseo_notices":[],"_links":{"self":[{"href":"https:\/\/cuernavaca.gob.mx\/index.php?rest_route=\/wp\/v2\/posts\/37835"}],"collection":[{"href":"https:\/\/cuernavaca.gob.mx\/index.php?rest_route=\/wp\/v2\/posts"}],"about":[{"href":"https:\/\/cuernavaca.gob.mx\/index.php?rest_route=\/wp\/v2\/types\/post"}],"author":[{"embeddable":true,"href":"https:\/\/cuernavaca.gob.mx\/index.php?rest_route=\/wp\/v2\/users\/1"}],"replies":[{"embeddable":true,"href":"https:\/\/cuernavaca.gob.mx\/index.php?rest_route=%2Fwp%2Fv2%2Fcomments&post=37835"}],"version-history":[{"count":1,"href":"https:\/\/cuernavaca.gob.mx\/index.php?rest_route=\/wp\/v2\/posts\/37835\/revisions"}],"predecessor-version":[{"id":37845,"href":"https:\/\/cuernavaca.gob.mx\/index.php?rest_route=\/wp\/v2\/posts\/37835\/revisions\/37845"}],"wp:featuredmedia":[{"embeddable":true,"href":"https:\/\/cuernavaca.gob.mx\/index.php?rest_route=\/wp\/v2\/media\/37836"}],"wp:attachment":[{"href":"https:\/\/cuernavaca.gob.mx\/index.php?rest_route=%2Fwp%2Fv2%2Fmedia&parent=37835"}],"wp:term":[{"taxonomy":"category","embeddable":true,"href":"https:\/\/cuernavaca.gob.mx\/index.php?rest_route=%2Fwp%2Fv2%2Fcategories&post=37835"},{"taxonomy":"post_tag","embeddable":true,"href":"https:\/\/cuernavaca.gob.mx\/index.php?rest_route=%2Fwp%2Fv2%2Ftags&post=37835"}],"curies":[{"name":"wp","href":"https:\/\/api.w.org\/{rel}","templated":true}]}}