{"id":38285,"date":"2024-01-31T15:30:01","date_gmt":"2024-01-31T21:30:01","guid":{"rendered":"https:\/\/cuernavaca.gob.mx\/?p=38285"},"modified":"2024-01-31T16:24:02","modified_gmt":"2024-01-31T22:24:02","slug":"b1561-31-01-24-sistema-dif-cuernavaca-se-posiciona-a-la-vanguardia-en-morelos-con-areas-de-fisioterapia-y-rehabilitacion-sostiene-jose-luis-uriostegui","status":"publish","type":"post","link":"https:\/\/cuernavaca.gob.mx\/?p=38285","title":{"rendered":"B1561 31\/01\/24 SISTEMA DIF CUERNAVACA SE POSICIONA A LA VANGUARDIA EN MORELOS CON \u00c1REAS DE FISIOTERAPIA Y REHABILITACI\u00d3N, SOSTIENE JOS\u00c9 LUIS URI\u00d3STEGUI"},"content":{"rendered":"<p>SISTEMA DIF CUERNAVACA SE POSICIONA A LA VANGUARDIA EN MORELOS CON \u00c1REAS DE FISIOTERAPIA Y REHABILITACI\u00d3N, SOSTIENE JOS\u00c9 LUIS URI\u00d3STEGUI<\/p>\n<p>\u2022 Derivado del manejo transparente y eficiente de los recursos p\u00fablicos, el DIF Cuernavaca encabezado por Luz Mar\u00eda Zagal inaugur\u00f3 este mi\u00e9rcoles el tanque terap\u00e9utico como parte de la Unidad B\u00e1sica de Rehabilitaci\u00f3n<\/p>\n<p>\u2022 Este es de los pocos tanques que se encuentran en el estado para atender pacientes con alteraciones musculo esquel\u00e9ticas y con alteraciones sensitivo motoras<\/p>\n<p>El Sistema Municipal DIF Cuernavaca sigue posicion\u00e1ndose a la vanguardia con la remodelaci\u00f3n de espacios que por a\u00f1os estuvieron abandonados y que hoy podr\u00e1n ser utilizados para la rehabilitaci\u00f3n de pacientes de escasos recursos, como es el Unidad B\u00e1sica de Rehabilitaci\u00f3n que cuenta con un tanque terap\u00e9utico para prevenir, tratar y recuperar determinadas lesiones, siendo una de las pocas unidades en el estado de Morelos en contar con este tipo de \u00e1reas.<\/p>\n<p>En el marco de la ceremonia inaugural, la presidenta del DIF Cuernavaca, Luz Mar\u00eda Zagal Guzm\u00e1n acompa\u00f1ada del presidente municipal, Jos\u00e9 Luis Uri\u00f3stegui Salgado e integrantes del Cabildo, explic\u00f3 que con la transformaci\u00f3n de la alberca a un tanque terap\u00e9utico ofrecen t\u00e9cnicas de hidroterapia, m\u00e9todo que se ha demostrado ser altamente ben\u00e9fico para la salud f\u00edsica y emocional, ya que el agua act\u00faa como un medio de apoyo que reduce hasta un 80 por ciento el peso corporal permitiendo un ejercicio suave y seguro, gracias a estas caracter\u00edsticas las articulaciones se ven libres de impacto brindando mayor movilidad y disminuyendo riesgos de ca\u00eddas.<\/p>\n<p>Puntualiz\u00f3 que para dar una atenci\u00f3n integral adquirieron una bicicleta acu\u00e1tica dise\u00f1ada para activar la musculatura, resistir la presi\u00f3n del agua y fortalecer el cuerpo de manera efectiva, remodelando tambi\u00e9n el interior de la Unidad B\u00e1sica de Rehabilitaci\u00f3n para darle mayor comodidad a las personas que van a tomar sus terapias, ofreci\u00e9ndoles el espacio que se merecen y mejorar su calidad de vida.<\/p>\n<p>En su intervenci\u00f3n, el alcalde Jos\u00e9 Luis Uri\u00f3stegui, resalt\u00f3 el trabajo realizado al aprovechar de manera eficiente y eficaz el fortalecimiento econ\u00f3mico que desde el Cabildo se ha autorizado, etiquetando desde el 2022 m\u00e1s recursos pasando de un presupuesto de 23 millones de pesos a 28 millones de pesos en 2023 y este a\u00f1o de 30 millones de pesos, lo que se ha visto reflejado en la transformaci\u00f3n, no solo de las instalaciones, sino de la prestaci\u00f3n de servicios, volvi\u00e9ndose m\u00e1s completa e integral, atendiendo las necesidades de la poblaci\u00f3n.<\/p>\n<p>Con una inversi\u00f3n de 980 mil pesos, el Sistema Municipal DIF Cuernavaca remodel\u00f3 la alberca que se encontraba en su interior sin uso a este tanque terap\u00e9utico, adquiri\u00f3 materiales de ejercicio para rehabilitaci\u00f3n acu\u00e1tica, mejoro la imagen de las fachadas con el apoyo del muralista y artista urbano, C\u00e9sar Eduardo Vega Guti\u00e9rrez (Fuk Guti\u00e9rrez), rehabilitaron las \u00e1reas verdes en coordinaci\u00f3n con el \u00e1rea de Parques y Jardines y adquirieron mamparas m\u00f3viles que se adaptaron como vestidores.<\/p>\n<p>Por su parte, la fisioterapeuta Daniela G\u00f3mez Mungu\u00eda, dio una breve explicaci\u00f3n sobre la pr\u00e1ctica de hidroterapia en el tanque inaugurado este d\u00eda, destacando que est\u00e1 dirigida principalmente a pacientes con alteraciones musculo esquel\u00e9ticas y con alteraciones sensitivo motoras.<\/p>\n<p>Las personas interesadas en acceder a los servicios que ofrece la Unidad B\u00e1sica de Rehabilitaci\u00f3n pueden acudir a las oficinas del DIF Cuernavaca ubicadas en calle Tabach\u00edn #123, colonia Bellavista o comunicarse al tel\u00e9fono 777 312 5305 para mayor informaci\u00f3n.<\/p>\n<p>Al uso de la palabra, la s\u00edndica municipal, Ver\u00f3nica Atenco P\u00e9rez y la regidora Wendi Salinas Ruiz, integrantes de la Junta Directiva del DIF Cuernavaca, reconocieron el trabajo de Luz Mar\u00eda Zagal al frente del organismo que ha logrado transformarlo para el beneficio de la sociedad, particularmente de los grupos m\u00e1s vulnerables buscando incidir en mejorar su calidad de vida, bienestar e independencia.<\/p>\n<p>Tras el corte del list\u00f3n se hizo un recorrido por las instalaciones remodeladas, en el cual participaron los regidores Mireya Delgado Romero, Jes\u00fas Rosales Puebla, Adri\u00e1n Mart\u00ednez Terrazas, V\u00edctor Manzo God\u00ednez, Christian P\u00e9rez Jaimes y Fernando Carrillo Alvarado, as\u00ed como personal del Sistema DIF Cuernavaca que recibi\u00f3 el agradecimiento del Gobierno Municipal.<\/p>\n<p>&nbsp;<\/p>\n<p><img loading=\"lazy\" class=\"alignnone size-medium wp-image-38286\" src=\"https:\/\/cuernavaca.gob.mx\/wp-content\/uploads\/2024\/01\/SISTEMA-DIF-CUERNAVACA-SE-POSICIONA-A-LA-VANGUARDIA-EN-MORELOS-CON-A\u0301REAS-DE-FISIOTERAPIA-Y-REHABILITACIO\u0301N-SOSTIENE-JOSE\u0301-LUIS-URIO\u0301STEGUI-1-300x200.jpg\" alt=\"\" width=\"300\" height=\"200\" srcset=\"https:\/\/cuernavaca.gob.mx\/wp-content\/uploads\/2024\/01\/SISTEMA-DIF-CUERNAVACA-SE-POSICIONA-A-LA-VANGUARDIA-EN-MORELOS-CON-A\u0301REAS-DE-FISIOTERAPIA-Y-REHABILITACIO\u0301N-SOSTIENE-JOSE\u0301-LUIS-URIO\u0301STEGUI-1-300x200.jpg 300w, https:\/\/cuernavaca.gob.mx\/wp-content\/uploads\/2024\/01\/SISTEMA-DIF-CUERNAVACA-SE-POSICIONA-A-LA-VANGUARDIA-EN-MORELOS-CON-A\u0301REAS-DE-FISIOTERAPIA-Y-REHABILITACIO\u0301N-SOSTIENE-JOSE\u0301-LUIS-URIO\u0301STEGUI-1-1024x682.jpg 1024w, https:\/\/cuernavaca.gob.mx\/wp-content\/uploads\/2024\/01\/SISTEMA-DIF-CUERNAVACA-SE-POSICIONA-A-LA-VANGUARDIA-EN-MORELOS-CON-A\u0301REAS-DE-FISIOTERAPIA-Y-REHABILITACIO\u0301N-SOSTIENE-JOSE\u0301-LUIS-URIO\u0301STEGUI-1-768x512.jpg 768w, https:\/\/cuernavaca.gob.mx\/wp-content\/uploads\/2024\/01\/SISTEMA-DIF-CUERNAVACA-SE-POSICIONA-A-LA-VANGUARDIA-EN-MORELOS-CON-A\u0301REAS-DE-FISIOTERAPIA-Y-REHABILITACIO\u0301N-SOSTIENE-JOSE\u0301-LUIS-URIO\u0301STEGUI-1-1536x1023.jpg 1536w, https:\/\/cuernavaca.gob.mx\/wp-content\/uploads\/2024\/01\/SISTEMA-DIF-CUERNAVACA-SE-POSICIONA-A-LA-VANGUARDIA-EN-MORELOS-CON-A\u0301REAS-DE-FISIOTERAPIA-Y-REHABILITACIO\u0301N-SOSTIENE-JOSE\u0301-LUIS-URIO\u0301STEGUI-1-600x400.jpg 600w, https:\/\/cuernavaca.gob.mx\/wp-content\/uploads\/2024\/01\/SISTEMA-DIF-CUERNAVACA-SE-POSICIONA-A-LA-VANGUARDIA-EN-MORELOS-CON-A\u0301REAS-DE-FISIOTERAPIA-Y-REHABILITACIO\u0301N-SOSTIENE-JOSE\u0301-LUIS-URIO\u0301STEGUI-1-560x373.jpg 560w, https:\/\/cuernavaca.gob.mx\/wp-content\/uploads\/2024\/01\/SISTEMA-DIF-CUERNAVACA-SE-POSICIONA-A-LA-VANGUARDIA-EN-MORELOS-CON-A\u0301REAS-DE-FISIOTERAPIA-Y-REHABILITACIO\u0301N-SOSTIENE-JOSE\u0301-LUIS-URIO\u0301STEGUI-1.jpg 1600w\" sizes=\"(max-width: 300px) 100vw, 300px\" \/> <img loading=\"lazy\" class=\"alignnone size-medium wp-image-38287\" src=\"https:\/\/cuernavaca.gob.mx\/wp-content\/uploads\/2024\/01\/SISTEMA-DIF-CUERNAVACA-SE-POSICIONA-A-LA-VANGUARDIA-EN-MORELOS-CON-A\u0301REAS-DE-FISIOTERAPIA-Y-REHABILITACIO\u0301N-SOSTIENE-JOSE\u0301-LUIS-URIO\u0301STEGUI-2-300x200.jpg\" alt=\"\" width=\"300\" height=\"200\" srcset=\"https:\/\/cuernavaca.gob.mx\/wp-content\/uploads\/2024\/01\/SISTEMA-DIF-CUERNAVACA-SE-POSICIONA-A-LA-VANGUARDIA-EN-MORELOS-CON-A\u0301REAS-DE-FISIOTERAPIA-Y-REHABILITACIO\u0301N-SOSTIENE-JOSE\u0301-LUIS-URIO\u0301STEGUI-2-300x200.jpg 300w, https:\/\/cuernavaca.gob.mx\/wp-content\/uploads\/2024\/01\/SISTEMA-DIF-CUERNAVACA-SE-POSICIONA-A-LA-VANGUARDIA-EN-MORELOS-CON-A\u0301REAS-DE-FISIOTERAPIA-Y-REHABILITACIO\u0301N-SOSTIENE-JOSE\u0301-LUIS-URIO\u0301STEGUI-2-1024x682.jpg 1024w, https:\/\/cuernavaca.gob.mx\/wp-content\/uploads\/2024\/01\/SISTEMA-DIF-CUERNAVACA-SE-POSICIONA-A-LA-VANGUARDIA-EN-MORELOS-CON-A\u0301REAS-DE-FISIOTERAPIA-Y-REHABILITACIO\u0301N-SOSTIENE-JOSE\u0301-LUIS-URIO\u0301STEGUI-2-768x512.jpg 768w, https:\/\/cuernavaca.gob.mx\/wp-content\/uploads\/2024\/01\/SISTEMA-DIF-CUERNAVACA-SE-POSICIONA-A-LA-VANGUARDIA-EN-MORELOS-CON-A\u0301REAS-DE-FISIOTERAPIA-Y-REHABILITACIO\u0301N-SOSTIENE-JOSE\u0301-LUIS-URIO\u0301STEGUI-2-1536x1023.jpg 1536w, https:\/\/cuernavaca.gob.mx\/wp-content\/uploads\/2024\/01\/SISTEMA-DIF-CUERNAVACA-SE-POSICIONA-A-LA-VANGUARDIA-EN-MORELOS-CON-A\u0301REAS-DE-FISIOTERAPIA-Y-REHABILITACIO\u0301N-SOSTIENE-JOSE\u0301-LUIS-URIO\u0301STEGUI-2-600x400.jpg 600w, https:\/\/cuernavaca.gob.mx\/wp-content\/uploads\/2024\/01\/SISTEMA-DIF-CUERNAVACA-SE-POSICIONA-A-LA-VANGUARDIA-EN-MORELOS-CON-A\u0301REAS-DE-FISIOTERAPIA-Y-REHABILITACIO\u0301N-SOSTIENE-JOSE\u0301-LUIS-URIO\u0301STEGUI-2-560x373.jpg 560w, https:\/\/cuernavaca.gob.mx\/wp-content\/uploads\/2024\/01\/SISTEMA-DIF-CUERNAVACA-SE-POSICIONA-A-LA-VANGUARDIA-EN-MORELOS-CON-A\u0301REAS-DE-FISIOTERAPIA-Y-REHABILITACIO\u0301N-SOSTIENE-JOSE\u0301-LUIS-URIO\u0301STEGUI-2.jpg 1600w\" sizes=\"(max-width: 300px) 100vw, 300px\" \/> <img loading=\"lazy\" class=\"alignnone size-medium wp-image-38288\" src=\"https:\/\/cuernavaca.gob.mx\/wp-content\/uploads\/2024\/01\/SISTEMA-DIF-CUERNAVACA-SE-POSICIONA-A-LA-VANGUARDIA-EN-MORELOS-CON-A\u0301REAS-DE-FISIOTERAPIA-Y-REHABILITACIO\u0301N-SOSTIENE-JOSE\u0301-LUIS-URIO\u0301STEGUI-3-300x200.jpg\" alt=\"\" width=\"300\" height=\"200\" srcset=\"https:\/\/cuernavaca.gob.mx\/wp-content\/uploads\/2024\/01\/SISTEMA-DIF-CUERNAVACA-SE-POSICIONA-A-LA-VANGUARDIA-EN-MORELOS-CON-A\u0301REAS-DE-FISIOTERAPIA-Y-REHABILITACIO\u0301N-SOSTIENE-JOSE\u0301-LUIS-URIO\u0301STEGUI-3-300x200.jpg 300w, https:\/\/cuernavaca.gob.mx\/wp-content\/uploads\/2024\/01\/SISTEMA-DIF-CUERNAVACA-SE-POSICIONA-A-LA-VANGUARDIA-EN-MORELOS-CON-A\u0301REAS-DE-FISIOTERAPIA-Y-REHABILITACIO\u0301N-SOSTIENE-JOSE\u0301-LUIS-URIO\u0301STEGUI-3-1024x682.jpg 1024w, https:\/\/cuernavaca.gob.mx\/wp-content\/uploads\/2024\/01\/SISTEMA-DIF-CUERNAVACA-SE-POSICIONA-A-LA-VANGUARDIA-EN-MORELOS-CON-A\u0301REAS-DE-FISIOTERAPIA-Y-REHABILITACIO\u0301N-SOSTIENE-JOSE\u0301-LUIS-URIO\u0301STEGUI-3-768x512.jpg 768w, https:\/\/cuernavaca.gob.mx\/wp-content\/uploads\/2024\/01\/SISTEMA-DIF-CUERNAVACA-SE-POSICIONA-A-LA-VANGUARDIA-EN-MORELOS-CON-A\u0301REAS-DE-FISIOTERAPIA-Y-REHABILITACIO\u0301N-SOSTIENE-JOSE\u0301-LUIS-URIO\u0301STEGUI-3-1536x1023.jpg 1536w, https:\/\/cuernavaca.gob.mx\/wp-content\/uploads\/2024\/01\/SISTEMA-DIF-CUERNAVACA-SE-POSICIONA-A-LA-VANGUARDIA-EN-MORELOS-CON-A\u0301REAS-DE-FISIOTERAPIA-Y-REHABILITACIO\u0301N-SOSTIENE-JOSE\u0301-LUIS-URIO\u0301STEGUI-3-600x400.jpg 600w, https:\/\/cuernavaca.gob.mx\/wp-content\/uploads\/2024\/01\/SISTEMA-DIF-CUERNAVACA-SE-POSICIONA-A-LA-VANGUARDIA-EN-MORELOS-CON-A\u0301REAS-DE-FISIOTERAPIA-Y-REHABILITACIO\u0301N-SOSTIENE-JOSE\u0301-LUIS-URIO\u0301STEGUI-3-560x373.jpg 560w, https:\/\/cuernavaca.gob.mx\/wp-content\/uploads\/2024\/01\/SISTEMA-DIF-CUERNAVACA-SE-POSICIONA-A-LA-VANGUARDIA-EN-MORELOS-CON-A\u0301REAS-DE-FISIOTERAPIA-Y-REHABILITACIO\u0301N-SOSTIENE-JOSE\u0301-LUIS-URIO\u0301STEGUI-3.jpg 1600w\" sizes=\"(max-width: 300px) 100vw, 300px\" \/> <img loading=\"lazy\" class=\"alignnone size-medium wp-image-38289\" src=\"https:\/\/cuernavaca.gob.mx\/wp-content\/uploads\/2024\/01\/SISTEMA-DIF-CUERNAVACA-SE-POSICIONA-A-LA-VANGUARDIA-EN-MORELOS-CON-A\u0301REAS-DE-FISIOTERAPIA-Y-REHABILITACIO\u0301N-SOSTIENE-JOSE\u0301-LUIS-URIO\u0301STEGUI-4-300x200.jpg\" alt=\"\" width=\"300\" height=\"200\" srcset=\"https:\/\/cuernavaca.gob.mx\/wp-content\/uploads\/2024\/01\/SISTEMA-DIF-CUERNAVACA-SE-POSICIONA-A-LA-VANGUARDIA-EN-MORELOS-CON-A\u0301REAS-DE-FISIOTERAPIA-Y-REHABILITACIO\u0301N-SOSTIENE-JOSE\u0301-LUIS-URIO\u0301STEGUI-4-300x200.jpg 300w, https:\/\/cuernavaca.gob.mx\/wp-content\/uploads\/2024\/01\/SISTEMA-DIF-CUERNAVACA-SE-POSICIONA-A-LA-VANGUARDIA-EN-MORELOS-CON-A\u0301REAS-DE-FISIOTERAPIA-Y-REHABILITACIO\u0301N-SOSTIENE-JOSE\u0301-LUIS-URIO\u0301STEGUI-4-1024x682.jpg 1024w, https:\/\/cuernavaca.gob.mx\/wp-content\/uploads\/2024\/01\/SISTEMA-DIF-CUERNAVACA-SE-POSICIONA-A-LA-VANGUARDIA-EN-MORELOS-CON-A\u0301REAS-DE-FISIOTERAPIA-Y-REHABILITACIO\u0301N-SOSTIENE-JOSE\u0301-LUIS-URIO\u0301STEGUI-4-768x512.jpg 768w, https:\/\/cuernavaca.gob.mx\/wp-content\/uploads\/2024\/01\/SISTEMA-DIF-CUERNAVACA-SE-POSICIONA-A-LA-VANGUARDIA-EN-MORELOS-CON-A\u0301REAS-DE-FISIOTERAPIA-Y-REHABILITACIO\u0301N-SOSTIENE-JOSE\u0301-LUIS-URIO\u0301STEGUI-4-1536x1023.jpg 1536w, https:\/\/cuernavaca.gob.mx\/wp-content\/uploads\/2024\/01\/SISTEMA-DIF-CUERNAVACA-SE-POSICIONA-A-LA-VANGUARDIA-EN-MORELOS-CON-A\u0301REAS-DE-FISIOTERAPIA-Y-REHABILITACIO\u0301N-SOSTIENE-JOSE\u0301-LUIS-URIO\u0301STEGUI-4-600x400.jpg 600w, https:\/\/cuernavaca.gob.mx\/wp-content\/uploads\/2024\/01\/SISTEMA-DIF-CUERNAVACA-SE-POSICIONA-A-LA-VANGUARDIA-EN-MORELOS-CON-A\u0301REAS-DE-FISIOTERAPIA-Y-REHABILITACIO\u0301N-SOSTIENE-JOSE\u0301-LUIS-URIO\u0301STEGUI-4-560x373.jpg 560w, https:\/\/cuernavaca.gob.mx\/wp-content\/uploads\/2024\/01\/SISTEMA-DIF-CUERNAVACA-SE-POSICIONA-A-LA-VANGUARDIA-EN-MORELOS-CON-A\u0301REAS-DE-FISIOTERAPIA-Y-REHABILITACIO\u0301N-SOSTIENE-JOSE\u0301-LUIS-URIO\u0301STEGUI-4.jpg 1600w\" sizes=\"(max-width: 300px) 100vw, 300px\" \/> <img loading=\"lazy\" class=\"alignnone size-medium wp-image-38290\" src=\"https:\/\/cuernavaca.gob.mx\/wp-content\/uploads\/2024\/01\/SISTEMA-DIF-CUERNAVACA-SE-POSICIONA-A-LA-VANGUARDIA-EN-MORELOS-CON-A\u0301REAS-DE-FISIOTERAPIA-Y-REHABILITACIO\u0301N-SOSTIENE-JOSE\u0301-LUIS-URIO\u0301STEGUI-5-300x200.jpg\" alt=\"\" width=\"300\" height=\"200\" srcset=\"https:\/\/cuernavaca.gob.mx\/wp-content\/uploads\/2024\/01\/SISTEMA-DIF-CUERNAVACA-SE-POSICIONA-A-LA-VANGUARDIA-EN-MORELOS-CON-A\u0301REAS-DE-FISIOTERAPIA-Y-REHABILITACIO\u0301N-SOSTIENE-JOSE\u0301-LUIS-URIO\u0301STEGUI-5-300x200.jpg 300w, https:\/\/cuernavaca.gob.mx\/wp-content\/uploads\/2024\/01\/SISTEMA-DIF-CUERNAVACA-SE-POSICIONA-A-LA-VANGUARDIA-EN-MORELOS-CON-A\u0301REAS-DE-FISIOTERAPIA-Y-REHABILITACIO\u0301N-SOSTIENE-JOSE\u0301-LUIS-URIO\u0301STEGUI-5-1024x682.jpg 1024w, https:\/\/cuernavaca.gob.mx\/wp-content\/uploads\/2024\/01\/SISTEMA-DIF-CUERNAVACA-SE-POSICIONA-A-LA-VANGUARDIA-EN-MORELOS-CON-A\u0301REAS-DE-FISIOTERAPIA-Y-REHABILITACIO\u0301N-SOSTIENE-JOSE\u0301-LUIS-URIO\u0301STEGUI-5-768x512.jpg 768w, https:\/\/cuernavaca.gob.mx\/wp-content\/uploads\/2024\/01\/SISTEMA-DIF-CUERNAVACA-SE-POSICIONA-A-LA-VANGUARDIA-EN-MORELOS-CON-A\u0301REAS-DE-FISIOTERAPIA-Y-REHABILITACIO\u0301N-SOSTIENE-JOSE\u0301-LUIS-URIO\u0301STEGUI-5-1536x1023.jpg 1536w, https:\/\/cuernavaca.gob.mx\/wp-content\/uploads\/2024\/01\/SISTEMA-DIF-CUERNAVACA-SE-POSICIONA-A-LA-VANGUARDIA-EN-MORELOS-CON-A\u0301REAS-DE-FISIOTERAPIA-Y-REHABILITACIO\u0301N-SOSTIENE-JOSE\u0301-LUIS-URIO\u0301STEGUI-5-600x400.jpg 600w, https:\/\/cuernavaca.gob.mx\/wp-content\/uploads\/2024\/01\/SISTEMA-DIF-CUERNAVACA-SE-POSICIONA-A-LA-VANGUARDIA-EN-MORELOS-CON-A\u0301REAS-DE-FISIOTERAPIA-Y-REHABILITACIO\u0301N-SOSTIENE-JOSE\u0301-LUIS-URIO\u0301STEGUI-5-560x373.jpg 560w, https:\/\/cuernavaca.gob.mx\/wp-content\/uploads\/2024\/01\/SISTEMA-DIF-CUERNAVACA-SE-POSICIONA-A-LA-VANGUARDIA-EN-MORELOS-CON-A\u0301REAS-DE-FISIOTERAPIA-Y-REHABILITACIO\u0301N-SOSTIENE-JOSE\u0301-LUIS-URIO\u0301STEGUI-5.jpg 1600w\" sizes=\"(max-width: 300px) 100vw, 300px\" \/> <img loading=\"lazy\" class=\"alignnone size-medium wp-image-38291\" src=\"https:\/\/cuernavaca.gob.mx\/wp-content\/uploads\/2024\/01\/SISTEMA-DIF-CUERNAVACA-SE-POSICIONA-A-LA-VANGUARDIA-EN-MORELOS-CON-A\u0301REAS-DE-FISIOTERAPIA-Y-REHABILITACIO\u0301N-SOSTIENE-JOSE\u0301-LUIS-URIO\u0301STEGUI-6-300x200.jpg\" alt=\"\" width=\"300\" height=\"200\" srcset=\"https:\/\/cuernavaca.gob.mx\/wp-content\/uploads\/2024\/01\/SISTEMA-DIF-CUERNAVACA-SE-POSICIONA-A-LA-VANGUARDIA-EN-MORELOS-CON-A\u0301REAS-DE-FISIOTERAPIA-Y-REHABILITACIO\u0301N-SOSTIENE-JOSE\u0301-LUIS-URIO\u0301STEGUI-6-300x200.jpg 300w, https:\/\/cuernavaca.gob.mx\/wp-content\/uploads\/2024\/01\/SISTEMA-DIF-CUERNAVACA-SE-POSICIONA-A-LA-VANGUARDIA-EN-MORELOS-CON-A\u0301REAS-DE-FISIOTERAPIA-Y-REHABILITACIO\u0301N-SOSTIENE-JOSE\u0301-LUIS-URIO\u0301STEGUI-6-1024x682.jpg 1024w, https:\/\/cuernavaca.gob.mx\/wp-content\/uploads\/2024\/01\/SISTEMA-DIF-CUERNAVACA-SE-POSICIONA-A-LA-VANGUARDIA-EN-MORELOS-CON-A\u0301REAS-DE-FISIOTERAPIA-Y-REHABILITACIO\u0301N-SOSTIENE-JOSE\u0301-LUIS-URIO\u0301STEGUI-6-768x512.jpg 768w, https:\/\/cuernavaca.gob.mx\/wp-content\/uploads\/2024\/01\/SISTEMA-DIF-CUERNAVACA-SE-POSICIONA-A-LA-VANGUARDIA-EN-MORELOS-CON-A\u0301REAS-DE-FISIOTERAPIA-Y-REHABILITACIO\u0301N-SOSTIENE-JOSE\u0301-LUIS-URIO\u0301STEGUI-6-1536x1023.jpg 1536w, https:\/\/cuernavaca.gob.mx\/wp-content\/uploads\/2024\/01\/SISTEMA-DIF-CUERNAVACA-SE-POSICIONA-A-LA-VANGUARDIA-EN-MORELOS-CON-A\u0301REAS-DE-FISIOTERAPIA-Y-REHABILITACIO\u0301N-SOSTIENE-JOSE\u0301-LUIS-URIO\u0301STEGUI-6-600x400.jpg 600w, https:\/\/cuernavaca.gob.mx\/wp-content\/uploads\/2024\/01\/SISTEMA-DIF-CUERNAVACA-SE-POSICIONA-A-LA-VANGUARDIA-EN-MORELOS-CON-A\u0301REAS-DE-FISIOTERAPIA-Y-REHABILITACIO\u0301N-SOSTIENE-JOSE\u0301-LUIS-URIO\u0301STEGUI-6-560x373.jpg 560w, https:\/\/cuernavaca.gob.mx\/wp-content\/uploads\/2024\/01\/SISTEMA-DIF-CUERNAVACA-SE-POSICIONA-A-LA-VANGUARDIA-EN-MORELOS-CON-A\u0301REAS-DE-FISIOTERAPIA-Y-REHABILITACIO\u0301N-SOSTIENE-JOSE\u0301-LUIS-URIO\u0301STEGUI-6.jpg 1600w\" sizes=\"(max-width: 300px) 100vw, 300px\" \/> <img loading=\"lazy\" class=\"alignnone size-medium wp-image-38292\" src=\"https:\/\/cuernavaca.gob.mx\/wp-content\/uploads\/2024\/01\/SISTEMA-DIF-CUERNAVACA-SE-POSICIONA-A-LA-VANGUARDIA-EN-MORELOS-CON-A\u0301REAS-DE-FISIOTERAPIA-Y-REHABILITACIO\u0301N-SOSTIENE-JOSE\u0301-LUIS-URIO\u0301STEGUI-7-300x200.jpg\" alt=\"\" width=\"300\" height=\"200\" srcset=\"https:\/\/cuernavaca.gob.mx\/wp-content\/uploads\/2024\/01\/SISTEMA-DIF-CUERNAVACA-SE-POSICIONA-A-LA-VANGUARDIA-EN-MORELOS-CON-A\u0301REAS-DE-FISIOTERAPIA-Y-REHABILITACIO\u0301N-SOSTIENE-JOSE\u0301-LUIS-URIO\u0301STEGUI-7-300x200.jpg 300w, https:\/\/cuernavaca.gob.mx\/wp-content\/uploads\/2024\/01\/SISTEMA-DIF-CUERNAVACA-SE-POSICIONA-A-LA-VANGUARDIA-EN-MORELOS-CON-A\u0301REAS-DE-FISIOTERAPIA-Y-REHABILITACIO\u0301N-SOSTIENE-JOSE\u0301-LUIS-URIO\u0301STEGUI-7-1024x682.jpg 1024w, https:\/\/cuernavaca.gob.mx\/wp-content\/uploads\/2024\/01\/SISTEMA-DIF-CUERNAVACA-SE-POSICIONA-A-LA-VANGUARDIA-EN-MORELOS-CON-A\u0301REAS-DE-FISIOTERAPIA-Y-REHABILITACIO\u0301N-SOSTIENE-JOSE\u0301-LUIS-URIO\u0301STEGUI-7-768x512.jpg 768w, https:\/\/cuernavaca.gob.mx\/wp-content\/uploads\/2024\/01\/SISTEMA-DIF-CUERNAVACA-SE-POSICIONA-A-LA-VANGUARDIA-EN-MORELOS-CON-A\u0301REAS-DE-FISIOTERAPIA-Y-REHABILITACIO\u0301N-SOSTIENE-JOSE\u0301-LUIS-URIO\u0301STEGUI-7-1536x1023.jpg 1536w, https:\/\/cuernavaca.gob.mx\/wp-content\/uploads\/2024\/01\/SISTEMA-DIF-CUERNAVACA-SE-POSICIONA-A-LA-VANGUARDIA-EN-MORELOS-CON-A\u0301REAS-DE-FISIOTERAPIA-Y-REHABILITACIO\u0301N-SOSTIENE-JOSE\u0301-LUIS-URIO\u0301STEGUI-7-600x400.jpg 600w, https:\/\/cuernavaca.gob.mx\/wp-content\/uploads\/2024\/01\/SISTEMA-DIF-CUERNAVACA-SE-POSICIONA-A-LA-VANGUARDIA-EN-MORELOS-CON-A\u0301REAS-DE-FISIOTERAPIA-Y-REHABILITACIO\u0301N-SOSTIENE-JOSE\u0301-LUIS-URIO\u0301STEGUI-7-560x373.jpg 560w, https:\/\/cuernavaca.gob.mx\/wp-content\/uploads\/2024\/01\/SISTEMA-DIF-CUERNAVACA-SE-POSICIONA-A-LA-VANGUARDIA-EN-MORELOS-CON-A\u0301REAS-DE-FISIOTERAPIA-Y-REHABILITACIO\u0301N-SOSTIENE-JOSE\u0301-LUIS-URIO\u0301STEGUI-7.jpg 1600w\" sizes=\"(max-width: 300px) 100vw, 300px\" \/> <img loading=\"lazy\" class=\"alignnone size-medium wp-image-38293\" src=\"https:\/\/cuernavaca.gob.mx\/wp-content\/uploads\/2024\/01\/SISTEMA-DIF-CUERNAVACA-SE-POSICIONA-A-LA-VANGUARDIA-EN-MORELOS-CON-A\u0301REAS-DE-FISIOTERAPIA-Y-REHABILITACIO\u0301N-SOSTIENE-JOSE\u0301-LUIS-URIO\u0301STEGUI-8-300x200.jpg\" alt=\"\" width=\"300\" height=\"200\" srcset=\"https:\/\/cuernavaca.gob.mx\/wp-content\/uploads\/2024\/01\/SISTEMA-DIF-CUERNAVACA-SE-POSICIONA-A-LA-VANGUARDIA-EN-MORELOS-CON-A\u0301REAS-DE-FISIOTERAPIA-Y-REHABILITACIO\u0301N-SOSTIENE-JOSE\u0301-LUIS-URIO\u0301STEGUI-8-300x200.jpg 300w, https:\/\/cuernavaca.gob.mx\/wp-content\/uploads\/2024\/01\/SISTEMA-DIF-CUERNAVACA-SE-POSICIONA-A-LA-VANGUARDIA-EN-MORELOS-CON-A\u0301REAS-DE-FISIOTERAPIA-Y-REHABILITACIO\u0301N-SOSTIENE-JOSE\u0301-LUIS-URIO\u0301STEGUI-8-1024x682.jpg 1024w, https:\/\/cuernavaca.gob.mx\/wp-content\/uploads\/2024\/01\/SISTEMA-DIF-CUERNAVACA-SE-POSICIONA-A-LA-VANGUARDIA-EN-MORELOS-CON-A\u0301REAS-DE-FISIOTERAPIA-Y-REHABILITACIO\u0301N-SOSTIENE-JOSE\u0301-LUIS-URIO\u0301STEGUI-8-768x512.jpg 768w, https:\/\/cuernavaca.gob.mx\/wp-content\/uploads\/2024\/01\/SISTEMA-DIF-CUERNAVACA-SE-POSICIONA-A-LA-VANGUARDIA-EN-MORELOS-CON-A\u0301REAS-DE-FISIOTERAPIA-Y-REHABILITACIO\u0301N-SOSTIENE-JOSE\u0301-LUIS-URIO\u0301STEGUI-8-1536x1023.jpg 1536w, https:\/\/cuernavaca.gob.mx\/wp-content\/uploads\/2024\/01\/SISTEMA-DIF-CUERNAVACA-SE-POSICIONA-A-LA-VANGUARDIA-EN-MORELOS-CON-A\u0301REAS-DE-FISIOTERAPIA-Y-REHABILITACIO\u0301N-SOSTIENE-JOSE\u0301-LUIS-URIO\u0301STEGUI-8-600x400.jpg 600w, https:\/\/cuernavaca.gob.mx\/wp-content\/uploads\/2024\/01\/SISTEMA-DIF-CUERNAVACA-SE-POSICIONA-A-LA-VANGUARDIA-EN-MORELOS-CON-A\u0301REAS-DE-FISIOTERAPIA-Y-REHABILITACIO\u0301N-SOSTIENE-JOSE\u0301-LUIS-URIO\u0301STEGUI-8-560x373.jpg 560w, https:\/\/cuernavaca.gob.mx\/wp-content\/uploads\/2024\/01\/SISTEMA-DIF-CUERNAVACA-SE-POSICIONA-A-LA-VANGUARDIA-EN-MORELOS-CON-A\u0301REAS-DE-FISIOTERAPIA-Y-REHABILITACIO\u0301N-SOSTIENE-JOSE\u0301-LUIS-URIO\u0301STEGUI-8.jpg 1600w\" sizes=\"(max-width: 300px) 100vw, 300px\" \/> <img loading=\"lazy\" class=\"alignnone size-medium wp-image-38294\" src=\"https:\/\/cuernavaca.gob.mx\/wp-content\/uploads\/2024\/01\/SISTEMA-DIF-CUERNAVACA-SE-POSICIONA-A-LA-VANGUARDIA-EN-MORELOS-CON-A\u0301REAS-DE-FISIOTERAPIA-Y-REHABILITACIO\u0301N-SOSTIENE-JOSE\u0301-LUIS-URIO\u0301STEGUI-9-300x200.jpg\" alt=\"\" width=\"300\" height=\"200\" srcset=\"https:\/\/cuernavaca.gob.mx\/wp-content\/uploads\/2024\/01\/SISTEMA-DIF-CUERNAVACA-SE-POSICIONA-A-LA-VANGUARDIA-EN-MORELOS-CON-A\u0301REAS-DE-FISIOTERAPIA-Y-REHABILITACIO\u0301N-SOSTIENE-JOSE\u0301-LUIS-URIO\u0301STEGUI-9-300x200.jpg 300w, https:\/\/cuernavaca.gob.mx\/wp-content\/uploads\/2024\/01\/SISTEMA-DIF-CUERNAVACA-SE-POSICIONA-A-LA-VANGUARDIA-EN-MORELOS-CON-A\u0301REAS-DE-FISIOTERAPIA-Y-REHABILITACIO\u0301N-SOSTIENE-JOSE\u0301-LUIS-URIO\u0301STEGUI-9-1024x682.jpg 1024w, https:\/\/cuernavaca.gob.mx\/wp-content\/uploads\/2024\/01\/SISTEMA-DIF-CUERNAVACA-SE-POSICIONA-A-LA-VANGUARDIA-EN-MORELOS-CON-A\u0301REAS-DE-FISIOTERAPIA-Y-REHABILITACIO\u0301N-SOSTIENE-JOSE\u0301-LUIS-URIO\u0301STEGUI-9-768x512.jpg 768w, https:\/\/cuernavaca.gob.mx\/wp-content\/uploads\/2024\/01\/SISTEMA-DIF-CUERNAVACA-SE-POSICIONA-A-LA-VANGUARDIA-EN-MORELOS-CON-A\u0301REAS-DE-FISIOTERAPIA-Y-REHABILITACIO\u0301N-SOSTIENE-JOSE\u0301-LUIS-URIO\u0301STEGUI-9-1536x1023.jpg 1536w, https:\/\/cuernavaca.gob.mx\/wp-content\/uploads\/2024\/01\/SISTEMA-DIF-CUERNAVACA-SE-POSICIONA-A-LA-VANGUARDIA-EN-MORELOS-CON-A\u0301REAS-DE-FISIOTERAPIA-Y-REHABILITACIO\u0301N-SOSTIENE-JOSE\u0301-LUIS-URIO\u0301STEGUI-9-600x400.jpg 600w, https:\/\/cuernavaca.gob.mx\/wp-content\/uploads\/2024\/01\/SISTEMA-DIF-CUERNAVACA-SE-POSICIONA-A-LA-VANGUARDIA-EN-MORELOS-CON-A\u0301REAS-DE-FISIOTERAPIA-Y-REHABILITACIO\u0301N-SOSTIENE-JOSE\u0301-LUIS-URIO\u0301STEGUI-9-560x373.jpg 560w, https:\/\/cuernavaca.gob.mx\/wp-content\/uploads\/2024\/01\/SISTEMA-DIF-CUERNAVACA-SE-POSICIONA-A-LA-VANGUARDIA-EN-MORELOS-CON-A\u0301REAS-DE-FISIOTERAPIA-Y-REHABILITACIO\u0301N-SOSTIENE-JOSE\u0301-LUIS-URIO\u0301STEGUI-9.jpg 1600w\" sizes=\"(max-width: 300px) 100vw, 300px\" \/> <img loading=\"lazy\" class=\"alignnone size-medium wp-image-38295\" src=\"https:\/\/cuernavaca.gob.mx\/wp-content\/uploads\/2024\/01\/SISTEMA-DIF-CUERNAVACA-SE-POSICIONA-A-LA-VANGUARDIA-EN-MORELOS-CON-A\u0301REAS-DE-FISIOTERAPIA-Y-REHABILITACIO\u0301N-SOSTIENE-JOSE\u0301-LUIS-URIO\u0301STEGUI-10-300x200.jpg\" alt=\"\" width=\"300\" height=\"200\" srcset=\"https:\/\/cuernavaca.gob.mx\/wp-content\/uploads\/2024\/01\/SISTEMA-DIF-CUERNAVACA-SE-POSICIONA-A-LA-VANGUARDIA-EN-MORELOS-CON-A\u0301REAS-DE-FISIOTERAPIA-Y-REHABILITACIO\u0301N-SOSTIENE-JOSE\u0301-LUIS-URIO\u0301STEGUI-10-300x200.jpg 300w, https:\/\/cuernavaca.gob.mx\/wp-content\/uploads\/2024\/01\/SISTEMA-DIF-CUERNAVACA-SE-POSICIONA-A-LA-VANGUARDIA-EN-MORELOS-CON-A\u0301REAS-DE-FISIOTERAPIA-Y-REHABILITACIO\u0301N-SOSTIENE-JOSE\u0301-LUIS-URIO\u0301STEGUI-10-1024x682.jpg 1024w, https:\/\/cuernavaca.gob.mx\/wp-content\/uploads\/2024\/01\/SISTEMA-DIF-CUERNAVACA-SE-POSICIONA-A-LA-VANGUARDIA-EN-MORELOS-CON-A\u0301REAS-DE-FISIOTERAPIA-Y-REHABILITACIO\u0301N-SOSTIENE-JOSE\u0301-LUIS-URIO\u0301STEGUI-10-768x512.jpg 768w, https:\/\/cuernavaca.gob.mx\/wp-content\/uploads\/2024\/01\/SISTEMA-DIF-CUERNAVACA-SE-POSICIONA-A-LA-VANGUARDIA-EN-MORELOS-CON-A\u0301REAS-DE-FISIOTERAPIA-Y-REHABILITACIO\u0301N-SOSTIENE-JOSE\u0301-LUIS-URIO\u0301STEGUI-10-1536x1023.jpg 1536w, https:\/\/cuernavaca.gob.mx\/wp-content\/uploads\/2024\/01\/SISTEMA-DIF-CUERNAVACA-SE-POSICIONA-A-LA-VANGUARDIA-EN-MORELOS-CON-A\u0301REAS-DE-FISIOTERAPIA-Y-REHABILITACIO\u0301N-SOSTIENE-JOSE\u0301-LUIS-URIO\u0301STEGUI-10-600x400.jpg 600w, https:\/\/cuernavaca.gob.mx\/wp-content\/uploads\/2024\/01\/SISTEMA-DIF-CUERNAVACA-SE-POSICIONA-A-LA-VANGUARDIA-EN-MORELOS-CON-A\u0301REAS-DE-FISIOTERAPIA-Y-REHABILITACIO\u0301N-SOSTIENE-JOSE\u0301-LUIS-URIO\u0301STEGUI-10-560x373.jpg 560w, https:\/\/cuernavaca.gob.mx\/wp-content\/uploads\/2024\/01\/SISTEMA-DIF-CUERNAVACA-SE-POSICIONA-A-LA-VANGUARDIA-EN-MORELOS-CON-A\u0301REAS-DE-FISIOTERAPIA-Y-REHABILITACIO\u0301N-SOSTIENE-JOSE\u0301-LUIS-URIO\u0301STEGUI-10.jpg 1600w\" sizes=\"(max-width: 300px) 100vw, 300px\" \/> <img loading=\"lazy\" class=\"alignnone size-medium wp-image-38296\" src=\"https:\/\/cuernavaca.gob.mx\/wp-content\/uploads\/2024\/01\/SISTEMA-DIF-CUERNAVACA-SE-POSICIONA-A-LA-VANGUARDIA-EN-MORELOS-CON-A\u0301REAS-DE-FISIOTERAPIA-Y-REHABILITACIO\u0301N-SOSTIENE-JOSE\u0301-LUIS-URIO\u0301STEGUI-11-300x200.jpg\" alt=\"\" width=\"300\" height=\"200\" srcset=\"https:\/\/cuernavaca.gob.mx\/wp-content\/uploads\/2024\/01\/SISTEMA-DIF-CUERNAVACA-SE-POSICIONA-A-LA-VANGUARDIA-EN-MORELOS-CON-A\u0301REAS-DE-FISIOTERAPIA-Y-REHABILITACIO\u0301N-SOSTIENE-JOSE\u0301-LUIS-URIO\u0301STEGUI-11-300x200.jpg 300w, https:\/\/cuernavaca.gob.mx\/wp-content\/uploads\/2024\/01\/SISTEMA-DIF-CUERNAVACA-SE-POSICIONA-A-LA-VANGUARDIA-EN-MORELOS-CON-A\u0301REAS-DE-FISIOTERAPIA-Y-REHABILITACIO\u0301N-SOSTIENE-JOSE\u0301-LUIS-URIO\u0301STEGUI-11-1024x682.jpg 1024w, https:\/\/cuernavaca.gob.mx\/wp-content\/uploads\/2024\/01\/SISTEMA-DIF-CUERNAVACA-SE-POSICIONA-A-LA-VANGUARDIA-EN-MORELOS-CON-A\u0301REAS-DE-FISIOTERAPIA-Y-REHABILITACIO\u0301N-SOSTIENE-JOSE\u0301-LUIS-URIO\u0301STEGUI-11-768x512.jpg 768w, https:\/\/cuernavaca.gob.mx\/wp-content\/uploads\/2024\/01\/SISTEMA-DIF-CUERNAVACA-SE-POSICIONA-A-LA-VANGUARDIA-EN-MORELOS-CON-A\u0301REAS-DE-FISIOTERAPIA-Y-REHABILITACIO\u0301N-SOSTIENE-JOSE\u0301-LUIS-URIO\u0301STEGUI-11-1536x1023.jpg 1536w, https:\/\/cuernavaca.gob.mx\/wp-content\/uploads\/2024\/01\/SISTEMA-DIF-CUERNAVACA-SE-POSICIONA-A-LA-VANGUARDIA-EN-MORELOS-CON-A\u0301REAS-DE-FISIOTERAPIA-Y-REHABILITACIO\u0301N-SOSTIENE-JOSE\u0301-LUIS-URIO\u0301STEGUI-11-600x400.jpg 600w, https:\/\/cuernavaca.gob.mx\/wp-content\/uploads\/2024\/01\/SISTEMA-DIF-CUERNAVACA-SE-POSICIONA-A-LA-VANGUARDIA-EN-MORELOS-CON-A\u0301REAS-DE-FISIOTERAPIA-Y-REHABILITACIO\u0301N-SOSTIENE-JOSE\u0301-LUIS-URIO\u0301STEGUI-11-560x373.jpg 560w, https:\/\/cuernavaca.gob.mx\/wp-content\/uploads\/2024\/01\/SISTEMA-DIF-CUERNAVACA-SE-POSICIONA-A-LA-VANGUARDIA-EN-MORELOS-CON-A\u0301REAS-DE-FISIOTERAPIA-Y-REHABILITACIO\u0301N-SOSTIENE-JOSE\u0301-LUIS-URIO\u0301STEGUI-11.jpg 1600w\" sizes=\"(max-width: 300px) 100vw, 300px\" \/><\/p>\n","protected":false},"excerpt":{"rendered":"<p>SISTEMA DIF CUERNAVACA SE POSICIONA A LA VANGUARDIA EN MORELOS CON \u00c1REAS DE FISIOTERAPIA Y REHABILITACI\u00d3N, SOSTIENE JOS\u00c9 LUIS URI\u00d3STEGUI \u2022 Derivado del manejo transparente y eficiente de los recursos p\u00fablicos, el DIF Cuernavaca encabezado por Luz Mar\u00eda Zagal inaugur\u00f3 este mi\u00e9rcoles el tanque terap\u00e9utico como parte de la Unidad B\u00e1sica de Rehabilitaci\u00f3n \u2022 Este [&hellip;]<\/p>\n","protected":false},"author":1,"featured_media":38292,"comment_status":"closed","ping_status":"open","sticky":false,"template":"","format":"standard","meta":[],"categories":[16],"tags":[121,339,132,1739,2337,120,133,206,232,127,2303],"aioseo_notices":[],"_links":{"self":[{"href":"https:\/\/cuernavaca.gob.mx\/index.php?rest_route=\/wp\/v2\/posts\/38285"}],"collection":[{"href":"https:\/\/cuernavaca.gob.mx\/index.php?rest_route=\/wp\/v2\/posts"}],"about":[{"href":"https:\/\/cuernavaca.gob.mx\/index.php?rest_route=\/wp\/v2\/types\/post"}],"author":[{"embeddable":true,"href":"https:\/\/cuernavaca.gob.mx\/index.php?rest_route=\/wp\/v2\/users\/1"}],"replies":[{"embeddable":true,"href":"https:\/\/cuernavaca.gob.mx\/index.php?rest_route=%2Fwp%2Fv2%2Fcomments&post=38285"}],"version-history":[{"count":1,"href":"https:\/\/cuernavaca.gob.mx\/index.php?rest_route=\/wp\/v2\/posts\/38285\/revisions"}],"predecessor-version":[{"id":38297,"href":"https:\/\/cuernavaca.gob.mx\/index.php?rest_route=\/wp\/v2\/posts\/38285\/revisions\/38297"}],"wp:featuredmedia":[{"embeddable":true,"href":"https:\/\/cuernavaca.gob.mx\/index.php?rest_route=\/wp\/v2\/media\/38292"}],"wp:attachment":[{"href":"https:\/\/cuernavaca.gob.mx\/index.php?rest_route=%2Fwp%2Fv2%2Fmedia&parent=38285"}],"wp:term":[{"taxonomy":"category","embeddable":true,"href":"https:\/\/cuernavaca.gob.mx\/index.php?rest_route=%2Fwp%2Fv2%2Fcategories&post=38285"},{"taxonomy":"post_tag","embeddable":true,"href":"https:\/\/cuernavaca.gob.mx\/index.php?rest_route=%2Fwp%2Fv2%2Ftags&post=38285"}],"curies":[{"name":"wp","href":"https:\/\/api.w.org\/{rel}","templated":true}]}}