{"id":38494,"date":"2024-02-09T19:00:27","date_gmt":"2024-02-10T01:00:27","guid":{"rendered":"https:\/\/cuernavaca.gob.mx\/?p=38494"},"modified":"2024-03-13T11:31:24","modified_gmt":"2024-03-13T17:31:24","slug":"c-09-02-24-logra-policia-municipal-de-cuernavaca-la-detencion-de-sujetos-con-armas-largas-cortas-y-chalecos-tacticos-y-en-persecucion-a-quienes-robaban-autopartes","status":"publish","type":"post","link":"https:\/\/cuernavaca.gob.mx\/?p=38494","title":{"rendered":"C 09\/02\/24 LOGRA POLIC\u00cdA MUNICIPAL DE CUERNAVACA LA DETENCI\u00d3N DE SUJETOS CON ARMAS LARGAS, CORTAS Y CHALECOS T\u00c1CTICOS Y EN PERSECUCI\u00d3N A QUIENES ROBABAN AUTOPARTES"},"content":{"rendered":"<p>La oportuna respuesta de la Polic\u00eda Preventiva adscrita a la Secretar\u00eda de Protecci\u00f3n y Auxilio Ciudadano (SEPRAC) de Cuernavaca logr\u00f3 la captura en estos \u00faltimos dos d\u00edas de la semana de seis individuos presuntamente involucrados en los delitos de robo de autopartes, robo de veh\u00edculos y posesi\u00f3n de armas largas y material t\u00e1ctico, quienes fueron puestos a disposici\u00f3n del Ministerio P\u00fablico.<\/p>\n<p>En conferencia de prensa, la titular de SEPRAC, Alicia V\u00e1zquez Luna, detall\u00f3 que tras una persecuci\u00f3n que se suscit\u00f3 este viernes a medio d\u00eda desde la colonia San Crist\u00f3bal hasta la avenida Vicente Guerrero a la altura de Apolo XI detuvieron a dos masculinos, \u00d3scar Alberto &#8220;N&#8221; y Jorge Daniel &#8220;N&#8221;, que fueron se\u00f1alados presuntamente al robo de veh\u00edculos y autopartes, principalmente en las colonias Lomas de Cort\u00e9s, Acapantzingo y Vista Hermosa.<\/p>\n<p>Explic\u00f3 que tras alertar a la polic\u00eda municipal fueron ubicados cuando estaban desvalijando un veh\u00edculo de la marca Mercedes Benz en calle Tabach\u00edn en la colonia Bella Vista; sin embargo, al advertir la presencia de la polic\u00eda s\u00f3lo alcanzaron a llevarse una autoparte del veh\u00edculo para finalmente ser asegurados conduciendo un veh\u00edculo de la marca Honda color rojo.<\/p>\n<p>Destac\u00f3 que cuentan con datos para establecer que \u00d3scar Alberto &#8220;N&#8221; tambi\u00e9n abord\u00f3 de un KIA rojo se trasladaba junto con otras personas para efectuar el robo de veh\u00edculos y autopartes, por lo que est\u00e1n procesando im\u00e1genes para darle esta informaci\u00f3n al Ministerio P\u00fablico y se logre avanzar en las carpetas de investigaci\u00f3n con la que cuenta por el delito de robo y autopartes.<\/p>\n<p>Al mismo tiempo, pero en la colonia Teopanzolco detuvieron y pusieron a disposici\u00f3n del Ministerio P\u00fablico a Jaime &#8220;N&#8221; y Ramiro &#8220;N&#8221; por poseer un veh\u00edculo con alteraci\u00f3n en sus medios de identificaci\u00f3n y por su probable participaci\u00f3n en el delito de violaci\u00f3n a la Ley Federal de Armas de Fuego y Explosivos. Se les asegur\u00f3 un veh\u00edculo marca Honda, submarca CRV, color plata, con placas de circulaci\u00f3n RCV507A del Estado de Morelos; dos armas largas, un arma corta, cartuchos \u00fatiles y chalecos t\u00e1cticos.<\/p>\n<p>Estas personas seguir\u00e1n siendo investigados, ya que algunos datos arrojan antecedentes o registros penales de estos sujetos.<\/p>\n<p>V\u00e1zquez Luna, inform\u00f3 que la noche del jueves elementos de la Polic\u00eda Preventiva de Cuernavaca realizaron la detenci\u00f3n de Diego Alberto &#8220;N&#8221; y Joshua Dazaeth &#8220;N&#8221;, presuntamente involucrados en el delito de robo contra una gasolinera en la colonia Chipitl\u00e1n, quienes ten\u00edan en su posesi\u00f3n un arma de fuego y circulaban en una motocicleta. Fueron puestos a disposici\u00f3n del Ministerio P\u00fablico.<\/p>\n<p>Finamente, pidi\u00f3 a la poblaci\u00f3n que si los reconocen y han sido v\u00edctimas de estas personas los denuncien ante la Fiscal\u00eda General de Justicia para que los delitos no queden impunes, recordando tambi\u00e9n que la SEPRAC pone a disposici\u00f3n el tel\u00e9fono 777 312 12 74 de la Central de Emergencias con vinculaci\u00f3n al Centro de Control, Comunicaciones, Comando y C\u00f3mputo (C4) de Cuernavaca<\/p>\n<p>&nbsp;<\/p>\n<p><img loading=\"lazy\" class=\"alignnone size-medium wp-image-38495\" src=\"https:\/\/cuernavaca.gob.mx\/wp-content\/uploads\/2024\/02\/LOGRA-POLICIA-MUNICIPAL-DE-CUERNAVACA-LA-DETENCION-DE-SUJETOS-CON-ARMAS-LARGAS-CORTAS-Y-CHALECOS-TACTICOS-Y-EN-PERSECUCION-A-QUIENES-ROBABAN-AUTOPARTES-1-300x200.jpeg\" alt=\"\" width=\"300\" height=\"200\" srcset=\"https:\/\/cuernavaca.gob.mx\/wp-content\/uploads\/2024\/02\/LOGRA-POLICIA-MUNICIPAL-DE-CUERNAVACA-LA-DETENCION-DE-SUJETOS-CON-ARMAS-LARGAS-CORTAS-Y-CHALECOS-TACTICOS-Y-EN-PERSECUCION-A-QUIENES-ROBABAN-AUTOPARTES-1-300x200.jpeg 300w, https:\/\/cuernavaca.gob.mx\/wp-content\/uploads\/2024\/02\/LOGRA-POLICIA-MUNICIPAL-DE-CUERNAVACA-LA-DETENCION-DE-SUJETOS-CON-ARMAS-LARGAS-CORTAS-Y-CHALECOS-TACTICOS-Y-EN-PERSECUCION-A-QUIENES-ROBABAN-AUTOPARTES-1-1024x682.jpeg 1024w, https:\/\/cuernavaca.gob.mx\/wp-content\/uploads\/2024\/02\/LOGRA-POLICIA-MUNICIPAL-DE-CUERNAVACA-LA-DETENCION-DE-SUJETOS-CON-ARMAS-LARGAS-CORTAS-Y-CHALECOS-TACTICOS-Y-EN-PERSECUCION-A-QUIENES-ROBABAN-AUTOPARTES-1-768x512.jpeg 768w, https:\/\/cuernavaca.gob.mx\/wp-content\/uploads\/2024\/02\/LOGRA-POLICIA-MUNICIPAL-DE-CUERNAVACA-LA-DETENCION-DE-SUJETOS-CON-ARMAS-LARGAS-CORTAS-Y-CHALECOS-TACTICOS-Y-EN-PERSECUCION-A-QUIENES-ROBABAN-AUTOPARTES-1-1536x1023.jpeg 1536w, https:\/\/cuernavaca.gob.mx\/wp-content\/uploads\/2024\/02\/LOGRA-POLICIA-MUNICIPAL-DE-CUERNAVACA-LA-DETENCION-DE-SUJETOS-CON-ARMAS-LARGAS-CORTAS-Y-CHALECOS-TACTICOS-Y-EN-PERSECUCION-A-QUIENES-ROBABAN-AUTOPARTES-1-600x400.jpeg 600w, https:\/\/cuernavaca.gob.mx\/wp-content\/uploads\/2024\/02\/LOGRA-POLICIA-MUNICIPAL-DE-CUERNAVACA-LA-DETENCION-DE-SUJETOS-CON-ARMAS-LARGAS-CORTAS-Y-CHALECOS-TACTICOS-Y-EN-PERSECUCION-A-QUIENES-ROBABAN-AUTOPARTES-1-560x373.jpeg 560w, https:\/\/cuernavaca.gob.mx\/wp-content\/uploads\/2024\/02\/LOGRA-POLICIA-MUNICIPAL-DE-CUERNAVACA-LA-DETENCION-DE-SUJETOS-CON-ARMAS-LARGAS-CORTAS-Y-CHALECOS-TACTICOS-Y-EN-PERSECUCION-A-QUIENES-ROBABAN-AUTOPARTES-1.jpeg 1600w\" sizes=\"(max-width: 300px) 100vw, 300px\" \/> <img loading=\"lazy\" class=\"alignnone size-medium wp-image-38496\" src=\"https:\/\/cuernavaca.gob.mx\/wp-content\/uploads\/2024\/02\/LOGRA-POLICIA-MUNICIPAL-DE-CUERNAVACA-LA-DETENCION-DE-SUJETOS-CON-ARMAS-LARGAS-CORTAS-Y-CHALECOS-TACTICOS-Y-EN-PERSECUCION-A-QUIENES-ROBABAN-AUTOPARTES-2-300x200.jpeg\" alt=\"\" width=\"300\" height=\"200\" srcset=\"https:\/\/cuernavaca.gob.mx\/wp-content\/uploads\/2024\/02\/LOGRA-POLICIA-MUNICIPAL-DE-CUERNAVACA-LA-DETENCION-DE-SUJETOS-CON-ARMAS-LARGAS-CORTAS-Y-CHALECOS-TACTICOS-Y-EN-PERSECUCION-A-QUIENES-ROBABAN-AUTOPARTES-2-300x200.jpeg 300w, https:\/\/cuernavaca.gob.mx\/wp-content\/uploads\/2024\/02\/LOGRA-POLICIA-MUNICIPAL-DE-CUERNAVACA-LA-DETENCION-DE-SUJETOS-CON-ARMAS-LARGAS-CORTAS-Y-CHALECOS-TACTICOS-Y-EN-PERSECUCION-A-QUIENES-ROBABAN-AUTOPARTES-2-1024x682.jpeg 1024w, https:\/\/cuernavaca.gob.mx\/wp-content\/uploads\/2024\/02\/LOGRA-POLICIA-MUNICIPAL-DE-CUERNAVACA-LA-DETENCION-DE-SUJETOS-CON-ARMAS-LARGAS-CORTAS-Y-CHALECOS-TACTICOS-Y-EN-PERSECUCION-A-QUIENES-ROBABAN-AUTOPARTES-2-768x512.jpeg 768w, https:\/\/cuernavaca.gob.mx\/wp-content\/uploads\/2024\/02\/LOGRA-POLICIA-MUNICIPAL-DE-CUERNAVACA-LA-DETENCION-DE-SUJETOS-CON-ARMAS-LARGAS-CORTAS-Y-CHALECOS-TACTICOS-Y-EN-PERSECUCION-A-QUIENES-ROBABAN-AUTOPARTES-2-1536x1023.jpeg 1536w, https:\/\/cuernavaca.gob.mx\/wp-content\/uploads\/2024\/02\/LOGRA-POLICIA-MUNICIPAL-DE-CUERNAVACA-LA-DETENCION-DE-SUJETOS-CON-ARMAS-LARGAS-CORTAS-Y-CHALECOS-TACTICOS-Y-EN-PERSECUCION-A-QUIENES-ROBABAN-AUTOPARTES-2-600x400.jpeg 600w, https:\/\/cuernavaca.gob.mx\/wp-content\/uploads\/2024\/02\/LOGRA-POLICIA-MUNICIPAL-DE-CUERNAVACA-LA-DETENCION-DE-SUJETOS-CON-ARMAS-LARGAS-CORTAS-Y-CHALECOS-TACTICOS-Y-EN-PERSECUCION-A-QUIENES-ROBABAN-AUTOPARTES-2-560x373.jpeg 560w, https:\/\/cuernavaca.gob.mx\/wp-content\/uploads\/2024\/02\/LOGRA-POLICIA-MUNICIPAL-DE-CUERNAVACA-LA-DETENCION-DE-SUJETOS-CON-ARMAS-LARGAS-CORTAS-Y-CHALECOS-TACTICOS-Y-EN-PERSECUCION-A-QUIENES-ROBABAN-AUTOPARTES-2.jpeg 1600w\" sizes=\"(max-width: 300px) 100vw, 300px\" \/> <img loading=\"lazy\" class=\"alignnone size-medium wp-image-38497\" src=\"https:\/\/cuernavaca.gob.mx\/wp-content\/uploads\/2024\/02\/LOGRA-POLICIA-MUNICIPAL-DE-CUERNAVACA-LA-DETENCION-DE-SUJETOS-CON-ARMAS-LARGAS-CORTAS-Y-CHALECOS-TACTICOS-Y-EN-PERSECUCION-A-QUIENES-ROBABAN-AUTOPARTES-3-300x200.jpeg\" alt=\"\" width=\"300\" height=\"200\" srcset=\"https:\/\/cuernavaca.gob.mx\/wp-content\/uploads\/2024\/02\/LOGRA-POLICIA-MUNICIPAL-DE-CUERNAVACA-LA-DETENCION-DE-SUJETOS-CON-ARMAS-LARGAS-CORTAS-Y-CHALECOS-TACTICOS-Y-EN-PERSECUCION-A-QUIENES-ROBABAN-AUTOPARTES-3-300x200.jpeg 300w, https:\/\/cuernavaca.gob.mx\/wp-content\/uploads\/2024\/02\/LOGRA-POLICIA-MUNICIPAL-DE-CUERNAVACA-LA-DETENCION-DE-SUJETOS-CON-ARMAS-LARGAS-CORTAS-Y-CHALECOS-TACTICOS-Y-EN-PERSECUCION-A-QUIENES-ROBABAN-AUTOPARTES-3-1024x682.jpeg 1024w, https:\/\/cuernavaca.gob.mx\/wp-content\/uploads\/2024\/02\/LOGRA-POLICIA-MUNICIPAL-DE-CUERNAVACA-LA-DETENCION-DE-SUJETOS-CON-ARMAS-LARGAS-CORTAS-Y-CHALECOS-TACTICOS-Y-EN-PERSECUCION-A-QUIENES-ROBABAN-AUTOPARTES-3-768x512.jpeg 768w, https:\/\/cuernavaca.gob.mx\/wp-content\/uploads\/2024\/02\/LOGRA-POLICIA-MUNICIPAL-DE-CUERNAVACA-LA-DETENCION-DE-SUJETOS-CON-ARMAS-LARGAS-CORTAS-Y-CHALECOS-TACTICOS-Y-EN-PERSECUCION-A-QUIENES-ROBABAN-AUTOPARTES-3-1536x1023.jpeg 1536w, https:\/\/cuernavaca.gob.mx\/wp-content\/uploads\/2024\/02\/LOGRA-POLICIA-MUNICIPAL-DE-CUERNAVACA-LA-DETENCION-DE-SUJETOS-CON-ARMAS-LARGAS-CORTAS-Y-CHALECOS-TACTICOS-Y-EN-PERSECUCION-A-QUIENES-ROBABAN-AUTOPARTES-3-600x400.jpeg 600w, https:\/\/cuernavaca.gob.mx\/wp-content\/uploads\/2024\/02\/LOGRA-POLICIA-MUNICIPAL-DE-CUERNAVACA-LA-DETENCION-DE-SUJETOS-CON-ARMAS-LARGAS-CORTAS-Y-CHALECOS-TACTICOS-Y-EN-PERSECUCION-A-QUIENES-ROBABAN-AUTOPARTES-3-560x373.jpeg 560w, https:\/\/cuernavaca.gob.mx\/wp-content\/uploads\/2024\/02\/LOGRA-POLICIA-MUNICIPAL-DE-CUERNAVACA-LA-DETENCION-DE-SUJETOS-CON-ARMAS-LARGAS-CORTAS-Y-CHALECOS-TACTICOS-Y-EN-PERSECUCION-A-QUIENES-ROBABAN-AUTOPARTES-3.jpeg 1600w\" sizes=\"(max-width: 300px) 100vw, 300px\" \/> <img loading=\"lazy\" class=\"alignnone size-medium wp-image-38498\" src=\"https:\/\/cuernavaca.gob.mx\/wp-content\/uploads\/2024\/02\/LOGRA-POLICIA-MUNICIPAL-DE-CUERNAVACA-LA-DETENCION-DE-SUJETOS-CON-ARMAS-LARGAS-CORTAS-Y-CHALECOS-TACTICOS-Y-EN-PERSECUCION-A-QUIENES-ROBABAN-AUTOPARTES-4-300x200.jpeg\" alt=\"\" width=\"300\" height=\"200\" srcset=\"https:\/\/cuernavaca.gob.mx\/wp-content\/uploads\/2024\/02\/LOGRA-POLICIA-MUNICIPAL-DE-CUERNAVACA-LA-DETENCION-DE-SUJETOS-CON-ARMAS-LARGAS-CORTAS-Y-CHALECOS-TACTICOS-Y-EN-PERSECUCION-A-QUIENES-ROBABAN-AUTOPARTES-4-300x200.jpeg 300w, https:\/\/cuernavaca.gob.mx\/wp-content\/uploads\/2024\/02\/LOGRA-POLICIA-MUNICIPAL-DE-CUERNAVACA-LA-DETENCION-DE-SUJETOS-CON-ARMAS-LARGAS-CORTAS-Y-CHALECOS-TACTICOS-Y-EN-PERSECUCION-A-QUIENES-ROBABAN-AUTOPARTES-4-1024x682.jpeg 1024w, https:\/\/cuernavaca.gob.mx\/wp-content\/uploads\/2024\/02\/LOGRA-POLICIA-MUNICIPAL-DE-CUERNAVACA-LA-DETENCION-DE-SUJETOS-CON-ARMAS-LARGAS-CORTAS-Y-CHALECOS-TACTICOS-Y-EN-PERSECUCION-A-QUIENES-ROBABAN-AUTOPARTES-4-768x512.jpeg 768w, https:\/\/cuernavaca.gob.mx\/wp-content\/uploads\/2024\/02\/LOGRA-POLICIA-MUNICIPAL-DE-CUERNAVACA-LA-DETENCION-DE-SUJETOS-CON-ARMAS-LARGAS-CORTAS-Y-CHALECOS-TACTICOS-Y-EN-PERSECUCION-A-QUIENES-ROBABAN-AUTOPARTES-4-1536x1023.jpeg 1536w, https:\/\/cuernavaca.gob.mx\/wp-content\/uploads\/2024\/02\/LOGRA-POLICIA-MUNICIPAL-DE-CUERNAVACA-LA-DETENCION-DE-SUJETOS-CON-ARMAS-LARGAS-CORTAS-Y-CHALECOS-TACTICOS-Y-EN-PERSECUCION-A-QUIENES-ROBABAN-AUTOPARTES-4-600x400.jpeg 600w, https:\/\/cuernavaca.gob.mx\/wp-content\/uploads\/2024\/02\/LOGRA-POLICIA-MUNICIPAL-DE-CUERNAVACA-LA-DETENCION-DE-SUJETOS-CON-ARMAS-LARGAS-CORTAS-Y-CHALECOS-TACTICOS-Y-EN-PERSECUCION-A-QUIENES-ROBABAN-AUTOPARTES-4-560x373.jpeg 560w, https:\/\/cuernavaca.gob.mx\/wp-content\/uploads\/2024\/02\/LOGRA-POLICIA-MUNICIPAL-DE-CUERNAVACA-LA-DETENCION-DE-SUJETOS-CON-ARMAS-LARGAS-CORTAS-Y-CHALECOS-TACTICOS-Y-EN-PERSECUCION-A-QUIENES-ROBABAN-AUTOPARTES-4.jpeg 1600w\" sizes=\"(max-width: 300px) 100vw, 300px\" \/> <img loading=\"lazy\" class=\"alignnone size-medium wp-image-38499\" src=\"https:\/\/cuernavaca.gob.mx\/wp-content\/uploads\/2024\/02\/LOGRA-POLICIA-MUNICIPAL-DE-CUERNAVACA-LA-DETENCION-DE-SUJETOS-CON-ARMAS-LARGAS-CORTAS-Y-CHALECOS-TACTICOS-Y-EN-PERSECUCION-A-QUIENES-ROBABAN-AUTOPARTES-5-300x200.jpeg\" alt=\"\" width=\"300\" height=\"200\" srcset=\"https:\/\/cuernavaca.gob.mx\/wp-content\/uploads\/2024\/02\/LOGRA-POLICIA-MUNICIPAL-DE-CUERNAVACA-LA-DETENCION-DE-SUJETOS-CON-ARMAS-LARGAS-CORTAS-Y-CHALECOS-TACTICOS-Y-EN-PERSECUCION-A-QUIENES-ROBABAN-AUTOPARTES-5-300x200.jpeg 300w, https:\/\/cuernavaca.gob.mx\/wp-content\/uploads\/2024\/02\/LOGRA-POLICIA-MUNICIPAL-DE-CUERNAVACA-LA-DETENCION-DE-SUJETOS-CON-ARMAS-LARGAS-CORTAS-Y-CHALECOS-TACTICOS-Y-EN-PERSECUCION-A-QUIENES-ROBABAN-AUTOPARTES-5-1024x682.jpeg 1024w, https:\/\/cuernavaca.gob.mx\/wp-content\/uploads\/2024\/02\/LOGRA-POLICIA-MUNICIPAL-DE-CUERNAVACA-LA-DETENCION-DE-SUJETOS-CON-ARMAS-LARGAS-CORTAS-Y-CHALECOS-TACTICOS-Y-EN-PERSECUCION-A-QUIENES-ROBABAN-AUTOPARTES-5-768x512.jpeg 768w, https:\/\/cuernavaca.gob.mx\/wp-content\/uploads\/2024\/02\/LOGRA-POLICIA-MUNICIPAL-DE-CUERNAVACA-LA-DETENCION-DE-SUJETOS-CON-ARMAS-LARGAS-CORTAS-Y-CHALECOS-TACTICOS-Y-EN-PERSECUCION-A-QUIENES-ROBABAN-AUTOPARTES-5-1536x1023.jpeg 1536w, https:\/\/cuernavaca.gob.mx\/wp-content\/uploads\/2024\/02\/LOGRA-POLICIA-MUNICIPAL-DE-CUERNAVACA-LA-DETENCION-DE-SUJETOS-CON-ARMAS-LARGAS-CORTAS-Y-CHALECOS-TACTICOS-Y-EN-PERSECUCION-A-QUIENES-ROBABAN-AUTOPARTES-5-600x400.jpeg 600w, https:\/\/cuernavaca.gob.mx\/wp-content\/uploads\/2024\/02\/LOGRA-POLICIA-MUNICIPAL-DE-CUERNAVACA-LA-DETENCION-DE-SUJETOS-CON-ARMAS-LARGAS-CORTAS-Y-CHALECOS-TACTICOS-Y-EN-PERSECUCION-A-QUIENES-ROBABAN-AUTOPARTES-5-560x373.jpeg 560w, https:\/\/cuernavaca.gob.mx\/wp-content\/uploads\/2024\/02\/LOGRA-POLICIA-MUNICIPAL-DE-CUERNAVACA-LA-DETENCION-DE-SUJETOS-CON-ARMAS-LARGAS-CORTAS-Y-CHALECOS-TACTICOS-Y-EN-PERSECUCION-A-QUIENES-ROBABAN-AUTOPARTES-5.jpeg 1600w\" sizes=\"(max-width: 300px) 100vw, 300px\" \/> <img loading=\"lazy\" class=\"alignnone size-medium wp-image-38500\" src=\"https:\/\/cuernavaca.gob.mx\/wp-content\/uploads\/2024\/02\/LOGRA-POLICIA-MUNICIPAL-DE-CUERNAVACA-LA-DETENCION-DE-SUJETOS-CON-ARMAS-LARGAS-CORTAS-Y-CHALECOS-TACTICOS-Y-EN-PERSECUCION-A-QUIENES-ROBABAN-AUTOPARTES-6-300x200.jpeg\" alt=\"\" width=\"300\" height=\"200\" srcset=\"https:\/\/cuernavaca.gob.mx\/wp-content\/uploads\/2024\/02\/LOGRA-POLICIA-MUNICIPAL-DE-CUERNAVACA-LA-DETENCION-DE-SUJETOS-CON-ARMAS-LARGAS-CORTAS-Y-CHALECOS-TACTICOS-Y-EN-PERSECUCION-A-QUIENES-ROBABAN-AUTOPARTES-6-300x200.jpeg 300w, https:\/\/cuernavaca.gob.mx\/wp-content\/uploads\/2024\/02\/LOGRA-POLICIA-MUNICIPAL-DE-CUERNAVACA-LA-DETENCION-DE-SUJETOS-CON-ARMAS-LARGAS-CORTAS-Y-CHALECOS-TACTICOS-Y-EN-PERSECUCION-A-QUIENES-ROBABAN-AUTOPARTES-6-1024x682.jpeg 1024w, https:\/\/cuernavaca.gob.mx\/wp-content\/uploads\/2024\/02\/LOGRA-POLICIA-MUNICIPAL-DE-CUERNAVACA-LA-DETENCION-DE-SUJETOS-CON-ARMAS-LARGAS-CORTAS-Y-CHALECOS-TACTICOS-Y-EN-PERSECUCION-A-QUIENES-ROBABAN-AUTOPARTES-6-768x512.jpeg 768w, https:\/\/cuernavaca.gob.mx\/wp-content\/uploads\/2024\/02\/LOGRA-POLICIA-MUNICIPAL-DE-CUERNAVACA-LA-DETENCION-DE-SUJETOS-CON-ARMAS-LARGAS-CORTAS-Y-CHALECOS-TACTICOS-Y-EN-PERSECUCION-A-QUIENES-ROBABAN-AUTOPARTES-6-1536x1023.jpeg 1536w, https:\/\/cuernavaca.gob.mx\/wp-content\/uploads\/2024\/02\/LOGRA-POLICIA-MUNICIPAL-DE-CUERNAVACA-LA-DETENCION-DE-SUJETOS-CON-ARMAS-LARGAS-CORTAS-Y-CHALECOS-TACTICOS-Y-EN-PERSECUCION-A-QUIENES-ROBABAN-AUTOPARTES-6-600x400.jpeg 600w, https:\/\/cuernavaca.gob.mx\/wp-content\/uploads\/2024\/02\/LOGRA-POLICIA-MUNICIPAL-DE-CUERNAVACA-LA-DETENCION-DE-SUJETOS-CON-ARMAS-LARGAS-CORTAS-Y-CHALECOS-TACTICOS-Y-EN-PERSECUCION-A-QUIENES-ROBABAN-AUTOPARTES-6-560x373.jpeg 560w, https:\/\/cuernavaca.gob.mx\/wp-content\/uploads\/2024\/02\/LOGRA-POLICIA-MUNICIPAL-DE-CUERNAVACA-LA-DETENCION-DE-SUJETOS-CON-ARMAS-LARGAS-CORTAS-Y-CHALECOS-TACTICOS-Y-EN-PERSECUCION-A-QUIENES-ROBABAN-AUTOPARTES-6.jpeg 1600w\" sizes=\"(max-width: 300px) 100vw, 300px\" \/> <img loading=\"lazy\" class=\"alignnone size-medium wp-image-38501\" src=\"https:\/\/cuernavaca.gob.mx\/wp-content\/uploads\/2024\/02\/LOGRA-POLICIA-MUNICIPAL-DE-CUERNAVACA-LA-DETENCION-DE-SUJETOS-CON-ARMAS-LARGAS-CORTAS-Y-CHALECOS-TACTICOS-Y-EN-PERSECUCION-A-QUIENES-ROBABAN-AUTOPARTES-7-300x200.jpeg\" alt=\"\" width=\"300\" height=\"200\" srcset=\"https:\/\/cuernavaca.gob.mx\/wp-content\/uploads\/2024\/02\/LOGRA-POLICIA-MUNICIPAL-DE-CUERNAVACA-LA-DETENCION-DE-SUJETOS-CON-ARMAS-LARGAS-CORTAS-Y-CHALECOS-TACTICOS-Y-EN-PERSECUCION-A-QUIENES-ROBABAN-AUTOPARTES-7-300x200.jpeg 300w, https:\/\/cuernavaca.gob.mx\/wp-content\/uploads\/2024\/02\/LOGRA-POLICIA-MUNICIPAL-DE-CUERNAVACA-LA-DETENCION-DE-SUJETOS-CON-ARMAS-LARGAS-CORTAS-Y-CHALECOS-TACTICOS-Y-EN-PERSECUCION-A-QUIENES-ROBABAN-AUTOPARTES-7-1024x682.jpeg 1024w, https:\/\/cuernavaca.gob.mx\/wp-content\/uploads\/2024\/02\/LOGRA-POLICIA-MUNICIPAL-DE-CUERNAVACA-LA-DETENCION-DE-SUJETOS-CON-ARMAS-LARGAS-CORTAS-Y-CHALECOS-TACTICOS-Y-EN-PERSECUCION-A-QUIENES-ROBABAN-AUTOPARTES-7-768x512.jpeg 768w, https:\/\/cuernavaca.gob.mx\/wp-content\/uploads\/2024\/02\/LOGRA-POLICIA-MUNICIPAL-DE-CUERNAVACA-LA-DETENCION-DE-SUJETOS-CON-ARMAS-LARGAS-CORTAS-Y-CHALECOS-TACTICOS-Y-EN-PERSECUCION-A-QUIENES-ROBABAN-AUTOPARTES-7-1536x1023.jpeg 1536w, https:\/\/cuernavaca.gob.mx\/wp-content\/uploads\/2024\/02\/LOGRA-POLICIA-MUNICIPAL-DE-CUERNAVACA-LA-DETENCION-DE-SUJETOS-CON-ARMAS-LARGAS-CORTAS-Y-CHALECOS-TACTICOS-Y-EN-PERSECUCION-A-QUIENES-ROBABAN-AUTOPARTES-7-600x400.jpeg 600w, https:\/\/cuernavaca.gob.mx\/wp-content\/uploads\/2024\/02\/LOGRA-POLICIA-MUNICIPAL-DE-CUERNAVACA-LA-DETENCION-DE-SUJETOS-CON-ARMAS-LARGAS-CORTAS-Y-CHALECOS-TACTICOS-Y-EN-PERSECUCION-A-QUIENES-ROBABAN-AUTOPARTES-7-560x373.jpeg 560w, https:\/\/cuernavaca.gob.mx\/wp-content\/uploads\/2024\/02\/LOGRA-POLICIA-MUNICIPAL-DE-CUERNAVACA-LA-DETENCION-DE-SUJETOS-CON-ARMAS-LARGAS-CORTAS-Y-CHALECOS-TACTICOS-Y-EN-PERSECUCION-A-QUIENES-ROBABAN-AUTOPARTES-7.jpeg 1600w\" sizes=\"(max-width: 300px) 100vw, 300px\" \/> <img loading=\"lazy\" class=\"alignnone size-medium wp-image-38502\" src=\"https:\/\/cuernavaca.gob.mx\/wp-content\/uploads\/2024\/02\/LOGRA-POLICIA-MUNICIPAL-DE-CUERNAVACA-LA-DETENCION-DE-SUJETOS-CON-ARMAS-LARGAS-CORTAS-Y-CHALECOS-TACTICOS-Y-EN-PERSECUCION-A-QUIENES-ROBABAN-AUTOPARTES-8-169x300.jpeg\" alt=\"\" width=\"169\" height=\"300\" srcset=\"https:\/\/cuernavaca.gob.mx\/wp-content\/uploads\/2024\/02\/LOGRA-POLICIA-MUNICIPAL-DE-CUERNAVACA-LA-DETENCION-DE-SUJETOS-CON-ARMAS-LARGAS-CORTAS-Y-CHALECOS-TACTICOS-Y-EN-PERSECUCION-A-QUIENES-ROBABAN-AUTOPARTES-8-169x300.jpeg 169w, https:\/\/cuernavaca.gob.mx\/wp-content\/uploads\/2024\/02\/LOGRA-POLICIA-MUNICIPAL-DE-CUERNAVACA-LA-DETENCION-DE-SUJETOS-CON-ARMAS-LARGAS-CORTAS-Y-CHALECOS-TACTICOS-Y-EN-PERSECUCION-A-QUIENES-ROBABAN-AUTOPARTES-8-576x1024.jpeg 576w, https:\/\/cuernavaca.gob.mx\/wp-content\/uploads\/2024\/02\/LOGRA-POLICIA-MUNICIPAL-DE-CUERNAVACA-LA-DETENCION-DE-SUJETOS-CON-ARMAS-LARGAS-CORTAS-Y-CHALECOS-TACTICOS-Y-EN-PERSECUCION-A-QUIENES-ROBABAN-AUTOPARTES-8-338x600.jpeg 338w, https:\/\/cuernavaca.gob.mx\/wp-content\/uploads\/2024\/02\/LOGRA-POLICIA-MUNICIPAL-DE-CUERNAVACA-LA-DETENCION-DE-SUJETOS-CON-ARMAS-LARGAS-CORTAS-Y-CHALECOS-TACTICOS-Y-EN-PERSECUCION-A-QUIENES-ROBABAN-AUTOPARTES-8-315x560.jpeg 315w, https:\/\/cuernavaca.gob.mx\/wp-content\/uploads\/2024\/02\/LOGRA-POLICIA-MUNICIPAL-DE-CUERNAVACA-LA-DETENCION-DE-SUJETOS-CON-ARMAS-LARGAS-CORTAS-Y-CHALECOS-TACTICOS-Y-EN-PERSECUCION-A-QUIENES-ROBABAN-AUTOPARTES-8.jpeg 720w\" sizes=\"(max-width: 169px) 100vw, 169px\" \/> <img loading=\"lazy\" class=\"alignnone size-medium wp-image-38503\" src=\"https:\/\/cuernavaca.gob.mx\/wp-content\/uploads\/2024\/02\/LOGRA-POLICIA-MUNICIPAL-DE-CUERNAVACA-LA-DETENCION-DE-SUJETOS-CON-ARMAS-LARGAS-CORTAS-Y-CHALECOS-TACTICOS-Y-EN-PERSECUCION-A-QUIENES-ROBABAN-AUTOPARTES-9-169x300.jpeg\" alt=\"\" width=\"169\" height=\"300\" srcset=\"https:\/\/cuernavaca.gob.mx\/wp-content\/uploads\/2024\/02\/LOGRA-POLICIA-MUNICIPAL-DE-CUERNAVACA-LA-DETENCION-DE-SUJETOS-CON-ARMAS-LARGAS-CORTAS-Y-CHALECOS-TACTICOS-Y-EN-PERSECUCION-A-QUIENES-ROBABAN-AUTOPARTES-9-169x300.jpeg 169w, https:\/\/cuernavaca.gob.mx\/wp-content\/uploads\/2024\/02\/LOGRA-POLICIA-MUNICIPAL-DE-CUERNAVACA-LA-DETENCION-DE-SUJETOS-CON-ARMAS-LARGAS-CORTAS-Y-CHALECOS-TACTICOS-Y-EN-PERSECUCION-A-QUIENES-ROBABAN-AUTOPARTES-9-576x1024.jpeg 576w, https:\/\/cuernavaca.gob.mx\/wp-content\/uploads\/2024\/02\/LOGRA-POLICIA-MUNICIPAL-DE-CUERNAVACA-LA-DETENCION-DE-SUJETOS-CON-ARMAS-LARGAS-CORTAS-Y-CHALECOS-TACTICOS-Y-EN-PERSECUCION-A-QUIENES-ROBABAN-AUTOPARTES-9-768x1365.jpeg 768w, https:\/\/cuernavaca.gob.mx\/wp-content\/uploads\/2024\/02\/LOGRA-POLICIA-MUNICIPAL-DE-CUERNAVACA-LA-DETENCION-DE-SUJETOS-CON-ARMAS-LARGAS-CORTAS-Y-CHALECOS-TACTICOS-Y-EN-PERSECUCION-A-QUIENES-ROBABAN-AUTOPARTES-9-864x1536.jpeg 864w, https:\/\/cuernavaca.gob.mx\/wp-content\/uploads\/2024\/02\/LOGRA-POLICIA-MUNICIPAL-DE-CUERNAVACA-LA-DETENCION-DE-SUJETOS-CON-ARMAS-LARGAS-CORTAS-Y-CHALECOS-TACTICOS-Y-EN-PERSECUCION-A-QUIENES-ROBABAN-AUTOPARTES-9-338x600.jpeg 338w, https:\/\/cuernavaca.gob.mx\/wp-content\/uploads\/2024\/02\/LOGRA-POLICIA-MUNICIPAL-DE-CUERNAVACA-LA-DETENCION-DE-SUJETOS-CON-ARMAS-LARGAS-CORTAS-Y-CHALECOS-TACTICOS-Y-EN-PERSECUCION-A-QUIENES-ROBABAN-AUTOPARTES-9-315x560.jpeg 315w, https:\/\/cuernavaca.gob.mx\/wp-content\/uploads\/2024\/02\/LOGRA-POLICIA-MUNICIPAL-DE-CUERNAVACA-LA-DETENCION-DE-SUJETOS-CON-ARMAS-LARGAS-CORTAS-Y-CHALECOS-TACTICOS-Y-EN-PERSECUCION-A-QUIENES-ROBABAN-AUTOPARTES-9.jpeg 900w\" sizes=\"(max-width: 169px) 100vw, 169px\" \/> <img loading=\"lazy\" class=\"alignnone size-medium wp-image-38504\" src=\"https:\/\/cuernavaca.gob.mx\/wp-content\/uploads\/2024\/02\/LOGRA-POLICIA-MUNICIPAL-DE-CUERNAVACA-LA-DETENCION-DE-SUJETOS-CON-ARMAS-LARGAS-CORTAS-Y-CHALECOS-TACTICOS-Y-EN-PERSECUCION-A-QUIENES-ROBABAN-AUTOPARTES-10-169x300.jpeg\" alt=\"\" width=\"169\" height=\"300\" srcset=\"https:\/\/cuernavaca.gob.mx\/wp-content\/uploads\/2024\/02\/LOGRA-POLICIA-MUNICIPAL-DE-CUERNAVACA-LA-DETENCION-DE-SUJETOS-CON-ARMAS-LARGAS-CORTAS-Y-CHALECOS-TACTICOS-Y-EN-PERSECUCION-A-QUIENES-ROBABAN-AUTOPARTES-10-169x300.jpeg 169w, https:\/\/cuernavaca.gob.mx\/wp-content\/uploads\/2024\/02\/LOGRA-POLICIA-MUNICIPAL-DE-CUERNAVACA-LA-DETENCION-DE-SUJETOS-CON-ARMAS-LARGAS-CORTAS-Y-CHALECOS-TACTICOS-Y-EN-PERSECUCION-A-QUIENES-ROBABAN-AUTOPARTES-10-576x1024.jpeg 576w, https:\/\/cuernavaca.gob.mx\/wp-content\/uploads\/2024\/02\/LOGRA-POLICIA-MUNICIPAL-DE-CUERNAVACA-LA-DETENCION-DE-SUJETOS-CON-ARMAS-LARGAS-CORTAS-Y-CHALECOS-TACTICOS-Y-EN-PERSECUCION-A-QUIENES-ROBABAN-AUTOPARTES-10-768x1365.jpeg 768w, https:\/\/cuernavaca.gob.mx\/wp-content\/uploads\/2024\/02\/LOGRA-POLICIA-MUNICIPAL-DE-CUERNAVACA-LA-DETENCION-DE-SUJETOS-CON-ARMAS-LARGAS-CORTAS-Y-CHALECOS-TACTICOS-Y-EN-PERSECUCION-A-QUIENES-ROBABAN-AUTOPARTES-10-864x1536.jpeg 864w, https:\/\/cuernavaca.gob.mx\/wp-content\/uploads\/2024\/02\/LOGRA-POLICIA-MUNICIPAL-DE-CUERNAVACA-LA-DETENCION-DE-SUJETOS-CON-ARMAS-LARGAS-CORTAS-Y-CHALECOS-TACTICOS-Y-EN-PERSECUCION-A-QUIENES-ROBABAN-AUTOPARTES-10-338x600.jpeg 338w, https:\/\/cuernavaca.gob.mx\/wp-content\/uploads\/2024\/02\/LOGRA-POLICIA-MUNICIPAL-DE-CUERNAVACA-LA-DETENCION-DE-SUJETOS-CON-ARMAS-LARGAS-CORTAS-Y-CHALECOS-TACTICOS-Y-EN-PERSECUCION-A-QUIENES-ROBABAN-AUTOPARTES-10-315x560.jpeg 315w, https:\/\/cuernavaca.gob.mx\/wp-content\/uploads\/2024\/02\/LOGRA-POLICIA-MUNICIPAL-DE-CUERNAVACA-LA-DETENCION-DE-SUJETOS-CON-ARMAS-LARGAS-CORTAS-Y-CHALECOS-TACTICOS-Y-EN-PERSECUCION-A-QUIENES-ROBABAN-AUTOPARTES-10.jpeg 900w\" sizes=\"(max-width: 169px) 100vw, 169px\" \/> <img loading=\"lazy\" class=\"alignnone size-medium wp-image-38505\" src=\"https:\/\/cuernavaca.gob.mx\/wp-content\/uploads\/2024\/02\/LOGRA-POLICIA-MUNICIPAL-DE-CUERNAVACA-LA-DETENCION-DE-SUJETOS-CON-ARMAS-LARGAS-CORTAS-Y-CHALECOS-TACTICOS-Y-EN-PERSECUCION-A-QUIENES-ROBABAN-AUTOPARTES-11-169x300.jpeg\" alt=\"\" width=\"169\" height=\"300\" srcset=\"https:\/\/cuernavaca.gob.mx\/wp-content\/uploads\/2024\/02\/LOGRA-POLICIA-MUNICIPAL-DE-CUERNAVACA-LA-DETENCION-DE-SUJETOS-CON-ARMAS-LARGAS-CORTAS-Y-CHALECOS-TACTICOS-Y-EN-PERSECUCION-A-QUIENES-ROBABAN-AUTOPARTES-11-169x300.jpeg 169w, https:\/\/cuernavaca.gob.mx\/wp-content\/uploads\/2024\/02\/LOGRA-POLICIA-MUNICIPAL-DE-CUERNAVACA-LA-DETENCION-DE-SUJETOS-CON-ARMAS-LARGAS-CORTAS-Y-CHALECOS-TACTICOS-Y-EN-PERSECUCION-A-QUIENES-ROBABAN-AUTOPARTES-11-576x1024.jpeg 576w, https:\/\/cuernavaca.gob.mx\/wp-content\/uploads\/2024\/02\/LOGRA-POLICIA-MUNICIPAL-DE-CUERNAVACA-LA-DETENCION-DE-SUJETOS-CON-ARMAS-LARGAS-CORTAS-Y-CHALECOS-TACTICOS-Y-EN-PERSECUCION-A-QUIENES-ROBABAN-AUTOPARTES-11-768x1365.jpeg 768w, https:\/\/cuernavaca.gob.mx\/wp-content\/uploads\/2024\/02\/LOGRA-POLICIA-MUNICIPAL-DE-CUERNAVACA-LA-DETENCION-DE-SUJETOS-CON-ARMAS-LARGAS-CORTAS-Y-CHALECOS-TACTICOS-Y-EN-PERSECUCION-A-QUIENES-ROBABAN-AUTOPARTES-11-864x1536.jpeg 864w, https:\/\/cuernavaca.gob.mx\/wp-content\/uploads\/2024\/02\/LOGRA-POLICIA-MUNICIPAL-DE-CUERNAVACA-LA-DETENCION-DE-SUJETOS-CON-ARMAS-LARGAS-CORTAS-Y-CHALECOS-TACTICOS-Y-EN-PERSECUCION-A-QUIENES-ROBABAN-AUTOPARTES-11-338x600.jpeg 338w, https:\/\/cuernavaca.gob.mx\/wp-content\/uploads\/2024\/02\/LOGRA-POLICIA-MUNICIPAL-DE-CUERNAVACA-LA-DETENCION-DE-SUJETOS-CON-ARMAS-LARGAS-CORTAS-Y-CHALECOS-TACTICOS-Y-EN-PERSECUCION-A-QUIENES-ROBABAN-AUTOPARTES-11-315x560.jpeg 315w, https:\/\/cuernavaca.gob.mx\/wp-content\/uploads\/2024\/02\/LOGRA-POLICIA-MUNICIPAL-DE-CUERNAVACA-LA-DETENCION-DE-SUJETOS-CON-ARMAS-LARGAS-CORTAS-Y-CHALECOS-TACTICOS-Y-EN-PERSECUCION-A-QUIENES-ROBABAN-AUTOPARTES-11.jpeg 900w\" sizes=\"(max-width: 169px) 100vw, 169px\" \/> <img loading=\"lazy\" class=\"alignnone size-medium wp-image-38506\" src=\"https:\/\/cuernavaca.gob.mx\/wp-content\/uploads\/2024\/02\/LOGRA-POLICIA-MUNICIPAL-DE-CUERNAVACA-LA-DETENCION-DE-SUJETOS-CON-ARMAS-LARGAS-CORTAS-Y-CHALECOS-TACTICOS-Y-EN-PERSECUCION-A-QUIENES-ROBABAN-AUTOPARTES-12-200x300.jpeg\" alt=\"\" width=\"200\" height=\"300\" srcset=\"https:\/\/cuernavaca.gob.mx\/wp-content\/uploads\/2024\/02\/LOGRA-POLICIA-MUNICIPAL-DE-CUERNAVACA-LA-DETENCION-DE-SUJETOS-CON-ARMAS-LARGAS-CORTAS-Y-CHALECOS-TACTICOS-Y-EN-PERSECUCION-A-QUIENES-ROBABAN-AUTOPARTES-12-200x300.jpeg 200w, https:\/\/cuernavaca.gob.mx\/wp-content\/uploads\/2024\/02\/LOGRA-POLICIA-MUNICIPAL-DE-CUERNAVACA-LA-DETENCION-DE-SUJETOS-CON-ARMAS-LARGAS-CORTAS-Y-CHALECOS-TACTICOS-Y-EN-PERSECUCION-A-QUIENES-ROBABAN-AUTOPARTES-12-682x1024.jpeg 682w, https:\/\/cuernavaca.gob.mx\/wp-content\/uploads\/2024\/02\/LOGRA-POLICIA-MUNICIPAL-DE-CUERNAVACA-LA-DETENCION-DE-SUJETOS-CON-ARMAS-LARGAS-CORTAS-Y-CHALECOS-TACTICOS-Y-EN-PERSECUCION-A-QUIENES-ROBABAN-AUTOPARTES-12-768x1153.jpeg 768w, https:\/\/cuernavaca.gob.mx\/wp-content\/uploads\/2024\/02\/LOGRA-POLICIA-MUNICIPAL-DE-CUERNAVACA-LA-DETENCION-DE-SUJETOS-CON-ARMAS-LARGAS-CORTAS-Y-CHALECOS-TACTICOS-Y-EN-PERSECUCION-A-QUIENES-ROBABAN-AUTOPARTES-12-1023x1536.jpeg 1023w, https:\/\/cuernavaca.gob.mx\/wp-content\/uploads\/2024\/02\/LOGRA-POLICIA-MUNICIPAL-DE-CUERNAVACA-LA-DETENCION-DE-SUJETOS-CON-ARMAS-LARGAS-CORTAS-Y-CHALECOS-TACTICOS-Y-EN-PERSECUCION-A-QUIENES-ROBABAN-AUTOPARTES-12-400x600.jpeg 400w, https:\/\/cuernavaca.gob.mx\/wp-content\/uploads\/2024\/02\/LOGRA-POLICIA-MUNICIPAL-DE-CUERNAVACA-LA-DETENCION-DE-SUJETOS-CON-ARMAS-LARGAS-CORTAS-Y-CHALECOS-TACTICOS-Y-EN-PERSECUCION-A-QUIENES-ROBABAN-AUTOPARTES-12-373x560.jpeg 373w, https:\/\/cuernavaca.gob.mx\/wp-content\/uploads\/2024\/02\/LOGRA-POLICIA-MUNICIPAL-DE-CUERNAVACA-LA-DETENCION-DE-SUJETOS-CON-ARMAS-LARGAS-CORTAS-Y-CHALECOS-TACTICOS-Y-EN-PERSECUCION-A-QUIENES-ROBABAN-AUTOPARTES-12.jpeg 1066w\" sizes=\"(max-width: 200px) 100vw, 200px\" \/> <img loading=\"lazy\" class=\"alignnone size-medium wp-image-38507\" src=\"https:\/\/cuernavaca.gob.mx\/wp-content\/uploads\/2024\/02\/LOGRA-POLICIA-MUNICIPAL-DE-CUERNAVACA-LA-DETENCION-DE-SUJETOS-CON-ARMAS-LARGAS-CORTAS-Y-CHALECOS-TACTICOS-Y-EN-PERSECUCION-A-QUIENES-ROBABAN-AUTOPARTES-13-200x300.jpeg\" alt=\"\" width=\"200\" height=\"300\" srcset=\"https:\/\/cuernavaca.gob.mx\/wp-content\/uploads\/2024\/02\/LOGRA-POLICIA-MUNICIPAL-DE-CUERNAVACA-LA-DETENCION-DE-SUJETOS-CON-ARMAS-LARGAS-CORTAS-Y-CHALECOS-TACTICOS-Y-EN-PERSECUCION-A-QUIENES-ROBABAN-AUTOPARTES-13-200x300.jpeg 200w, https:\/\/cuernavaca.gob.mx\/wp-content\/uploads\/2024\/02\/LOGRA-POLICIA-MUNICIPAL-DE-CUERNAVACA-LA-DETENCION-DE-SUJETOS-CON-ARMAS-LARGAS-CORTAS-Y-CHALECOS-TACTICOS-Y-EN-PERSECUCION-A-QUIENES-ROBABAN-AUTOPARTES-13-682x1024.jpeg 682w, https:\/\/cuernavaca.gob.mx\/wp-content\/uploads\/2024\/02\/LOGRA-POLICIA-MUNICIPAL-DE-CUERNAVACA-LA-DETENCION-DE-SUJETOS-CON-ARMAS-LARGAS-CORTAS-Y-CHALECOS-TACTICOS-Y-EN-PERSECUCION-A-QUIENES-ROBABAN-AUTOPARTES-13-768x1153.jpeg 768w, https:\/\/cuernavaca.gob.mx\/wp-content\/uploads\/2024\/02\/LOGRA-POLICIA-MUNICIPAL-DE-CUERNAVACA-LA-DETENCION-DE-SUJETOS-CON-ARMAS-LARGAS-CORTAS-Y-CHALECOS-TACTICOS-Y-EN-PERSECUCION-A-QUIENES-ROBABAN-AUTOPARTES-13-1023x1536.jpeg 1023w, https:\/\/cuernavaca.gob.mx\/wp-content\/uploads\/2024\/02\/LOGRA-POLICIA-MUNICIPAL-DE-CUERNAVACA-LA-DETENCION-DE-SUJETOS-CON-ARMAS-LARGAS-CORTAS-Y-CHALECOS-TACTICOS-Y-EN-PERSECUCION-A-QUIENES-ROBABAN-AUTOPARTES-13-400x600.jpeg 400w, https:\/\/cuernavaca.gob.mx\/wp-content\/uploads\/2024\/02\/LOGRA-POLICIA-MUNICIPAL-DE-CUERNAVACA-LA-DETENCION-DE-SUJETOS-CON-ARMAS-LARGAS-CORTAS-Y-CHALECOS-TACTICOS-Y-EN-PERSECUCION-A-QUIENES-ROBABAN-AUTOPARTES-13-373x560.jpeg 373w, https:\/\/cuernavaca.gob.mx\/wp-content\/uploads\/2024\/02\/LOGRA-POLICIA-MUNICIPAL-DE-CUERNAVACA-LA-DETENCION-DE-SUJETOS-CON-ARMAS-LARGAS-CORTAS-Y-CHALECOS-TACTICOS-Y-EN-PERSECUCION-A-QUIENES-ROBABAN-AUTOPARTES-13.jpeg 1066w\" sizes=\"(max-width: 200px) 100vw, 200px\" \/> <img loading=\"lazy\" class=\"alignnone size-medium wp-image-38508\" src=\"https:\/\/cuernavaca.gob.mx\/wp-content\/uploads\/2024\/02\/LOGRA-POLICIA-MUNICIPAL-DE-CUERNAVACA-LA-DETENCION-DE-SUJETOS-CON-ARMAS-LARGAS-CORTAS-Y-CHALECOS-TACTICOS-Y-EN-PERSECUCION-A-QUIENES-ROBABAN-AUTOPARTES-14-300x271.jpeg\" alt=\"\" width=\"300\" height=\"271\" srcset=\"https:\/\/cuernavaca.gob.mx\/wp-content\/uploads\/2024\/02\/LOGRA-POLICIA-MUNICIPAL-DE-CUERNAVACA-LA-DETENCION-DE-SUJETOS-CON-ARMAS-LARGAS-CORTAS-Y-CHALECOS-TACTICOS-Y-EN-PERSECUCION-A-QUIENES-ROBABAN-AUTOPARTES-14-300x271.jpeg 300w, https:\/\/cuernavaca.gob.mx\/wp-content\/uploads\/2024\/02\/LOGRA-POLICIA-MUNICIPAL-DE-CUERNAVACA-LA-DETENCION-DE-SUJETOS-CON-ARMAS-LARGAS-CORTAS-Y-CHALECOS-TACTICOS-Y-EN-PERSECUCION-A-QUIENES-ROBABAN-AUTOPARTES-14-1024x925.jpeg 1024w, https:\/\/cuernavaca.gob.mx\/wp-content\/uploads\/2024\/02\/LOGRA-POLICIA-MUNICIPAL-DE-CUERNAVACA-LA-DETENCION-DE-SUJETOS-CON-ARMAS-LARGAS-CORTAS-Y-CHALECOS-TACTICOS-Y-EN-PERSECUCION-A-QUIENES-ROBABAN-AUTOPARTES-14-768x694.jpeg 768w, https:\/\/cuernavaca.gob.mx\/wp-content\/uploads\/2024\/02\/LOGRA-POLICIA-MUNICIPAL-DE-CUERNAVACA-LA-DETENCION-DE-SUJETOS-CON-ARMAS-LARGAS-CORTAS-Y-CHALECOS-TACTICOS-Y-EN-PERSECUCION-A-QUIENES-ROBABAN-AUTOPARTES-14-1536x1388.jpeg 1536w, https:\/\/cuernavaca.gob.mx\/wp-content\/uploads\/2024\/02\/LOGRA-POLICIA-MUNICIPAL-DE-CUERNAVACA-LA-DETENCION-DE-SUJETOS-CON-ARMAS-LARGAS-CORTAS-Y-CHALECOS-TACTICOS-Y-EN-PERSECUCION-A-QUIENES-ROBABAN-AUTOPARTES-14-600x542.jpeg 600w, https:\/\/cuernavaca.gob.mx\/wp-content\/uploads\/2024\/02\/LOGRA-POLICIA-MUNICIPAL-DE-CUERNAVACA-LA-DETENCION-DE-SUJETOS-CON-ARMAS-LARGAS-CORTAS-Y-CHALECOS-TACTICOS-Y-EN-PERSECUCION-A-QUIENES-ROBABAN-AUTOPARTES-14-560x506.jpeg 560w, https:\/\/cuernavaca.gob.mx\/wp-content\/uploads\/2024\/02\/LOGRA-POLICIA-MUNICIPAL-DE-CUERNAVACA-LA-DETENCION-DE-SUJETOS-CON-ARMAS-LARGAS-CORTAS-Y-CHALECOS-TACTICOS-Y-EN-PERSECUCION-A-QUIENES-ROBABAN-AUTOPARTES-14.jpeg 1600w\" sizes=\"(max-width: 300px) 100vw, 300px\" \/> <img loading=\"lazy\" class=\"alignnone size-medium wp-image-38509\" src=\"https:\/\/cuernavaca.gob.mx\/wp-content\/uploads\/2024\/02\/LOGRA-POLICIA-MUNICIPAL-DE-CUERNAVACA-LA-DETENCION-DE-SUJETOS-CON-ARMAS-LARGAS-CORTAS-Y-CHALECOS-TACTICOS-Y-EN-PERSECUCION-A-QUIENES-ROBABAN-AUTOPARTES-15-300x200.jpeg\" alt=\"\" width=\"300\" height=\"200\" srcset=\"https:\/\/cuernavaca.gob.mx\/wp-content\/uploads\/2024\/02\/LOGRA-POLICIA-MUNICIPAL-DE-CUERNAVACA-LA-DETENCION-DE-SUJETOS-CON-ARMAS-LARGAS-CORTAS-Y-CHALECOS-TACTICOS-Y-EN-PERSECUCION-A-QUIENES-ROBABAN-AUTOPARTES-15-300x200.jpeg 300w, https:\/\/cuernavaca.gob.mx\/wp-content\/uploads\/2024\/02\/LOGRA-POLICIA-MUNICIPAL-DE-CUERNAVACA-LA-DETENCION-DE-SUJETOS-CON-ARMAS-LARGAS-CORTAS-Y-CHALECOS-TACTICOS-Y-EN-PERSECUCION-A-QUIENES-ROBABAN-AUTOPARTES-15-1024x682.jpeg 1024w, https:\/\/cuernavaca.gob.mx\/wp-content\/uploads\/2024\/02\/LOGRA-POLICIA-MUNICIPAL-DE-CUERNAVACA-LA-DETENCION-DE-SUJETOS-CON-ARMAS-LARGAS-CORTAS-Y-CHALECOS-TACTICOS-Y-EN-PERSECUCION-A-QUIENES-ROBABAN-AUTOPARTES-15-768x512.jpeg 768w, https:\/\/cuernavaca.gob.mx\/wp-content\/uploads\/2024\/02\/LOGRA-POLICIA-MUNICIPAL-DE-CUERNAVACA-LA-DETENCION-DE-SUJETOS-CON-ARMAS-LARGAS-CORTAS-Y-CHALECOS-TACTICOS-Y-EN-PERSECUCION-A-QUIENES-ROBABAN-AUTOPARTES-15-1536x1023.jpeg 1536w, https:\/\/cuernavaca.gob.mx\/wp-content\/uploads\/2024\/02\/LOGRA-POLICIA-MUNICIPAL-DE-CUERNAVACA-LA-DETENCION-DE-SUJETOS-CON-ARMAS-LARGAS-CORTAS-Y-CHALECOS-TACTICOS-Y-EN-PERSECUCION-A-QUIENES-ROBABAN-AUTOPARTES-15-600x400.jpeg 600w, https:\/\/cuernavaca.gob.mx\/wp-content\/uploads\/2024\/02\/LOGRA-POLICIA-MUNICIPAL-DE-CUERNAVACA-LA-DETENCION-DE-SUJETOS-CON-ARMAS-LARGAS-CORTAS-Y-CHALECOS-TACTICOS-Y-EN-PERSECUCION-A-QUIENES-ROBABAN-AUTOPARTES-15-560x373.jpeg 560w, https:\/\/cuernavaca.gob.mx\/wp-content\/uploads\/2024\/02\/LOGRA-POLICIA-MUNICIPAL-DE-CUERNAVACA-LA-DETENCION-DE-SUJETOS-CON-ARMAS-LARGAS-CORTAS-Y-CHALECOS-TACTICOS-Y-EN-PERSECUCION-A-QUIENES-ROBABAN-AUTOPARTES-15.jpeg 1600w\" sizes=\"(max-width: 300px) 100vw, 300px\" \/> <img loading=\"lazy\" class=\"alignnone size-medium wp-image-38510\" src=\"https:\/\/cuernavaca.gob.mx\/wp-content\/uploads\/2024\/02\/LOGRA-POLICIA-MUNICIPAL-DE-CUERNAVACA-LA-DETENCION-DE-SUJETOS-CON-ARMAS-LARGAS-CORTAS-Y-CHALECOS-TACTICOS-Y-EN-PERSECUCION-A-QUIENES-ROBABAN-AUTOPARTES-16-300x200.jpeg\" alt=\"\" width=\"300\" height=\"200\" srcset=\"https:\/\/cuernavaca.gob.mx\/wp-content\/uploads\/2024\/02\/LOGRA-POLICIA-MUNICIPAL-DE-CUERNAVACA-LA-DETENCION-DE-SUJETOS-CON-ARMAS-LARGAS-CORTAS-Y-CHALECOS-TACTICOS-Y-EN-PERSECUCION-A-QUIENES-ROBABAN-AUTOPARTES-16-300x200.jpeg 300w, https:\/\/cuernavaca.gob.mx\/wp-content\/uploads\/2024\/02\/LOGRA-POLICIA-MUNICIPAL-DE-CUERNAVACA-LA-DETENCION-DE-SUJETOS-CON-ARMAS-LARGAS-CORTAS-Y-CHALECOS-TACTICOS-Y-EN-PERSECUCION-A-QUIENES-ROBABAN-AUTOPARTES-16-1024x682.jpeg 1024w, https:\/\/cuernavaca.gob.mx\/wp-content\/uploads\/2024\/02\/LOGRA-POLICIA-MUNICIPAL-DE-CUERNAVACA-LA-DETENCION-DE-SUJETOS-CON-ARMAS-LARGAS-CORTAS-Y-CHALECOS-TACTICOS-Y-EN-PERSECUCION-A-QUIENES-ROBABAN-AUTOPARTES-16-768x512.jpeg 768w, https:\/\/cuernavaca.gob.mx\/wp-content\/uploads\/2024\/02\/LOGRA-POLICIA-MUNICIPAL-DE-CUERNAVACA-LA-DETENCION-DE-SUJETOS-CON-ARMAS-LARGAS-CORTAS-Y-CHALECOS-TACTICOS-Y-EN-PERSECUCION-A-QUIENES-ROBABAN-AUTOPARTES-16-1536x1023.jpeg 1536w, https:\/\/cuernavaca.gob.mx\/wp-content\/uploads\/2024\/02\/LOGRA-POLICIA-MUNICIPAL-DE-CUERNAVACA-LA-DETENCION-DE-SUJETOS-CON-ARMAS-LARGAS-CORTAS-Y-CHALECOS-TACTICOS-Y-EN-PERSECUCION-A-QUIENES-ROBABAN-AUTOPARTES-16-600x400.jpeg 600w, https:\/\/cuernavaca.gob.mx\/wp-content\/uploads\/2024\/02\/LOGRA-POLICIA-MUNICIPAL-DE-CUERNAVACA-LA-DETENCION-DE-SUJETOS-CON-ARMAS-LARGAS-CORTAS-Y-CHALECOS-TACTICOS-Y-EN-PERSECUCION-A-QUIENES-ROBABAN-AUTOPARTES-16-560x373.jpeg 560w, https:\/\/cuernavaca.gob.mx\/wp-content\/uploads\/2024\/02\/LOGRA-POLICIA-MUNICIPAL-DE-CUERNAVACA-LA-DETENCION-DE-SUJETOS-CON-ARMAS-LARGAS-CORTAS-Y-CHALECOS-TACTICOS-Y-EN-PERSECUCION-A-QUIENES-ROBABAN-AUTOPARTES-16.jpeg 1600w\" sizes=\"(max-width: 300px) 100vw, 300px\" \/><\/p>\n","protected":false},"excerpt":{"rendered":"<p>La oportuna respuesta de la Polic\u00eda Preventiva adscrita a la Secretar\u00eda de Protecci\u00f3n y Auxilio Ciudadano (SEPRAC) de Cuernavaca logr\u00f3 la captura en estos \u00faltimos dos d\u00edas de la semana de seis individuos presuntamente involucrados en los delitos de robo de autopartes, robo de veh\u00edculos y posesi\u00f3n de armas largas y material t\u00e1ctico, quienes fueron [&hellip;]<\/p>\n","protected":false},"author":1,"featured_media":38509,"comment_status":"closed","ping_status":"open","sticky":false,"template":"","format":"standard","meta":[],"categories":[17],"tags":[2582,121,2898,120,206,141,3235,125],"aioseo_notices":[],"_links":{"self":[{"href":"https:\/\/cuernavaca.gob.mx\/index.php?rest_route=\/wp\/v2\/posts\/38494"}],"collection":[{"href":"https:\/\/cuernavaca.gob.mx\/index.php?rest_route=\/wp\/v2\/posts"}],"about":[{"href":"https:\/\/cuernavaca.gob.mx\/index.php?rest_route=\/wp\/v2\/types\/post"}],"author":[{"embeddable":true,"href":"https:\/\/cuernavaca.gob.mx\/index.php?rest_route=\/wp\/v2\/users\/1"}],"replies":[{"embeddable":true,"href":"https:\/\/cuernavaca.gob.mx\/index.php?rest_route=%2Fwp%2Fv2%2Fcomments&post=38494"}],"version-history":[{"count":1,"href":"https:\/\/cuernavaca.gob.mx\/index.php?rest_route=\/wp\/v2\/posts\/38494\/revisions"}],"predecessor-version":[{"id":38511,"href":"https:\/\/cuernavaca.gob.mx\/index.php?rest_route=\/wp\/v2\/posts\/38494\/revisions\/38511"}],"wp:featuredmedia":[{"embeddable":true,"href":"https:\/\/cuernavaca.gob.mx\/index.php?rest_route=\/wp\/v2\/media\/38509"}],"wp:attachment":[{"href":"https:\/\/cuernavaca.gob.mx\/index.php?rest_route=%2Fwp%2Fv2%2Fmedia&parent=38494"}],"wp:term":[{"taxonomy":"category","embeddable":true,"href":"https:\/\/cuernavaca.gob.mx\/index.php?rest_route=%2Fwp%2Fv2%2Fcategories&post=38494"},{"taxonomy":"post_tag","embeddable":true,"href":"https:\/\/cuernavaca.gob.mx\/index.php?rest_route=%2Fwp%2Fv2%2Ftags&post=38494"}],"curies":[{"name":"wp","href":"https:\/\/api.w.org\/{rel}","templated":true}]}}