{"id":38512,"date":"2024-02-09T18:30:15","date_gmt":"2024-02-10T00:30:15","guid":{"rendered":"https:\/\/cuernavaca.gob.mx\/?p=38512"},"modified":"2024-03-13T11:31:24","modified_gmt":"2024-03-13T17:31:24","slug":"b1579-09-02-24-el-poblado-de-ocotepec-tambien-es-beneficiado-con-obra-publica-por-el-gobierno-municipal-de-jose-luis-uriostegui","status":"publish","type":"post","link":"https:\/\/cuernavaca.gob.mx\/?p=38512","title":{"rendered":"B1579 09\/02\/24 EL POBLADO DE OCOTEPEC TAMBI\u00c9N ES BENEFICIADO CON OBRA P\u00daBLICA POR EL GOBIERNO MUNICIPAL DE JOS\u00c9 LUIS URI\u00d3STEGUI"},"content":{"rendered":"<div><strong>\u2022 La Secretar\u00eda de Desarrollo Urbano y Obras P\u00fablicas llev\u00f3 a cabo el revestimiento de pavimento asf\u00e1ltico de la calle General Emiliano Zapata, la cual es un camino obligado hacia el municipio de Tepoztl\u00e1n<\/strong><\/div>\n<div><\/div>\n<div><strong>\u2022 Jos\u00e9 Luis Uri\u00f3stegui asegur\u00f3 que durante su administraci\u00f3n se ha logrado poner en orden las finanzas lo que derivara en m\u00e1s obras y mejores servicios para el pr\u00f3ximo Gobierno<\/strong><\/div>\n<div><\/div>\n<div><\/div>\n<div>Con una inversi\u00f3n de dos millones 911 mil 531.91 pesos del Fondo de Aportaciones para la Infraestructura Social (FASIMUN) 2023, el presidente municipal, Jos\u00e9 Luis Uri\u00f3stegui Salgado inaugur\u00f3 la obra de revestimiento de pavimento asf\u00e1ltico en la calle General Emiliano Zapata Salazar del poblado de Ocotepec, con lo que se da cumplimiento a un compromiso m\u00e1s con la comunidad que beneficiar\u00e1 a m\u00e1s de ocho mil usuarios indirectos y 850 directos, atendiendo una de las principales v\u00edas de comunicaci\u00f3n en la ciudad que conecta con la carretera federal a Tepoztl\u00e1n.<\/div>\n<div><\/div>\n<div>En su mensaje, Jos\u00e9 Luis Uri\u00f3stegui expres\u00f3 que s\u00ed bien el plazo de tres a\u00f1os para rescatar una ciudad del abandono y endeudamiento que esta por concluir no es suficiente, han hecho su mejor esfuerzo desde el Cabildo para lograr resultados, destinando el primer a\u00f1o de gobierno 140 millones de pesos a obra p\u00fablica, mientras que en 2023 fueron m\u00e1s de 170 millones de pesos y este a\u00f1o ser\u00e1n 270 millones de pesos, aunque tambi\u00e9n han pagado m\u00e1s de 500 millones de pesos en deuda p\u00fablica.<\/div>\n<div><\/div>\n<div>Subray\u00f3 que en el Ayuntamiento de Cuernavaca se est\u00e1 trabajando para que la administraci\u00f3n tenga una continuidad que permita a quien reciba el cargo no tener los contratiempos que han vivido, dejando en orden las finanzas y estimando la conclusi\u00f3n de las obras ejecutadas este 2024 para antes del 31 de octubre, destacando que adem\u00e1s de los 270 millones de pesos que se invertir\u00e1n para obra p\u00fablica, har\u00e1n una inversi\u00f3n adicional en el cableado y sustituci\u00f3n de luminarias.<\/div>\n<div><\/div>\n<div><\/div>\n<div>En su explicaci\u00f3n, el secretario de Desarrollo Urbano y Obras P\u00fablicas, Demetrio Chavira de la Torre, refiri\u00f3 como metas el riego de liga a base de emulsi\u00f3n asf\u00e1ltica en tres mil 998.95 metros cuadrados, la carpeta de cinco cent\u00edmetros de espesor de concreto asf\u00e1ltico en tres mil 998.95 metros cuadrados, la aplicaci\u00f3n de pintura termopl\u00e1stica en 321.50 metros lineales y la construcci\u00f3n de banquetas de 10 cent\u00edmetros de espesor en 325.50 metros cuadrados, adem\u00e1s de que se consider\u00f3 la instalaci\u00f3n de luminarias para brindar mayor seguridad a los automovilistas y transe\u00fantes.<\/div>\n<div><\/div>\n<div>Al uso de la palabra, el diputado local por el II Distrito, \u00c1ngel Adame Jim\u00e9nez, reconoci\u00f3 que en Cuernavaca se est\u00e1 trabajando y se est\u00e1 trabajando bien, cuidando el manejo transparente y veraz de los recursos p\u00fablicos, manifestando el respaldo permanente del Congreso de Morelos en todas las acciones y programas que implemente el Gobierno Municipal, con quien han trabajado de la mano a favor de la poblaci\u00f3n.<\/div>\n<div><\/div>\n<div>A nombre de los beneficiarios, el presidente del Comisariado de Bienes Comunales, Francisco Javier D\u00edaz Sedano; el ayudante municipal de Ocotepec, Rodrigo Rodr\u00edguez Sedano y Gilberto Morales, vecino del poblado, externaron su agradecimiento a Jos\u00e9 Luis Uri\u00f3stegui y su administraci\u00f3n por la atenci\u00f3n que ha tenido hacia el poblado realizando una serie de obras que han favorecido a la comunidad.<\/div>\n<div><\/div>\n<div>En la entrega de obra se cont\u00f3 con la presencia del regidor Fernando Carrillo Alvarado; del coordinador del COPLADEMUN, Luis Enrique Mart\u00ednez Catal\u00e1n; de integrantes de la Ayudant\u00eda y del Comisariado de Bienes Ejidales, as\u00ed como de ni\u00f1os de la primaria Jos\u00e9 Mar\u00eda Morelos y Pav\u00f3n.<\/div>\n<div><\/div>\n<div><img loading=\"lazy\" class=\"alignnone size-medium wp-image-38513\" src=\"https:\/\/cuernavaca.gob.mx\/wp-content\/uploads\/2024\/02\/EL-POBLADO-DE-OCOTEPEC-TAMBIEN-ES-BENEFICIADO-CON-OBRA-PUBLICA-POR-EL-GOBIERNO-MUNICIPAL-DE-JOSE-LUIS-URIOSTEGUI-1-300x200.jpeg\" alt=\"\" width=\"300\" height=\"200\" srcset=\"https:\/\/cuernavaca.gob.mx\/wp-content\/uploads\/2024\/02\/EL-POBLADO-DE-OCOTEPEC-TAMBIEN-ES-BENEFICIADO-CON-OBRA-PUBLICA-POR-EL-GOBIERNO-MUNICIPAL-DE-JOSE-LUIS-URIOSTEGUI-1-300x200.jpeg 300w, https:\/\/cuernavaca.gob.mx\/wp-content\/uploads\/2024\/02\/EL-POBLADO-DE-OCOTEPEC-TAMBIEN-ES-BENEFICIADO-CON-OBRA-PUBLICA-POR-EL-GOBIERNO-MUNICIPAL-DE-JOSE-LUIS-URIOSTEGUI-1-1024x682.jpeg 1024w, https:\/\/cuernavaca.gob.mx\/wp-content\/uploads\/2024\/02\/EL-POBLADO-DE-OCOTEPEC-TAMBIEN-ES-BENEFICIADO-CON-OBRA-PUBLICA-POR-EL-GOBIERNO-MUNICIPAL-DE-JOSE-LUIS-URIOSTEGUI-1-768x512.jpeg 768w, https:\/\/cuernavaca.gob.mx\/wp-content\/uploads\/2024\/02\/EL-POBLADO-DE-OCOTEPEC-TAMBIEN-ES-BENEFICIADO-CON-OBRA-PUBLICA-POR-EL-GOBIERNO-MUNICIPAL-DE-JOSE-LUIS-URIOSTEGUI-1-1536x1023.jpeg 1536w, https:\/\/cuernavaca.gob.mx\/wp-content\/uploads\/2024\/02\/EL-POBLADO-DE-OCOTEPEC-TAMBIEN-ES-BENEFICIADO-CON-OBRA-PUBLICA-POR-EL-GOBIERNO-MUNICIPAL-DE-JOSE-LUIS-URIOSTEGUI-1-600x400.jpeg 600w, https:\/\/cuernavaca.gob.mx\/wp-content\/uploads\/2024\/02\/EL-POBLADO-DE-OCOTEPEC-TAMBIEN-ES-BENEFICIADO-CON-OBRA-PUBLICA-POR-EL-GOBIERNO-MUNICIPAL-DE-JOSE-LUIS-URIOSTEGUI-1-560x373.jpeg 560w, https:\/\/cuernavaca.gob.mx\/wp-content\/uploads\/2024\/02\/EL-POBLADO-DE-OCOTEPEC-TAMBIEN-ES-BENEFICIADO-CON-OBRA-PUBLICA-POR-EL-GOBIERNO-MUNICIPAL-DE-JOSE-LUIS-URIOSTEGUI-1.jpeg 1600w\" sizes=\"(max-width: 300px) 100vw, 300px\" \/> <img loading=\"lazy\" class=\"alignnone size-medium wp-image-38514\" src=\"https:\/\/cuernavaca.gob.mx\/wp-content\/uploads\/2024\/02\/EL-POBLADO-DE-OCOTEPEC-TAMBIEN-ES-BENEFICIADO-CON-OBRA-PUBLICA-POR-EL-GOBIERNO-MUNICIPAL-DE-JOSE-LUIS-URIOSTEGUI-2-300x200.jpeg\" alt=\"\" width=\"300\" height=\"200\" srcset=\"https:\/\/cuernavaca.gob.mx\/wp-content\/uploads\/2024\/02\/EL-POBLADO-DE-OCOTEPEC-TAMBIEN-ES-BENEFICIADO-CON-OBRA-PUBLICA-POR-EL-GOBIERNO-MUNICIPAL-DE-JOSE-LUIS-URIOSTEGUI-2-300x200.jpeg 300w, https:\/\/cuernavaca.gob.mx\/wp-content\/uploads\/2024\/02\/EL-POBLADO-DE-OCOTEPEC-TAMBIEN-ES-BENEFICIADO-CON-OBRA-PUBLICA-POR-EL-GOBIERNO-MUNICIPAL-DE-JOSE-LUIS-URIOSTEGUI-2-1024x682.jpeg 1024w, https:\/\/cuernavaca.gob.mx\/wp-content\/uploads\/2024\/02\/EL-POBLADO-DE-OCOTEPEC-TAMBIEN-ES-BENEFICIADO-CON-OBRA-PUBLICA-POR-EL-GOBIERNO-MUNICIPAL-DE-JOSE-LUIS-URIOSTEGUI-2-768x512.jpeg 768w, https:\/\/cuernavaca.gob.mx\/wp-content\/uploads\/2024\/02\/EL-POBLADO-DE-OCOTEPEC-TAMBIEN-ES-BENEFICIADO-CON-OBRA-PUBLICA-POR-EL-GOBIERNO-MUNICIPAL-DE-JOSE-LUIS-URIOSTEGUI-2-1536x1023.jpeg 1536w, https:\/\/cuernavaca.gob.mx\/wp-content\/uploads\/2024\/02\/EL-POBLADO-DE-OCOTEPEC-TAMBIEN-ES-BENEFICIADO-CON-OBRA-PUBLICA-POR-EL-GOBIERNO-MUNICIPAL-DE-JOSE-LUIS-URIOSTEGUI-2-600x400.jpeg 600w, https:\/\/cuernavaca.gob.mx\/wp-content\/uploads\/2024\/02\/EL-POBLADO-DE-OCOTEPEC-TAMBIEN-ES-BENEFICIADO-CON-OBRA-PUBLICA-POR-EL-GOBIERNO-MUNICIPAL-DE-JOSE-LUIS-URIOSTEGUI-2-560x373.jpeg 560w, https:\/\/cuernavaca.gob.mx\/wp-content\/uploads\/2024\/02\/EL-POBLADO-DE-OCOTEPEC-TAMBIEN-ES-BENEFICIADO-CON-OBRA-PUBLICA-POR-EL-GOBIERNO-MUNICIPAL-DE-JOSE-LUIS-URIOSTEGUI-2.jpeg 1600w\" sizes=\"(max-width: 300px) 100vw, 300px\" \/> <img loading=\"lazy\" class=\"alignnone size-medium wp-image-38515\" src=\"https:\/\/cuernavaca.gob.mx\/wp-content\/uploads\/2024\/02\/EL-POBLADO-DE-OCOTEPEC-TAMBIEN-ES-BENEFICIADO-CON-OBRA-PUBLICA-POR-EL-GOBIERNO-MUNICIPAL-DE-JOSE-LUIS-URIOSTEGUI-3-300x200.jpeg\" alt=\"\" width=\"300\" height=\"200\" srcset=\"https:\/\/cuernavaca.gob.mx\/wp-content\/uploads\/2024\/02\/EL-POBLADO-DE-OCOTEPEC-TAMBIEN-ES-BENEFICIADO-CON-OBRA-PUBLICA-POR-EL-GOBIERNO-MUNICIPAL-DE-JOSE-LUIS-URIOSTEGUI-3-300x200.jpeg 300w, https:\/\/cuernavaca.gob.mx\/wp-content\/uploads\/2024\/02\/EL-POBLADO-DE-OCOTEPEC-TAMBIEN-ES-BENEFICIADO-CON-OBRA-PUBLICA-POR-EL-GOBIERNO-MUNICIPAL-DE-JOSE-LUIS-URIOSTEGUI-3-1024x682.jpeg 1024w, https:\/\/cuernavaca.gob.mx\/wp-content\/uploads\/2024\/02\/EL-POBLADO-DE-OCOTEPEC-TAMBIEN-ES-BENEFICIADO-CON-OBRA-PUBLICA-POR-EL-GOBIERNO-MUNICIPAL-DE-JOSE-LUIS-URIOSTEGUI-3-768x512.jpeg 768w, https:\/\/cuernavaca.gob.mx\/wp-content\/uploads\/2024\/02\/EL-POBLADO-DE-OCOTEPEC-TAMBIEN-ES-BENEFICIADO-CON-OBRA-PUBLICA-POR-EL-GOBIERNO-MUNICIPAL-DE-JOSE-LUIS-URIOSTEGUI-3-1536x1023.jpeg 1536w, https:\/\/cuernavaca.gob.mx\/wp-content\/uploads\/2024\/02\/EL-POBLADO-DE-OCOTEPEC-TAMBIEN-ES-BENEFICIADO-CON-OBRA-PUBLICA-POR-EL-GOBIERNO-MUNICIPAL-DE-JOSE-LUIS-URIOSTEGUI-3-600x400.jpeg 600w, https:\/\/cuernavaca.gob.mx\/wp-content\/uploads\/2024\/02\/EL-POBLADO-DE-OCOTEPEC-TAMBIEN-ES-BENEFICIADO-CON-OBRA-PUBLICA-POR-EL-GOBIERNO-MUNICIPAL-DE-JOSE-LUIS-URIOSTEGUI-3-560x373.jpeg 560w, https:\/\/cuernavaca.gob.mx\/wp-content\/uploads\/2024\/02\/EL-POBLADO-DE-OCOTEPEC-TAMBIEN-ES-BENEFICIADO-CON-OBRA-PUBLICA-POR-EL-GOBIERNO-MUNICIPAL-DE-JOSE-LUIS-URIOSTEGUI-3.jpeg 1600w\" sizes=\"(max-width: 300px) 100vw, 300px\" \/> <img loading=\"lazy\" class=\"alignnone size-medium wp-image-38516\" src=\"https:\/\/cuernavaca.gob.mx\/wp-content\/uploads\/2024\/02\/EL-POBLADO-DE-OCOTEPEC-TAMBIEN-ES-BENEFICIADO-CON-OBRA-PUBLICA-POR-EL-GOBIERNO-MUNICIPAL-DE-JOSE-LUIS-URIOSTEGUI-4-300x200.jpeg\" alt=\"\" width=\"300\" height=\"200\" srcset=\"https:\/\/cuernavaca.gob.mx\/wp-content\/uploads\/2024\/02\/EL-POBLADO-DE-OCOTEPEC-TAMBIEN-ES-BENEFICIADO-CON-OBRA-PUBLICA-POR-EL-GOBIERNO-MUNICIPAL-DE-JOSE-LUIS-URIOSTEGUI-4-300x200.jpeg 300w, https:\/\/cuernavaca.gob.mx\/wp-content\/uploads\/2024\/02\/EL-POBLADO-DE-OCOTEPEC-TAMBIEN-ES-BENEFICIADO-CON-OBRA-PUBLICA-POR-EL-GOBIERNO-MUNICIPAL-DE-JOSE-LUIS-URIOSTEGUI-4-1024x682.jpeg 1024w, https:\/\/cuernavaca.gob.mx\/wp-content\/uploads\/2024\/02\/EL-POBLADO-DE-OCOTEPEC-TAMBIEN-ES-BENEFICIADO-CON-OBRA-PUBLICA-POR-EL-GOBIERNO-MUNICIPAL-DE-JOSE-LUIS-URIOSTEGUI-4-768x512.jpeg 768w, https:\/\/cuernavaca.gob.mx\/wp-content\/uploads\/2024\/02\/EL-POBLADO-DE-OCOTEPEC-TAMBIEN-ES-BENEFICIADO-CON-OBRA-PUBLICA-POR-EL-GOBIERNO-MUNICIPAL-DE-JOSE-LUIS-URIOSTEGUI-4-1536x1023.jpeg 1536w, https:\/\/cuernavaca.gob.mx\/wp-content\/uploads\/2024\/02\/EL-POBLADO-DE-OCOTEPEC-TAMBIEN-ES-BENEFICIADO-CON-OBRA-PUBLICA-POR-EL-GOBIERNO-MUNICIPAL-DE-JOSE-LUIS-URIOSTEGUI-4-600x400.jpeg 600w, https:\/\/cuernavaca.gob.mx\/wp-content\/uploads\/2024\/02\/EL-POBLADO-DE-OCOTEPEC-TAMBIEN-ES-BENEFICIADO-CON-OBRA-PUBLICA-POR-EL-GOBIERNO-MUNICIPAL-DE-JOSE-LUIS-URIOSTEGUI-4-560x373.jpeg 560w, https:\/\/cuernavaca.gob.mx\/wp-content\/uploads\/2024\/02\/EL-POBLADO-DE-OCOTEPEC-TAMBIEN-ES-BENEFICIADO-CON-OBRA-PUBLICA-POR-EL-GOBIERNO-MUNICIPAL-DE-JOSE-LUIS-URIOSTEGUI-4.jpeg 1600w\" sizes=\"(max-width: 300px) 100vw, 300px\" \/> <img loading=\"lazy\" class=\"alignnone size-medium wp-image-38517\" src=\"https:\/\/cuernavaca.gob.mx\/wp-content\/uploads\/2024\/02\/EL-POBLADO-DE-OCOTEPEC-TAMBIEN-ES-BENEFICIADO-CON-OBRA-PUBLICA-POR-EL-GOBIERNO-MUNICIPAL-DE-JOSE-LUIS-URIOSTEGUI-5-300x200.jpeg\" alt=\"\" width=\"300\" height=\"200\" srcset=\"https:\/\/cuernavaca.gob.mx\/wp-content\/uploads\/2024\/02\/EL-POBLADO-DE-OCOTEPEC-TAMBIEN-ES-BENEFICIADO-CON-OBRA-PUBLICA-POR-EL-GOBIERNO-MUNICIPAL-DE-JOSE-LUIS-URIOSTEGUI-5-300x200.jpeg 300w, https:\/\/cuernavaca.gob.mx\/wp-content\/uploads\/2024\/02\/EL-POBLADO-DE-OCOTEPEC-TAMBIEN-ES-BENEFICIADO-CON-OBRA-PUBLICA-POR-EL-GOBIERNO-MUNICIPAL-DE-JOSE-LUIS-URIOSTEGUI-5-1024x682.jpeg 1024w, https:\/\/cuernavaca.gob.mx\/wp-content\/uploads\/2024\/02\/EL-POBLADO-DE-OCOTEPEC-TAMBIEN-ES-BENEFICIADO-CON-OBRA-PUBLICA-POR-EL-GOBIERNO-MUNICIPAL-DE-JOSE-LUIS-URIOSTEGUI-5-768x512.jpeg 768w, https:\/\/cuernavaca.gob.mx\/wp-content\/uploads\/2024\/02\/EL-POBLADO-DE-OCOTEPEC-TAMBIEN-ES-BENEFICIADO-CON-OBRA-PUBLICA-POR-EL-GOBIERNO-MUNICIPAL-DE-JOSE-LUIS-URIOSTEGUI-5-1536x1023.jpeg 1536w, https:\/\/cuernavaca.gob.mx\/wp-content\/uploads\/2024\/02\/EL-POBLADO-DE-OCOTEPEC-TAMBIEN-ES-BENEFICIADO-CON-OBRA-PUBLICA-POR-EL-GOBIERNO-MUNICIPAL-DE-JOSE-LUIS-URIOSTEGUI-5-600x400.jpeg 600w, https:\/\/cuernavaca.gob.mx\/wp-content\/uploads\/2024\/02\/EL-POBLADO-DE-OCOTEPEC-TAMBIEN-ES-BENEFICIADO-CON-OBRA-PUBLICA-POR-EL-GOBIERNO-MUNICIPAL-DE-JOSE-LUIS-URIOSTEGUI-5-560x373.jpeg 560w, https:\/\/cuernavaca.gob.mx\/wp-content\/uploads\/2024\/02\/EL-POBLADO-DE-OCOTEPEC-TAMBIEN-ES-BENEFICIADO-CON-OBRA-PUBLICA-POR-EL-GOBIERNO-MUNICIPAL-DE-JOSE-LUIS-URIOSTEGUI-5.jpeg 1600w\" sizes=\"(max-width: 300px) 100vw, 300px\" \/> <img loading=\"lazy\" class=\"alignnone size-medium wp-image-38518\" src=\"https:\/\/cuernavaca.gob.mx\/wp-content\/uploads\/2024\/02\/EL-POBLADO-DE-OCOTEPEC-TAMBIEN-ES-BENEFICIADO-CON-OBRA-PUBLICA-POR-EL-GOBIERNO-MUNICIPAL-DE-JOSE-LUIS-URIOSTEGUI-6-300x200.jpeg\" alt=\"\" width=\"300\" height=\"200\" srcset=\"https:\/\/cuernavaca.gob.mx\/wp-content\/uploads\/2024\/02\/EL-POBLADO-DE-OCOTEPEC-TAMBIEN-ES-BENEFICIADO-CON-OBRA-PUBLICA-POR-EL-GOBIERNO-MUNICIPAL-DE-JOSE-LUIS-URIOSTEGUI-6-300x200.jpeg 300w, https:\/\/cuernavaca.gob.mx\/wp-content\/uploads\/2024\/02\/EL-POBLADO-DE-OCOTEPEC-TAMBIEN-ES-BENEFICIADO-CON-OBRA-PUBLICA-POR-EL-GOBIERNO-MUNICIPAL-DE-JOSE-LUIS-URIOSTEGUI-6-1024x683.jpeg 1024w, https:\/\/cuernavaca.gob.mx\/wp-content\/uploads\/2024\/02\/EL-POBLADO-DE-OCOTEPEC-TAMBIEN-ES-BENEFICIADO-CON-OBRA-PUBLICA-POR-EL-GOBIERNO-MUNICIPAL-DE-JOSE-LUIS-URIOSTEGUI-6-768x512.jpeg 768w, https:\/\/cuernavaca.gob.mx\/wp-content\/uploads\/2024\/02\/EL-POBLADO-DE-OCOTEPEC-TAMBIEN-ES-BENEFICIADO-CON-OBRA-PUBLICA-POR-EL-GOBIERNO-MUNICIPAL-DE-JOSE-LUIS-URIOSTEGUI-6-1536x1024.jpeg 1536w, https:\/\/cuernavaca.gob.mx\/wp-content\/uploads\/2024\/02\/EL-POBLADO-DE-OCOTEPEC-TAMBIEN-ES-BENEFICIADO-CON-OBRA-PUBLICA-POR-EL-GOBIERNO-MUNICIPAL-DE-JOSE-LUIS-URIOSTEGUI-6-600x400.jpeg 600w, https:\/\/cuernavaca.gob.mx\/wp-content\/uploads\/2024\/02\/EL-POBLADO-DE-OCOTEPEC-TAMBIEN-ES-BENEFICIADO-CON-OBRA-PUBLICA-POR-EL-GOBIERNO-MUNICIPAL-DE-JOSE-LUIS-URIOSTEGUI-6-560x373.jpeg 560w, https:\/\/cuernavaca.gob.mx\/wp-content\/uploads\/2024\/02\/EL-POBLADO-DE-OCOTEPEC-TAMBIEN-ES-BENEFICIADO-CON-OBRA-PUBLICA-POR-EL-GOBIERNO-MUNICIPAL-DE-JOSE-LUIS-URIOSTEGUI-6.jpeg 1599w\" sizes=\"(max-width: 300px) 100vw, 300px\" \/> <img loading=\"lazy\" class=\"alignnone size-medium wp-image-38519\" src=\"https:\/\/cuernavaca.gob.mx\/wp-content\/uploads\/2024\/02\/EL-POBLADO-DE-OCOTEPEC-TAMBIEN-ES-BENEFICIADO-CON-OBRA-PUBLICA-POR-EL-GOBIERNO-MUNICIPAL-DE-JOSE-LUIS-URIOSTEGUI-7-300x200.jpeg\" alt=\"\" width=\"300\" height=\"200\" srcset=\"https:\/\/cuernavaca.gob.mx\/wp-content\/uploads\/2024\/02\/EL-POBLADO-DE-OCOTEPEC-TAMBIEN-ES-BENEFICIADO-CON-OBRA-PUBLICA-POR-EL-GOBIERNO-MUNICIPAL-DE-JOSE-LUIS-URIOSTEGUI-7-300x200.jpeg 300w, https:\/\/cuernavaca.gob.mx\/wp-content\/uploads\/2024\/02\/EL-POBLADO-DE-OCOTEPEC-TAMBIEN-ES-BENEFICIADO-CON-OBRA-PUBLICA-POR-EL-GOBIERNO-MUNICIPAL-DE-JOSE-LUIS-URIOSTEGUI-7-1024x683.jpeg 1024w, https:\/\/cuernavaca.gob.mx\/wp-content\/uploads\/2024\/02\/EL-POBLADO-DE-OCOTEPEC-TAMBIEN-ES-BENEFICIADO-CON-OBRA-PUBLICA-POR-EL-GOBIERNO-MUNICIPAL-DE-JOSE-LUIS-URIOSTEGUI-7-768x512.jpeg 768w, https:\/\/cuernavaca.gob.mx\/wp-content\/uploads\/2024\/02\/EL-POBLADO-DE-OCOTEPEC-TAMBIEN-ES-BENEFICIADO-CON-OBRA-PUBLICA-POR-EL-GOBIERNO-MUNICIPAL-DE-JOSE-LUIS-URIOSTEGUI-7-1536x1024.jpeg 1536w, https:\/\/cuernavaca.gob.mx\/wp-content\/uploads\/2024\/02\/EL-POBLADO-DE-OCOTEPEC-TAMBIEN-ES-BENEFICIADO-CON-OBRA-PUBLICA-POR-EL-GOBIERNO-MUNICIPAL-DE-JOSE-LUIS-URIOSTEGUI-7-600x400.jpeg 600w, https:\/\/cuernavaca.gob.mx\/wp-content\/uploads\/2024\/02\/EL-POBLADO-DE-OCOTEPEC-TAMBIEN-ES-BENEFICIADO-CON-OBRA-PUBLICA-POR-EL-GOBIERNO-MUNICIPAL-DE-JOSE-LUIS-URIOSTEGUI-7-560x373.jpeg 560w, https:\/\/cuernavaca.gob.mx\/wp-content\/uploads\/2024\/02\/EL-POBLADO-DE-OCOTEPEC-TAMBIEN-ES-BENEFICIADO-CON-OBRA-PUBLICA-POR-EL-GOBIERNO-MUNICIPAL-DE-JOSE-LUIS-URIOSTEGUI-7.jpeg 1599w\" sizes=\"(max-width: 300px) 100vw, 300px\" \/> <img loading=\"lazy\" class=\"alignnone size-medium wp-image-38520\" src=\"https:\/\/cuernavaca.gob.mx\/wp-content\/uploads\/2024\/02\/EL-POBLADO-DE-OCOTEPEC-TAMBIEN-ES-BENEFICIADO-CON-OBRA-PUBLICA-POR-EL-GOBIERNO-MUNICIPAL-DE-JOSE-LUIS-URIOSTEGUI-8-300x200.jpeg\" alt=\"\" width=\"300\" height=\"200\" srcset=\"https:\/\/cuernavaca.gob.mx\/wp-content\/uploads\/2024\/02\/EL-POBLADO-DE-OCOTEPEC-TAMBIEN-ES-BENEFICIADO-CON-OBRA-PUBLICA-POR-EL-GOBIERNO-MUNICIPAL-DE-JOSE-LUIS-URIOSTEGUI-8-300x200.jpeg 300w, https:\/\/cuernavaca.gob.mx\/wp-content\/uploads\/2024\/02\/EL-POBLADO-DE-OCOTEPEC-TAMBIEN-ES-BENEFICIADO-CON-OBRA-PUBLICA-POR-EL-GOBIERNO-MUNICIPAL-DE-JOSE-LUIS-URIOSTEGUI-8-1024x683.jpeg 1024w, https:\/\/cuernavaca.gob.mx\/wp-content\/uploads\/2024\/02\/EL-POBLADO-DE-OCOTEPEC-TAMBIEN-ES-BENEFICIADO-CON-OBRA-PUBLICA-POR-EL-GOBIERNO-MUNICIPAL-DE-JOSE-LUIS-URIOSTEGUI-8-768x512.jpeg 768w, https:\/\/cuernavaca.gob.mx\/wp-content\/uploads\/2024\/02\/EL-POBLADO-DE-OCOTEPEC-TAMBIEN-ES-BENEFICIADO-CON-OBRA-PUBLICA-POR-EL-GOBIERNO-MUNICIPAL-DE-JOSE-LUIS-URIOSTEGUI-8-1536x1024.jpeg 1536w, https:\/\/cuernavaca.gob.mx\/wp-content\/uploads\/2024\/02\/EL-POBLADO-DE-OCOTEPEC-TAMBIEN-ES-BENEFICIADO-CON-OBRA-PUBLICA-POR-EL-GOBIERNO-MUNICIPAL-DE-JOSE-LUIS-URIOSTEGUI-8-600x400.jpeg 600w, https:\/\/cuernavaca.gob.mx\/wp-content\/uploads\/2024\/02\/EL-POBLADO-DE-OCOTEPEC-TAMBIEN-ES-BENEFICIADO-CON-OBRA-PUBLICA-POR-EL-GOBIERNO-MUNICIPAL-DE-JOSE-LUIS-URIOSTEGUI-8-560x373.jpeg 560w, https:\/\/cuernavaca.gob.mx\/wp-content\/uploads\/2024\/02\/EL-POBLADO-DE-OCOTEPEC-TAMBIEN-ES-BENEFICIADO-CON-OBRA-PUBLICA-POR-EL-GOBIERNO-MUNICIPAL-DE-JOSE-LUIS-URIOSTEGUI-8.jpeg 1599w\" sizes=\"(max-width: 300px) 100vw, 300px\" \/> <img loading=\"lazy\" class=\"alignnone size-medium wp-image-38521\" src=\"https:\/\/cuernavaca.gob.mx\/wp-content\/uploads\/2024\/02\/EL-POBLADO-DE-OCOTEPEC-TAMBIEN-ES-BENEFICIADO-CON-OBRA-PUBLICA-POR-EL-GOBIERNO-MUNICIPAL-DE-JOSE-LUIS-URIOSTEGUI-9-300x200.jpeg\" alt=\"\" width=\"300\" height=\"200\" srcset=\"https:\/\/cuernavaca.gob.mx\/wp-content\/uploads\/2024\/02\/EL-POBLADO-DE-OCOTEPEC-TAMBIEN-ES-BENEFICIADO-CON-OBRA-PUBLICA-POR-EL-GOBIERNO-MUNICIPAL-DE-JOSE-LUIS-URIOSTEGUI-9-300x200.jpeg 300w, https:\/\/cuernavaca.gob.mx\/wp-content\/uploads\/2024\/02\/EL-POBLADO-DE-OCOTEPEC-TAMBIEN-ES-BENEFICIADO-CON-OBRA-PUBLICA-POR-EL-GOBIERNO-MUNICIPAL-DE-JOSE-LUIS-URIOSTEGUI-9-1024x682.jpeg 1024w, https:\/\/cuernavaca.gob.mx\/wp-content\/uploads\/2024\/02\/EL-POBLADO-DE-OCOTEPEC-TAMBIEN-ES-BENEFICIADO-CON-OBRA-PUBLICA-POR-EL-GOBIERNO-MUNICIPAL-DE-JOSE-LUIS-URIOSTEGUI-9-768x512.jpeg 768w, https:\/\/cuernavaca.gob.mx\/wp-content\/uploads\/2024\/02\/EL-POBLADO-DE-OCOTEPEC-TAMBIEN-ES-BENEFICIADO-CON-OBRA-PUBLICA-POR-EL-GOBIERNO-MUNICIPAL-DE-JOSE-LUIS-URIOSTEGUI-9-1536x1023.jpeg 1536w, https:\/\/cuernavaca.gob.mx\/wp-content\/uploads\/2024\/02\/EL-POBLADO-DE-OCOTEPEC-TAMBIEN-ES-BENEFICIADO-CON-OBRA-PUBLICA-POR-EL-GOBIERNO-MUNICIPAL-DE-JOSE-LUIS-URIOSTEGUI-9-600x400.jpeg 600w, https:\/\/cuernavaca.gob.mx\/wp-content\/uploads\/2024\/02\/EL-POBLADO-DE-OCOTEPEC-TAMBIEN-ES-BENEFICIADO-CON-OBRA-PUBLICA-POR-EL-GOBIERNO-MUNICIPAL-DE-JOSE-LUIS-URIOSTEGUI-9-560x373.jpeg 560w, https:\/\/cuernavaca.gob.mx\/wp-content\/uploads\/2024\/02\/EL-POBLADO-DE-OCOTEPEC-TAMBIEN-ES-BENEFICIADO-CON-OBRA-PUBLICA-POR-EL-GOBIERNO-MUNICIPAL-DE-JOSE-LUIS-URIOSTEGUI-9.jpeg 1600w\" sizes=\"(max-width: 300px) 100vw, 300px\" \/> <img loading=\"lazy\" class=\"alignnone size-medium wp-image-38522\" src=\"https:\/\/cuernavaca.gob.mx\/wp-content\/uploads\/2024\/02\/EL-POBLADO-DE-OCOTEPEC-TAMBIEN-ES-BENEFICIADO-CON-OBRA-PUBLICA-POR-EL-GOBIERNO-MUNICIPAL-DE-JOSE-LUIS-URIOSTEGUI-10-300x200.jpeg\" alt=\"\" width=\"300\" height=\"200\" srcset=\"https:\/\/cuernavaca.gob.mx\/wp-content\/uploads\/2024\/02\/EL-POBLADO-DE-OCOTEPEC-TAMBIEN-ES-BENEFICIADO-CON-OBRA-PUBLICA-POR-EL-GOBIERNO-MUNICIPAL-DE-JOSE-LUIS-URIOSTEGUI-10-300x200.jpeg 300w, https:\/\/cuernavaca.gob.mx\/wp-content\/uploads\/2024\/02\/EL-POBLADO-DE-OCOTEPEC-TAMBIEN-ES-BENEFICIADO-CON-OBRA-PUBLICA-POR-EL-GOBIERNO-MUNICIPAL-DE-JOSE-LUIS-URIOSTEGUI-10-1024x682.jpeg 1024w, https:\/\/cuernavaca.gob.mx\/wp-content\/uploads\/2024\/02\/EL-POBLADO-DE-OCOTEPEC-TAMBIEN-ES-BENEFICIADO-CON-OBRA-PUBLICA-POR-EL-GOBIERNO-MUNICIPAL-DE-JOSE-LUIS-URIOSTEGUI-10-768x512.jpeg 768w, https:\/\/cuernavaca.gob.mx\/wp-content\/uploads\/2024\/02\/EL-POBLADO-DE-OCOTEPEC-TAMBIEN-ES-BENEFICIADO-CON-OBRA-PUBLICA-POR-EL-GOBIERNO-MUNICIPAL-DE-JOSE-LUIS-URIOSTEGUI-10-1536x1023.jpeg 1536w, https:\/\/cuernavaca.gob.mx\/wp-content\/uploads\/2024\/02\/EL-POBLADO-DE-OCOTEPEC-TAMBIEN-ES-BENEFICIADO-CON-OBRA-PUBLICA-POR-EL-GOBIERNO-MUNICIPAL-DE-JOSE-LUIS-URIOSTEGUI-10-600x400.jpeg 600w, https:\/\/cuernavaca.gob.mx\/wp-content\/uploads\/2024\/02\/EL-POBLADO-DE-OCOTEPEC-TAMBIEN-ES-BENEFICIADO-CON-OBRA-PUBLICA-POR-EL-GOBIERNO-MUNICIPAL-DE-JOSE-LUIS-URIOSTEGUI-10-560x373.jpeg 560w, https:\/\/cuernavaca.gob.mx\/wp-content\/uploads\/2024\/02\/EL-POBLADO-DE-OCOTEPEC-TAMBIEN-ES-BENEFICIADO-CON-OBRA-PUBLICA-POR-EL-GOBIERNO-MUNICIPAL-DE-JOSE-LUIS-URIOSTEGUI-10.jpeg 1600w\" sizes=\"(max-width: 300px) 100vw, 300px\" \/> <img loading=\"lazy\" class=\"alignnone size-medium wp-image-38523\" src=\"https:\/\/cuernavaca.gob.mx\/wp-content\/uploads\/2024\/02\/EL-POBLADO-DE-OCOTEPEC-TAMBIEN-ES-BENEFICIADO-CON-OBRA-PUBLICA-POR-EL-GOBIERNO-MUNICIPAL-DE-JOSE-LUIS-URIOSTEGUI-11-300x200.jpeg\" alt=\"\" width=\"300\" height=\"200\" srcset=\"https:\/\/cuernavaca.gob.mx\/wp-content\/uploads\/2024\/02\/EL-POBLADO-DE-OCOTEPEC-TAMBIEN-ES-BENEFICIADO-CON-OBRA-PUBLICA-POR-EL-GOBIERNO-MUNICIPAL-DE-JOSE-LUIS-URIOSTEGUI-11-300x200.jpeg 300w, https:\/\/cuernavaca.gob.mx\/wp-content\/uploads\/2024\/02\/EL-POBLADO-DE-OCOTEPEC-TAMBIEN-ES-BENEFICIADO-CON-OBRA-PUBLICA-POR-EL-GOBIERNO-MUNICIPAL-DE-JOSE-LUIS-URIOSTEGUI-11-1024x682.jpeg 1024w, https:\/\/cuernavaca.gob.mx\/wp-content\/uploads\/2024\/02\/EL-POBLADO-DE-OCOTEPEC-TAMBIEN-ES-BENEFICIADO-CON-OBRA-PUBLICA-POR-EL-GOBIERNO-MUNICIPAL-DE-JOSE-LUIS-URIOSTEGUI-11-768x512.jpeg 768w, https:\/\/cuernavaca.gob.mx\/wp-content\/uploads\/2024\/02\/EL-POBLADO-DE-OCOTEPEC-TAMBIEN-ES-BENEFICIADO-CON-OBRA-PUBLICA-POR-EL-GOBIERNO-MUNICIPAL-DE-JOSE-LUIS-URIOSTEGUI-11-1536x1023.jpeg 1536w, https:\/\/cuernavaca.gob.mx\/wp-content\/uploads\/2024\/02\/EL-POBLADO-DE-OCOTEPEC-TAMBIEN-ES-BENEFICIADO-CON-OBRA-PUBLICA-POR-EL-GOBIERNO-MUNICIPAL-DE-JOSE-LUIS-URIOSTEGUI-11-600x400.jpeg 600w, https:\/\/cuernavaca.gob.mx\/wp-content\/uploads\/2024\/02\/EL-POBLADO-DE-OCOTEPEC-TAMBIEN-ES-BENEFICIADO-CON-OBRA-PUBLICA-POR-EL-GOBIERNO-MUNICIPAL-DE-JOSE-LUIS-URIOSTEGUI-11-560x373.jpeg 560w, https:\/\/cuernavaca.gob.mx\/wp-content\/uploads\/2024\/02\/EL-POBLADO-DE-OCOTEPEC-TAMBIEN-ES-BENEFICIADO-CON-OBRA-PUBLICA-POR-EL-GOBIERNO-MUNICIPAL-DE-JOSE-LUIS-URIOSTEGUI-11.jpeg 1600w\" sizes=\"(max-width: 300px) 100vw, 300px\" \/> <img loading=\"lazy\" class=\"alignnone size-medium wp-image-38524\" src=\"https:\/\/cuernavaca.gob.mx\/wp-content\/uploads\/2024\/02\/EL-POBLADO-DE-OCOTEPEC-TAMBIEN-ES-BENEFICIADO-CON-OBRA-PUBLICA-POR-EL-GOBIERNO-MUNICIPAL-DE-JOSE-LUIS-URIOSTEGUI-12-300x200.jpeg\" alt=\"\" width=\"300\" height=\"200\" srcset=\"https:\/\/cuernavaca.gob.mx\/wp-content\/uploads\/2024\/02\/EL-POBLADO-DE-OCOTEPEC-TAMBIEN-ES-BENEFICIADO-CON-OBRA-PUBLICA-POR-EL-GOBIERNO-MUNICIPAL-DE-JOSE-LUIS-URIOSTEGUI-12-300x200.jpeg 300w, https:\/\/cuernavaca.gob.mx\/wp-content\/uploads\/2024\/02\/EL-POBLADO-DE-OCOTEPEC-TAMBIEN-ES-BENEFICIADO-CON-OBRA-PUBLICA-POR-EL-GOBIERNO-MUNICIPAL-DE-JOSE-LUIS-URIOSTEGUI-12-1024x682.jpeg 1024w, https:\/\/cuernavaca.gob.mx\/wp-content\/uploads\/2024\/02\/EL-POBLADO-DE-OCOTEPEC-TAMBIEN-ES-BENEFICIADO-CON-OBRA-PUBLICA-POR-EL-GOBIERNO-MUNICIPAL-DE-JOSE-LUIS-URIOSTEGUI-12-768x512.jpeg 768w, https:\/\/cuernavaca.gob.mx\/wp-content\/uploads\/2024\/02\/EL-POBLADO-DE-OCOTEPEC-TAMBIEN-ES-BENEFICIADO-CON-OBRA-PUBLICA-POR-EL-GOBIERNO-MUNICIPAL-DE-JOSE-LUIS-URIOSTEGUI-12-1536x1023.jpeg 1536w, https:\/\/cuernavaca.gob.mx\/wp-content\/uploads\/2024\/02\/EL-POBLADO-DE-OCOTEPEC-TAMBIEN-ES-BENEFICIADO-CON-OBRA-PUBLICA-POR-EL-GOBIERNO-MUNICIPAL-DE-JOSE-LUIS-URIOSTEGUI-12-600x400.jpeg 600w, https:\/\/cuernavaca.gob.mx\/wp-content\/uploads\/2024\/02\/EL-POBLADO-DE-OCOTEPEC-TAMBIEN-ES-BENEFICIADO-CON-OBRA-PUBLICA-POR-EL-GOBIERNO-MUNICIPAL-DE-JOSE-LUIS-URIOSTEGUI-12-560x373.jpeg 560w, https:\/\/cuernavaca.gob.mx\/wp-content\/uploads\/2024\/02\/EL-POBLADO-DE-OCOTEPEC-TAMBIEN-ES-BENEFICIADO-CON-OBRA-PUBLICA-POR-EL-GOBIERNO-MUNICIPAL-DE-JOSE-LUIS-URIOSTEGUI-12.jpeg 1600w\" sizes=\"(max-width: 300px) 100vw, 300px\" \/><\/div>\n","protected":false},"excerpt":{"rendered":"<p>\u2022 La Secretar\u00eda de Desarrollo Urbano y Obras P\u00fablicas llev\u00f3 a cabo el revestimiento de pavimento asf\u00e1ltico de la calle General Emiliano Zapata, la cual es un camino obligado hacia el municipio de Tepoztl\u00e1n \u2022 Jos\u00e9 Luis Uri\u00f3stegui asegur\u00f3 que durante su administraci\u00f3n se ha logrado poner en orden las finanzas lo que derivara en [&hellip;]<\/p>\n","protected":false},"author":1,"featured_media":38519,"comment_status":"closed","ping_status":"open","sticky":false,"template":"","format":"standard","meta":[],"categories":[18],"tags":[1610,2411,121,515,120,206,1487,1075,232,358,3399],"aioseo_notices":[],"_links":{"self":[{"href":"https:\/\/cuernavaca.gob.mx\/index.php?rest_route=\/wp\/v2\/posts\/38512"}],"collection":[{"href":"https:\/\/cuernavaca.gob.mx\/index.php?rest_route=\/wp\/v2\/posts"}],"about":[{"href":"https:\/\/cuernavaca.gob.mx\/index.php?rest_route=\/wp\/v2\/types\/post"}],"author":[{"embeddable":true,"href":"https:\/\/cuernavaca.gob.mx\/index.php?rest_route=\/wp\/v2\/users\/1"}],"replies":[{"embeddable":true,"href":"https:\/\/cuernavaca.gob.mx\/index.php?rest_route=%2Fwp%2Fv2%2Fcomments&post=38512"}],"version-history":[{"count":1,"href":"https:\/\/cuernavaca.gob.mx\/index.php?rest_route=\/wp\/v2\/posts\/38512\/revisions"}],"predecessor-version":[{"id":38525,"href":"https:\/\/cuernavaca.gob.mx\/index.php?rest_route=\/wp\/v2\/posts\/38512\/revisions\/38525"}],"wp:featuredmedia":[{"embeddable":true,"href":"https:\/\/cuernavaca.gob.mx\/index.php?rest_route=\/wp\/v2\/media\/38519"}],"wp:attachment":[{"href":"https:\/\/cuernavaca.gob.mx\/index.php?rest_route=%2Fwp%2Fv2%2Fmedia&parent=38512"}],"wp:term":[{"taxonomy":"category","embeddable":true,"href":"https:\/\/cuernavaca.gob.mx\/index.php?rest_route=%2Fwp%2Fv2%2Fcategories&post=38512"},{"taxonomy":"post_tag","embeddable":true,"href":"https:\/\/cuernavaca.gob.mx\/index.php?rest_route=%2Fwp%2Fv2%2Ftags&post=38512"}],"curies":[{"name":"wp","href":"https:\/\/api.w.org\/{rel}","templated":true}]}}