{"id":38734,"date":"2024-02-19T18:15:13","date_gmt":"2024-02-20T00:15:13","guid":{"rendered":"https:\/\/cuernavaca.gob.mx\/?p=38734"},"modified":"2024-03-13T11:31:03","modified_gmt":"2024-03-13T17:31:03","slug":"b1594-19-02-24-pone-en-marcha-jose-luis-uriostegui-obras-de-pavimentacion-drenaje-y-banquetas-consideradas-en-el-plan-anual-de-obras-para-este-2024-en-cuernavaca","status":"publish","type":"post","link":"https:\/\/cuernavaca.gob.mx\/?p=38734","title":{"rendered":"B1594 19\/02\/24 PONE EN MARCHA JOS\u00c9 LUIS URI\u00d3STEGUI OBRAS DE PAVIMENTACI\u00d3N, DRENAJE Y BANQUETAS CONSIDERADAS EN EL PLAN ANUAL DE OBRAS PARA ESTE 2024 EN CUERNAVACA"},"content":{"rendered":"<p><strong>\u2022 El presidente municipal acompa\u00f1ado por integrantes del Cabildo, diputados y beneficiarios dieron el banderazo de los trabajos de rehabilitaci\u00f3n de la calle San Fernando en Santa Martha<\/strong><\/p>\n<p><strong>\u2022 Se tendr\u00e1 una inversi\u00f3n de siete millones 998 mil 216.89 pesos del Fondo de Infraestructura Regional Municipal 2023 aprobado por el Congreso del Estado<\/strong><\/p>\n<p>Como parte del trabajo coordinado que se ha mantenido entre el Ayuntamiento de Cuernavaca y el Congreso del Estado de Morelos en beneficio de la poblaci\u00f3n, este lunes el presidente municipal, Jos\u00e9 Luis Uri\u00f3stegui Salgado, acompa\u00f1ado del diputado local, \u00d3scar Cano Mondrag\u00f3n, la representaci\u00f3n de la diputada Andrea Gordillo Vega e integrantes del Cabildo y Gabinete, dio el banderazo de arranque a la obra de rehabilitaci\u00f3n de la calle San Fernando en la colonia Santa Martha, que tiene como objetivo solucionar los problemas de encharcamientos e inundaciones que se presentan en temporada de lluvias.<\/p>\n<p>Con una inversi\u00f3n de siete millones 998 mil 216.89 pesos del Fondo de Infraestructura Regional Municipal 2023 creado por el Poder Legislativo se llevar\u00e1 a cabo en un periodo de 60 d\u00edas la rehabilitaci\u00f3n del drenaje pluvial con tuber\u00eda PEAD de 600 mil\u00edmetros, es decir, 24 pulgadas en 143.29 metros lineales; la construcci\u00f3n de tres rejillas o bocas de tormenta, dos pozos de visita com\u00fan hasta una profundidad de 2.50 metros y la colocaci\u00f3n del pavimento de 15 cent\u00edmetros de espesor a base de concreto premezclado con una resistencia de 250 kilogramos por cent\u00edmetro cuadrado en dos mil 555 metros cuadrados.<\/p>\n<p>Al uso de la palabra, el alcalde Jos\u00e9 Luis Uri\u00f3stegui, en compa\u00f1\u00eda de la s\u00edndica municipal, Ver\u00f3nica Atenco P\u00e9rez y los regidores Patricia Torres Rosales, Mireya Delgado Romero, Lucero Cuenca Noria y Fernando Carrillo Alvarado, explic\u00f3 que esta obra forma parte de los cerca de 60 millones de pesos que etiquet\u00f3 el a\u00f1o pasado el Congreso del Estado para Cuernavaca derivado de una valoraci\u00f3n hecha por los legisladores de muchas de las necesidades que se tienen en el estado y con la cual hoy podr\u00e1n eliminar en gran medida los tramos que en temporada de lluvias se inundan, ofreciendo una circulaci\u00f3n m\u00e1s adecuada para peatones y veh\u00edculos.<\/p>\n<p>A nombre de los beneficiarios, la presidenta del Consejo de Participaci\u00f3n Social de la colonia Santa Martha, Elizabeth Arizmendi Uribe, agradeci\u00f3 la disposici\u00f3n y voluntad de las autoridades municipales y legislativas por realizar esta obra que favorecer\u00e1, no solo a la colonia Santa Martha, sino tambi\u00e9n a Milpillas, Universo y Morelos que conectan y hacen un circuito vial en esta zona de la ciudad.<\/p>\n<p>El secretario de Desarrollo Urbano y Obras P\u00fablicas, Demetrio Chavira de la Torre, resalt\u00f3 que se contempla dentro de la obra la construcci\u00f3n de banquetas en 31 metros cuadrados y 39 metros lineales de guarniciones, as\u00ed como el balizamiento con pintura termopl\u00e1stica con microesferas en 990.78 metros lineales.<\/p>\n<p>En representaci\u00f3n del Poder Legislativo, el diputado \u00d3scar Cano, felicit\u00f3 la disciplina financiera y transparencia que ha caracterizado al Gobierno Municipal, lo que ha dado como resultado que Cuernavaca no cuente ya con deudas bancarias que fueron contratadas desde el a\u00f1o 2010 y que adem\u00e1s brindan la solvencia suficiente para continuar haciendo obras que favorezcan a los cuernavaquenses, siendo necesario seguirle asignando m\u00e1s recursos a la capital morelense.<\/p>\n<p>Cabe destacar que a partir de este lunes la vialidad estar\u00e1 cerrada, al iniciar con la demolici\u00f3n de todo el concreto que est\u00e1 da\u00f1ado de la calle Tulip\u00e1n Holand\u00e9s, donde se encuentra el puente hasta la calle San Diego, la calle Vicente Su\u00e1rez estar\u00e1 sirviendo como circuito para ayudar a la vialidad.<\/p>\n\n\t\t<style type=\"text\/css\">\n\t\t\t#gallery-1 {\n\t\t\t\tmargin: auto;\n\t\t\t}\n\t\t\t#gallery-1 .gallery-item {\n\t\t\t\tfloat: left;\n\t\t\t\tmargin-top: 10px;\n\t\t\t\ttext-align: center;\n\t\t\t\twidth: 33%;\n\t\t\t}\n\t\t\t#gallery-1 img {\n\t\t\t\tborder: 2px solid #cfcfcf;\n\t\t\t}\n\t\t\t#gallery-1 .gallery-caption {\n\t\t\t\tmargin-left: 0;\n\t\t\t}\n\t\t\t\/* see gallery_shortcode() in wp-includes\/media.php *\/\n\t\t<\/style>\n\t\t<div id='gallery-1' class='gallery galleryid-38734 gallery-columns-3 gallery-size-thumbnail'><dl class='gallery-item'>\n\t\t\t<dt class='gallery-icon landscape'>\n\t\t\t\t<a href='https:\/\/cuernavaca.gob.mx\/?attachment_id=38735'><img width=\"150\" height=\"150\" src=\"https:\/\/cuernavaca.gob.mx\/wp-content\/uploads\/2024\/02\/Calle-San-Fernando-en-Santa-Martha-01-150x150.jpg\" class=\"attachment-thumbnail size-thumbnail\" alt=\"\" loading=\"lazy\" \/><\/a>\n\t\t\t<\/dt><\/dl><dl class='gallery-item'>\n\t\t\t<dt class='gallery-icon landscape'>\n\t\t\t\t<a href='https:\/\/cuernavaca.gob.mx\/?attachment_id=38736'><img width=\"150\" height=\"150\" src=\"https:\/\/cuernavaca.gob.mx\/wp-content\/uploads\/2024\/02\/Calle-San-Fernando-en-Santa-Martha-02-150x150.jpg\" class=\"attachment-thumbnail size-thumbnail\" alt=\"\" loading=\"lazy\" \/><\/a>\n\t\t\t<\/dt><\/dl><dl class='gallery-item'>\n\t\t\t<dt class='gallery-icon landscape'>\n\t\t\t\t<a href='https:\/\/cuernavaca.gob.mx\/?attachment_id=38737'><img width=\"150\" height=\"150\" src=\"https:\/\/cuernavaca.gob.mx\/wp-content\/uploads\/2024\/02\/Calle-San-Fernando-en-Santa-Martha-03-150x150.jpg\" class=\"attachment-thumbnail size-thumbnail\" alt=\"\" loading=\"lazy\" \/><\/a>\n\t\t\t<\/dt><\/dl><br style=\"clear: both\" \/><dl class='gallery-item'>\n\t\t\t<dt class='gallery-icon landscape'>\n\t\t\t\t<a href='https:\/\/cuernavaca.gob.mx\/?attachment_id=38738'><img width=\"150\" height=\"150\" src=\"https:\/\/cuernavaca.gob.mx\/wp-content\/uploads\/2024\/02\/Calle-San-Fernando-en-Santa-Martha-04-150x150.jpg\" class=\"attachment-thumbnail size-thumbnail\" alt=\"\" loading=\"lazy\" \/><\/a>\n\t\t\t<\/dt><\/dl><dl class='gallery-item'>\n\t\t\t<dt class='gallery-icon landscape'>\n\t\t\t\t<a href='https:\/\/cuernavaca.gob.mx\/?attachment_id=38739'><img width=\"150\" height=\"150\" src=\"https:\/\/cuernavaca.gob.mx\/wp-content\/uploads\/2024\/02\/Calle-San-Fernando-en-Santa-Martha-05-150x150.jpg\" class=\"attachment-thumbnail size-thumbnail\" alt=\"\" loading=\"lazy\" \/><\/a>\n\t\t\t<\/dt><\/dl><dl class='gallery-item'>\n\t\t\t<dt class='gallery-icon landscape'>\n\t\t\t\t<a href='https:\/\/cuernavaca.gob.mx\/?attachment_id=38740'><img width=\"150\" height=\"150\" src=\"https:\/\/cuernavaca.gob.mx\/wp-content\/uploads\/2024\/02\/Calle-San-Fernando-en-Santa-Martha-06-150x150.jpg\" class=\"attachment-thumbnail size-thumbnail\" alt=\"\" loading=\"lazy\" \/><\/a>\n\t\t\t<\/dt><\/dl><br style=\"clear: both\" \/><dl class='gallery-item'>\n\t\t\t<dt class='gallery-icon landscape'>\n\t\t\t\t<a href='https:\/\/cuernavaca.gob.mx\/?attachment_id=38741'><img width=\"150\" height=\"150\" src=\"https:\/\/cuernavaca.gob.mx\/wp-content\/uploads\/2024\/02\/Calle-San-Fernando-en-Santa-Martha-07-150x150.jpg\" class=\"attachment-thumbnail size-thumbnail\" alt=\"\" loading=\"lazy\" \/><\/a>\n\t\t\t<\/dt><\/dl><dl class='gallery-item'>\n\t\t\t<dt class='gallery-icon landscape'>\n\t\t\t\t<a href='https:\/\/cuernavaca.gob.mx\/?attachment_id=38742'><img width=\"150\" height=\"150\" src=\"https:\/\/cuernavaca.gob.mx\/wp-content\/uploads\/2024\/02\/Calle-San-Fernando-en-Santa-Martha-08-150x150.jpg\" class=\"attachment-thumbnail size-thumbnail\" alt=\"\" loading=\"lazy\" \/><\/a>\n\t\t\t<\/dt><\/dl>\n\t\t\t<br style='clear: both' \/>\n\t\t<\/div>\n\n","protected":false},"excerpt":{"rendered":"<p>\u2022 El presidente municipal acompa\u00f1ado por integrantes del Cabildo, diputados y beneficiarios dieron el banderazo de los trabajos de rehabilitaci\u00f3n de la calle San Fernando en Santa Martha \u2022 Se tendr\u00e1 una inversi\u00f3n de siete millones 998 mil 216.89 pesos del Fondo de Infraestructura Regional Municipal 2023 aprobado por el Congreso del Estado Como parte [&hellip;]<\/p>\n","protected":false},"author":1,"featured_media":38737,"comment_status":"closed","ping_status":"open","sticky":false,"template":"","format":"standard","meta":[],"categories":[20,18],"tags":[1030,158,306,797,121,826,120,356,3530,3531],"aioseo_notices":[],"_links":{"self":[{"href":"https:\/\/cuernavaca.gob.mx\/index.php?rest_route=\/wp\/v2\/posts\/38734"}],"collection":[{"href":"https:\/\/cuernavaca.gob.mx\/index.php?rest_route=\/wp\/v2\/posts"}],"about":[{"href":"https:\/\/cuernavaca.gob.mx\/index.php?rest_route=\/wp\/v2\/types\/post"}],"author":[{"embeddable":true,"href":"https:\/\/cuernavaca.gob.mx\/index.php?rest_route=\/wp\/v2\/users\/1"}],"replies":[{"embeddable":true,"href":"https:\/\/cuernavaca.gob.mx\/index.php?rest_route=%2Fwp%2Fv2%2Fcomments&post=38734"}],"version-history":[{"count":1,"href":"https:\/\/cuernavaca.gob.mx\/index.php?rest_route=\/wp\/v2\/posts\/38734\/revisions"}],"predecessor-version":[{"id":38743,"href":"https:\/\/cuernavaca.gob.mx\/index.php?rest_route=\/wp\/v2\/posts\/38734\/revisions\/38743"}],"wp:featuredmedia":[{"embeddable":true,"href":"https:\/\/cuernavaca.gob.mx\/index.php?rest_route=\/wp\/v2\/media\/38737"}],"wp:attachment":[{"href":"https:\/\/cuernavaca.gob.mx\/index.php?rest_route=%2Fwp%2Fv2%2Fmedia&parent=38734"}],"wp:term":[{"taxonomy":"category","embeddable":true,"href":"https:\/\/cuernavaca.gob.mx\/index.php?rest_route=%2Fwp%2Fv2%2Fcategories&post=38734"},{"taxonomy":"post_tag","embeddable":true,"href":"https:\/\/cuernavaca.gob.mx\/index.php?rest_route=%2Fwp%2Fv2%2Ftags&post=38734"}],"curies":[{"name":"wp","href":"https:\/\/api.w.org\/{rel}","templated":true}]}}