{"id":38758,"date":"2024-02-19T20:49:01","date_gmt":"2024-02-20T02:49:01","guid":{"rendered":"https:\/\/cuernavaca.gob.mx\/?p=38758"},"modified":"2024-03-13T11:31:03","modified_gmt":"2024-03-13T17:31:03","slug":"b1596-19-02-24-da-banderazo-alcalde-de-cuernavaca-a-trabajos-de-reencarpetamiento-y-cambio-de-lineas-de-agua-en-avenida-domingo-diez","status":"publish","type":"post","link":"https:\/\/cuernavaca.gob.mx\/?p=38758","title":{"rendered":"B1596 19\/02\/24 DA BANDERAZO ALCALDE DE CUERNAVACA A TRABAJOS DE REENCARPETAMIENTO Y CAMBIO DE LINEAS DE AGUA EN AVENIDA DOMINGO DIEZ\u00a0"},"content":{"rendered":"<div><strong>\u2022 Con una inversi\u00f3n de siete millones 743 mil 684.14 pesos del Fondo de Infraestructura Regional Municipal 2023, Jos\u00e9 Luis Uri\u00f3stegui encabez\u00f3 este lunes el arranque de la obra<\/strong><\/div>\n<div><\/div>\n<div><strong>\u2022 Estos trabajos contemplan la sustituci\u00f3n de l\u00edneas de agua potable y 140 tomas domiciliarias<\/strong><\/div>\n<div><\/div>\n<div>Cumpliendo el programa de rescate de las vialidades principales de Cuernavaca, a fin de hacerlas m\u00e1s seguras y transitables para todos los tipos de movilidad, el presidente municipal, Jos\u00e9 Luis Uri\u00f3stegui Salgado, encabez\u00f3 este lunes el arranque de la obra de reencarpetamiento de la avenida Domingo Diez en la colonia El Empleado que con una inversi\u00f3n de siete millones 743 mil 684.14 pesos del Fondo de Infraestructura Regional Municipal 2023 creado por el Congreso de Morelos contempla la sustituci\u00f3n de l\u00edneas de agua potable y 140 tomas domiciliarias.<\/div>\n<div><\/div>\n<div>En gira de trabajo, Jos\u00e9 Luis Uri\u00f3stegui acompa\u00f1ado de la s\u00edndica municipal, Ver\u00f3nica Atenco P\u00e9rez; de los regidores Patricia Torres Rosales, Mireya Delgado Romero, Wendi Salinas Ruiz, Lucero Cuenca Noria y Fernando Carrillo Alvarado, as\u00ed como de los diputados locales, \u00d3scar Cano Mondrag\u00f3n y \u00c1ngel Adame Jim\u00e9nez, destac\u00f3 las inversiones hist\u00f3ricas que ha hecho su administraci\u00f3n en materia de obra p\u00fablica, destinando este a\u00f1o m\u00e1s de 270 millones de pesos, de los cuales 60 millones de pesos ser\u00e1n dirigidos a infraestructura hidr\u00e1ulica para la sustituci\u00f3n de m\u00e1s de 20 kil\u00f3metros de tuber\u00eda de agua potable, siendo esta obra un ejemplo de ello.<\/div>\n<div><\/div>\n<div>Al dar la explicaci\u00f3n t\u00e9cnica de la obra, el secretario de Desarrollo Urbano y Obras P\u00fablicas, Demetrio Chavira de la Torre, detall\u00f3 que adem\u00e1s de contemplar la carpeta de siete cent\u00edmetros de espesor de concreto asf\u00e1ltico en caliente en seis mil 460 metros cuadrados, por instrucciones del Sistema de Agua Potable y Alcantarillado de Cuernavaca (SAPAC) har\u00e1n el cambio de l\u00ednea de agua, colocar\u00e1n tuber\u00eda PAD de cuatro pulgadas de di\u00e1metro en 709.40 metros lineales y har\u00e1n la reposici\u00f3n de tomas domiciliarias de media con especificaciones hasta banqueta a 140 tomas domiciliaras, garantizando con ello que la l\u00ednea de agua no tendr\u00e1 fugas y con el nuevo material que soporte el tr\u00e1fico avalar la vida \u00fatil de la vialidad.<\/div>\n<div><\/div>\n<div>A nombre de los beneficiarios, el presidente del Consejo de Participaci\u00f3n Social de la colonia El Empleado, Crist\u00f3bal Arag\u00f3n; la directora de la escuela primaria 20 de noviembre, Martha Le\u00f3n Rodr\u00edguez y el vecino Isaac Rodr\u00edguez, coincidieron en su agradecimiento al Ayuntamiento de Cuernavaca y al Poder Legislativo por mejorar esta importante arteria en la capital morelense, favoreciendo a los habitantes, pero tambi\u00e9n a los cientos de estudiantes que por aqu\u00ed transitan diariamente, transformando tras a\u00f1os de abandono a la avenida Domingo Diez en una vialidad m\u00e1s accesible y segura para todos.<\/div>\n<div><\/div>\n<div>Esta obra contemplar\u00e1 tambi\u00e9n la poda de \u00e1rboles y luminarias como ha ocurrido en cada una de las obras a cargo del Gobierno Municipal, entregando obras integrales con perspectiva de g\u00e9nero.<\/div>\n<div><\/div>\n<div><img loading=\"lazy\" class=\"alignnone size-medium wp-image-38759\" src=\"https:\/\/cuernavaca.gob.mx\/wp-content\/uploads\/2024\/02\/DA-BANDERAZO-ALCALDE-DE-CUERNAVACA-A-TRABAJOS-DE-REENCARPETAMIENTO-Y-CAMBIO-DE-LINEAS-DE-AGUA-EN-AVENIDA-DOMINGO-DIEZ-1-300x200.jpeg\" alt=\"\" width=\"300\" height=\"200\" srcset=\"https:\/\/cuernavaca.gob.mx\/wp-content\/uploads\/2024\/02\/DA-BANDERAZO-ALCALDE-DE-CUERNAVACA-A-TRABAJOS-DE-REENCARPETAMIENTO-Y-CAMBIO-DE-LINEAS-DE-AGUA-EN-AVENIDA-DOMINGO-DIEZ-1-300x200.jpeg 300w, https:\/\/cuernavaca.gob.mx\/wp-content\/uploads\/2024\/02\/DA-BANDERAZO-ALCALDE-DE-CUERNAVACA-A-TRABAJOS-DE-REENCARPETAMIENTO-Y-CAMBIO-DE-LINEAS-DE-AGUA-EN-AVENIDA-DOMINGO-DIEZ-1-1024x682.jpeg 1024w, https:\/\/cuernavaca.gob.mx\/wp-content\/uploads\/2024\/02\/DA-BANDERAZO-ALCALDE-DE-CUERNAVACA-A-TRABAJOS-DE-REENCARPETAMIENTO-Y-CAMBIO-DE-LINEAS-DE-AGUA-EN-AVENIDA-DOMINGO-DIEZ-1-768x512.jpeg 768w, https:\/\/cuernavaca.gob.mx\/wp-content\/uploads\/2024\/02\/DA-BANDERAZO-ALCALDE-DE-CUERNAVACA-A-TRABAJOS-DE-REENCARPETAMIENTO-Y-CAMBIO-DE-LINEAS-DE-AGUA-EN-AVENIDA-DOMINGO-DIEZ-1-1536x1023.jpeg 1536w, https:\/\/cuernavaca.gob.mx\/wp-content\/uploads\/2024\/02\/DA-BANDERAZO-ALCALDE-DE-CUERNAVACA-A-TRABAJOS-DE-REENCARPETAMIENTO-Y-CAMBIO-DE-LINEAS-DE-AGUA-EN-AVENIDA-DOMINGO-DIEZ-1-600x400.jpeg 600w, https:\/\/cuernavaca.gob.mx\/wp-content\/uploads\/2024\/02\/DA-BANDERAZO-ALCALDE-DE-CUERNAVACA-A-TRABAJOS-DE-REENCARPETAMIENTO-Y-CAMBIO-DE-LINEAS-DE-AGUA-EN-AVENIDA-DOMINGO-DIEZ-1-560x373.jpeg 560w, https:\/\/cuernavaca.gob.mx\/wp-content\/uploads\/2024\/02\/DA-BANDERAZO-ALCALDE-DE-CUERNAVACA-A-TRABAJOS-DE-REENCARPETAMIENTO-Y-CAMBIO-DE-LINEAS-DE-AGUA-EN-AVENIDA-DOMINGO-DIEZ-1.jpeg 1600w\" sizes=\"(max-width: 300px) 100vw, 300px\" \/> <img loading=\"lazy\" class=\"alignnone size-medium wp-image-38760\" src=\"https:\/\/cuernavaca.gob.mx\/wp-content\/uploads\/2024\/02\/DA-BANDERAZO-ALCALDE-DE-CUERNAVACA-A-TRABAJOS-DE-REENCARPETAMIENTO-Y-CAMBIO-DE-LINEAS-DE-AGUA-EN-AVENIDA-DOMINGO-DIEZ-2-300x200.jpeg\" alt=\"\" width=\"300\" height=\"200\" srcset=\"https:\/\/cuernavaca.gob.mx\/wp-content\/uploads\/2024\/02\/DA-BANDERAZO-ALCALDE-DE-CUERNAVACA-A-TRABAJOS-DE-REENCARPETAMIENTO-Y-CAMBIO-DE-LINEAS-DE-AGUA-EN-AVENIDA-DOMINGO-DIEZ-2-300x200.jpeg 300w, https:\/\/cuernavaca.gob.mx\/wp-content\/uploads\/2024\/02\/DA-BANDERAZO-ALCALDE-DE-CUERNAVACA-A-TRABAJOS-DE-REENCARPETAMIENTO-Y-CAMBIO-DE-LINEAS-DE-AGUA-EN-AVENIDA-DOMINGO-DIEZ-2-1024x682.jpeg 1024w, https:\/\/cuernavaca.gob.mx\/wp-content\/uploads\/2024\/02\/DA-BANDERAZO-ALCALDE-DE-CUERNAVACA-A-TRABAJOS-DE-REENCARPETAMIENTO-Y-CAMBIO-DE-LINEAS-DE-AGUA-EN-AVENIDA-DOMINGO-DIEZ-2-768x512.jpeg 768w, https:\/\/cuernavaca.gob.mx\/wp-content\/uploads\/2024\/02\/DA-BANDERAZO-ALCALDE-DE-CUERNAVACA-A-TRABAJOS-DE-REENCARPETAMIENTO-Y-CAMBIO-DE-LINEAS-DE-AGUA-EN-AVENIDA-DOMINGO-DIEZ-2-1536x1023.jpeg 1536w, https:\/\/cuernavaca.gob.mx\/wp-content\/uploads\/2024\/02\/DA-BANDERAZO-ALCALDE-DE-CUERNAVACA-A-TRABAJOS-DE-REENCARPETAMIENTO-Y-CAMBIO-DE-LINEAS-DE-AGUA-EN-AVENIDA-DOMINGO-DIEZ-2-600x400.jpeg 600w, https:\/\/cuernavaca.gob.mx\/wp-content\/uploads\/2024\/02\/DA-BANDERAZO-ALCALDE-DE-CUERNAVACA-A-TRABAJOS-DE-REENCARPETAMIENTO-Y-CAMBIO-DE-LINEAS-DE-AGUA-EN-AVENIDA-DOMINGO-DIEZ-2-560x373.jpeg 560w, https:\/\/cuernavaca.gob.mx\/wp-content\/uploads\/2024\/02\/DA-BANDERAZO-ALCALDE-DE-CUERNAVACA-A-TRABAJOS-DE-REENCARPETAMIENTO-Y-CAMBIO-DE-LINEAS-DE-AGUA-EN-AVENIDA-DOMINGO-DIEZ-2.jpeg 1600w\" sizes=\"(max-width: 300px) 100vw, 300px\" \/> <img loading=\"lazy\" class=\"alignnone size-medium wp-image-38761\" src=\"https:\/\/cuernavaca.gob.mx\/wp-content\/uploads\/2024\/02\/DA-BANDERAZO-ALCALDE-DE-CUERNAVACA-A-TRABAJOS-DE-REENCARPETAMIENTO-Y-CAMBIO-DE-LINEAS-DE-AGUA-EN-AVENIDA-DOMINGO-DIEZ-3-300x200.jpeg\" alt=\"\" width=\"300\" height=\"200\" srcset=\"https:\/\/cuernavaca.gob.mx\/wp-content\/uploads\/2024\/02\/DA-BANDERAZO-ALCALDE-DE-CUERNAVACA-A-TRABAJOS-DE-REENCARPETAMIENTO-Y-CAMBIO-DE-LINEAS-DE-AGUA-EN-AVENIDA-DOMINGO-DIEZ-3-300x200.jpeg 300w, https:\/\/cuernavaca.gob.mx\/wp-content\/uploads\/2024\/02\/DA-BANDERAZO-ALCALDE-DE-CUERNAVACA-A-TRABAJOS-DE-REENCARPETAMIENTO-Y-CAMBIO-DE-LINEAS-DE-AGUA-EN-AVENIDA-DOMINGO-DIEZ-3-1024x682.jpeg 1024w, https:\/\/cuernavaca.gob.mx\/wp-content\/uploads\/2024\/02\/DA-BANDERAZO-ALCALDE-DE-CUERNAVACA-A-TRABAJOS-DE-REENCARPETAMIENTO-Y-CAMBIO-DE-LINEAS-DE-AGUA-EN-AVENIDA-DOMINGO-DIEZ-3-768x512.jpeg 768w, https:\/\/cuernavaca.gob.mx\/wp-content\/uploads\/2024\/02\/DA-BANDERAZO-ALCALDE-DE-CUERNAVACA-A-TRABAJOS-DE-REENCARPETAMIENTO-Y-CAMBIO-DE-LINEAS-DE-AGUA-EN-AVENIDA-DOMINGO-DIEZ-3-1536x1023.jpeg 1536w, https:\/\/cuernavaca.gob.mx\/wp-content\/uploads\/2024\/02\/DA-BANDERAZO-ALCALDE-DE-CUERNAVACA-A-TRABAJOS-DE-REENCARPETAMIENTO-Y-CAMBIO-DE-LINEAS-DE-AGUA-EN-AVENIDA-DOMINGO-DIEZ-3-600x400.jpeg 600w, https:\/\/cuernavaca.gob.mx\/wp-content\/uploads\/2024\/02\/DA-BANDERAZO-ALCALDE-DE-CUERNAVACA-A-TRABAJOS-DE-REENCARPETAMIENTO-Y-CAMBIO-DE-LINEAS-DE-AGUA-EN-AVENIDA-DOMINGO-DIEZ-3-560x373.jpeg 560w, https:\/\/cuernavaca.gob.mx\/wp-content\/uploads\/2024\/02\/DA-BANDERAZO-ALCALDE-DE-CUERNAVACA-A-TRABAJOS-DE-REENCARPETAMIENTO-Y-CAMBIO-DE-LINEAS-DE-AGUA-EN-AVENIDA-DOMINGO-DIEZ-3.jpeg 1600w\" sizes=\"(max-width: 300px) 100vw, 300px\" \/> <img loading=\"lazy\" class=\"alignnone size-medium wp-image-38762\" src=\"https:\/\/cuernavaca.gob.mx\/wp-content\/uploads\/2024\/02\/DA-BANDERAZO-ALCALDE-DE-CUERNAVACA-A-TRABAJOS-DE-REENCARPETAMIENTO-Y-CAMBIO-DE-LINEAS-DE-AGUA-EN-AVENIDA-DOMINGO-DIEZ-4-300x200.jpeg\" alt=\"\" width=\"300\" height=\"200\" srcset=\"https:\/\/cuernavaca.gob.mx\/wp-content\/uploads\/2024\/02\/DA-BANDERAZO-ALCALDE-DE-CUERNAVACA-A-TRABAJOS-DE-REENCARPETAMIENTO-Y-CAMBIO-DE-LINEAS-DE-AGUA-EN-AVENIDA-DOMINGO-DIEZ-4-300x200.jpeg 300w, https:\/\/cuernavaca.gob.mx\/wp-content\/uploads\/2024\/02\/DA-BANDERAZO-ALCALDE-DE-CUERNAVACA-A-TRABAJOS-DE-REENCARPETAMIENTO-Y-CAMBIO-DE-LINEAS-DE-AGUA-EN-AVENIDA-DOMINGO-DIEZ-4-1024x682.jpeg 1024w, https:\/\/cuernavaca.gob.mx\/wp-content\/uploads\/2024\/02\/DA-BANDERAZO-ALCALDE-DE-CUERNAVACA-A-TRABAJOS-DE-REENCARPETAMIENTO-Y-CAMBIO-DE-LINEAS-DE-AGUA-EN-AVENIDA-DOMINGO-DIEZ-4-768x512.jpeg 768w, https:\/\/cuernavaca.gob.mx\/wp-content\/uploads\/2024\/02\/DA-BANDERAZO-ALCALDE-DE-CUERNAVACA-A-TRABAJOS-DE-REENCARPETAMIENTO-Y-CAMBIO-DE-LINEAS-DE-AGUA-EN-AVENIDA-DOMINGO-DIEZ-4-1536x1023.jpeg 1536w, https:\/\/cuernavaca.gob.mx\/wp-content\/uploads\/2024\/02\/DA-BANDERAZO-ALCALDE-DE-CUERNAVACA-A-TRABAJOS-DE-REENCARPETAMIENTO-Y-CAMBIO-DE-LINEAS-DE-AGUA-EN-AVENIDA-DOMINGO-DIEZ-4-600x400.jpeg 600w, https:\/\/cuernavaca.gob.mx\/wp-content\/uploads\/2024\/02\/DA-BANDERAZO-ALCALDE-DE-CUERNAVACA-A-TRABAJOS-DE-REENCARPETAMIENTO-Y-CAMBIO-DE-LINEAS-DE-AGUA-EN-AVENIDA-DOMINGO-DIEZ-4-560x373.jpeg 560w, https:\/\/cuernavaca.gob.mx\/wp-content\/uploads\/2024\/02\/DA-BANDERAZO-ALCALDE-DE-CUERNAVACA-A-TRABAJOS-DE-REENCARPETAMIENTO-Y-CAMBIO-DE-LINEAS-DE-AGUA-EN-AVENIDA-DOMINGO-DIEZ-4.jpeg 1600w\" sizes=\"(max-width: 300px) 100vw, 300px\" \/> <img loading=\"lazy\" class=\"alignnone size-medium wp-image-38763\" src=\"https:\/\/cuernavaca.gob.mx\/wp-content\/uploads\/2024\/02\/DA-BANDERAZO-ALCALDE-DE-CUERNAVACA-A-TRABAJOS-DE-REENCARPETAMIENTO-Y-CAMBIO-DE-LINEAS-DE-AGUA-EN-AVENIDA-DOMINGO-DIEZ-5-300x200.jpeg\" alt=\"\" width=\"300\" height=\"200\" srcset=\"https:\/\/cuernavaca.gob.mx\/wp-content\/uploads\/2024\/02\/DA-BANDERAZO-ALCALDE-DE-CUERNAVACA-A-TRABAJOS-DE-REENCARPETAMIENTO-Y-CAMBIO-DE-LINEAS-DE-AGUA-EN-AVENIDA-DOMINGO-DIEZ-5-300x200.jpeg 300w, https:\/\/cuernavaca.gob.mx\/wp-content\/uploads\/2024\/02\/DA-BANDERAZO-ALCALDE-DE-CUERNAVACA-A-TRABAJOS-DE-REENCARPETAMIENTO-Y-CAMBIO-DE-LINEAS-DE-AGUA-EN-AVENIDA-DOMINGO-DIEZ-5-1024x682.jpeg 1024w, https:\/\/cuernavaca.gob.mx\/wp-content\/uploads\/2024\/02\/DA-BANDERAZO-ALCALDE-DE-CUERNAVACA-A-TRABAJOS-DE-REENCARPETAMIENTO-Y-CAMBIO-DE-LINEAS-DE-AGUA-EN-AVENIDA-DOMINGO-DIEZ-5-768x512.jpeg 768w, https:\/\/cuernavaca.gob.mx\/wp-content\/uploads\/2024\/02\/DA-BANDERAZO-ALCALDE-DE-CUERNAVACA-A-TRABAJOS-DE-REENCARPETAMIENTO-Y-CAMBIO-DE-LINEAS-DE-AGUA-EN-AVENIDA-DOMINGO-DIEZ-5-600x400.jpeg 600w, https:\/\/cuernavaca.gob.mx\/wp-content\/uploads\/2024\/02\/DA-BANDERAZO-ALCALDE-DE-CUERNAVACA-A-TRABAJOS-DE-REENCARPETAMIENTO-Y-CAMBIO-DE-LINEAS-DE-AGUA-EN-AVENIDA-DOMINGO-DIEZ-5-560x373.jpeg 560w, https:\/\/cuernavaca.gob.mx\/wp-content\/uploads\/2024\/02\/DA-BANDERAZO-ALCALDE-DE-CUERNAVACA-A-TRABAJOS-DE-REENCARPETAMIENTO-Y-CAMBIO-DE-LINEAS-DE-AGUA-EN-AVENIDA-DOMINGO-DIEZ-5.jpeg 1280w\" sizes=\"(max-width: 300px) 100vw, 300px\" \/> <img loading=\"lazy\" class=\"alignnone size-medium wp-image-38764\" src=\"https:\/\/cuernavaca.gob.mx\/wp-content\/uploads\/2024\/02\/DA-BANDERAZO-ALCALDE-DE-CUERNAVACA-A-TRABAJOS-DE-REENCARPETAMIENTO-Y-CAMBIO-DE-LINEAS-DE-AGUA-EN-AVENIDA-DOMINGO-DIEZ-6-300x200.jpeg\" alt=\"\" width=\"300\" height=\"200\" srcset=\"https:\/\/cuernavaca.gob.mx\/wp-content\/uploads\/2024\/02\/DA-BANDERAZO-ALCALDE-DE-CUERNAVACA-A-TRABAJOS-DE-REENCARPETAMIENTO-Y-CAMBIO-DE-LINEAS-DE-AGUA-EN-AVENIDA-DOMINGO-DIEZ-6-300x200.jpeg 300w, https:\/\/cuernavaca.gob.mx\/wp-content\/uploads\/2024\/02\/DA-BANDERAZO-ALCALDE-DE-CUERNAVACA-A-TRABAJOS-DE-REENCARPETAMIENTO-Y-CAMBIO-DE-LINEAS-DE-AGUA-EN-AVENIDA-DOMINGO-DIEZ-6-1024x682.jpeg 1024w, https:\/\/cuernavaca.gob.mx\/wp-content\/uploads\/2024\/02\/DA-BANDERAZO-ALCALDE-DE-CUERNAVACA-A-TRABAJOS-DE-REENCARPETAMIENTO-Y-CAMBIO-DE-LINEAS-DE-AGUA-EN-AVENIDA-DOMINGO-DIEZ-6-768x512.jpeg 768w, https:\/\/cuernavaca.gob.mx\/wp-content\/uploads\/2024\/02\/DA-BANDERAZO-ALCALDE-DE-CUERNAVACA-A-TRABAJOS-DE-REENCARPETAMIENTO-Y-CAMBIO-DE-LINEAS-DE-AGUA-EN-AVENIDA-DOMINGO-DIEZ-6-1536x1023.jpeg 1536w, https:\/\/cuernavaca.gob.mx\/wp-content\/uploads\/2024\/02\/DA-BANDERAZO-ALCALDE-DE-CUERNAVACA-A-TRABAJOS-DE-REENCARPETAMIENTO-Y-CAMBIO-DE-LINEAS-DE-AGUA-EN-AVENIDA-DOMINGO-DIEZ-6-600x400.jpeg 600w, https:\/\/cuernavaca.gob.mx\/wp-content\/uploads\/2024\/02\/DA-BANDERAZO-ALCALDE-DE-CUERNAVACA-A-TRABAJOS-DE-REENCARPETAMIENTO-Y-CAMBIO-DE-LINEAS-DE-AGUA-EN-AVENIDA-DOMINGO-DIEZ-6-560x373.jpeg 560w, https:\/\/cuernavaca.gob.mx\/wp-content\/uploads\/2024\/02\/DA-BANDERAZO-ALCALDE-DE-CUERNAVACA-A-TRABAJOS-DE-REENCARPETAMIENTO-Y-CAMBIO-DE-LINEAS-DE-AGUA-EN-AVENIDA-DOMINGO-DIEZ-6.jpeg 1600w\" sizes=\"(max-width: 300px) 100vw, 300px\" \/> <img loading=\"lazy\" class=\"alignnone size-medium wp-image-38765\" src=\"https:\/\/cuernavaca.gob.mx\/wp-content\/uploads\/2024\/02\/DA-BANDERAZO-ALCALDE-DE-CUERNAVACA-A-TRABAJOS-DE-REENCARPETAMIENTO-Y-CAMBIO-DE-LINEAS-DE-AGUA-EN-AVENIDA-DOMINGO-DIEZ-7-300x200.jpeg\" alt=\"\" width=\"300\" height=\"200\" srcset=\"https:\/\/cuernavaca.gob.mx\/wp-content\/uploads\/2024\/02\/DA-BANDERAZO-ALCALDE-DE-CUERNAVACA-A-TRABAJOS-DE-REENCARPETAMIENTO-Y-CAMBIO-DE-LINEAS-DE-AGUA-EN-AVENIDA-DOMINGO-DIEZ-7-300x200.jpeg 300w, https:\/\/cuernavaca.gob.mx\/wp-content\/uploads\/2024\/02\/DA-BANDERAZO-ALCALDE-DE-CUERNAVACA-A-TRABAJOS-DE-REENCARPETAMIENTO-Y-CAMBIO-DE-LINEAS-DE-AGUA-EN-AVENIDA-DOMINGO-DIEZ-7-1024x682.jpeg 1024w, https:\/\/cuernavaca.gob.mx\/wp-content\/uploads\/2024\/02\/DA-BANDERAZO-ALCALDE-DE-CUERNAVACA-A-TRABAJOS-DE-REENCARPETAMIENTO-Y-CAMBIO-DE-LINEAS-DE-AGUA-EN-AVENIDA-DOMINGO-DIEZ-7-768x512.jpeg 768w, https:\/\/cuernavaca.gob.mx\/wp-content\/uploads\/2024\/02\/DA-BANDERAZO-ALCALDE-DE-CUERNAVACA-A-TRABAJOS-DE-REENCARPETAMIENTO-Y-CAMBIO-DE-LINEAS-DE-AGUA-EN-AVENIDA-DOMINGO-DIEZ-7-1536x1023.jpeg 1536w, https:\/\/cuernavaca.gob.mx\/wp-content\/uploads\/2024\/02\/DA-BANDERAZO-ALCALDE-DE-CUERNAVACA-A-TRABAJOS-DE-REENCARPETAMIENTO-Y-CAMBIO-DE-LINEAS-DE-AGUA-EN-AVENIDA-DOMINGO-DIEZ-7-600x400.jpeg 600w, https:\/\/cuernavaca.gob.mx\/wp-content\/uploads\/2024\/02\/DA-BANDERAZO-ALCALDE-DE-CUERNAVACA-A-TRABAJOS-DE-REENCARPETAMIENTO-Y-CAMBIO-DE-LINEAS-DE-AGUA-EN-AVENIDA-DOMINGO-DIEZ-7-560x373.jpeg 560w, https:\/\/cuernavaca.gob.mx\/wp-content\/uploads\/2024\/02\/DA-BANDERAZO-ALCALDE-DE-CUERNAVACA-A-TRABAJOS-DE-REENCARPETAMIENTO-Y-CAMBIO-DE-LINEAS-DE-AGUA-EN-AVENIDA-DOMINGO-DIEZ-7.jpeg 1600w\" sizes=\"(max-width: 300px) 100vw, 300px\" \/> <img loading=\"lazy\" class=\"alignnone size-medium wp-image-38766\" src=\"https:\/\/cuernavaca.gob.mx\/wp-content\/uploads\/2024\/02\/DA-BANDERAZO-ALCALDE-DE-CUERNAVACA-A-TRABAJOS-DE-REENCARPETAMIENTO-Y-CAMBIO-DE-LINEAS-DE-AGUA-EN-AVENIDA-DOMINGO-DIEZ-8-300x169.jpeg\" alt=\"\" width=\"300\" height=\"169\" srcset=\"https:\/\/cuernavaca.gob.mx\/wp-content\/uploads\/2024\/02\/DA-BANDERAZO-ALCALDE-DE-CUERNAVACA-A-TRABAJOS-DE-REENCARPETAMIENTO-Y-CAMBIO-DE-LINEAS-DE-AGUA-EN-AVENIDA-DOMINGO-DIEZ-8-300x169.jpeg 300w, https:\/\/cuernavaca.gob.mx\/wp-content\/uploads\/2024\/02\/DA-BANDERAZO-ALCALDE-DE-CUERNAVACA-A-TRABAJOS-DE-REENCARPETAMIENTO-Y-CAMBIO-DE-LINEAS-DE-AGUA-EN-AVENIDA-DOMINGO-DIEZ-8-1024x576.jpeg 1024w, https:\/\/cuernavaca.gob.mx\/wp-content\/uploads\/2024\/02\/DA-BANDERAZO-ALCALDE-DE-CUERNAVACA-A-TRABAJOS-DE-REENCARPETAMIENTO-Y-CAMBIO-DE-LINEAS-DE-AGUA-EN-AVENIDA-DOMINGO-DIEZ-8-768x432.jpeg 768w, https:\/\/cuernavaca.gob.mx\/wp-content\/uploads\/2024\/02\/DA-BANDERAZO-ALCALDE-DE-CUERNAVACA-A-TRABAJOS-DE-REENCARPETAMIENTO-Y-CAMBIO-DE-LINEAS-DE-AGUA-EN-AVENIDA-DOMINGO-DIEZ-8-1536x864.jpeg 1536w, https:\/\/cuernavaca.gob.mx\/wp-content\/uploads\/2024\/02\/DA-BANDERAZO-ALCALDE-DE-CUERNAVACA-A-TRABAJOS-DE-REENCARPETAMIENTO-Y-CAMBIO-DE-LINEAS-DE-AGUA-EN-AVENIDA-DOMINGO-DIEZ-8-600x338.jpeg 600w, https:\/\/cuernavaca.gob.mx\/wp-content\/uploads\/2024\/02\/DA-BANDERAZO-ALCALDE-DE-CUERNAVACA-A-TRABAJOS-DE-REENCARPETAMIENTO-Y-CAMBIO-DE-LINEAS-DE-AGUA-EN-AVENIDA-DOMINGO-DIEZ-8-560x315.jpeg 560w, https:\/\/cuernavaca.gob.mx\/wp-content\/uploads\/2024\/02\/DA-BANDERAZO-ALCALDE-DE-CUERNAVACA-A-TRABAJOS-DE-REENCARPETAMIENTO-Y-CAMBIO-DE-LINEAS-DE-AGUA-EN-AVENIDA-DOMINGO-DIEZ-8.jpeg 1600w\" sizes=\"(max-width: 300px) 100vw, 300px\" \/> <img loading=\"lazy\" class=\"alignnone size-medium wp-image-38767\" src=\"https:\/\/cuernavaca.gob.mx\/wp-content\/uploads\/2024\/02\/DA-BANDERAZO-ALCALDE-DE-CUERNAVACA-A-TRABAJOS-DE-REENCARPETAMIENTO-Y-CAMBIO-DE-LINEAS-DE-AGUA-EN-AVENIDA-DOMINGO-DIEZ-9-300x200.jpeg\" alt=\"\" width=\"300\" height=\"200\" srcset=\"https:\/\/cuernavaca.gob.mx\/wp-content\/uploads\/2024\/02\/DA-BANDERAZO-ALCALDE-DE-CUERNAVACA-A-TRABAJOS-DE-REENCARPETAMIENTO-Y-CAMBIO-DE-LINEAS-DE-AGUA-EN-AVENIDA-DOMINGO-DIEZ-9-300x200.jpeg 300w, https:\/\/cuernavaca.gob.mx\/wp-content\/uploads\/2024\/02\/DA-BANDERAZO-ALCALDE-DE-CUERNAVACA-A-TRABAJOS-DE-REENCARPETAMIENTO-Y-CAMBIO-DE-LINEAS-DE-AGUA-EN-AVENIDA-DOMINGO-DIEZ-9-1024x682.jpeg 1024w, https:\/\/cuernavaca.gob.mx\/wp-content\/uploads\/2024\/02\/DA-BANDERAZO-ALCALDE-DE-CUERNAVACA-A-TRABAJOS-DE-REENCARPETAMIENTO-Y-CAMBIO-DE-LINEAS-DE-AGUA-EN-AVENIDA-DOMINGO-DIEZ-9-768x512.jpeg 768w, https:\/\/cuernavaca.gob.mx\/wp-content\/uploads\/2024\/02\/DA-BANDERAZO-ALCALDE-DE-CUERNAVACA-A-TRABAJOS-DE-REENCARPETAMIENTO-Y-CAMBIO-DE-LINEAS-DE-AGUA-EN-AVENIDA-DOMINGO-DIEZ-9-1536x1023.jpeg 1536w, https:\/\/cuernavaca.gob.mx\/wp-content\/uploads\/2024\/02\/DA-BANDERAZO-ALCALDE-DE-CUERNAVACA-A-TRABAJOS-DE-REENCARPETAMIENTO-Y-CAMBIO-DE-LINEAS-DE-AGUA-EN-AVENIDA-DOMINGO-DIEZ-9-600x400.jpeg 600w, https:\/\/cuernavaca.gob.mx\/wp-content\/uploads\/2024\/02\/DA-BANDERAZO-ALCALDE-DE-CUERNAVACA-A-TRABAJOS-DE-REENCARPETAMIENTO-Y-CAMBIO-DE-LINEAS-DE-AGUA-EN-AVENIDA-DOMINGO-DIEZ-9-560x373.jpeg 560w, https:\/\/cuernavaca.gob.mx\/wp-content\/uploads\/2024\/02\/DA-BANDERAZO-ALCALDE-DE-CUERNAVACA-A-TRABAJOS-DE-REENCARPETAMIENTO-Y-CAMBIO-DE-LINEAS-DE-AGUA-EN-AVENIDA-DOMINGO-DIEZ-9.jpeg 1600w\" sizes=\"(max-width: 300px) 100vw, 300px\" \/><\/div>\n","protected":false},"excerpt":{"rendered":"<p>\u2022 Con una inversi\u00f3n de siete millones 743 mil 684.14 pesos del Fondo de Infraestructura Regional Municipal 2023, Jos\u00e9 Luis Uri\u00f3stegui encabez\u00f3 este lunes el arranque de la obra \u2022 Estos trabajos contemplan la sustituci\u00f3n de l\u00edneas de agua potable y 140 tomas domiciliarias Cumpliendo el programa de rescate de las vialidades principales de Cuernavaca, [&hellip;]<\/p>\n","protected":false},"author":1,"featured_media":38767,"comment_status":"closed","ping_status":"open","sticky":false,"template":"","format":"standard","meta":[],"categories":[18],"tags":[1261,121,515,120,206,232,358,3399],"aioseo_notices":[],"_links":{"self":[{"href":"https:\/\/cuernavaca.gob.mx\/index.php?rest_route=\/wp\/v2\/posts\/38758"}],"collection":[{"href":"https:\/\/cuernavaca.gob.mx\/index.php?rest_route=\/wp\/v2\/posts"}],"about":[{"href":"https:\/\/cuernavaca.gob.mx\/index.php?rest_route=\/wp\/v2\/types\/post"}],"author":[{"embeddable":true,"href":"https:\/\/cuernavaca.gob.mx\/index.php?rest_route=\/wp\/v2\/users\/1"}],"replies":[{"embeddable":true,"href":"https:\/\/cuernavaca.gob.mx\/index.php?rest_route=%2Fwp%2Fv2%2Fcomments&post=38758"}],"version-history":[{"count":1,"href":"https:\/\/cuernavaca.gob.mx\/index.php?rest_route=\/wp\/v2\/posts\/38758\/revisions"}],"predecessor-version":[{"id":38768,"href":"https:\/\/cuernavaca.gob.mx\/index.php?rest_route=\/wp\/v2\/posts\/38758\/revisions\/38768"}],"wp:featuredmedia":[{"embeddable":true,"href":"https:\/\/cuernavaca.gob.mx\/index.php?rest_route=\/wp\/v2\/media\/38767"}],"wp:attachment":[{"href":"https:\/\/cuernavaca.gob.mx\/index.php?rest_route=%2Fwp%2Fv2%2Fmedia&parent=38758"}],"wp:term":[{"taxonomy":"category","embeddable":true,"href":"https:\/\/cuernavaca.gob.mx\/index.php?rest_route=%2Fwp%2Fv2%2Fcategories&post=38758"},{"taxonomy":"post_tag","embeddable":true,"href":"https:\/\/cuernavaca.gob.mx\/index.php?rest_route=%2Fwp%2Fv2%2Ftags&post=38758"}],"curies":[{"name":"wp","href":"https:\/\/api.w.org\/{rel}","templated":true}]}}