{"id":38769,"date":"2024-02-20T14:00:51","date_gmt":"2024-02-20T20:00:51","guid":{"rendered":"https:\/\/cuernavaca.gob.mx\/?p=38769"},"modified":"2024-03-13T11:31:03","modified_gmt":"2024-03-13T17:31:03","slug":"b1597-da-jose-luis-uriostegui-atencion-a-la-problematica-hidraulica-de-colonias-de-cuernavaca-con-obras-que-pone-en-marcha-este-2024","status":"publish","type":"post","link":"https:\/\/cuernavaca.gob.mx\/?p=38769","title":{"rendered":"B1597 DA JOS\u00c9 LUIS URI\u00d3STEGUI ATENCI\u00d3N A LA PROBLEM\u00c1TICA HIDR\u00c1ULICA DE COLONIAS DE CUERNAVACA CON OBRAS QUE PONE EN MARCHA ESTE 2024"},"content":{"rendered":"<p><strong>\u2022 Con un monto de seis millones 996 mil 933.54 pesos, realiza la obra de construcci\u00f3n de drenaje pluvial y\/o sanitario en la calle Nueva Inglaterra de la colonia San Crist\u00f3bal<\/strong><\/p>\n<p><strong>\u2022 Los recursos fueron gestionados por diputados del Congreso del Estado a trav\u00e9s del Fondo de Infraestructura Regional Municipal 2023<\/strong><\/p>\n<p>Con el objetivo de terminar con el rezago hist\u00f3rico en materia de infraestructura hidr\u00e1ulica, el presidente municipal, Jos\u00e9 Luis Uri\u00f3stegui Salgado, en coordinaci\u00f3n con diputados del Congreso del Estado de Morelos, arranc\u00f3 la obra de construcci\u00f3n de drenaje pluvial y\/o sanitario en la calle Nueva Inglaterra de la colonia San Crist\u00f3bal, que con un monto de seis millones 996 mil 933.54 pesos del Fondo de Infraestructura Regional Municipal 2023 beneficiar\u00e1 de manera directa a 600 habitantes y m\u00e1s de 18 mil indirectos.<\/p>\n<p>Jos\u00e9 Luis Uri\u00f3stegui, se\u00f1al\u00f3 que al tener Cuernavaca una traza mal hecha de origen, los obliga a repensar la ciudad y a tomar decisiones acerca de las obras que se necesitan para poder solucionar la problem\u00e1tica, en especial cuando las calles deber\u00edan ser orientadas de norte a sur debido a que la pendiente trae toda el agua y choca contra las construcciones que se atraviesan a su paso, lo cual se nota m\u00e1s por los efectos del calentamiento global que generan lluvias intensas en temporadas muy reducidas y en las temporadas normales ya no.<\/p>\n<p>Al dar la explicaci\u00f3n t\u00e9cnica de la obra, el secretario de Desarrollo Urbano y Obras P\u00fablicas, Demetrio Chavira de la Torre, enlist\u00f3 como metas la construcci\u00f3n del drenaje pluvial que est\u00e1 colapsado con tuber\u00eda PEAD de 60 cent\u00edmetros de 24 pulgadas en 364.55 metros lineales, la construcci\u00f3n de tres rejillas pluviales, la colocaci\u00f3n del pavimento de concreto hidr\u00e1ulico de 15 cent\u00edmetros en 985.91 metros cuadrados, nueve pozos de visita del drenaje pluvial y la colocaci\u00f3n de la tuber\u00eda PEAD de 45 cent\u00edmetros de 18 pulgadas de drenaje sanitario en 272 metros lineales.<\/p>\n<p>Detall\u00f3 que en el caso del drenaje pluvial se estar\u00e1 sacando hasta una red pluvial que est\u00e1 ubicada en medio del camell\u00f3n de avenida Vicente Guerrero; para atender este tema efectuar\u00e1n una segunda obra en Paseo del Conquistador.<\/p>\n<p>En este sentido, el se\u00f1or Mois\u00e9s Espinoza y la se\u00f1ora Aranzazu Garc\u00eda, agradecieron la ejecuci\u00f3n de esta obra, siendo la primera ocasi\u00f3n en 35 a\u00f1os que la colonia San Crist\u00f3bal es considerada en los programas de Obra P\u00fablica con una obra necesaria y urgente antes las graves inundaciones que se generan en esta zona que han sido un punto de riesgo para los transe\u00fantes y automovilistas, afectando tambi\u00e9n el patrimonio de la poblaci\u00f3n, al llegar a afectar sus viviendas.<\/p>\n<p>En el arranque de obra se cont\u00f3 con la presencia de la s\u00edndica municipal, Ver\u00f3nica Atenco P\u00e9rez; de los regidores Wendi Salinas Ruiz, Mireya Delgado Romero, Paz Hern\u00e1ndez Pardo y Fernando Carrillo Alvarado; de los diputados local \u00d3scar Cano Mondrag\u00f3n, \u00c1ngel Adame Jim\u00e9nez y la representaci\u00f3n de la diputada Andrea Gordillo Vega; del coordinador del COPLADEMUN, Luis Enrique Mart\u00ednez Catal\u00e1n; y de la titular de la Delegaci\u00f3n Emiliano Zapata Salazar, Mar\u00eda Salom\u00e9 Salgado Mart\u00ednez.<\/p>\n<p><img loading=\"lazy\" class=\"alignnone size-medium wp-image-38770\" src=\"https:\/\/cuernavaca.gob.mx\/wp-content\/uploads\/2024\/02\/DA-JOSE\u0301-LUIS-URIO\u0301STEGUI-ATENCIO\u0301N-A-LA-PROBLEMA\u0301TICA-HIDRA\u0301ULICA-DE-COLONIAS-DE-CUERNAVACA-CON-OBRAS-QUE-PONE-EN-MARCHA-ESTE-2024-1-300x200.jpg\" alt=\"\" width=\"300\" height=\"200\" srcset=\"https:\/\/cuernavaca.gob.mx\/wp-content\/uploads\/2024\/02\/DA-JOSE\u0301-LUIS-URIO\u0301STEGUI-ATENCIO\u0301N-A-LA-PROBLEMA\u0301TICA-HIDRA\u0301ULICA-DE-COLONIAS-DE-CUERNAVACA-CON-OBRAS-QUE-PONE-EN-MARCHA-ESTE-2024-1-300x200.jpg 300w, https:\/\/cuernavaca.gob.mx\/wp-content\/uploads\/2024\/02\/DA-JOSE\u0301-LUIS-URIO\u0301STEGUI-ATENCIO\u0301N-A-LA-PROBLEMA\u0301TICA-HIDRA\u0301ULICA-DE-COLONIAS-DE-CUERNAVACA-CON-OBRAS-QUE-PONE-EN-MARCHA-ESTE-2024-1-1024x682.jpg 1024w, https:\/\/cuernavaca.gob.mx\/wp-content\/uploads\/2024\/02\/DA-JOSE\u0301-LUIS-URIO\u0301STEGUI-ATENCIO\u0301N-A-LA-PROBLEMA\u0301TICA-HIDRA\u0301ULICA-DE-COLONIAS-DE-CUERNAVACA-CON-OBRAS-QUE-PONE-EN-MARCHA-ESTE-2024-1-768x512.jpg 768w, https:\/\/cuernavaca.gob.mx\/wp-content\/uploads\/2024\/02\/DA-JOSE\u0301-LUIS-URIO\u0301STEGUI-ATENCIO\u0301N-A-LA-PROBLEMA\u0301TICA-HIDRA\u0301ULICA-DE-COLONIAS-DE-CUERNAVACA-CON-OBRAS-QUE-PONE-EN-MARCHA-ESTE-2024-1-1536x1023.jpg 1536w, https:\/\/cuernavaca.gob.mx\/wp-content\/uploads\/2024\/02\/DA-JOSE\u0301-LUIS-URIO\u0301STEGUI-ATENCIO\u0301N-A-LA-PROBLEMA\u0301TICA-HIDRA\u0301ULICA-DE-COLONIAS-DE-CUERNAVACA-CON-OBRAS-QUE-PONE-EN-MARCHA-ESTE-2024-1-600x400.jpg 600w, https:\/\/cuernavaca.gob.mx\/wp-content\/uploads\/2024\/02\/DA-JOSE\u0301-LUIS-URIO\u0301STEGUI-ATENCIO\u0301N-A-LA-PROBLEMA\u0301TICA-HIDRA\u0301ULICA-DE-COLONIAS-DE-CUERNAVACA-CON-OBRAS-QUE-PONE-EN-MARCHA-ESTE-2024-1-560x373.jpg 560w, https:\/\/cuernavaca.gob.mx\/wp-content\/uploads\/2024\/02\/DA-JOSE\u0301-LUIS-URIO\u0301STEGUI-ATENCIO\u0301N-A-LA-PROBLEMA\u0301TICA-HIDRA\u0301ULICA-DE-COLONIAS-DE-CUERNAVACA-CON-OBRAS-QUE-PONE-EN-MARCHA-ESTE-2024-1.jpg 1600w\" sizes=\"(max-width: 300px) 100vw, 300px\" \/> <img loading=\"lazy\" class=\"alignnone size-medium wp-image-38771\" src=\"https:\/\/cuernavaca.gob.mx\/wp-content\/uploads\/2024\/02\/DA-JOSE\u0301-LUIS-URIO\u0301STEGUI-ATENCIO\u0301N-A-LA-PROBLEMA\u0301TICA-HIDRA\u0301ULICA-DE-COLONIAS-DE-CUERNAVACA-CON-OBRAS-QUE-PONE-EN-MARCHA-ESTE-2024-2-300x200.jpg\" alt=\"\" width=\"300\" height=\"200\" srcset=\"https:\/\/cuernavaca.gob.mx\/wp-content\/uploads\/2024\/02\/DA-JOSE\u0301-LUIS-URIO\u0301STEGUI-ATENCIO\u0301N-A-LA-PROBLEMA\u0301TICA-HIDRA\u0301ULICA-DE-COLONIAS-DE-CUERNAVACA-CON-OBRAS-QUE-PONE-EN-MARCHA-ESTE-2024-2-300x200.jpg 300w, https:\/\/cuernavaca.gob.mx\/wp-content\/uploads\/2024\/02\/DA-JOSE\u0301-LUIS-URIO\u0301STEGUI-ATENCIO\u0301N-A-LA-PROBLEMA\u0301TICA-HIDRA\u0301ULICA-DE-COLONIAS-DE-CUERNAVACA-CON-OBRAS-QUE-PONE-EN-MARCHA-ESTE-2024-2-1024x682.jpg 1024w, https:\/\/cuernavaca.gob.mx\/wp-content\/uploads\/2024\/02\/DA-JOSE\u0301-LUIS-URIO\u0301STEGUI-ATENCIO\u0301N-A-LA-PROBLEMA\u0301TICA-HIDRA\u0301ULICA-DE-COLONIAS-DE-CUERNAVACA-CON-OBRAS-QUE-PONE-EN-MARCHA-ESTE-2024-2-768x512.jpg 768w, https:\/\/cuernavaca.gob.mx\/wp-content\/uploads\/2024\/02\/DA-JOSE\u0301-LUIS-URIO\u0301STEGUI-ATENCIO\u0301N-A-LA-PROBLEMA\u0301TICA-HIDRA\u0301ULICA-DE-COLONIAS-DE-CUERNAVACA-CON-OBRAS-QUE-PONE-EN-MARCHA-ESTE-2024-2-1536x1023.jpg 1536w, https:\/\/cuernavaca.gob.mx\/wp-content\/uploads\/2024\/02\/DA-JOSE\u0301-LUIS-URIO\u0301STEGUI-ATENCIO\u0301N-A-LA-PROBLEMA\u0301TICA-HIDRA\u0301ULICA-DE-COLONIAS-DE-CUERNAVACA-CON-OBRAS-QUE-PONE-EN-MARCHA-ESTE-2024-2-600x400.jpg 600w, https:\/\/cuernavaca.gob.mx\/wp-content\/uploads\/2024\/02\/DA-JOSE\u0301-LUIS-URIO\u0301STEGUI-ATENCIO\u0301N-A-LA-PROBLEMA\u0301TICA-HIDRA\u0301ULICA-DE-COLONIAS-DE-CUERNAVACA-CON-OBRAS-QUE-PONE-EN-MARCHA-ESTE-2024-2-560x373.jpg 560w, https:\/\/cuernavaca.gob.mx\/wp-content\/uploads\/2024\/02\/DA-JOSE\u0301-LUIS-URIO\u0301STEGUI-ATENCIO\u0301N-A-LA-PROBLEMA\u0301TICA-HIDRA\u0301ULICA-DE-COLONIAS-DE-CUERNAVACA-CON-OBRAS-QUE-PONE-EN-MARCHA-ESTE-2024-2.jpg 1600w\" sizes=\"(max-width: 300px) 100vw, 300px\" \/> <img loading=\"lazy\" class=\"alignnone size-medium wp-image-38772\" src=\"https:\/\/cuernavaca.gob.mx\/wp-content\/uploads\/2024\/02\/DA-JOSE\u0301-LUIS-URIO\u0301STEGUI-ATENCIO\u0301N-A-LA-PROBLEMA\u0301TICA-HIDRA\u0301ULICA-DE-COLONIAS-DE-CUERNAVACA-CON-OBRAS-QUE-PONE-EN-MARCHA-ESTE-2024-3-300x200.jpg\" alt=\"\" width=\"300\" height=\"200\" srcset=\"https:\/\/cuernavaca.gob.mx\/wp-content\/uploads\/2024\/02\/DA-JOSE\u0301-LUIS-URIO\u0301STEGUI-ATENCIO\u0301N-A-LA-PROBLEMA\u0301TICA-HIDRA\u0301ULICA-DE-COLONIAS-DE-CUERNAVACA-CON-OBRAS-QUE-PONE-EN-MARCHA-ESTE-2024-3-300x200.jpg 300w, https:\/\/cuernavaca.gob.mx\/wp-content\/uploads\/2024\/02\/DA-JOSE\u0301-LUIS-URIO\u0301STEGUI-ATENCIO\u0301N-A-LA-PROBLEMA\u0301TICA-HIDRA\u0301ULICA-DE-COLONIAS-DE-CUERNAVACA-CON-OBRAS-QUE-PONE-EN-MARCHA-ESTE-2024-3-1024x682.jpg 1024w, https:\/\/cuernavaca.gob.mx\/wp-content\/uploads\/2024\/02\/DA-JOSE\u0301-LUIS-URIO\u0301STEGUI-ATENCIO\u0301N-A-LA-PROBLEMA\u0301TICA-HIDRA\u0301ULICA-DE-COLONIAS-DE-CUERNAVACA-CON-OBRAS-QUE-PONE-EN-MARCHA-ESTE-2024-3-768x512.jpg 768w, https:\/\/cuernavaca.gob.mx\/wp-content\/uploads\/2024\/02\/DA-JOSE\u0301-LUIS-URIO\u0301STEGUI-ATENCIO\u0301N-A-LA-PROBLEMA\u0301TICA-HIDRA\u0301ULICA-DE-COLONIAS-DE-CUERNAVACA-CON-OBRAS-QUE-PONE-EN-MARCHA-ESTE-2024-3-1536x1023.jpg 1536w, https:\/\/cuernavaca.gob.mx\/wp-content\/uploads\/2024\/02\/DA-JOSE\u0301-LUIS-URIO\u0301STEGUI-ATENCIO\u0301N-A-LA-PROBLEMA\u0301TICA-HIDRA\u0301ULICA-DE-COLONIAS-DE-CUERNAVACA-CON-OBRAS-QUE-PONE-EN-MARCHA-ESTE-2024-3-600x400.jpg 600w, https:\/\/cuernavaca.gob.mx\/wp-content\/uploads\/2024\/02\/DA-JOSE\u0301-LUIS-URIO\u0301STEGUI-ATENCIO\u0301N-A-LA-PROBLEMA\u0301TICA-HIDRA\u0301ULICA-DE-COLONIAS-DE-CUERNAVACA-CON-OBRAS-QUE-PONE-EN-MARCHA-ESTE-2024-3-560x373.jpg 560w, https:\/\/cuernavaca.gob.mx\/wp-content\/uploads\/2024\/02\/DA-JOSE\u0301-LUIS-URIO\u0301STEGUI-ATENCIO\u0301N-A-LA-PROBLEMA\u0301TICA-HIDRA\u0301ULICA-DE-COLONIAS-DE-CUERNAVACA-CON-OBRAS-QUE-PONE-EN-MARCHA-ESTE-2024-3.jpg 1600w\" sizes=\"(max-width: 300px) 100vw, 300px\" \/> <img loading=\"lazy\" class=\"alignnone size-medium wp-image-38773\" src=\"https:\/\/cuernavaca.gob.mx\/wp-content\/uploads\/2024\/02\/DA-JOSE\u0301-LUIS-URIO\u0301STEGUI-ATENCIO\u0301N-A-LA-PROBLEMA\u0301TICA-HIDRA\u0301ULICA-DE-COLONIAS-DE-CUERNAVACA-CON-OBRAS-QUE-PONE-EN-MARCHA-ESTE-2024-4-300x200.jpg\" alt=\"\" width=\"300\" height=\"200\" srcset=\"https:\/\/cuernavaca.gob.mx\/wp-content\/uploads\/2024\/02\/DA-JOSE\u0301-LUIS-URIO\u0301STEGUI-ATENCIO\u0301N-A-LA-PROBLEMA\u0301TICA-HIDRA\u0301ULICA-DE-COLONIAS-DE-CUERNAVACA-CON-OBRAS-QUE-PONE-EN-MARCHA-ESTE-2024-4-300x200.jpg 300w, https:\/\/cuernavaca.gob.mx\/wp-content\/uploads\/2024\/02\/DA-JOSE\u0301-LUIS-URIO\u0301STEGUI-ATENCIO\u0301N-A-LA-PROBLEMA\u0301TICA-HIDRA\u0301ULICA-DE-COLONIAS-DE-CUERNAVACA-CON-OBRAS-QUE-PONE-EN-MARCHA-ESTE-2024-4-1024x682.jpg 1024w, https:\/\/cuernavaca.gob.mx\/wp-content\/uploads\/2024\/02\/DA-JOSE\u0301-LUIS-URIO\u0301STEGUI-ATENCIO\u0301N-A-LA-PROBLEMA\u0301TICA-HIDRA\u0301ULICA-DE-COLONIAS-DE-CUERNAVACA-CON-OBRAS-QUE-PONE-EN-MARCHA-ESTE-2024-4-768x512.jpg 768w, https:\/\/cuernavaca.gob.mx\/wp-content\/uploads\/2024\/02\/DA-JOSE\u0301-LUIS-URIO\u0301STEGUI-ATENCIO\u0301N-A-LA-PROBLEMA\u0301TICA-HIDRA\u0301ULICA-DE-COLONIAS-DE-CUERNAVACA-CON-OBRAS-QUE-PONE-EN-MARCHA-ESTE-2024-4-1536x1023.jpg 1536w, https:\/\/cuernavaca.gob.mx\/wp-content\/uploads\/2024\/02\/DA-JOSE\u0301-LUIS-URIO\u0301STEGUI-ATENCIO\u0301N-A-LA-PROBLEMA\u0301TICA-HIDRA\u0301ULICA-DE-COLONIAS-DE-CUERNAVACA-CON-OBRAS-QUE-PONE-EN-MARCHA-ESTE-2024-4-600x400.jpg 600w, https:\/\/cuernavaca.gob.mx\/wp-content\/uploads\/2024\/02\/DA-JOSE\u0301-LUIS-URIO\u0301STEGUI-ATENCIO\u0301N-A-LA-PROBLEMA\u0301TICA-HIDRA\u0301ULICA-DE-COLONIAS-DE-CUERNAVACA-CON-OBRAS-QUE-PONE-EN-MARCHA-ESTE-2024-4-560x373.jpg 560w, https:\/\/cuernavaca.gob.mx\/wp-content\/uploads\/2024\/02\/DA-JOSE\u0301-LUIS-URIO\u0301STEGUI-ATENCIO\u0301N-A-LA-PROBLEMA\u0301TICA-HIDRA\u0301ULICA-DE-COLONIAS-DE-CUERNAVACA-CON-OBRAS-QUE-PONE-EN-MARCHA-ESTE-2024-4.jpg 1600w\" sizes=\"(max-width: 300px) 100vw, 300px\" \/> <img loading=\"lazy\" class=\"alignnone size-medium wp-image-38774\" src=\"https:\/\/cuernavaca.gob.mx\/wp-content\/uploads\/2024\/02\/DA-JOSE\u0301-LUIS-URIO\u0301STEGUI-ATENCIO\u0301N-A-LA-PROBLEMA\u0301TICA-HIDRA\u0301ULICA-DE-COLONIAS-DE-CUERNAVACA-CON-OBRAS-QUE-PONE-EN-MARCHA-ESTE-2024-5-300x200.jpg\" alt=\"\" width=\"300\" height=\"200\" srcset=\"https:\/\/cuernavaca.gob.mx\/wp-content\/uploads\/2024\/02\/DA-JOSE\u0301-LUIS-URIO\u0301STEGUI-ATENCIO\u0301N-A-LA-PROBLEMA\u0301TICA-HIDRA\u0301ULICA-DE-COLONIAS-DE-CUERNAVACA-CON-OBRAS-QUE-PONE-EN-MARCHA-ESTE-2024-5-300x200.jpg 300w, https:\/\/cuernavaca.gob.mx\/wp-content\/uploads\/2024\/02\/DA-JOSE\u0301-LUIS-URIO\u0301STEGUI-ATENCIO\u0301N-A-LA-PROBLEMA\u0301TICA-HIDRA\u0301ULICA-DE-COLONIAS-DE-CUERNAVACA-CON-OBRAS-QUE-PONE-EN-MARCHA-ESTE-2024-5-1024x682.jpg 1024w, https:\/\/cuernavaca.gob.mx\/wp-content\/uploads\/2024\/02\/DA-JOSE\u0301-LUIS-URIO\u0301STEGUI-ATENCIO\u0301N-A-LA-PROBLEMA\u0301TICA-HIDRA\u0301ULICA-DE-COLONIAS-DE-CUERNAVACA-CON-OBRAS-QUE-PONE-EN-MARCHA-ESTE-2024-5-768x512.jpg 768w, https:\/\/cuernavaca.gob.mx\/wp-content\/uploads\/2024\/02\/DA-JOSE\u0301-LUIS-URIO\u0301STEGUI-ATENCIO\u0301N-A-LA-PROBLEMA\u0301TICA-HIDRA\u0301ULICA-DE-COLONIAS-DE-CUERNAVACA-CON-OBRAS-QUE-PONE-EN-MARCHA-ESTE-2024-5-1536x1023.jpg 1536w, https:\/\/cuernavaca.gob.mx\/wp-content\/uploads\/2024\/02\/DA-JOSE\u0301-LUIS-URIO\u0301STEGUI-ATENCIO\u0301N-A-LA-PROBLEMA\u0301TICA-HIDRA\u0301ULICA-DE-COLONIAS-DE-CUERNAVACA-CON-OBRAS-QUE-PONE-EN-MARCHA-ESTE-2024-5-600x400.jpg 600w, https:\/\/cuernavaca.gob.mx\/wp-content\/uploads\/2024\/02\/DA-JOSE\u0301-LUIS-URIO\u0301STEGUI-ATENCIO\u0301N-A-LA-PROBLEMA\u0301TICA-HIDRA\u0301ULICA-DE-COLONIAS-DE-CUERNAVACA-CON-OBRAS-QUE-PONE-EN-MARCHA-ESTE-2024-5-560x373.jpg 560w, https:\/\/cuernavaca.gob.mx\/wp-content\/uploads\/2024\/02\/DA-JOSE\u0301-LUIS-URIO\u0301STEGUI-ATENCIO\u0301N-A-LA-PROBLEMA\u0301TICA-HIDRA\u0301ULICA-DE-COLONIAS-DE-CUERNAVACA-CON-OBRAS-QUE-PONE-EN-MARCHA-ESTE-2024-5.jpg 1600w\" sizes=\"(max-width: 300px) 100vw, 300px\" \/> <img loading=\"lazy\" class=\"alignnone size-medium wp-image-38775\" src=\"https:\/\/cuernavaca.gob.mx\/wp-content\/uploads\/2024\/02\/DA-JOSE\u0301-LUIS-URIO\u0301STEGUI-ATENCIO\u0301N-A-LA-PROBLEMA\u0301TICA-HIDRA\u0301ULICA-DE-COLONIAS-DE-CUERNAVACA-CON-OBRAS-QUE-PONE-EN-MARCHA-ESTE-2024-6-300x200.jpg\" alt=\"\" width=\"300\" height=\"200\" srcset=\"https:\/\/cuernavaca.gob.mx\/wp-content\/uploads\/2024\/02\/DA-JOSE\u0301-LUIS-URIO\u0301STEGUI-ATENCIO\u0301N-A-LA-PROBLEMA\u0301TICA-HIDRA\u0301ULICA-DE-COLONIAS-DE-CUERNAVACA-CON-OBRAS-QUE-PONE-EN-MARCHA-ESTE-2024-6-300x200.jpg 300w, https:\/\/cuernavaca.gob.mx\/wp-content\/uploads\/2024\/02\/DA-JOSE\u0301-LUIS-URIO\u0301STEGUI-ATENCIO\u0301N-A-LA-PROBLEMA\u0301TICA-HIDRA\u0301ULICA-DE-COLONIAS-DE-CUERNAVACA-CON-OBRAS-QUE-PONE-EN-MARCHA-ESTE-2024-6-1024x682.jpg 1024w, https:\/\/cuernavaca.gob.mx\/wp-content\/uploads\/2024\/02\/DA-JOSE\u0301-LUIS-URIO\u0301STEGUI-ATENCIO\u0301N-A-LA-PROBLEMA\u0301TICA-HIDRA\u0301ULICA-DE-COLONIAS-DE-CUERNAVACA-CON-OBRAS-QUE-PONE-EN-MARCHA-ESTE-2024-6-768x512.jpg 768w, https:\/\/cuernavaca.gob.mx\/wp-content\/uploads\/2024\/02\/DA-JOSE\u0301-LUIS-URIO\u0301STEGUI-ATENCIO\u0301N-A-LA-PROBLEMA\u0301TICA-HIDRA\u0301ULICA-DE-COLONIAS-DE-CUERNAVACA-CON-OBRAS-QUE-PONE-EN-MARCHA-ESTE-2024-6-1536x1023.jpg 1536w, https:\/\/cuernavaca.gob.mx\/wp-content\/uploads\/2024\/02\/DA-JOSE\u0301-LUIS-URIO\u0301STEGUI-ATENCIO\u0301N-A-LA-PROBLEMA\u0301TICA-HIDRA\u0301ULICA-DE-COLONIAS-DE-CUERNAVACA-CON-OBRAS-QUE-PONE-EN-MARCHA-ESTE-2024-6-600x400.jpg 600w, https:\/\/cuernavaca.gob.mx\/wp-content\/uploads\/2024\/02\/DA-JOSE\u0301-LUIS-URIO\u0301STEGUI-ATENCIO\u0301N-A-LA-PROBLEMA\u0301TICA-HIDRA\u0301ULICA-DE-COLONIAS-DE-CUERNAVACA-CON-OBRAS-QUE-PONE-EN-MARCHA-ESTE-2024-6-560x373.jpg 560w, https:\/\/cuernavaca.gob.mx\/wp-content\/uploads\/2024\/02\/DA-JOSE\u0301-LUIS-URIO\u0301STEGUI-ATENCIO\u0301N-A-LA-PROBLEMA\u0301TICA-HIDRA\u0301ULICA-DE-COLONIAS-DE-CUERNAVACA-CON-OBRAS-QUE-PONE-EN-MARCHA-ESTE-2024-6.jpg 1600w\" sizes=\"(max-width: 300px) 100vw, 300px\" \/> <img loading=\"lazy\" class=\"alignnone size-medium wp-image-38776\" src=\"https:\/\/cuernavaca.gob.mx\/wp-content\/uploads\/2024\/02\/DA-JOSE\u0301-LUIS-URIO\u0301STEGUI-ATENCIO\u0301N-A-LA-PROBLEMA\u0301TICA-HIDRA\u0301ULICA-DE-COLONIAS-DE-CUERNAVACA-CON-OBRAS-QUE-PONE-EN-MARCHA-ESTE-2024-7-300x200.jpg\" alt=\"\" width=\"300\" height=\"200\" srcset=\"https:\/\/cuernavaca.gob.mx\/wp-content\/uploads\/2024\/02\/DA-JOSE\u0301-LUIS-URIO\u0301STEGUI-ATENCIO\u0301N-A-LA-PROBLEMA\u0301TICA-HIDRA\u0301ULICA-DE-COLONIAS-DE-CUERNAVACA-CON-OBRAS-QUE-PONE-EN-MARCHA-ESTE-2024-7-300x200.jpg 300w, https:\/\/cuernavaca.gob.mx\/wp-content\/uploads\/2024\/02\/DA-JOSE\u0301-LUIS-URIO\u0301STEGUI-ATENCIO\u0301N-A-LA-PROBLEMA\u0301TICA-HIDRA\u0301ULICA-DE-COLONIAS-DE-CUERNAVACA-CON-OBRAS-QUE-PONE-EN-MARCHA-ESTE-2024-7-1024x682.jpg 1024w, https:\/\/cuernavaca.gob.mx\/wp-content\/uploads\/2024\/02\/DA-JOSE\u0301-LUIS-URIO\u0301STEGUI-ATENCIO\u0301N-A-LA-PROBLEMA\u0301TICA-HIDRA\u0301ULICA-DE-COLONIAS-DE-CUERNAVACA-CON-OBRAS-QUE-PONE-EN-MARCHA-ESTE-2024-7-768x512.jpg 768w, https:\/\/cuernavaca.gob.mx\/wp-content\/uploads\/2024\/02\/DA-JOSE\u0301-LUIS-URIO\u0301STEGUI-ATENCIO\u0301N-A-LA-PROBLEMA\u0301TICA-HIDRA\u0301ULICA-DE-COLONIAS-DE-CUERNAVACA-CON-OBRAS-QUE-PONE-EN-MARCHA-ESTE-2024-7-1536x1023.jpg 1536w, https:\/\/cuernavaca.gob.mx\/wp-content\/uploads\/2024\/02\/DA-JOSE\u0301-LUIS-URIO\u0301STEGUI-ATENCIO\u0301N-A-LA-PROBLEMA\u0301TICA-HIDRA\u0301ULICA-DE-COLONIAS-DE-CUERNAVACA-CON-OBRAS-QUE-PONE-EN-MARCHA-ESTE-2024-7-600x400.jpg 600w, https:\/\/cuernavaca.gob.mx\/wp-content\/uploads\/2024\/02\/DA-JOSE\u0301-LUIS-URIO\u0301STEGUI-ATENCIO\u0301N-A-LA-PROBLEMA\u0301TICA-HIDRA\u0301ULICA-DE-COLONIAS-DE-CUERNAVACA-CON-OBRAS-QUE-PONE-EN-MARCHA-ESTE-2024-7-560x373.jpg 560w, https:\/\/cuernavaca.gob.mx\/wp-content\/uploads\/2024\/02\/DA-JOSE\u0301-LUIS-URIO\u0301STEGUI-ATENCIO\u0301N-A-LA-PROBLEMA\u0301TICA-HIDRA\u0301ULICA-DE-COLONIAS-DE-CUERNAVACA-CON-OBRAS-QUE-PONE-EN-MARCHA-ESTE-2024-7.jpg 1600w\" sizes=\"(max-width: 300px) 100vw, 300px\" \/> <img loading=\"lazy\" class=\"alignnone size-medium wp-image-38777\" src=\"https:\/\/cuernavaca.gob.mx\/wp-content\/uploads\/2024\/02\/DA-JOSE\u0301-LUIS-URIO\u0301STEGUI-ATENCIO\u0301N-A-LA-PROBLEMA\u0301TICA-HIDRA\u0301ULICA-DE-COLONIAS-DE-CUERNAVACA-CON-OBRAS-QUE-PONE-EN-MARCHA-ESTE-2024-8-300x200.jpg\" alt=\"\" width=\"300\" height=\"200\" srcset=\"https:\/\/cuernavaca.gob.mx\/wp-content\/uploads\/2024\/02\/DA-JOSE\u0301-LUIS-URIO\u0301STEGUI-ATENCIO\u0301N-A-LA-PROBLEMA\u0301TICA-HIDRA\u0301ULICA-DE-COLONIAS-DE-CUERNAVACA-CON-OBRAS-QUE-PONE-EN-MARCHA-ESTE-2024-8-300x200.jpg 300w, https:\/\/cuernavaca.gob.mx\/wp-content\/uploads\/2024\/02\/DA-JOSE\u0301-LUIS-URIO\u0301STEGUI-ATENCIO\u0301N-A-LA-PROBLEMA\u0301TICA-HIDRA\u0301ULICA-DE-COLONIAS-DE-CUERNAVACA-CON-OBRAS-QUE-PONE-EN-MARCHA-ESTE-2024-8-1024x682.jpg 1024w, https:\/\/cuernavaca.gob.mx\/wp-content\/uploads\/2024\/02\/DA-JOSE\u0301-LUIS-URIO\u0301STEGUI-ATENCIO\u0301N-A-LA-PROBLEMA\u0301TICA-HIDRA\u0301ULICA-DE-COLONIAS-DE-CUERNAVACA-CON-OBRAS-QUE-PONE-EN-MARCHA-ESTE-2024-8-768x512.jpg 768w, https:\/\/cuernavaca.gob.mx\/wp-content\/uploads\/2024\/02\/DA-JOSE\u0301-LUIS-URIO\u0301STEGUI-ATENCIO\u0301N-A-LA-PROBLEMA\u0301TICA-HIDRA\u0301ULICA-DE-COLONIAS-DE-CUERNAVACA-CON-OBRAS-QUE-PONE-EN-MARCHA-ESTE-2024-8-1536x1023.jpg 1536w, https:\/\/cuernavaca.gob.mx\/wp-content\/uploads\/2024\/02\/DA-JOSE\u0301-LUIS-URIO\u0301STEGUI-ATENCIO\u0301N-A-LA-PROBLEMA\u0301TICA-HIDRA\u0301ULICA-DE-COLONIAS-DE-CUERNAVACA-CON-OBRAS-QUE-PONE-EN-MARCHA-ESTE-2024-8-600x400.jpg 600w, https:\/\/cuernavaca.gob.mx\/wp-content\/uploads\/2024\/02\/DA-JOSE\u0301-LUIS-URIO\u0301STEGUI-ATENCIO\u0301N-A-LA-PROBLEMA\u0301TICA-HIDRA\u0301ULICA-DE-COLONIAS-DE-CUERNAVACA-CON-OBRAS-QUE-PONE-EN-MARCHA-ESTE-2024-8-560x373.jpg 560w, https:\/\/cuernavaca.gob.mx\/wp-content\/uploads\/2024\/02\/DA-JOSE\u0301-LUIS-URIO\u0301STEGUI-ATENCIO\u0301N-A-LA-PROBLEMA\u0301TICA-HIDRA\u0301ULICA-DE-COLONIAS-DE-CUERNAVACA-CON-OBRAS-QUE-PONE-EN-MARCHA-ESTE-2024-8.jpg 1600w\" sizes=\"(max-width: 300px) 100vw, 300px\" \/><\/p>\n","protected":false},"excerpt":{"rendered":"<p>\u2022 Con un monto de seis millones 996 mil 933.54 pesos, realiza la obra de construcci\u00f3n de drenaje pluvial y\/o sanitario en la calle Nueva Inglaterra de la colonia San Crist\u00f3bal \u2022 Los recursos fueron gestionados por diputados del Congreso del Estado a trav\u00e9s del Fondo de Infraestructura Regional Municipal 2023 Con el objetivo de [&hellip;]<\/p>\n","protected":false},"author":1,"featured_media":38775,"comment_status":"closed","ping_status":"open","sticky":false,"template":"","format":"standard","meta":[],"categories":[18],"tags":[1024,3533,1007,121,515,822,120,206,1075,213,3529],"aioseo_notices":[],"_links":{"self":[{"href":"https:\/\/cuernavaca.gob.mx\/index.php?rest_route=\/wp\/v2\/posts\/38769"}],"collection":[{"href":"https:\/\/cuernavaca.gob.mx\/index.php?rest_route=\/wp\/v2\/posts"}],"about":[{"href":"https:\/\/cuernavaca.gob.mx\/index.php?rest_route=\/wp\/v2\/types\/post"}],"author":[{"embeddable":true,"href":"https:\/\/cuernavaca.gob.mx\/index.php?rest_route=\/wp\/v2\/users\/1"}],"replies":[{"embeddable":true,"href":"https:\/\/cuernavaca.gob.mx\/index.php?rest_route=%2Fwp%2Fv2%2Fcomments&post=38769"}],"version-history":[{"count":1,"href":"https:\/\/cuernavaca.gob.mx\/index.php?rest_route=\/wp\/v2\/posts\/38769\/revisions"}],"predecessor-version":[{"id":38778,"href":"https:\/\/cuernavaca.gob.mx\/index.php?rest_route=\/wp\/v2\/posts\/38769\/revisions\/38778"}],"wp:featuredmedia":[{"embeddable":true,"href":"https:\/\/cuernavaca.gob.mx\/index.php?rest_route=\/wp\/v2\/media\/38775"}],"wp:attachment":[{"href":"https:\/\/cuernavaca.gob.mx\/index.php?rest_route=%2Fwp%2Fv2%2Fmedia&parent=38769"}],"wp:term":[{"taxonomy":"category","embeddable":true,"href":"https:\/\/cuernavaca.gob.mx\/index.php?rest_route=%2Fwp%2Fv2%2Fcategories&post=38769"},{"taxonomy":"post_tag","embeddable":true,"href":"https:\/\/cuernavaca.gob.mx\/index.php?rest_route=%2Fwp%2Fv2%2Ftags&post=38769"}],"curies":[{"name":"wp","href":"https:\/\/api.w.org\/{rel}","templated":true}]}}