{"id":39046,"date":"2024-02-29T15:00:07","date_gmt":"2024-02-29T21:00:07","guid":{"rendered":"https:\/\/cuernavaca.gob.mx\/?p=39046"},"modified":"2024-03-13T11:30:37","modified_gmt":"2024-03-13T17:30:37","slug":"b1616-29-02-24-jose-luis-uriostegui-refrenda-trabajo-coordinado-y-oportuno-con-representantes-del-transporte-sin-itinerario-fijo-en-cuernavaca","status":"publish","type":"post","link":"https:\/\/cuernavaca.gob.mx\/?p=39046","title":{"rendered":"B1616 29\/02\/24 JOS\u00c9 LUIS URI\u00d3STEGUI REFRENDA TRABAJO COORDINADO Y OPORTUNO CON REPRESENTANTES DEL TRANSPORTE SIN ITINERARIO FIJO EN CUERNAVACA"},"content":{"rendered":"<p><strong>\u2022 El presidente municipal de Cuernavaca les inform\u00f3 sobre el trabajo que se est\u00e1 contemplando a trav\u00e9s del Consejo Municipal de Transporte, al cual los invit\u00f3 a sumarse<\/strong><\/p>\n<p>El presidente municipal de Cuernavaca, Jos\u00e9 Luis Uri\u00f3stegui Salgado, sostuvo una reuni\u00f3n con representantes e integrantes de agrupaciones del transporte p\u00fablico sin itinerario fijo en la ciudad, a quienes les refrend\u00f3 su voluntad para seguir trabajando en conjunto a trav\u00e9s del Consejo Municipal de Transporte, atendiendo sus necesidades para ofrecer cada d\u00eda un mejor servicio a la sociedad en una ciudad con \u00f3ptimas condiciones que est\u00e1 renaciendo.<\/p>\n<p>En un ambiente de cordialidad, respeto y amiguismo, Jos\u00e9 Luis Uri\u00f3stegui escuch\u00f3 las vivencias y necesidades que enfrenta este importante servicio con quienes ha manteniendo una comunicaci\u00f3n permanente que qued\u00f3 refrendado con la instalaci\u00f3n del Consejo Municipal de Transporte del Ayuntamiento de Cuernavaca, donde est\u00e1n representados por Alfredo Bello D\u00edaz, representante de la organizaci\u00f3n de trabajadores del transporte Estrella de Oro.<\/p>\n<p>Al coincidir en que la seguridad es lo m\u00e1s importante para el transporte p\u00fablico, el presidente municipal les dio a conocer las acciones que est\u00e1n realizando en materia de prevenci\u00f3n del delito, particularmente con la operaci\u00f3n del Centro de Control, Comando, C\u00f3mputo y Comunicaciones (C4) que los invit\u00f3 a conocer para que de primera mano conozcan la tecnolog\u00eda de primer nivel que se est\u00e1 aplicando en Cuernavaca para abatir la consumaci\u00f3n del delito, involucrando a la ciudadan\u00eda en cada una de las actividades.<\/p>\n<p>Jos\u00e9 Luis Uri\u00f3stegui les solicit\u00f3 transmitir a sus agremiados, compa\u00f1eros y conocidos la convocatoria de integraci\u00f3n al Consejo Municipal de Transporte que para tener un \u00f3rgano m\u00e1s inclusivo entre diferentes perspectivas est\u00e1n buscando la incorporaci\u00f3n de representantes del transporte de carga, transe\u00fantes o peatones, quienes tienen hasta el 04 de marzo para presentar su documentaci\u00f3n en la Direcci\u00f3n de Movilidad Urbana de la Secretar\u00eda de Desarrollo Urbano y Obras P\u00fablica.<\/p>\n<p>Por su parte, los operadores de taxis manifestaron su respaldo y confianza hacia la administraci\u00f3n municipal encabezada por Jos\u00e9 Luis Uri\u00f3stegui Salgado que ha demostrado en dos a\u00f1os su capacidad y voluntad para sacar adelante a la ciudad, no solo en materia de seguridad p\u00fablica, sino tambi\u00e9n para ir resarciendo deudas hist\u00f3ricas, como es la deuda bancaria que hoy ha sido totalmente saldada.<\/p>\n\n\t\t<style type=\"text\/css\">\n\t\t\t#gallery-1 {\n\t\t\t\tmargin: auto;\n\t\t\t}\n\t\t\t#gallery-1 .gallery-item {\n\t\t\t\tfloat: left;\n\t\t\t\tmargin-top: 10px;\n\t\t\t\ttext-align: center;\n\t\t\t\twidth: 33%;\n\t\t\t}\n\t\t\t#gallery-1 img {\n\t\t\t\tborder: 2px solid #cfcfcf;\n\t\t\t}\n\t\t\t#gallery-1 .gallery-caption {\n\t\t\t\tmargin-left: 0;\n\t\t\t}\n\t\t\t\/* see gallery_shortcode() in wp-includes\/media.php *\/\n\t\t<\/style>\n\t\t<div id='gallery-1' class='gallery galleryid-39046 gallery-columns-3 gallery-size-thumbnail'><dl class='gallery-item'>\n\t\t\t<dt class='gallery-icon landscape'>\n\t\t\t\t<a href='https:\/\/cuernavaca.gob.mx\/?attachment_id=39047'><img width=\"150\" height=\"150\" src=\"https:\/\/cuernavaca.gob.mx\/wp-content\/uploads\/2024\/02\/JOSE\u0301-LUIS-URIO\u0301STEGUI-REFRENDA-TRABAJO-COORDINADO-Y-OPORTUNO-CON-REPRESENTANTES-DEL-TRANSPORTE-SIN-ITINERARIO-FIJO-EN-CUERNAVACA-1-150x150.jpg\" class=\"attachment-thumbnail size-thumbnail\" alt=\"\" loading=\"lazy\" \/><\/a>\n\t\t\t<\/dt><\/dl><dl class='gallery-item'>\n\t\t\t<dt class='gallery-icon landscape'>\n\t\t\t\t<a href='https:\/\/cuernavaca.gob.mx\/?attachment_id=39048'><img width=\"150\" height=\"150\" src=\"https:\/\/cuernavaca.gob.mx\/wp-content\/uploads\/2024\/02\/JOSE\u0301-LUIS-URIO\u0301STEGUI-REFRENDA-TRABAJO-COORDINADO-Y-OPORTUNO-CON-REPRESENTANTES-DEL-TRANSPORTE-SIN-ITINERARIO-FIJO-EN-CUERNAVACA-2-150x150.jpg\" class=\"attachment-thumbnail size-thumbnail\" alt=\"\" loading=\"lazy\" \/><\/a>\n\t\t\t<\/dt><\/dl><dl class='gallery-item'>\n\t\t\t<dt class='gallery-icon landscape'>\n\t\t\t\t<a href='https:\/\/cuernavaca.gob.mx\/?attachment_id=39049'><img width=\"150\" height=\"150\" src=\"https:\/\/cuernavaca.gob.mx\/wp-content\/uploads\/2024\/02\/JOSE\u0301-LUIS-URIO\u0301STEGUI-REFRENDA-TRABAJO-COORDINADO-Y-OPORTUNO-CON-REPRESENTANTES-DEL-TRANSPORTE-SIN-ITINERARIO-FIJO-EN-CUERNAVACA-3-150x150.jpg\" class=\"attachment-thumbnail size-thumbnail\" alt=\"\" loading=\"lazy\" \/><\/a>\n\t\t\t<\/dt><\/dl><br style=\"clear: both\" \/><dl class='gallery-item'>\n\t\t\t<dt class='gallery-icon landscape'>\n\t\t\t\t<a href='https:\/\/cuernavaca.gob.mx\/?attachment_id=39050'><img width=\"150\" height=\"150\" src=\"https:\/\/cuernavaca.gob.mx\/wp-content\/uploads\/2024\/02\/JOSE\u0301-LUIS-URIO\u0301STEGUI-REFRENDA-TRABAJO-COORDINADO-Y-OPORTUNO-CON-REPRESENTANTES-DEL-TRANSPORTE-SIN-ITINERARIO-FIJO-EN-CUERNAVACA-4-150x150.jpg\" class=\"attachment-thumbnail size-thumbnail\" alt=\"\" loading=\"lazy\" \/><\/a>\n\t\t\t<\/dt><\/dl>\n\t\t\t<br style='clear: both' \/>\n\t\t<\/div>\n\n","protected":false},"excerpt":{"rendered":"<p>\u2022 El presidente municipal de Cuernavaca les inform\u00f3 sobre el trabajo que se est\u00e1 contemplando a trav\u00e9s del Consejo Municipal de Transporte, al cual los invit\u00f3 a sumarse El presidente municipal de Cuernavaca, Jos\u00e9 Luis Uri\u00f3stegui Salgado, sostuvo una reuni\u00f3n con representantes e integrantes de agrupaciones del transporte p\u00fablico sin itinerario fijo en la ciudad, [&hellip;]<\/p>\n","protected":false},"author":1,"featured_media":39048,"comment_status":"closed","ping_status":"open","sticky":false,"template":"","format":"standard","meta":[],"categories":[20],"tags":[121,120,206,127,125,2396,1612],"aioseo_notices":[],"_links":{"self":[{"href":"https:\/\/cuernavaca.gob.mx\/index.php?rest_route=\/wp\/v2\/posts\/39046"}],"collection":[{"href":"https:\/\/cuernavaca.gob.mx\/index.php?rest_route=\/wp\/v2\/posts"}],"about":[{"href":"https:\/\/cuernavaca.gob.mx\/index.php?rest_route=\/wp\/v2\/types\/post"}],"author":[{"embeddable":true,"href":"https:\/\/cuernavaca.gob.mx\/index.php?rest_route=\/wp\/v2\/users\/1"}],"replies":[{"embeddable":true,"href":"https:\/\/cuernavaca.gob.mx\/index.php?rest_route=%2Fwp%2Fv2%2Fcomments&post=39046"}],"version-history":[{"count":1,"href":"https:\/\/cuernavaca.gob.mx\/index.php?rest_route=\/wp\/v2\/posts\/39046\/revisions"}],"predecessor-version":[{"id":39051,"href":"https:\/\/cuernavaca.gob.mx\/index.php?rest_route=\/wp\/v2\/posts\/39046\/revisions\/39051"}],"wp:featuredmedia":[{"embeddable":true,"href":"https:\/\/cuernavaca.gob.mx\/index.php?rest_route=\/wp\/v2\/media\/39048"}],"wp:attachment":[{"href":"https:\/\/cuernavaca.gob.mx\/index.php?rest_route=%2Fwp%2Fv2%2Fmedia&parent=39046"}],"wp:term":[{"taxonomy":"category","embeddable":true,"href":"https:\/\/cuernavaca.gob.mx\/index.php?rest_route=%2Fwp%2Fv2%2Fcategories&post=39046"},{"taxonomy":"post_tag","embeddable":true,"href":"https:\/\/cuernavaca.gob.mx\/index.php?rest_route=%2Fwp%2Fv2%2Ftags&post=39046"}],"curies":[{"name":"wp","href":"https:\/\/api.w.org\/{rel}","templated":true}]}}