{"id":39068,"date":"2024-02-29T20:00:34","date_gmt":"2024-03-01T02:00:34","guid":{"rendered":"https:\/\/cuernavaca.gob.mx\/?p=39068"},"modified":"2024-03-13T11:30:36","modified_gmt":"2024-03-13T17:30:36","slug":"f635-29-02-24-inaugura-jose-luis-uriostegui-el-carnaval-2024-de-la-colonia-antonio-barona","status":"publish","type":"post","link":"https:\/\/cuernavaca.gob.mx\/?p=39068","title":{"rendered":"F635 29\/02\/24 INAUGURA JOS\u00c9 LUIS URI\u00d3STEGUI EL CARNAVAL 2024 DE LA COLONIA ANTONIO BARONA"},"content":{"rendered":"<p>En un ambiente de fiesta y j\u00fabilo, el presidente municipal de Cuernavaca, Jos\u00e9 Luis Uri\u00f3stegui Salgado, acompa\u00f1ado del Comit\u00e9 Organizador, de diputados locales y autoridades auxiliares, encabez\u00f3 este jueves el corte del list\u00f3n del Carnaval 2024 de la colonia Antonio Barona que en su d\u00e9cimo aniversario contar\u00e1 con distintas actividades culturales, art\u00edsticas y recreativas para toda la familia, preservando las tradiciones e historia de esta emblem\u00e1tica colonia.<\/p>\n<p>Jos\u00e9 Luis Uri\u00f3stegui agradeci\u00f3 al Comit\u00e9 Organizador por permitirle a la administraci\u00f3n municipal participar en esta celebraci\u00f3n que tiene un impacto social y econ\u00f3mico en la ciudad, fomentando la promoci\u00f3n cultural y tur\u00edstica, cambiando la imagen que se tiene de la colonia Antonio Barona, siendo esta la primera ocasi\u00f3n que el Ayuntamiento de Cuernavaca se suma al proyecto emanado de la misma poblaci\u00f3n.<\/p>\n<p>El Carnaval 2024 de la colonia Antonio Barona continuar\u00e1 hasta este pr\u00f3ximo domingo 03 de marzo, invitando a toda las familias y visitantes a no perderse de este evento \u00fanico en la capital morelense.<\/p>\n\n\t\t<style type=\"text\/css\">\n\t\t\t#gallery-1 {\n\t\t\t\tmargin: auto;\n\t\t\t}\n\t\t\t#gallery-1 .gallery-item {\n\t\t\t\tfloat: left;\n\t\t\t\tmargin-top: 10px;\n\t\t\t\ttext-align: center;\n\t\t\t\twidth: 33%;\n\t\t\t}\n\t\t\t#gallery-1 img {\n\t\t\t\tborder: 2px solid #cfcfcf;\n\t\t\t}\n\t\t\t#gallery-1 .gallery-caption {\n\t\t\t\tmargin-left: 0;\n\t\t\t}\n\t\t\t\/* see gallery_shortcode() in wp-includes\/media.php *\/\n\t\t<\/style>\n\t\t<div id='gallery-1' class='gallery galleryid-39068 gallery-columns-3 gallery-size-thumbnail'><dl class='gallery-item'>\n\t\t\t<dt class='gallery-icon landscape'>\n\t\t\t\t<a href='https:\/\/cuernavaca.gob.mx\/?attachment_id=39069'><img width=\"150\" height=\"150\" src=\"https:\/\/cuernavaca.gob.mx\/wp-content\/uploads\/2024\/02\/INAUGURA-JOSE-LUIS-URIOSTEGUI-EL-CARNAVAL-2024-DE-LA-COLONIA-ANTONIO-BARONA-1-150x150.jpeg\" class=\"attachment-thumbnail size-thumbnail\" alt=\"\" loading=\"lazy\" \/><\/a>\n\t\t\t<\/dt><\/dl><dl class='gallery-item'>\n\t\t\t<dt class='gallery-icon landscape'>\n\t\t\t\t<a href='https:\/\/cuernavaca.gob.mx\/?attachment_id=39070'><img width=\"150\" height=\"150\" src=\"https:\/\/cuernavaca.gob.mx\/wp-content\/uploads\/2024\/02\/INAUGURA-JOSE-LUIS-URIOSTEGUI-EL-CARNAVAL-2024-DE-LA-COLONIA-ANTONIO-BARONA-2-150x150.jpeg\" class=\"attachment-thumbnail size-thumbnail\" alt=\"\" loading=\"lazy\" \/><\/a>\n\t\t\t<\/dt><\/dl><dl class='gallery-item'>\n\t\t\t<dt class='gallery-icon landscape'>\n\t\t\t\t<a href='https:\/\/cuernavaca.gob.mx\/?attachment_id=39071'><img width=\"150\" height=\"150\" src=\"https:\/\/cuernavaca.gob.mx\/wp-content\/uploads\/2024\/02\/INAUGURA-JOSE-LUIS-URIOSTEGUI-EL-CARNAVAL-2024-DE-LA-COLONIA-ANTONIO-BARONA-3-150x150.jpeg\" class=\"attachment-thumbnail size-thumbnail\" alt=\"\" loading=\"lazy\" \/><\/a>\n\t\t\t<\/dt><\/dl><br style=\"clear: both\" \/><dl class='gallery-item'>\n\t\t\t<dt class='gallery-icon landscape'>\n\t\t\t\t<a href='https:\/\/cuernavaca.gob.mx\/?attachment_id=39072'><img width=\"150\" height=\"150\" src=\"https:\/\/cuernavaca.gob.mx\/wp-content\/uploads\/2024\/02\/INAUGURA-JOSE-LUIS-URIOSTEGUI-EL-CARNAVAL-2024-DE-LA-COLONIA-ANTONIO-BARONA-4-150x150.jpeg\" class=\"attachment-thumbnail size-thumbnail\" alt=\"\" loading=\"lazy\" \/><\/a>\n\t\t\t<\/dt><\/dl><dl class='gallery-item'>\n\t\t\t<dt class='gallery-icon landscape'>\n\t\t\t\t<a href='https:\/\/cuernavaca.gob.mx\/?attachment_id=39073'><img width=\"150\" height=\"150\" src=\"https:\/\/cuernavaca.gob.mx\/wp-content\/uploads\/2024\/02\/INAUGURA-JOSE-LUIS-URIOSTEGUI-EL-CARNAVAL-2024-DE-LA-COLONIA-ANTONIO-BARONA-5-150x150.jpeg\" class=\"attachment-thumbnail size-thumbnail\" alt=\"\" loading=\"lazy\" \/><\/a>\n\t\t\t<\/dt><\/dl><dl class='gallery-item'>\n\t\t\t<dt class='gallery-icon landscape'>\n\t\t\t\t<a href='https:\/\/cuernavaca.gob.mx\/?attachment_id=39074'><img width=\"150\" height=\"150\" src=\"https:\/\/cuernavaca.gob.mx\/wp-content\/uploads\/2024\/02\/INAUGURA-JOSE-LUIS-URIOSTEGUI-EL-CARNAVAL-2024-DE-LA-COLONIA-ANTONIO-BARONA-6-150x150.jpeg\" class=\"attachment-thumbnail size-thumbnail\" alt=\"\" loading=\"lazy\" \/><\/a>\n\t\t\t<\/dt><\/dl><br style=\"clear: both\" \/><dl class='gallery-item'>\n\t\t\t<dt class='gallery-icon landscape'>\n\t\t\t\t<a href='https:\/\/cuernavaca.gob.mx\/?attachment_id=39075'><img width=\"150\" height=\"150\" src=\"https:\/\/cuernavaca.gob.mx\/wp-content\/uploads\/2024\/02\/INAUGURA-JOSE-LUIS-URIOSTEGUI-EL-CARNAVAL-2024-DE-LA-COLONIA-ANTONIO-BARONA-7-150x150.jpeg\" class=\"attachment-thumbnail size-thumbnail\" alt=\"\" loading=\"lazy\" \/><\/a>\n\t\t\t<\/dt><\/dl><dl class='gallery-item'>\n\t\t\t<dt class='gallery-icon landscape'>\n\t\t\t\t<a href='https:\/\/cuernavaca.gob.mx\/?attachment_id=39076'><img width=\"150\" height=\"150\" src=\"https:\/\/cuernavaca.gob.mx\/wp-content\/uploads\/2024\/02\/INAUGURA-JOSE-LUIS-URIOSTEGUI-EL-CARNAVAL-2024-DE-LA-COLONIA-ANTONIO-BARONA-8-150x150.jpeg\" class=\"attachment-thumbnail size-thumbnail\" alt=\"\" loading=\"lazy\" \/><\/a>\n\t\t\t<\/dt><\/dl><dl class='gallery-item'>\n\t\t\t<dt class='gallery-icon landscape'>\n\t\t\t\t<a href='https:\/\/cuernavaca.gob.mx\/?attachment_id=39077'><img width=\"150\" height=\"150\" src=\"https:\/\/cuernavaca.gob.mx\/wp-content\/uploads\/2024\/02\/INAUGURA-JOSE-LUIS-URIOSTEGUI-EL-CARNAVAL-2024-DE-LA-COLONIA-ANTONIO-BARONA-9-150x150.jpeg\" class=\"attachment-thumbnail size-thumbnail\" alt=\"\" loading=\"lazy\" \/><\/a>\n\t\t\t<\/dt><\/dl><br style=\"clear: both\" \/>\n\t\t<\/div>\n\n","protected":false},"excerpt":{"rendered":"<p>En un ambiente de fiesta y j\u00fabilo, el presidente municipal de Cuernavaca, Jos\u00e9 Luis Uri\u00f3stegui Salgado, acompa\u00f1ado del Comit\u00e9 Organizador, de diputados locales y autoridades auxiliares, encabez\u00f3 este jueves el corte del list\u00f3n del Carnaval 2024 de la colonia Antonio Barona que en su d\u00e9cimo aniversario contar\u00e1 con distintas actividades culturales, art\u00edsticas y recreativas para [&hellip;]<\/p>\n","protected":false},"author":1,"featured_media":39074,"comment_status":"closed","ping_status":"open","sticky":false,"template":"","format":"standard","meta":[],"categories":[21],"tags":[3517,3542,121,120,206,127,2225],"aioseo_notices":[],"_links":{"self":[{"href":"https:\/\/cuernavaca.gob.mx\/index.php?rest_route=\/wp\/v2\/posts\/39068"}],"collection":[{"href":"https:\/\/cuernavaca.gob.mx\/index.php?rest_route=\/wp\/v2\/posts"}],"about":[{"href":"https:\/\/cuernavaca.gob.mx\/index.php?rest_route=\/wp\/v2\/types\/post"}],"author":[{"embeddable":true,"href":"https:\/\/cuernavaca.gob.mx\/index.php?rest_route=\/wp\/v2\/users\/1"}],"replies":[{"embeddable":true,"href":"https:\/\/cuernavaca.gob.mx\/index.php?rest_route=%2Fwp%2Fv2%2Fcomments&post=39068"}],"version-history":[{"count":1,"href":"https:\/\/cuernavaca.gob.mx\/index.php?rest_route=\/wp\/v2\/posts\/39068\/revisions"}],"predecessor-version":[{"id":39078,"href":"https:\/\/cuernavaca.gob.mx\/index.php?rest_route=\/wp\/v2\/posts\/39068\/revisions\/39078"}],"wp:featuredmedia":[{"embeddable":true,"href":"https:\/\/cuernavaca.gob.mx\/index.php?rest_route=\/wp\/v2\/media\/39074"}],"wp:attachment":[{"href":"https:\/\/cuernavaca.gob.mx\/index.php?rest_route=%2Fwp%2Fv2%2Fmedia&parent=39068"}],"wp:term":[{"taxonomy":"category","embeddable":true,"href":"https:\/\/cuernavaca.gob.mx\/index.php?rest_route=%2Fwp%2Fv2%2Fcategories&post=39068"},{"taxonomy":"post_tag","embeddable":true,"href":"https:\/\/cuernavaca.gob.mx\/index.php?rest_route=%2Fwp%2Fv2%2Ftags&post=39068"}],"curies":[{"name":"wp","href":"https:\/\/api.w.org\/{rel}","templated":true}]}}