{"id":39197,"date":"2024-03-09T14:15:30","date_gmt":"2024-03-09T20:15:30","guid":{"rendered":"https:\/\/cuernavaca.gob.mx\/?p=39197"},"modified":"2024-03-13T11:30:34","modified_gmt":"2024-03-13T17:30:34","slug":"b1630-09-03-24-seprac-asegura-a-53-personas-por-distintos-delitos-y-faltas-administrativas","status":"publish","type":"post","link":"https:\/\/cuernavaca.gob.mx\/?p=39197","title":{"rendered":"B1630 09\/03\/24 SEPRAC ASEGURA A 53 PERSONAS POR DISTINTOS DELITOS Y FALTAS ADMINISTRATIVAS"},"content":{"rendered":"<p>\u2022 Derivado de los recorridos de seguridad y vigilancia, del mes de enero a principios de marzo del 2024 se han recuperado 43 veh\u00edculos, poniendo a disposici\u00f3n del Ministerio P\u00fablico a 15 personas<\/p>\n<p>Del 26 de febrero al 03 de marzo la Secretar\u00eda de Protecci\u00f3n y Auxilio Ciudadano (SEPRAC) de Cuernavaca detuvo a 53 personas, de las cuales nueve fueron puestas a disposici\u00f3n del Ministerio P\u00fablico y 44 al Juez C\u00edvico, con el objetivo de garantizar la seguridad y bienestar de las familias cuernavaquenses y visitantes.<\/p>\n<p>Entre estos resultados se destaca el aseguramiento de Luis Andr\u00e9s \u201cN\u201d, Marlon Osvaldo \u201cN\u201d y del adolescente Jos\u00e9 Everardo \u201cN\u201d, quienes fueron detenidos y puestos a disposici\u00f3n del Ministerio P\u00fablico por robo de veh\u00edculo en grado de tentativa y portaci\u00f3n de arma de fuego, al intentar robarle a una mujer su veh\u00edculo en el Barrio de Gualupita amenaz\u00e1ndola con un arma de fuego; estas personas fueron detenidas calles m\u00e1s adelante, asegur\u00e1ndoles un arma de fuego calibre 9mm con 16 cartuchos \u00fatiles.<\/p>\n<p>El 28 de febrero en la colonia Lomas de la Selva Oriente fueron detenidos y puestos a disposici\u00f3n del Ministerio P\u00fablico Luis Enrique \u201cN\u201d y Eduardo \u201cN\u201d por su probable participaci\u00f3n en el delito de robo a un negocio y el 29 de febrero en la colonia Lomas de Cort\u00e9s fueron detenidos y puestos a disposici\u00f3n del Juez C\u00edvico Omar \u201cN\u201d y Diana \u201cN\u201d.<\/p>\n<p>En el poblado de Chamilpa el 29 de febrero fue detenido y puesto a disposici\u00f3n del Ministerio P\u00fablico Jorge \u201cN\u201d por su probable participaci\u00f3n en el delito de lesiones en agravio de una persona del sexo femenino, a quien se le asegur\u00f3 un veh\u00edculo marca Nissan, submarca Versa, color blanco, con placas de circulaci\u00f3n A388LUA del estado de Morelos, rotulado como taxi del municipio de Cuernavaca.<\/p>\n<p>Por su probable participaci\u00f3n en el delito de lesiones en agravio de una persona del sexo masculino el 01 de marzo en la colonia Chipitl\u00e1n fue detenido y puesto a disposici\u00f3n del Ministerio P\u00fablico el adolescente Jairo \u201cN\u201d, se le asegur\u00f3 una motocicleta marca Italika, tipo 150Z de color amarillo con negro.<\/p>\n<p>El 02 de marzo en el Barrio de Gualupita fue detenido y puesto a disposici\u00f3n del Ministerio P\u00fablico Miguel \u00c1ngel \u201cN\u201d por delitos contra la salud, al asegurarle 10 bolsitas de pl\u00e1stico tipo ziploc que conten\u00edan en su interior una sustancia granulada con las caracter\u00edsticas de la coca\u00edna en piedra.<\/p>\n<p>A trav\u00e9s de la Unidad de Prevenci\u00f3n al Robo de Veh\u00edculos (UPRV) del 01 de enero al 03 de marzo del 2024 la SEPRAC ha recuperado 43 veh\u00edculos, poniendo a disposici\u00f3n del Ministerio P\u00fablico a 15 personas, entre ellos a Alfredo \u201cN\u201d, quien fue detenido en 02 de marzo en la colonia Sat\u00e9lite por poseer un veh\u00edculo marca Volkswagen, submarca Bora, color azul, a\u00f1o 2010, n\u00famero de serie 3VWJW11K2AM132407 que contaba con alteraciones en sus medios de identificaci\u00f3n.<\/p>\n<p>Adem\u00e1s, el 27 de febrero en la colonia Lomas de Ahuatepec recuperaron un veh\u00edculo con reporte de robo vigente marca Nissan, submarca Tsuru, color blanco, serie 3N1EB31S1HK313566, con placas de circulaci\u00f3n A584LTT del estado de Morelos y rotulado como taxi del municipio de Temixco.<\/p>\n<p>Para conocer el listado de veh\u00edculos recuperados deben ingresar a las redes sociales oficiales de SEPRAC- Cuernavaca, reiterando el llamado a la poblaci\u00f3n de que si han sido v\u00edctimas de las personas detenidas presenten su denuncia ante el Ministerio P\u00fablico para evitar que los delitos queden impunes.<\/p>\n<p>Esta publicaci\u00f3n es de car\u00e1cter informativo, de inter\u00e9s p\u00fablico y ajena a cualquier partido pol\u00edtico<\/p>\n<p>&nbsp;<\/p>\n\n\t\t<style type=\"text\/css\">\n\t\t\t#gallery-1 {\n\t\t\t\tmargin: auto;\n\t\t\t}\n\t\t\t#gallery-1 .gallery-item {\n\t\t\t\tfloat: left;\n\t\t\t\tmargin-top: 10px;\n\t\t\t\ttext-align: center;\n\t\t\t\twidth: 33%;\n\t\t\t}\n\t\t\t#gallery-1 img {\n\t\t\t\tborder: 2px solid #cfcfcf;\n\t\t\t}\n\t\t\t#gallery-1 .gallery-caption {\n\t\t\t\tmargin-left: 0;\n\t\t\t}\n\t\t\t\/* see gallery_shortcode() in wp-includes\/media.php *\/\n\t\t<\/style>\n\t\t<div id='gallery-1' class='gallery galleryid-39197 gallery-columns-3 gallery-size-thumbnail'><dl class='gallery-item'>\n\t\t\t<dt class='gallery-icon landscape'>\n\t\t\t\t<a href='https:\/\/cuernavaca.gob.mx\/?attachment_id=39198'><img width=\"150\" height=\"150\" src=\"https:\/\/cuernavaca.gob.mx\/wp-content\/uploads\/2024\/03\/SEPRAC-ASEGURA-A-53-PERSONAS-POR-DISTINTOS-DELITOS-Y-FALTAS-ADMINISTRATIVAS-1-150x150.jpg\" class=\"attachment-thumbnail size-thumbnail\" alt=\"\" loading=\"lazy\" \/><\/a>\n\t\t\t<\/dt><\/dl><dl class='gallery-item'>\n\t\t\t<dt class='gallery-icon landscape'>\n\t\t\t\t<a href='https:\/\/cuernavaca.gob.mx\/?attachment_id=39199'><img width=\"150\" height=\"150\" src=\"https:\/\/cuernavaca.gob.mx\/wp-content\/uploads\/2024\/03\/SEPRAC-ASEGURA-A-53-PERSONAS-POR-DISTINTOS-DELITOS-Y-FALTAS-ADMINISTRATIVAS-2-150x150.jpg\" class=\"attachment-thumbnail size-thumbnail\" alt=\"\" loading=\"lazy\" srcset=\"https:\/\/cuernavaca.gob.mx\/wp-content\/uploads\/2024\/03\/SEPRAC-ASEGURA-A-53-PERSONAS-POR-DISTINTOS-DELITOS-Y-FALTAS-ADMINISTRATIVAS-2-150x150.jpg 150w, https:\/\/cuernavaca.gob.mx\/wp-content\/uploads\/2024\/03\/SEPRAC-ASEGURA-A-53-PERSONAS-POR-DISTINTOS-DELITOS-Y-FALTAS-ADMINISTRATIVAS-2-300x300.jpg 300w, https:\/\/cuernavaca.gob.mx\/wp-content\/uploads\/2024\/03\/SEPRAC-ASEGURA-A-53-PERSONAS-POR-DISTINTOS-DELITOS-Y-FALTAS-ADMINISTRATIVAS-2-1024x1024.jpg 1024w, https:\/\/cuernavaca.gob.mx\/wp-content\/uploads\/2024\/03\/SEPRAC-ASEGURA-A-53-PERSONAS-POR-DISTINTOS-DELITOS-Y-FALTAS-ADMINISTRATIVAS-2-768x768.jpg 768w, https:\/\/cuernavaca.gob.mx\/wp-content\/uploads\/2024\/03\/SEPRAC-ASEGURA-A-53-PERSONAS-POR-DISTINTOS-DELITOS-Y-FALTAS-ADMINISTRATIVAS-2-1536x1536.jpg 1536w, https:\/\/cuernavaca.gob.mx\/wp-content\/uploads\/2024\/03\/SEPRAC-ASEGURA-A-53-PERSONAS-POR-DISTINTOS-DELITOS-Y-FALTAS-ADMINISTRATIVAS-2-600x600.jpg 600w, https:\/\/cuernavaca.gob.mx\/wp-content\/uploads\/2024\/03\/SEPRAC-ASEGURA-A-53-PERSONAS-POR-DISTINTOS-DELITOS-Y-FALTAS-ADMINISTRATIVAS-2-560x560.jpg 560w, https:\/\/cuernavaca.gob.mx\/wp-content\/uploads\/2024\/03\/SEPRAC-ASEGURA-A-53-PERSONAS-POR-DISTINTOS-DELITOS-Y-FALTAS-ADMINISTRATIVAS-2.jpg 1600w\" sizes=\"(max-width: 150px) 100vw, 150px\" \/><\/a>\n\t\t\t<\/dt><\/dl><dl class='gallery-item'>\n\t\t\t<dt class='gallery-icon landscape'>\n\t\t\t\t<a href='https:\/\/cuernavaca.gob.mx\/?attachment_id=39200'><img width=\"150\" height=\"150\" src=\"https:\/\/cuernavaca.gob.mx\/wp-content\/uploads\/2024\/03\/SEPRAC-ASEGURA-A-53-PERSONAS-POR-DISTINTOS-DELITOS-Y-FALTAS-ADMINISTRATIVAS-3-150x150.jpg\" class=\"attachment-thumbnail size-thumbnail\" alt=\"\" loading=\"lazy\" \/><\/a>\n\t\t\t<\/dt><\/dl><br style=\"clear: both\" \/><dl class='gallery-item'>\n\t\t\t<dt class='gallery-icon landscape'>\n\t\t\t\t<a href='https:\/\/cuernavaca.gob.mx\/?attachment_id=39201'><img width=\"150\" height=\"150\" src=\"https:\/\/cuernavaca.gob.mx\/wp-content\/uploads\/2024\/03\/SEPRAC-ASEGURA-A-53-PERSONAS-POR-DISTINTOS-DELITOS-Y-FALTAS-ADMINISTRATIVAS-4-150x150.jpg\" class=\"attachment-thumbnail size-thumbnail\" alt=\"\" loading=\"lazy\" \/><\/a>\n\t\t\t<\/dt><\/dl><dl class='gallery-item'>\n\t\t\t<dt class='gallery-icon landscape'>\n\t\t\t\t<a href='https:\/\/cuernavaca.gob.mx\/?attachment_id=39202'><img width=\"150\" height=\"150\" src=\"https:\/\/cuernavaca.gob.mx\/wp-content\/uploads\/2024\/03\/SEPRAC-ASEGURA-A-53-PERSONAS-POR-DISTINTOS-DELITOS-Y-FALTAS-ADMINISTRATIVAS-5-150x150.jpg\" class=\"attachment-thumbnail size-thumbnail\" alt=\"\" loading=\"lazy\" \/><\/a>\n\t\t\t<\/dt><\/dl><dl class='gallery-item'>\n\t\t\t<dt class='gallery-icon landscape'>\n\t\t\t\t<a href='https:\/\/cuernavaca.gob.mx\/?attachment_id=39203'><img width=\"150\" height=\"150\" src=\"https:\/\/cuernavaca.gob.mx\/wp-content\/uploads\/2024\/03\/SEPRAC-ASEGURA-A-53-PERSONAS-POR-DISTINTOS-DELITOS-Y-FALTAS-ADMINISTRATIVAS-6-150x150.jpg\" class=\"attachment-thumbnail size-thumbnail\" alt=\"\" loading=\"lazy\" srcset=\"https:\/\/cuernavaca.gob.mx\/wp-content\/uploads\/2024\/03\/SEPRAC-ASEGURA-A-53-PERSONAS-POR-DISTINTOS-DELITOS-Y-FALTAS-ADMINISTRATIVAS-6-150x150.jpg 150w, https:\/\/cuernavaca.gob.mx\/wp-content\/uploads\/2024\/03\/SEPRAC-ASEGURA-A-53-PERSONAS-POR-DISTINTOS-DELITOS-Y-FALTAS-ADMINISTRATIVAS-6-300x300.jpg 300w, https:\/\/cuernavaca.gob.mx\/wp-content\/uploads\/2024\/03\/SEPRAC-ASEGURA-A-53-PERSONAS-POR-DISTINTOS-DELITOS-Y-FALTAS-ADMINISTRATIVAS-6-560x560.jpg 560w, https:\/\/cuernavaca.gob.mx\/wp-content\/uploads\/2024\/03\/SEPRAC-ASEGURA-A-53-PERSONAS-POR-DISTINTOS-DELITOS-Y-FALTAS-ADMINISTRATIVAS-6.jpg 600w\" sizes=\"(max-width: 150px) 100vw, 150px\" \/><\/a>\n\t\t\t<\/dt><\/dl><br style=\"clear: both\" \/>\n\t\t<\/div>\n\n","protected":false},"excerpt":{"rendered":"<p>\u2022 Derivado de los recorridos de seguridad y vigilancia, del mes de enero a principios de marzo del 2024 se han recuperado 43 veh\u00edculos, poniendo a disposici\u00f3n del Ministerio P\u00fablico a 15 personas Del 26 de febrero al 03 de marzo la Secretar\u00eda de Protecci\u00f3n y Auxilio Ciudadano (SEPRAC) de Cuernavaca detuvo a 53 personas, [&hellip;]<\/p>\n","protected":false},"author":1,"featured_media":39198,"comment_status":"closed","ping_status":"open","sticky":false,"template":"","format":"standard","meta":[],"categories":[17],"tags":[2582,121,3026,2898,120,206,141,3235,127,125],"aioseo_notices":[],"_links":{"self":[{"href":"https:\/\/cuernavaca.gob.mx\/index.php?rest_route=\/wp\/v2\/posts\/39197"}],"collection":[{"href":"https:\/\/cuernavaca.gob.mx\/index.php?rest_route=\/wp\/v2\/posts"}],"about":[{"href":"https:\/\/cuernavaca.gob.mx\/index.php?rest_route=\/wp\/v2\/types\/post"}],"author":[{"embeddable":true,"href":"https:\/\/cuernavaca.gob.mx\/index.php?rest_route=\/wp\/v2\/users\/1"}],"replies":[{"embeddable":true,"href":"https:\/\/cuernavaca.gob.mx\/index.php?rest_route=%2Fwp%2Fv2%2Fcomments&post=39197"}],"version-history":[{"count":1,"href":"https:\/\/cuernavaca.gob.mx\/index.php?rest_route=\/wp\/v2\/posts\/39197\/revisions"}],"predecessor-version":[{"id":39204,"href":"https:\/\/cuernavaca.gob.mx\/index.php?rest_route=\/wp\/v2\/posts\/39197\/revisions\/39204"}],"wp:featuredmedia":[{"embeddable":true,"href":"https:\/\/cuernavaca.gob.mx\/index.php?rest_route=\/wp\/v2\/media\/39198"}],"wp:attachment":[{"href":"https:\/\/cuernavaca.gob.mx\/index.php?rest_route=%2Fwp%2Fv2%2Fmedia&parent=39197"}],"wp:term":[{"taxonomy":"category","embeddable":true,"href":"https:\/\/cuernavaca.gob.mx\/index.php?rest_route=%2Fwp%2Fv2%2Fcategories&post=39197"},{"taxonomy":"post_tag","embeddable":true,"href":"https:\/\/cuernavaca.gob.mx\/index.php?rest_route=%2Fwp%2Fv2%2Ftags&post=39197"}],"curies":[{"name":"wp","href":"https:\/\/api.w.org\/{rel}","templated":true}]}}