{"id":39247,"date":"2024-03-11T17:45:09","date_gmt":"2024-03-11T23:45:09","guid":{"rendered":"https:\/\/cuernavaca.gob.mx\/?p=39247"},"modified":"2024-03-13T11:30:33","modified_gmt":"2024-03-13T17:30:33","slug":"f638-11-03-24-concluyeron-trabajos-de-pavimentacion-con-concreto-hidraulico-de-la-calle-francisco-leyva-en-una-primera-etapa-continuara-hasta-llegar-a-avenida-palmira","status":"publish","type":"post","link":"https:\/\/cuernavaca.gob.mx\/?p=39247","title":{"rendered":"F638 11\/03\/24 CONCLUYERON TRABAJOS DE PAVIMENTACI\u00d3N CON CONCRETO HIDR\u00c1ULICO DE LA CALLE FRANCISCO LEYVA EN UNA PRIMERA ETAPA; CONTINUAR\u00c1 HASTA LLEGAR A AVENIDA PALMIRA"},"content":{"rendered":"<p>A partir de este lunes, la calle General Francisco Leyva tiene una mejor imagen para la movilidad y accesibilidad de m\u00e1s de 19 mil personas que son beneficiadas con los trabajos de construcci\u00f3n del pavimento con concreto asf\u00e1ltico de la que fue objeto esta vialidad de calle Motolin\u00eda a calle Himno Nacional en el Centro Hist\u00f3rico, en una primera etapa.<\/p>\n<p>La Secretar\u00eda de Desarrollo Urbano y Obras P\u00fablicas del Ayuntamiento de Cuernavaca inform\u00f3 que entre los trabajos ejecutados fueron el tendido de la carpeta de cinco cent\u00edmetros de espesor de concreto asf\u00e1ltico en caliente en seis mil 042.10 metros cuadrados, la renivelaci\u00f3n de ocho pozos de visita por medio de enrace a base de concreto con una resistencia de 200 kg\/cm2, la sustituci\u00f3n de brocal con tapa.<\/p>\n<p>El suministro y aplicaci\u00f3n de pintura termopl\u00e1stica con microesferas en mil 913.15 metros cuadrados y la aplicaci\u00f3n de pintura para tr\u00e1fico base solvente color amarillo con microesferas en guarniciones de concreto en mil 525.89 metros cuadrados.<\/p>\n<p>Cabe resaltar que los trabajos en cuanto a la l\u00ednea de agua continuar\u00e1n en una tercera etapa para ponerla en funcionamiento dado que esta obra contempla llegar hasta Avenida Palmira; adem\u00e1s de que se ha instruido a la empresa encargada de la obra retirar materiales que fueron reemplazados y que se han dejado en algunas banquetas.<\/p>\n\n\t\t<style type=\"text\/css\">\n\t\t\t#gallery-1 {\n\t\t\t\tmargin: auto;\n\t\t\t}\n\t\t\t#gallery-1 .gallery-item {\n\t\t\t\tfloat: left;\n\t\t\t\tmargin-top: 10px;\n\t\t\t\ttext-align: center;\n\t\t\t\twidth: 33%;\n\t\t\t}\n\t\t\t#gallery-1 img {\n\t\t\t\tborder: 2px solid #cfcfcf;\n\t\t\t}\n\t\t\t#gallery-1 .gallery-caption {\n\t\t\t\tmargin-left: 0;\n\t\t\t}\n\t\t\t\/* see gallery_shortcode() in wp-includes\/media.php *\/\n\t\t<\/style>\n\t\t<div id='gallery-1' class='gallery galleryid-39247 gallery-columns-3 gallery-size-thumbnail'><dl class='gallery-item'>\n\t\t\t<dt class='gallery-icon landscape'>\n\t\t\t\t<a href='https:\/\/cuernavaca.gob.mx\/?attachment_id=39248'><img width=\"150\" height=\"150\" src=\"https:\/\/cuernavaca.gob.mx\/wp-content\/uploads\/2024\/03\/CONCLUYERON-TRABAJOS-DE-PAVIMENTACIO\u0301N-CON-CONCRETO-HIDRA\u0301ULICO-DE-LA-CALLE-FRANCISCO-LEYVA-EN-UNA-PRIMERA-ETAPA-CONTINUARA\u0301-HASTA-LLEGAR-A-AVENIDA-PALMIRA-1-150x150.jpg\" class=\"attachment-thumbnail size-thumbnail\" alt=\"\" loading=\"lazy\" \/><\/a>\n\t\t\t<\/dt><\/dl><dl class='gallery-item'>\n\t\t\t<dt class='gallery-icon landscape'>\n\t\t\t\t<a href='https:\/\/cuernavaca.gob.mx\/?attachment_id=39249'><img width=\"150\" height=\"150\" src=\"https:\/\/cuernavaca.gob.mx\/wp-content\/uploads\/2024\/03\/CONCLUYERON-TRABAJOS-DE-PAVIMENTACIO\u0301N-CON-CONCRETO-HIDRA\u0301ULICO-DE-LA-CALLE-FRANCISCO-LEYVA-EN-UNA-PRIMERA-ETAPA-CONTINUARA\u0301-HASTA-LLEGAR-A-AVENIDA-PALMIRA-2-150x150.jpg\" class=\"attachment-thumbnail size-thumbnail\" alt=\"\" loading=\"lazy\" \/><\/a>\n\t\t\t<\/dt><\/dl><dl class='gallery-item'>\n\t\t\t<dt class='gallery-icon landscape'>\n\t\t\t\t<a href='https:\/\/cuernavaca.gob.mx\/?attachment_id=39250'><img width=\"150\" height=\"150\" src=\"https:\/\/cuernavaca.gob.mx\/wp-content\/uploads\/2024\/03\/CONCLUYERON-TRABAJOS-DE-PAVIMENTACIO\u0301N-CON-CONCRETO-HIDRA\u0301ULICO-DE-LA-CALLE-FRANCISCO-LEYVA-EN-UNA-PRIMERA-ETAPA-CONTINUARA\u0301-HASTA-LLEGAR-A-AVENIDA-PALMIRA-3-150x150.jpg\" class=\"attachment-thumbnail size-thumbnail\" alt=\"\" loading=\"lazy\" \/><\/a>\n\t\t\t<\/dt><\/dl><br style=\"clear: both\" \/><dl class='gallery-item'>\n\t\t\t<dt class='gallery-icon landscape'>\n\t\t\t\t<a href='https:\/\/cuernavaca.gob.mx\/?attachment_id=39251'><img width=\"150\" height=\"150\" src=\"https:\/\/cuernavaca.gob.mx\/wp-content\/uploads\/2024\/03\/CONCLUYERON-TRABAJOS-DE-PAVIMENTACIO\u0301N-CON-CONCRETO-HIDRA\u0301ULICO-DE-LA-CALLE-FRANCISCO-LEYVA-EN-UNA-PRIMERA-ETAPA-CONTINUARA\u0301-HASTA-LLEGAR-A-AVENIDA-PALMIRA-4-150x150.jpg\" class=\"attachment-thumbnail size-thumbnail\" alt=\"\" loading=\"lazy\" \/><\/a>\n\t\t\t<\/dt><\/dl><dl class='gallery-item'>\n\t\t\t<dt class='gallery-icon landscape'>\n\t\t\t\t<a href='https:\/\/cuernavaca.gob.mx\/?attachment_id=39252'><img width=\"150\" height=\"150\" src=\"https:\/\/cuernavaca.gob.mx\/wp-content\/uploads\/2024\/03\/CONCLUYERON-TRABAJOS-DE-PAVIMENTACIO\u0301N-CON-CONCRETO-HIDRA\u0301ULICO-DE-LA-CALLE-FRANCISCO-LEYVA-EN-UNA-PRIMERA-ETAPA-CONTINUARA\u0301-HASTA-LLEGAR-A-AVENIDA-PALMIRA-5-150x150.jpg\" class=\"attachment-thumbnail size-thumbnail\" alt=\"\" loading=\"lazy\" \/><\/a>\n\t\t\t<\/dt><\/dl><dl class='gallery-item'>\n\t\t\t<dt class='gallery-icon landscape'>\n\t\t\t\t<a href='https:\/\/cuernavaca.gob.mx\/?attachment_id=39253'><img width=\"150\" height=\"150\" src=\"https:\/\/cuernavaca.gob.mx\/wp-content\/uploads\/2024\/03\/CONCLUYERON-TRABAJOS-DE-PAVIMENTACIO\u0301N-CON-CONCRETO-HIDRA\u0301ULICO-DE-LA-CALLE-FRANCISCO-LEYVA-EN-UNA-PRIMERA-ETAPA-CONTINUARA\u0301-HASTA-LLEGAR-A-AVENIDA-PALMIRA-6-150x150.jpg\" class=\"attachment-thumbnail size-thumbnail\" alt=\"\" loading=\"lazy\" \/><\/a>\n\t\t\t<\/dt><\/dl><br style=\"clear: both\" \/><dl class='gallery-item'>\n\t\t\t<dt class='gallery-icon landscape'>\n\t\t\t\t<a href='https:\/\/cuernavaca.gob.mx\/?attachment_id=39254'><img width=\"150\" height=\"150\" src=\"https:\/\/cuernavaca.gob.mx\/wp-content\/uploads\/2024\/03\/CONCLUYERON-TRABAJOS-DE-PAVIMENTACIO\u0301N-CON-CONCRETO-HIDRA\u0301ULICO-DE-LA-CALLE-FRANCISCO-LEYVA-EN-UNA-PRIMERA-ETAPA-CONTINUARA\u0301-HASTA-LLEGAR-A-AVENIDA-PALMIRA-7-150x150.jpg\" class=\"attachment-thumbnail size-thumbnail\" alt=\"\" loading=\"lazy\" \/><\/a>\n\t\t\t<\/dt><\/dl>\n\t\t\t<br style='clear: both' \/>\n\t\t<\/div>\n\n","protected":false},"excerpt":{"rendered":"<p>A partir de este lunes, la calle General Francisco Leyva tiene una mejor imagen para la movilidad y accesibilidad de m\u00e1s de 19 mil personas que son beneficiadas con los trabajos de construcci\u00f3n del pavimento con concreto asf\u00e1ltico de la que fue objeto esta vialidad de calle Motolin\u00eda a calle Himno Nacional en el Centro [&hellip;]<\/p>\n","protected":false},"author":1,"featured_media":39251,"comment_status":"closed","ping_status":"open","sticky":false,"template":"","format":"standard","meta":[],"categories":[18],"tags":[916,1610,121,515,120,206,1487,1075,213,358,3547],"aioseo_notices":[],"_links":{"self":[{"href":"https:\/\/cuernavaca.gob.mx\/index.php?rest_route=\/wp\/v2\/posts\/39247"}],"collection":[{"href":"https:\/\/cuernavaca.gob.mx\/index.php?rest_route=\/wp\/v2\/posts"}],"about":[{"href":"https:\/\/cuernavaca.gob.mx\/index.php?rest_route=\/wp\/v2\/types\/post"}],"author":[{"embeddable":true,"href":"https:\/\/cuernavaca.gob.mx\/index.php?rest_route=\/wp\/v2\/users\/1"}],"replies":[{"embeddable":true,"href":"https:\/\/cuernavaca.gob.mx\/index.php?rest_route=%2Fwp%2Fv2%2Fcomments&post=39247"}],"version-history":[{"count":1,"href":"https:\/\/cuernavaca.gob.mx\/index.php?rest_route=\/wp\/v2\/posts\/39247\/revisions"}],"predecessor-version":[{"id":39255,"href":"https:\/\/cuernavaca.gob.mx\/index.php?rest_route=\/wp\/v2\/posts\/39247\/revisions\/39255"}],"wp:featuredmedia":[{"embeddable":true,"href":"https:\/\/cuernavaca.gob.mx\/index.php?rest_route=\/wp\/v2\/media\/39251"}],"wp:attachment":[{"href":"https:\/\/cuernavaca.gob.mx\/index.php?rest_route=%2Fwp%2Fv2%2Fmedia&parent=39247"}],"wp:term":[{"taxonomy":"category","embeddable":true,"href":"https:\/\/cuernavaca.gob.mx\/index.php?rest_route=%2Fwp%2Fv2%2Fcategories&post=39247"},{"taxonomy":"post_tag","embeddable":true,"href":"https:\/\/cuernavaca.gob.mx\/index.php?rest_route=%2Fwp%2Fv2%2Ftags&post=39247"}],"curies":[{"name":"wp","href":"https:\/\/api.w.org\/{rel}","templated":true}]}}