{"id":39278,"date":"2024-03-12T18:15:04","date_gmt":"2024-03-13T00:15:04","guid":{"rendered":"https:\/\/cuernavaca.gob.mx\/?p=39278"},"modified":"2024-03-13T11:30:32","modified_gmt":"2024-03-13T17:30:32","slug":"f640-12-03-24-inician-trabajos-en-calles-gavilan-primavera-y-colibri-de-la-colonia-bosques-de-cuernavaca","status":"publish","type":"post","link":"https:\/\/cuernavaca.gob.mx\/?p=39278","title":{"rendered":"F640 12\/03\/24 INICIAN TRABAJOS EN CALLES GAVIL\u00c1N, PRIMAVERA Y COLIBR\u00cd DE LA COLONIA BOSQUES DE CUERNAVACA"},"content":{"rendered":"<p>El Ayuntamiento de Cuernavaca a trav\u00e9s de la Secretar\u00eda de Desarrollo Urbano y Obras P\u00fablicas exhort\u00f3 a las vecinas y vecinos de la colonia Bosques de Cuernavaca, tomar precauciones durante un periodo estimado de 60 d\u00edas naturales que se estar\u00e1n llevando a cabo los trabajos de rehabilitaci\u00f3n integral en calles Gavil\u00e1n, Primavera y Colibr\u00ed.<\/p>\n<p>Los trabajos a ejecutar contemplan el tendido de la carpeta de cinco cent\u00edmetros de espesor de concreto asf\u00e1ltico en caliente en dos mil 790.25 metros cuadrados, el pavimento de 15 cent\u00edmetros de espesor a base de concreto premezclado en 383.75 metros cuadrados, la construcci\u00f3n de guarnici\u00f3n de 20 x 15 x 40 cent\u00edmetros de concreto con una resistencia de 200 kg\/cm2 en 900 metros lineales y de banquetas de 10 cent\u00edmetros de espesor de concreto con resistencia de 150 kg\/cm2 en 840 metros cuadrados.<\/p>\n<p>Con una inversi\u00f3n de cuatro millones 995 mil 156.63 pesos de gastos de capital en municipios 2024 se contempla tambi\u00e9n la aplicaci\u00f3n de pintura termopl\u00e1stica con microesferas de color blanco para se\u00f1alamiento horizontal en l\u00ednea sencilla de 10 cent\u00edmetros de ancho en mil 500 metros lineales, la pintura para tr\u00e1fico base solvente color amarillo con microesferas en guarniciones de concreto en mil metros lineales y la aplicaci\u00f3n de pintura de alto desempe\u00f1o en pasos peatonales, reductores de velocidad y cebreados de isletas o glorietas color amarillo en 11.29 metros cuadrados.<\/p>\n<p>*Esta publicaci\u00f3n es de car\u00e1cter informativo, de inter\u00e9s p\u00fablico y ajena a cualquier partido pol\u00edtico*<\/p>\n\n\t\t<style type=\"text\/css\">\n\t\t\t#gallery-1 {\n\t\t\t\tmargin: auto;\n\t\t\t}\n\t\t\t#gallery-1 .gallery-item {\n\t\t\t\tfloat: left;\n\t\t\t\tmargin-top: 10px;\n\t\t\t\ttext-align: center;\n\t\t\t\twidth: 33%;\n\t\t\t}\n\t\t\t#gallery-1 img {\n\t\t\t\tborder: 2px solid #cfcfcf;\n\t\t\t}\n\t\t\t#gallery-1 .gallery-caption {\n\t\t\t\tmargin-left: 0;\n\t\t\t}\n\t\t\t\/* see gallery_shortcode() in wp-includes\/media.php *\/\n\t\t<\/style>\n\t\t<div id='gallery-1' class='gallery galleryid-39278 gallery-columns-3 gallery-size-thumbnail'><dl class='gallery-item'>\n\t\t\t<dt class='gallery-icon landscape'>\n\t\t\t\t<a href='https:\/\/cuernavaca.gob.mx\/?attachment_id=39279'><img width=\"150\" height=\"150\" src=\"https:\/\/cuernavaca.gob.mx\/wp-content\/uploads\/2024\/03\/INICIAN-TRABAJOS-EN-CALLES-GAVILAN-PRIMAVERA-Y-COLIBRI-DE-LA-COLONIA-BOSQUES-DE-CUERNAVACA-1-150x150.jpeg\" class=\"attachment-thumbnail size-thumbnail\" alt=\"\" loading=\"lazy\" \/><\/a>\n\t\t\t<\/dt><\/dl><dl class='gallery-item'>\n\t\t\t<dt class='gallery-icon landscape'>\n\t\t\t\t<a href='https:\/\/cuernavaca.gob.mx\/?attachment_id=39280'><img width=\"150\" height=\"150\" src=\"https:\/\/cuernavaca.gob.mx\/wp-content\/uploads\/2024\/03\/INICIAN-TRABAJOS-EN-CALLES-GAVILAN-PRIMAVERA-Y-COLIBRI-DE-LA-COLONIA-BOSQUES-DE-CUERNAVACA-2-150x150.jpeg\" class=\"attachment-thumbnail size-thumbnail\" alt=\"\" loading=\"lazy\" \/><\/a>\n\t\t\t<\/dt><\/dl><dl class='gallery-item'>\n\t\t\t<dt class='gallery-icon landscape'>\n\t\t\t\t<a href='https:\/\/cuernavaca.gob.mx\/?attachment_id=39281'><img width=\"150\" height=\"150\" src=\"https:\/\/cuernavaca.gob.mx\/wp-content\/uploads\/2024\/03\/INICIAN-TRABAJOS-EN-CALLES-GAVILAN-PRIMAVERA-Y-COLIBRI-DE-LA-COLONIA-BOSQUES-DE-CUERNAVACA-3-150x150.jpeg\" class=\"attachment-thumbnail size-thumbnail\" alt=\"\" loading=\"lazy\" \/><\/a>\n\t\t\t<\/dt><\/dl><br style=\"clear: both\" \/><dl class='gallery-item'>\n\t\t\t<dt class='gallery-icon landscape'>\n\t\t\t\t<a href='https:\/\/cuernavaca.gob.mx\/?attachment_id=39282'><img width=\"150\" height=\"150\" src=\"https:\/\/cuernavaca.gob.mx\/wp-content\/uploads\/2024\/03\/INICIAN-TRABAJOS-EN-CALLES-GAVILAN-PRIMAVERA-Y-COLIBRI-DE-LA-COLONIA-BOSQUES-DE-CUERNAVACA-4-150x150.jpeg\" class=\"attachment-thumbnail size-thumbnail\" alt=\"\" loading=\"lazy\" \/><\/a>\n\t\t\t<\/dt><\/dl><dl class='gallery-item'>\n\t\t\t<dt class='gallery-icon landscape'>\n\t\t\t\t<a href='https:\/\/cuernavaca.gob.mx\/?attachment_id=39283'><img width=\"150\" height=\"150\" src=\"https:\/\/cuernavaca.gob.mx\/wp-content\/uploads\/2024\/03\/INICIAN-TRABAJOS-EN-CALLES-GAVILAN-PRIMAVERA-Y-COLIBRI-DE-LA-COLONIA-BOSQUES-DE-CUERNAVACA-5-150x150.jpeg\" class=\"attachment-thumbnail size-thumbnail\" alt=\"\" loading=\"lazy\" \/><\/a>\n\t\t\t<\/dt><\/dl>\n\t\t\t<br style='clear: both' \/>\n\t\t<\/div>\n\n","protected":false},"excerpt":{"rendered":"<p>El Ayuntamiento de Cuernavaca a trav\u00e9s de la Secretar\u00eda de Desarrollo Urbano y Obras P\u00fablicas exhort\u00f3 a las vecinas y vecinos de la colonia Bosques de Cuernavaca, tomar precauciones durante un periodo estimado de 60 d\u00edas naturales que se estar\u00e1n llevando a cabo los trabajos de rehabilitaci\u00f3n integral en calles Gavil\u00e1n, Primavera y Colibr\u00ed. Los [&hellip;]<\/p>\n","protected":false},"author":1,"featured_media":39283,"comment_status":"closed","ping_status":"open","sticky":false,"template":"","format":"standard","meta":[],"categories":[18],"tags":[916,121,515,120,206,1075,213,358,127],"aioseo_notices":[],"_links":{"self":[{"href":"https:\/\/cuernavaca.gob.mx\/index.php?rest_route=\/wp\/v2\/posts\/39278"}],"collection":[{"href":"https:\/\/cuernavaca.gob.mx\/index.php?rest_route=\/wp\/v2\/posts"}],"about":[{"href":"https:\/\/cuernavaca.gob.mx\/index.php?rest_route=\/wp\/v2\/types\/post"}],"author":[{"embeddable":true,"href":"https:\/\/cuernavaca.gob.mx\/index.php?rest_route=\/wp\/v2\/users\/1"}],"replies":[{"embeddable":true,"href":"https:\/\/cuernavaca.gob.mx\/index.php?rest_route=%2Fwp%2Fv2%2Fcomments&post=39278"}],"version-history":[{"count":1,"href":"https:\/\/cuernavaca.gob.mx\/index.php?rest_route=\/wp\/v2\/posts\/39278\/revisions"}],"predecessor-version":[{"id":39284,"href":"https:\/\/cuernavaca.gob.mx\/index.php?rest_route=\/wp\/v2\/posts\/39278\/revisions\/39284"}],"wp:featuredmedia":[{"embeddable":true,"href":"https:\/\/cuernavaca.gob.mx\/index.php?rest_route=\/wp\/v2\/media\/39283"}],"wp:attachment":[{"href":"https:\/\/cuernavaca.gob.mx\/index.php?rest_route=%2Fwp%2Fv2%2Fmedia&parent=39278"}],"wp:term":[{"taxonomy":"category","embeddable":true,"href":"https:\/\/cuernavaca.gob.mx\/index.php?rest_route=%2Fwp%2Fv2%2Fcategories&post=39278"},{"taxonomy":"post_tag","embeddable":true,"href":"https:\/\/cuernavaca.gob.mx\/index.php?rest_route=%2Fwp%2Fv2%2Ftags&post=39278"}],"curies":[{"name":"wp","href":"https:\/\/api.w.org\/{rel}","templated":true}]}}