{"id":39324,"date":"2024-03-13T16:19:35","date_gmt":"2024-03-13T22:19:35","guid":{"rendered":"https:\/\/cuernavaca.gob.mx\/?p=39324"},"modified":"2024-03-13T16:19:35","modified_gmt":"2024-03-13T22:19:35","slug":"b1635-13-03-24-cuernavaca-participa-en-el-foro-de-inclusion-la-participacion-politica-de-las-personas-afromexicanas","status":"publish","type":"post","link":"https:\/\/cuernavaca.gob.mx\/?p=39324","title":{"rendered":"B1635 13\/03\/24 CUERNAVACA, PARTICIPA EN EL FORO DE INCLUSI\u00d3N &#8220;LA PARTICIPACI\u00d3N POL\u00cdTICA DE LAS PERSONAS AFROMEXICANAS"},"content":{"rendered":"<p><strong>\u2022 El Gobierno Municipal fue representado por el titular de la Direcci\u00f3n de Atenci\u00f3n a la Diversidad Sexual, quien es representante de la poblaci\u00f3n afromexicana en la administraci\u00f3n municipal<\/strong><\/p>\n<p>La ciudad de Cuernavaca fue sede este mi\u00e9rcoles del Foro de Inclusi\u00f3n &#8220;La participaci\u00f3n pol\u00edtica de las personas afromexicanas&#8221; organizado por el Instituto Nacional Electoral (INE), el Instituto Morelense de Procesos Electores y Participaci\u00f3n Ciudadana (IMPEPAC), el Tribunal Electoral del Estado de Morelos (TEEM) y el Programa Interdisciplinario de Investigaci\u00f3n Acci\u00f3n Feminista (PIIAF, A.C.), con el prop\u00f3sito de contribuir a la reflexi\u00f3n p\u00fablica sobre la importancia de promover la participaci\u00f3n pol\u00edtica e inclusi\u00f3n igualitaria de este grupo poblacional que ha sido hist\u00f3ricamente vulnerado en sus derechos.<\/p>\n<p>En instalaciones del Museo Universitario de Arte Ind\u00edgena Contempor\u00e1neo, el director de Atenci\u00f3n a la Diversidad Sexual particip\u00f3 en este evento, puntualiz\u00f3 que en la entidad son casi 50 mil personas afrodescendientes, siendo Cuernavaca el municipio con mayor poblaci\u00f3n al contar con pr\u00e1cticamente una tercera parte de estas 50 mil personas, de acuerdo con datos oficiales del INEGI.<\/p>\n<p>Como representante de este sector y de la diversidad sexual en la administraci\u00f3n municipal de Cuernavaca, resalt\u00f3 la necesidad de contar con m\u00e1s personas afrodescendientes diversas o con alguna discapacidad dentro de la administraci\u00f3n p\u00fablica, lo cual se lograr\u00e1 visibiliz\u00e1ndolas, ya que a pesar de nacer y residir por generaciones en el estado las personas afromexicanas siguen enfrentando situaciones de desigualdad, lo que se ve reflejado a\u00fan m\u00e1s en la lucha por sus derechos pol\u00edticos y electorales donde enfrentan condiciones de discriminaci\u00f3n, racismo y xenofobia.<\/p>\n<p>Al respecto, la vocal de Capacitaci\u00f3n Electoral y Educaci\u00f3n C\u00edvica en la Junta Local Ejecutiva del INE en Morelos, Elizabeth Hern\u00e1ndez Loyola, detall\u00f3 que este foro de inclusi\u00f3n deriva de un plan de trabajo signado entre el \u00f3rgano electoral y el IMPEPAC para la promoci\u00f3n en el actual proceso electoral de la participaci\u00f3n pol\u00edtica de aquellos grupos que hist\u00f3ricamente enfrentan situaciones de desigualdad y discriminaci\u00f3n, como son las personas afromexicanas, escuchando de sus mismos integrantes los retos que enfrentan relacionados a su participaci\u00f3n pol\u00edtica.<\/p>\n<p>Precis\u00f3 que al vivir en una naci\u00f3n pluricultural es necesario que todas las voces sean representadas en cada uno de los esca\u00f1os p\u00fablicos para llegar a una verdadera inclusi\u00f3n, subrayando que en la democracia m\u00e1s all\u00e1 de ser el gobierno de las mayor\u00edas se tiene que reconocer la participaci\u00f3n de las minor\u00edas.<\/p>\n<p>Este espacio cont\u00f3 tambi\u00e9n con la participaci\u00f3n de Elizabeth Mildred Maluti L\u00faa, primera representante afromexicana electa en Morelos por el municipio de Temixco; de Perla Pedroza V\u00e9lez, defensora electoral adscrita a la Defensor\u00eda P\u00fablica Electoral del Tribunal Electoral del Poder Judicial de la Federaci\u00f3n y de Gloria Vergara Salinas, directora de la Facultad de Derecho y Ciencias Sociales de la UAEM.<\/p>\n<p>&nbsp;<\/p>\n<p>*Esta publicaci\u00f3n es de car\u00e1cter informativo, de inter\u00e9s p\u00fablico y ajena a cualquier partido pol\u00edtico*<\/p>\n\n\t\t<style type=\"text\/css\">\n\t\t\t#gallery-1 {\n\t\t\t\tmargin: auto;\n\t\t\t}\n\t\t\t#gallery-1 .gallery-item {\n\t\t\t\tfloat: left;\n\t\t\t\tmargin-top: 10px;\n\t\t\t\ttext-align: center;\n\t\t\t\twidth: 33%;\n\t\t\t}\n\t\t\t#gallery-1 img {\n\t\t\t\tborder: 2px solid #cfcfcf;\n\t\t\t}\n\t\t\t#gallery-1 .gallery-caption {\n\t\t\t\tmargin-left: 0;\n\t\t\t}\n\t\t\t\/* see gallery_shortcode() in wp-includes\/media.php *\/\n\t\t<\/style>\n\t\t<div id='gallery-1' class='gallery galleryid-39324 gallery-columns-3 gallery-size-thumbnail'><dl class='gallery-item'>\n\t\t\t<dt class='gallery-icon landscape'>\n\t\t\t\t<a href='https:\/\/cuernavaca.gob.mx\/?attachment_id=39325'><img width=\"150\" height=\"150\" src=\"https:\/\/cuernavaca.gob.mx\/wp-content\/uploads\/2024\/03\/CUERNAVACA-PARTICIPA-EN-EL-FORO-DE-INCLUSIO\u0301N-22LA-PARTICIPACIO\u0301N-POLI\u0301TICA-DE-LAS-PERSONAS-AFROMEXICANAS-1-150x150.jpg\" class=\"attachment-thumbnail size-thumbnail\" alt=\"\" loading=\"lazy\" \/><\/a>\n\t\t\t<\/dt><\/dl><dl class='gallery-item'>\n\t\t\t<dt class='gallery-icon landscape'>\n\t\t\t\t<a href='https:\/\/cuernavaca.gob.mx\/?attachment_id=39326'><img width=\"150\" height=\"150\" src=\"https:\/\/cuernavaca.gob.mx\/wp-content\/uploads\/2024\/03\/CUERNAVACA-PARTICIPA-EN-EL-FORO-DE-INCLUSIO\u0301N-22LA-PARTICIPACIO\u0301N-POLI\u0301TICA-DE-LAS-PERSONAS-AFROMEXICANAS-2-150x150.jpg\" class=\"attachment-thumbnail size-thumbnail\" alt=\"\" loading=\"lazy\" \/><\/a>\n\t\t\t<\/dt><\/dl><dl class='gallery-item'>\n\t\t\t<dt class='gallery-icon landscape'>\n\t\t\t\t<a href='https:\/\/cuernavaca.gob.mx\/?attachment_id=39327'><img width=\"150\" height=\"150\" src=\"https:\/\/cuernavaca.gob.mx\/wp-content\/uploads\/2024\/03\/CUERNAVACA-PARTICIPA-EN-EL-FORO-DE-INCLUSIO\u0301N-22LA-PARTICIPACIO\u0301N-POLI\u0301TICA-DE-LAS-PERSONAS-AFROMEXICANAS-3-150x150.jpg\" class=\"attachment-thumbnail size-thumbnail\" alt=\"\" loading=\"lazy\" \/><\/a>\n\t\t\t<\/dt><\/dl><br style=\"clear: both\" \/>\n\t\t<\/div>\n\n","protected":false},"excerpt":{"rendered":"<p>\u2022 El Gobierno Municipal fue representado por el titular de la Direcci\u00f3n de Atenci\u00f3n a la Diversidad Sexual, quien es representante de la poblaci\u00f3n afromexicana en la administraci\u00f3n municipal La ciudad de Cuernavaca fue sede este mi\u00e9rcoles del Foro de Inclusi\u00f3n &#8220;La participaci\u00f3n pol\u00edtica de las personas afromexicanas&#8221; organizado por el Instituto Nacional Electoral (INE), [&hellip;]<\/p>\n","protected":false},"author":1,"featured_media":39325,"comment_status":"closed","ping_status":"open","sticky":false,"template":"","format":"standard","meta":[],"categories":[20],"tags":[121,120,206,127],"aioseo_notices":[],"_links":{"self":[{"href":"https:\/\/cuernavaca.gob.mx\/index.php?rest_route=\/wp\/v2\/posts\/39324"}],"collection":[{"href":"https:\/\/cuernavaca.gob.mx\/index.php?rest_route=\/wp\/v2\/posts"}],"about":[{"href":"https:\/\/cuernavaca.gob.mx\/index.php?rest_route=\/wp\/v2\/types\/post"}],"author":[{"embeddable":true,"href":"https:\/\/cuernavaca.gob.mx\/index.php?rest_route=\/wp\/v2\/users\/1"}],"replies":[{"embeddable":true,"href":"https:\/\/cuernavaca.gob.mx\/index.php?rest_route=%2Fwp%2Fv2%2Fcomments&post=39324"}],"version-history":[{"count":1,"href":"https:\/\/cuernavaca.gob.mx\/index.php?rest_route=\/wp\/v2\/posts\/39324\/revisions"}],"predecessor-version":[{"id":39328,"href":"https:\/\/cuernavaca.gob.mx\/index.php?rest_route=\/wp\/v2\/posts\/39324\/revisions\/39328"}],"wp:featuredmedia":[{"embeddable":true,"href":"https:\/\/cuernavaca.gob.mx\/index.php?rest_route=\/wp\/v2\/media\/39325"}],"wp:attachment":[{"href":"https:\/\/cuernavaca.gob.mx\/index.php?rest_route=%2Fwp%2Fv2%2Fmedia&parent=39324"}],"wp:term":[{"taxonomy":"category","embeddable":true,"href":"https:\/\/cuernavaca.gob.mx\/index.php?rest_route=%2Fwp%2Fv2%2Fcategories&post=39324"},{"taxonomy":"post_tag","embeddable":true,"href":"https:\/\/cuernavaca.gob.mx\/index.php?rest_route=%2Fwp%2Fv2%2Ftags&post=39324"}],"curies":[{"name":"wp","href":"https:\/\/api.w.org\/{rel}","templated":true}]}}