{"id":39450,"date":"2024-03-19T15:15:22","date_gmt":"2024-03-19T21:15:22","guid":{"rendered":"https:\/\/cuernavaca.gob.mx\/?p=39450"},"modified":"2024-03-19T17:27:42","modified_gmt":"2024-03-19T23:27:42","slug":"b1645-19-03-24-todo-esta-listo-para-que-la-feria-de-la-flor-cuernavaca-2024-inice-actividades-el-jueves-21-de-marzo","status":"publish","type":"post","link":"https:\/\/cuernavaca.gob.mx\/?p=39450","title":{"rendered":"B1645 19\/03\/24 TODO ESTA LISTO PARA QUE LA FERIA DE LA FLOR, CUERNAVACA 2024 INICE ACTIVIDADES EL JUEVES 21 DE MARZO"},"content":{"rendered":"<p><strong>\u2022 Se llevar\u00e1 a cabo del 21 al 31 de marzo preservando un ambiente familiar, sin venta de bebidas alcoh\u00f3licas y fomentando el consumo de productos que se generan en el municipio y el estado<\/strong><\/p>\n<p><strong>\u2022 Contar\u00e1 con la participaci\u00f3n de 200 a 250 expositores; adem\u00e1s de tener como pa\u00eds invitado a Jap\u00f3n que con un pabell\u00f3n especial dar\u00e1 a conocer su riqueza cultura, art\u00edstica, gastron\u00f3mica e historia<\/strong><\/p>\n<p>A partir del jueves 21 al domingo 31 de marzo la ciudad de Cuernavaca recibe la llegada de la primavera con la Feria de la Flor 2024, que al retomar la administraci\u00f3n municipal la organizaci\u00f3n y operaci\u00f3n de este evento ofrecer\u00e1 actividades culturales, musicales, comerciales y recreativas de talla nacional, contando por primera ocasi\u00f3n en su historia con Jap\u00f3n como pa\u00eds invitado que se suma a esta fiesta cien por ciento familiar y que posiciona a la ciudad nuevamente como un referente.<\/p>\n<p>En la presentaci\u00f3n del programa por el secretario de Desarrollo Econ\u00f3mico y Turismo, se destac\u00f3 la participaci\u00f3n del sector primario de los nueve sistemas producto de Cuernavaca, los cuales son ornamentales, fung\u00edcolas, granos b\u00e1sicos, pan artesanal, ap\u00edcolas, acu\u00edcolas, aguacate, pecuario y hortalizas, incentivando el fortalecimiento del comercio local y la econom\u00eda circular en una feria incluyente, ecol\u00f3gica y sustentable sin venta de bebidas alcoh\u00f3licas.<\/p>\n<p>Como parte de los atractivos principales se contar\u00e1 con un pabell\u00f3n cultural de Jap\u00f3n que de acuerdo con Ernesto Takayanagui Garc\u00eda, representante del grupo Amigos de Min\u014d, deriva de la renovaci\u00f3n de la relaci\u00f3n de hermanamiento que tiene desde hace 20 a\u00f1os la capital morelense con esta ciudad japonesa y del proyecto internacional Mayors for peace, al cual pertenece Cuernavaca desde el a\u00f1o 2011.<\/p>\n<p>Adem\u00e1s de degustar del arte culinario japon\u00e9s y disfrutar su cultura y arte por medio de tres exposiciones, dos de ellas sobre Hiroshima, los asistentes a la Feria de la Flor, Cuernavaca 2024 conocer\u00e1n la historia japonesa a trav\u00e9s de su m\u00fasica con la presentaci\u00f3n de la maestra Naoko Kihara representante de la escuela Hanayagi Ryu y de la compa\u00f1\u00eda Ginreikai, quien acompa\u00f1ada del m\u00fasico y actor Saburo IIda engalar\u00e1n este viernes 22 de marzo la inauguraci\u00f3n que tendr\u00e1n verificativo en punto de las 18:00 horas con la participaci\u00f3n del presidente municipal de Cuernavaca y autoridades de la Embajada de Jap\u00f3n.<\/p>\n<p>Con la Feria de la Flor, Cuernavaca 2024 el Gobierno Municipal pretende preservar el esp\u00edritu de convivencia cultural y art\u00edstica, por lo que en el Teatro del Pueblo se contar\u00e1 con un elenco de primer nivel y de reconocimiento nacional e internacional como Erasmo Catarino, Paolo Rubooli, Ana Cirr\u00e9 y Carlos Cuevas, quien agradeci\u00f3 la voluntad del municipio para retomar las riendas de este trascedente evento que ha dado identidad a los cuernavaquenses, ofreciendo un espacio de sana convivencia y diversi\u00f3n familiar.<\/p>\n<p>La Feria de la Flor, Cuernavaca 2024 mantendr\u00e1 un horario de 13:00 a 22:00 horas ubic\u00e1ndose en terrenos de la avenida San Diego en la colonia Vista Hermosa, contando con la participaci\u00f3n de 200 a 250 expositores; solo el d\u00eda jueves 21 de marzo la entrada ser\u00e1 gratuita y a partir del viernes 22 hasta el domingo 31 de marzo la entrada tendr\u00e1 un costo de $30 pesos que incluye todas las exposiciones y el teatro del pueblo.<\/p>\n<p>En el marco de la presentaci\u00f3n de actividades se cont\u00f3 con la presencia de representantes del sector primario de Cuernavaca como \u00c1ngel V\u00e1zquez \u00c1vila, del sistema producto aguacate; Norma Santana Colector, del sector ap\u00edcola; Marcela Flores Carro, del sector acu\u00edcola; Hermelinda P\u00e9rez L\u00f3pez, del sector fung\u00edcola; y Jorge Hern\u00e1ndez Garc\u00eda, de pan artesanal.<\/p>\n<p>Las personas interesadas en conocer la cartelera y actividades que ofrecer\u00e1 la Feria de la Flor, Cuernavaca 2024 deben ingresar a las redes sociales y p\u00e1gina oficial del Municipio de Cuernavaca https:\/\/cuernavaca.gob.mx\/<\/p>\n<p>*Esta publicaci\u00f3n es de car\u00e1cter informativo, de inter\u00e9s p\u00fablico y ajena a cualquier partido pol\u00edtico.<\/p>\n\n\t\t<style type=\"text\/css\">\n\t\t\t#gallery-1 {\n\t\t\t\tmargin: auto;\n\t\t\t}\n\t\t\t#gallery-1 .gallery-item {\n\t\t\t\tfloat: left;\n\t\t\t\tmargin-top: 10px;\n\t\t\t\ttext-align: center;\n\t\t\t\twidth: 33%;\n\t\t\t}\n\t\t\t#gallery-1 img {\n\t\t\t\tborder: 2px solid #cfcfcf;\n\t\t\t}\n\t\t\t#gallery-1 .gallery-caption {\n\t\t\t\tmargin-left: 0;\n\t\t\t}\n\t\t\t\/* see gallery_shortcode() in wp-includes\/media.php *\/\n\t\t<\/style>\n\t\t<div id='gallery-1' class='gallery galleryid-39450 gallery-columns-3 gallery-size-thumbnail'><dl class='gallery-item'>\n\t\t\t<dt class='gallery-icon landscape'>\n\t\t\t\t<a href='https:\/\/cuernavaca.gob.mx\/?attachment_id=39451'><img width=\"150\" height=\"150\" src=\"https:\/\/cuernavaca.gob.mx\/wp-content\/uploads\/2024\/03\/TODO-ESTA-LISTO-PARA-QUE-LA-FERIA-DE-LA-FLOR-CUERNAVACA-2024-INICE-ACTIVIDADES-EL-JUEVES-21-DE-MARZO-1-150x150.jpg\" class=\"attachment-thumbnail size-thumbnail\" alt=\"\" loading=\"lazy\" \/><\/a>\n\t\t\t<\/dt><\/dl><dl class='gallery-item'>\n\t\t\t<dt class='gallery-icon landscape'>\n\t\t\t\t<a href='https:\/\/cuernavaca.gob.mx\/?attachment_id=39452'><img width=\"150\" height=\"150\" src=\"https:\/\/cuernavaca.gob.mx\/wp-content\/uploads\/2024\/03\/TODO-ESTA-LISTO-PARA-QUE-LA-FERIA-DE-LA-FLOR-CUERNAVACA-2024-INICE-ACTIVIDADES-EL-JUEVES-21-DE-MARZO-2-150x150.jpg\" class=\"attachment-thumbnail size-thumbnail\" alt=\"\" loading=\"lazy\" \/><\/a>\n\t\t\t<\/dt><\/dl><dl class='gallery-item'>\n\t\t\t<dt class='gallery-icon landscape'>\n\t\t\t\t<a href='https:\/\/cuernavaca.gob.mx\/?attachment_id=39453'><img width=\"150\" height=\"150\" src=\"https:\/\/cuernavaca.gob.mx\/wp-content\/uploads\/2024\/03\/TODO-ESTA-LISTO-PARA-QUE-LA-FERIA-DE-LA-FLOR-CUERNAVACA-2024-INICE-ACTIVIDADES-EL-JUEVES-21-DE-MARZO-3-150x150.jpg\" class=\"attachment-thumbnail size-thumbnail\" alt=\"\" loading=\"lazy\" \/><\/a>\n\t\t\t<\/dt><\/dl><br style=\"clear: both\" \/><dl class='gallery-item'>\n\t\t\t<dt class='gallery-icon landscape'>\n\t\t\t\t<a href='https:\/\/cuernavaca.gob.mx\/?attachment_id=39454'><img width=\"150\" height=\"150\" src=\"https:\/\/cuernavaca.gob.mx\/wp-content\/uploads\/2024\/03\/TODO-ESTA-LISTO-PARA-QUE-LA-FERIA-DE-LA-FLOR-CUERNAVACA-2024-INICE-ACTIVIDADES-EL-JUEVES-21-DE-MARZO-4-150x150.jpg\" class=\"attachment-thumbnail size-thumbnail\" alt=\"\" loading=\"lazy\" \/><\/a>\n\t\t\t<\/dt><\/dl><dl class='gallery-item'>\n\t\t\t<dt class='gallery-icon landscape'>\n\t\t\t\t<a href='https:\/\/cuernavaca.gob.mx\/?attachment_id=39455'><img width=\"150\" height=\"150\" src=\"https:\/\/cuernavaca.gob.mx\/wp-content\/uploads\/2024\/03\/TODO-ESTA-LISTO-PARA-QUE-LA-FERIA-DE-LA-FLOR-CUERNAVACA-2024-INICE-ACTIVIDADES-EL-JUEVES-21-DE-MARZO-5-150x150.jpg\" class=\"attachment-thumbnail size-thumbnail\" alt=\"\" loading=\"lazy\" \/><\/a>\n\t\t\t<\/dt><\/dl><dl class='gallery-item'>\n\t\t\t<dt class='gallery-icon landscape'>\n\t\t\t\t<a href='https:\/\/cuernavaca.gob.mx\/?attachment_id=39456'><img width=\"150\" height=\"150\" src=\"https:\/\/cuernavaca.gob.mx\/wp-content\/uploads\/2024\/03\/TODO-ESTA-LISTO-PARA-QUE-LA-FERIA-DE-LA-FLOR-CUERNAVACA-2024-INICE-ACTIVIDADES-EL-JUEVES-21-DE-MARZO-6-150x150.jpg\" class=\"attachment-thumbnail size-thumbnail\" alt=\"\" loading=\"lazy\" \/><\/a>\n\t\t\t<\/dt><\/dl><br style=\"clear: both\" \/><dl class='gallery-item'>\n\t\t\t<dt class='gallery-icon landscape'>\n\t\t\t\t<a href='https:\/\/cuernavaca.gob.mx\/?attachment_id=39457'><img width=\"150\" height=\"150\" src=\"https:\/\/cuernavaca.gob.mx\/wp-content\/uploads\/2024\/03\/TODO-ESTA-LISTO-PARA-QUE-LA-FERIA-DE-LA-FLOR-CUERNAVACA-2024-INICE-ACTIVIDADES-EL-JUEVES-21-DE-MARZO-7-150x150.jpg\" class=\"attachment-thumbnail size-thumbnail\" alt=\"\" loading=\"lazy\" \/><\/a>\n\t\t\t<\/dt><\/dl><dl class='gallery-item'>\n\t\t\t<dt class='gallery-icon landscape'>\n\t\t\t\t<a href='https:\/\/cuernavaca.gob.mx\/?attachment_id=39458'><img width=\"150\" height=\"150\" src=\"https:\/\/cuernavaca.gob.mx\/wp-content\/uploads\/2024\/03\/TODO-ESTA-LISTO-PARA-QUE-LA-FERIA-DE-LA-FLOR-CUERNAVACA-2024-INICE-ACTIVIDADES-EL-JUEVES-21-DE-MARZO-8-150x150.jpg\" class=\"attachment-thumbnail size-thumbnail\" alt=\"\" loading=\"lazy\" \/><\/a>\n\t\t\t<\/dt><\/dl><dl class='gallery-item'>\n\t\t\t<dt class='gallery-icon landscape'>\n\t\t\t\t<a href='https:\/\/cuernavaca.gob.mx\/?attachment_id=39459'><img width=\"150\" height=\"150\" src=\"https:\/\/cuernavaca.gob.mx\/wp-content\/uploads\/2024\/03\/TODO-ESTA-LISTO-PARA-QUE-LA-FERIA-DE-LA-FLOR-CUERNAVACA-2024-INICE-ACTIVIDADES-EL-JUEVES-21-DE-MARZO-9-150x150.jpg\" class=\"attachment-thumbnail size-thumbnail\" alt=\"\" loading=\"lazy\" \/><\/a>\n\t\t\t<\/dt><\/dl><br style=\"clear: both\" \/><dl class='gallery-item'>\n\t\t\t<dt class='gallery-icon landscape'>\n\t\t\t\t<a href='https:\/\/cuernavaca.gob.mx\/?attachment_id=39460'><img width=\"150\" height=\"150\" src=\"https:\/\/cuernavaca.gob.mx\/wp-content\/uploads\/2024\/03\/TODO-ESTA-LISTO-PARA-QUE-LA-FERIA-DE-LA-FLOR-CUERNAVACA-2024-INICE-ACTIVIDADES-EL-JUEVES-21-DE-MARZO-10-150x150.jpg\" class=\"attachment-thumbnail size-thumbnail\" alt=\"\" loading=\"lazy\" \/><\/a>\n\t\t\t<\/dt><\/dl><dl class='gallery-item'>\n\t\t\t<dt class='gallery-icon landscape'>\n\t\t\t\t<a href='https:\/\/cuernavaca.gob.mx\/?attachment_id=39461'><img width=\"150\" height=\"150\" src=\"https:\/\/cuernavaca.gob.mx\/wp-content\/uploads\/2024\/03\/TODO-ESTA-LISTO-PARA-QUE-LA-FERIA-DE-LA-FLOR-CUERNAVACA-2024-INICE-ACTIVIDADES-EL-JUEVES-21-DE-MARZO-11-150x150.jpg\" class=\"attachment-thumbnail size-thumbnail\" alt=\"\" loading=\"lazy\" \/><\/a>\n\t\t\t<\/dt><\/dl><dl class='gallery-item'>\n\t\t\t<dt class='gallery-icon landscape'>\n\t\t\t\t<a href='https:\/\/cuernavaca.gob.mx\/?attachment_id=39462'><img width=\"150\" height=\"150\" src=\"https:\/\/cuernavaca.gob.mx\/wp-content\/uploads\/2024\/03\/TODO-ESTA-LISTO-PARA-QUE-LA-FERIA-DE-LA-FLOR-CUERNAVACA-2024-INICE-ACTIVIDADES-EL-JUEVES-21-DE-MARZO-12-150x150.jpg\" class=\"attachment-thumbnail size-thumbnail\" alt=\"\" loading=\"lazy\" \/><\/a>\n\t\t\t<\/dt><\/dl><br style=\"clear: both\" \/>\n\t\t<\/div>\n\n<p>&nbsp;<\/p>\n","protected":false},"excerpt":{"rendered":"<p>\u2022 Se llevar\u00e1 a cabo del 21 al 31 de marzo preservando un ambiente familiar, sin venta de bebidas alcoh\u00f3licas y fomentando el consumo de productos que se generan en el municipio y el estado \u2022 Contar\u00e1 con la participaci\u00f3n de 200 a 250 expositores; adem\u00e1s de tener como pa\u00eds invitado a Jap\u00f3n que con [&hellip;]<\/p>\n","protected":false},"author":1,"featured_media":39459,"comment_status":"closed","ping_status":"open","sticky":false,"template":"","format":"standard","meta":[],"categories":[21],"tags":[2132,121,2337,413,260,120,206,127,419,1436,3555,1375],"aioseo_notices":[],"_links":{"self":[{"href":"https:\/\/cuernavaca.gob.mx\/index.php?rest_route=\/wp\/v2\/posts\/39450"}],"collection":[{"href":"https:\/\/cuernavaca.gob.mx\/index.php?rest_route=\/wp\/v2\/posts"}],"about":[{"href":"https:\/\/cuernavaca.gob.mx\/index.php?rest_route=\/wp\/v2\/types\/post"}],"author":[{"embeddable":true,"href":"https:\/\/cuernavaca.gob.mx\/index.php?rest_route=\/wp\/v2\/users\/1"}],"replies":[{"embeddable":true,"href":"https:\/\/cuernavaca.gob.mx\/index.php?rest_route=%2Fwp%2Fv2%2Fcomments&post=39450"}],"version-history":[{"count":1,"href":"https:\/\/cuernavaca.gob.mx\/index.php?rest_route=\/wp\/v2\/posts\/39450\/revisions"}],"predecessor-version":[{"id":39463,"href":"https:\/\/cuernavaca.gob.mx\/index.php?rest_route=\/wp\/v2\/posts\/39450\/revisions\/39463"}],"wp:featuredmedia":[{"embeddable":true,"href":"https:\/\/cuernavaca.gob.mx\/index.php?rest_route=\/wp\/v2\/media\/39459"}],"wp:attachment":[{"href":"https:\/\/cuernavaca.gob.mx\/index.php?rest_route=%2Fwp%2Fv2%2Fmedia&parent=39450"}],"wp:term":[{"taxonomy":"category","embeddable":true,"href":"https:\/\/cuernavaca.gob.mx\/index.php?rest_route=%2Fwp%2Fv2%2Fcategories&post=39450"},{"taxonomy":"post_tag","embeddable":true,"href":"https:\/\/cuernavaca.gob.mx\/index.php?rest_route=%2Fwp%2Fv2%2Ftags&post=39450"}],"curies":[{"name":"wp","href":"https:\/\/api.w.org\/{rel}","templated":true}]}}