{"id":39464,"date":"2024-03-19T15:30:49","date_gmt":"2024-03-19T21:30:49","guid":{"rendered":"https:\/\/cuernavaca.gob.mx\/?p=39464"},"modified":"2024-03-19T17:31:19","modified_gmt":"2024-03-19T23:31:19","slug":"b1646-19-03-24-cuernavaca-se-suma-a-la-visibilizacion-y-reconocimiento-de-los-derechos-de-las-personas-afrodescendientes","status":"publish","type":"post","link":"https:\/\/cuernavaca.gob.mx\/?p=39464","title":{"rendered":"B1646 19\/03\/24 CUERNAVACA SE SUMA A LA VISIBILIZACI\u00d3N Y RECONOCIMIENTO DE LOS DERECHOS DE LAS PERSONAS AFRODESCENDIENTES"},"content":{"rendered":"<p><strong>\u2022 El Gobierno Municipal particip\u00f3 este martes en el Foro \u201cAfrodescendencia trascendiendo ra\u00edces: racismo, xenofobia y g\u00e9nero\u201d convocado por la Asociaci\u00f3n Mexicana de Resiliencia e ISONOMIA A.C.<\/strong><\/p>\n<p><strong>\u2022 La regidora presidenta de las Comisiones de Coordinaci\u00f3n de Organismos Descentralizados, destac\u00f3 la trascendencia que tiene este foro para reflexionar sobre una sociedad m\u00e1s inclusiva y justa<\/strong><\/p>\n<p>Con el objetivo de seguir abonando a que Cuernavaca sea una ciudad donde se garantice el pleno goce de los derechos de todas y todos los ciudadanos, el Gobierno Municipal particip\u00f3 este martes en el Foro \u201cAfrodescendencia trascendiendo ra\u00edces: racismo, xenofobia y g\u00e9nero\u201d convocado por la Asociaci\u00f3n Mexicana de Resiliencia e ISONOMIA A.C., donde se promovi\u00f3 la reflexi\u00f3n y contribuciones de la comunidad afrodescendiente en relaci\u00f3n a estos importantes temas desde un \u00e1mbito local y nacional.<\/p>\n<p>La Dra. Adriana R\u00edos, directora de la Asociaci\u00f3n ISONOMIA, Centro de Alfabetizaci\u00f3n y Formaci\u00f3n en Derechos Humanos A.C., subray\u00f3 que con este foro pretenden sensibilizar y concientizar a la poblaci\u00f3n en general y autoridades sobre los racismos que maneja y aplica cada persona en su modalidad de xenofobia y con la vertiente de g\u00e9nero, ya que una mujer afrodescendiente llega a ser m\u00e1s vulnerada, por lo cual se entabl\u00f3 la necesidad de construir nuevas formas de relacionarse que no sean a partir de estos prejuicios y estigmas que lo \u00fanico que hacen es fortalecer las relaciones de poder que al final son violencia.<\/p>\n<p>En representaci\u00f3n del Alcalde de Cuernavaca, la regidora presidenta de las Comisiones de Coordinaci\u00f3n de Organismos Descentralizados, e impulsora de iniciativas en pro de la defensa de los derechos humanos y contra la violencia hacia las mujeres y sectores vulnerables, refiri\u00f3 que este foro es la oportunidad para reflexionar sobre c\u00f3mo avanzar hacia una sociedad m\u00e1s inclusiva y justa para las comunidades afrodescendientes, contemplando no solo la implementaci\u00f3n de pol\u00edticas antidiscriminatorias, sino tambi\u00e9n un cambio cultural profundo que desaf\u00ede los estereotipos arraigados y promueva la diversidad e igualdad en todas sus formas.<\/p>\n<p>Acompa\u00f1ada de la S\u00edndica Municipal, puntualiz\u00f3 que el racismo arraigado y las actitudes xenof\u00f3bicas que persisten en la sociedad actual se deben abordar con urgencia y determinaci\u00f3n, pero tambi\u00e9n reconocerse desde un \u00e1mbito de g\u00e9nero, puesto que las mujeres afrodescendientes enfrentan desaf\u00edos \u00fanicos que combinan los efectos del racismo, la xenofobia y la discriminaci\u00f3n de g\u00e9nero, siendo imprescindible que sus voces sean escuchadas y se tomen medidas concretas para garantizar su pleno empoderamiento y participaci\u00f3n en todos los \u00e1mbitos de la sociedad.<\/p>\n<p>En su calidad de ponente, el director de Atenci\u00f3n a la Diversidad Sexual de Cuernavaca manifest\u00f3 la importancia de pugnar por la visibilidad de las personas afromexicanas para que las y los cuernavaquenses que viven en la ciudad y el estado sepan que existen personas de la diversidad sexual y personas afro que no son extranjeras, sino que viven y radican en Morelos donde desde tiempos de la Conquista se tiene presencia de la comunidad afrodescendiente, registrando de acuerdo con datos del INEGI al 2020 con una poblaci\u00f3n en Cuernavaca de m\u00e1s de 15 mil personas, mientras que en la entidad eran m\u00e1s de 40 mil.<\/p>\n<p>En este sentido, destac\u00f3 que el Ayuntamiento de Cuernavaca se convirti\u00f3 en el segundo municipio que vot\u00f3 la reforma constitucional para reconocer los derechos de las personas afrodescendientes en el estado, sum\u00e1ndose a su reconocimiento y visibilizaci\u00f3n.<\/p>\n<p>El foro cont\u00f3 con la participaci\u00f3n de Fernando Avil\u00e9s, presidente de la Asociaci\u00f3n Mexicana de Resiliencia, as\u00ed como las ponencias de Marcia Nurse y Jorge Jim\u00e9nez.<\/p>\n<p>&nbsp;<\/p>\n<p>*Esta publicaci\u00f3n es de car\u00e1cter informativo, de inter\u00e9s p\u00fablico y ajena a cualquier partido pol\u00edtico.<\/p>\n<p>&nbsp;<\/p>\n\n\t\t<style type=\"text\/css\">\n\t\t\t#gallery-1 {\n\t\t\t\tmargin: auto;\n\t\t\t}\n\t\t\t#gallery-1 .gallery-item {\n\t\t\t\tfloat: left;\n\t\t\t\tmargin-top: 10px;\n\t\t\t\ttext-align: center;\n\t\t\t\twidth: 33%;\n\t\t\t}\n\t\t\t#gallery-1 img {\n\t\t\t\tborder: 2px solid #cfcfcf;\n\t\t\t}\n\t\t\t#gallery-1 .gallery-caption {\n\t\t\t\tmargin-left: 0;\n\t\t\t}\n\t\t\t\/* see gallery_shortcode() in wp-includes\/media.php *\/\n\t\t<\/style>\n\t\t<div id='gallery-1' class='gallery galleryid-39464 gallery-columns-3 gallery-size-thumbnail'><dl class='gallery-item'>\n\t\t\t<dt class='gallery-icon landscape'>\n\t\t\t\t<a href='https:\/\/cuernavaca.gob.mx\/?attachment_id=39465'><img width=\"150\" height=\"150\" src=\"https:\/\/cuernavaca.gob.mx\/wp-content\/uploads\/2024\/03\/CUERNAVACA-SE-SUMA-A-LA-VISIBILIZACIO\u0301N-Y-RECONOCIMIENTO-DE-LOS-DERECHOS-DE-LAS-PERSONAS-AFRODESCENDIENTES-1-150x150.jpg\" class=\"attachment-thumbnail size-thumbnail\" alt=\"\" loading=\"lazy\" \/><\/a>\n\t\t\t<\/dt><\/dl><dl class='gallery-item'>\n\t\t\t<dt class='gallery-icon landscape'>\n\t\t\t\t<a href='https:\/\/cuernavaca.gob.mx\/?attachment_id=39466'><img width=\"150\" height=\"150\" src=\"https:\/\/cuernavaca.gob.mx\/wp-content\/uploads\/2024\/03\/CUERNAVACA-SE-SUMA-A-LA-VISIBILIZACIO\u0301N-Y-RECONOCIMIENTO-DE-LOS-DERECHOS-DE-LAS-PERSONAS-AFRODESCENDIENTES-2-150x150.jpg\" class=\"attachment-thumbnail size-thumbnail\" alt=\"\" loading=\"lazy\" \/><\/a>\n\t\t\t<\/dt><\/dl><dl class='gallery-item'>\n\t\t\t<dt class='gallery-icon landscape'>\n\t\t\t\t<a href='https:\/\/cuernavaca.gob.mx\/?attachment_id=39467'><img width=\"150\" height=\"150\" src=\"https:\/\/cuernavaca.gob.mx\/wp-content\/uploads\/2024\/03\/CUERNAVACA-SE-SUMA-A-LA-VISIBILIZACIO\u0301N-Y-RECONOCIMIENTO-DE-LOS-DERECHOS-DE-LAS-PERSONAS-AFRODESCENDIENTES-3-150x150.jpg\" class=\"attachment-thumbnail size-thumbnail\" alt=\"\" loading=\"lazy\" \/><\/a>\n\t\t\t<\/dt><\/dl><br style=\"clear: both\" \/><dl class='gallery-item'>\n\t\t\t<dt class='gallery-icon landscape'>\n\t\t\t\t<a href='https:\/\/cuernavaca.gob.mx\/?attachment_id=39468'><img width=\"150\" height=\"150\" src=\"https:\/\/cuernavaca.gob.mx\/wp-content\/uploads\/2024\/03\/CUERNAVACA-SE-SUMA-A-LA-VISIBILIZACIO\u0301N-Y-RECONOCIMIENTO-DE-LOS-DERECHOS-DE-LAS-PERSONAS-AFRODESCENDIENTES-4-150x150.jpg\" class=\"attachment-thumbnail size-thumbnail\" alt=\"\" loading=\"lazy\" \/><\/a>\n\t\t\t<\/dt><\/dl><dl class='gallery-item'>\n\t\t\t<dt class='gallery-icon landscape'>\n\t\t\t\t<a href='https:\/\/cuernavaca.gob.mx\/?attachment_id=39469'><img width=\"150\" height=\"150\" src=\"https:\/\/cuernavaca.gob.mx\/wp-content\/uploads\/2024\/03\/CUERNAVACA-SE-SUMA-A-LA-VISIBILIZACIO\u0301N-Y-RECONOCIMIENTO-DE-LOS-DERECHOS-DE-LAS-PERSONAS-AFRODESCENDIENTES-5-150x150.jpg\" class=\"attachment-thumbnail size-thumbnail\" alt=\"\" loading=\"lazy\" \/><\/a>\n\t\t\t<\/dt><\/dl>\n\t\t\t<br style='clear: both' \/>\n\t\t<\/div>\n\n<p>&nbsp;<\/p>\n<p>&nbsp;<\/p>\n<p>&nbsp;<\/p>\n","protected":false},"excerpt":{"rendered":"<p>\u2022 El Gobierno Municipal particip\u00f3 este martes en el Foro \u201cAfrodescendencia trascendiendo ra\u00edces: racismo, xenofobia y g\u00e9nero\u201d convocado por la Asociaci\u00f3n Mexicana de Resiliencia e ISONOMIA A.C. \u2022 La regidora presidenta de las Comisiones de Coordinaci\u00f3n de Organismos Descentralizados, destac\u00f3 la trascendencia que tiene este foro para reflexionar sobre una sociedad m\u00e1s inclusiva y justa [&hellip;]<\/p>\n","protected":false},"author":1,"featured_media":39469,"comment_status":"closed","ping_status":"open","sticky":false,"template":"","format":"standard","meta":[],"categories":[20],"tags":[3558,121,684,1387,120,206,127,1438,3555],"aioseo_notices":[],"_links":{"self":[{"href":"https:\/\/cuernavaca.gob.mx\/index.php?rest_route=\/wp\/v2\/posts\/39464"}],"collection":[{"href":"https:\/\/cuernavaca.gob.mx\/index.php?rest_route=\/wp\/v2\/posts"}],"about":[{"href":"https:\/\/cuernavaca.gob.mx\/index.php?rest_route=\/wp\/v2\/types\/post"}],"author":[{"embeddable":true,"href":"https:\/\/cuernavaca.gob.mx\/index.php?rest_route=\/wp\/v2\/users\/1"}],"replies":[{"embeddable":true,"href":"https:\/\/cuernavaca.gob.mx\/index.php?rest_route=%2Fwp%2Fv2%2Fcomments&post=39464"}],"version-history":[{"count":1,"href":"https:\/\/cuernavaca.gob.mx\/index.php?rest_route=\/wp\/v2\/posts\/39464\/revisions"}],"predecessor-version":[{"id":39470,"href":"https:\/\/cuernavaca.gob.mx\/index.php?rest_route=\/wp\/v2\/posts\/39464\/revisions\/39470"}],"wp:featuredmedia":[{"embeddable":true,"href":"https:\/\/cuernavaca.gob.mx\/index.php?rest_route=\/wp\/v2\/media\/39469"}],"wp:attachment":[{"href":"https:\/\/cuernavaca.gob.mx\/index.php?rest_route=%2Fwp%2Fv2%2Fmedia&parent=39464"}],"wp:term":[{"taxonomy":"category","embeddable":true,"href":"https:\/\/cuernavaca.gob.mx\/index.php?rest_route=%2Fwp%2Fv2%2Fcategories&post=39464"},{"taxonomy":"post_tag","embeddable":true,"href":"https:\/\/cuernavaca.gob.mx\/index.php?rest_route=%2Fwp%2Fv2%2Ftags&post=39464"}],"curies":[{"name":"wp","href":"https:\/\/api.w.org\/{rel}","templated":true}]}}