{"id":39481,"date":"2024-03-20T15:00:49","date_gmt":"2024-03-20T21:00:49","guid":{"rendered":"https:\/\/cuernavaca.gob.mx\/?p=39481"},"modified":"2024-03-20T16:57:42","modified_gmt":"2024-03-20T22:57:42","slug":"b1647-20-03-24-cuernavaca-da-la-bienvenida-a-la-exposicion-15-ciudades-por-la-paz-del-museo-memoria-y-tolerancia","status":"publish","type":"post","link":"https:\/\/cuernavaca.gob.mx\/?p=39481","title":{"rendered":"B1647 20\/03\/24 CUERNAVACA DA LA BIENVENIDA A LA EXPOSICI\u00d3N 15 CIUDADES POR LA PAZ DEL MUSEO MEMORIA Y TOLERANCIA"},"content":{"rendered":"<p><strong>\u2022 A partir de este mi\u00e9rcoles 20 de marzo y durante un mes, el Parque Alameda Solidaridad albergar\u00e1 el \u201cT\u00fanel de Paz\u201d que busca brindar informaci\u00f3n sobre los elementos que se requieren para fomentar la cultura de paz<\/strong><\/p>\n<p><strong>\u2022 Se invit\u00f3 a ni\u00f1as, ni\u00f1os y j\u00f3venes ser constructoras y constructores de paz para Cuernavaca y el estado de Morelos<\/strong><\/p>\n<p>Con el objetivo de impulsar la participaci\u00f3n activa de la sociedad en la capital del estado de Morelos y zona metropolitana, en la construcci\u00f3n de paz y erradicaci\u00f3n de las violencias, el Ayuntamiento de Cuernavaca present\u00f3 este mi\u00e9rcoles 20 el \u201cT\u00fanel de Paz\u201d, proyecto visual y did\u00e1ctico creado por el Museo Memoria y Tolerancia (MMYT)de la Ciudad de M\u00e9xico, que estar\u00e1 abierto durante un mes en el Parque Alameda Solidaridad como parte de la exposici\u00f3n itinerante \u201c15 Ciudades por la paz\u201d.<\/p>\n<p>En el acto inaugural, el presidente municipal invit\u00f3 a las y los estudiantes de la escuela primaria 15 de septiembre y de la Escuela Secundar\u00eda de Fundaci\u00f3n Don Bosco presentes, as\u00ed como a todas las personas que visiten la exposici\u00f3n a enfocar su atenci\u00f3n en este recorrido museogr\u00e1fico itinerante, que brinda informaci\u00f3n \u00fatil sobre los elementos y herramientas que se requieren para vivir una paz cotidiana, mostrando las consecuencias de una cultura de violencia y reflexionar desde su propia perspectiva sobre como abonan a la construcci\u00f3n de la paz.<\/p>\n<p>La secretaria de Desarrollo Humano y Participaci\u00f3n Social, resalt\u00f3 la trascendencia que tiene este proyecto que fortalece el trabajo hecho desde el Gobierno Municipal a trav\u00e9s de su dependencia para construir comunidades de paz de la mano de diversos actores y asociaciones que han derivado a la fecha de pl\u00e1ticas con m\u00e1s de dos mil familias y ocho mil adolescentes y j\u00f3venes de la ciudad para reflexionar juntos como construir relaciones de confianza sanas e igualitarias desde la familia y la escuela, al estar convencidos que aqu\u00ed comienza la paz.<\/p>\n<p>Por su lado, la directora de Relaciones Institucionales y Gobierno del MMYT, Pola Salm\u00fan Smeke, agradeci\u00f3 la disposici\u00f3n del Ayuntamiento de Cuernavaca para sumarse a las 15 ciudades por la paz, invitando a las y los alumnos presentes a poner de moda ser buenas personas, tanto en su persona como en sus casas y con los dem\u00e1s; adem\u00e1s de pedirles que puedan transmitir estos mensajes a su familia, amigas y amigos y conocidos, siendo esta la forma de tener una mejor sociedad y un mejor M\u00e9xico.<\/p>\n<p>En este sentido, el director general de Fundaci\u00f3n Don Bosco, Antonio Sandoval Tajonar, llam\u00f3 a las y los estudiantes a ser constructoras y constructores de paz para Cuernavaca y Morelos, difundiendo lo aprendido en el \u201cT\u00fanel de Paz\u201d a sus familias, compa\u00f1eras y compa\u00f1eros, ya que aqu\u00ed podr\u00e1n conocer historias de personajes internacionales y nacionales que han hecho historia relacionada con la construcci\u00f3n de paz.<\/p>\n<p>Al escuchar la participaci\u00f3n de alumnas y alumnos de la escuela primaria 15 de septiembre relacionadas a la paz, el representante del despacho BSN Bufete S\u00e1nchez Navarro, patrocinador de la exposici\u00f3n, Rafael S\u00e1nchez Navarro, manifest\u00f3 el orgullo que les representa ser parte de este trabajo como constructores de paz con el Museo Memoria y Tolerancia (MMYT), siendo un tema de responsabilidad social que todas y todos deben implementar.<\/p>\n<p>Tras su presentaci\u00f3n, las autoridades hicieron un recorrido en el \u201cT\u00fanel de Paz\u201d que es una herramienta de educaci\u00f3n informal que contempla temas como Comprendiendo la paz, Di\u00e1logo y herramientas para la paz, Gandhi y la no violencia, El desaf\u00edo para la paz en M\u00e9xico, Construyamos la paz en nuestra vida cotidiana, L\u00edderes por la paz y Medio ambiente.<\/p>\n<p>El acceso a la exhibici\u00f3n es totalmente gratuito en el Parque Alameda Solidaridad, pero las personas interesadas en recibir una visita guiada deben comunicarse a la Secretar\u00eda de Desarrollo Humano y Participaci\u00f3n Social de Cuernavaca.<\/p>\n<p>&nbsp;<\/p>\n<p>*Esta publicaci\u00f3n es de car\u00e1cter informativo, de inter\u00e9s p\u00fablico y ajeno a cualquier partido pol\u00edtico*<\/p>\n\n\t\t<style type=\"text\/css\">\n\t\t\t#gallery-1 {\n\t\t\t\tmargin: auto;\n\t\t\t}\n\t\t\t#gallery-1 .gallery-item {\n\t\t\t\tfloat: left;\n\t\t\t\tmargin-top: 10px;\n\t\t\t\ttext-align: center;\n\t\t\t\twidth: 33%;\n\t\t\t}\n\t\t\t#gallery-1 img {\n\t\t\t\tborder: 2px solid #cfcfcf;\n\t\t\t}\n\t\t\t#gallery-1 .gallery-caption {\n\t\t\t\tmargin-left: 0;\n\t\t\t}\n\t\t\t\/* see gallery_shortcode() in wp-includes\/media.php *\/\n\t\t<\/style>\n\t\t<div id='gallery-1' class='gallery galleryid-39481 gallery-columns-3 gallery-size-thumbnail'><dl class='gallery-item'>\n\t\t\t<dt class='gallery-icon landscape'>\n\t\t\t\t<a href='https:\/\/cuernavaca.gob.mx\/?attachment_id=39482'><img width=\"150\" height=\"150\" src=\"https:\/\/cuernavaca.gob.mx\/wp-content\/uploads\/2024\/03\/CUERNAVACA-DA-LA-BIENVENIDA-A-LA-EXPOSICIO\u0301N-15-CIUDADES-POR-LA-PAZ-DEL-MUSEO-MEMORIA-Y-TOLERANCIA-1-150x150.jpg\" class=\"attachment-thumbnail size-thumbnail\" alt=\"\" loading=\"lazy\" \/><\/a>\n\t\t\t<\/dt><\/dl><dl class='gallery-item'>\n\t\t\t<dt class='gallery-icon landscape'>\n\t\t\t\t<a href='https:\/\/cuernavaca.gob.mx\/?attachment_id=39483'><img width=\"150\" height=\"150\" src=\"https:\/\/cuernavaca.gob.mx\/wp-content\/uploads\/2024\/03\/CUERNAVACA-DA-LA-BIENVENIDA-A-LA-EXPOSICIO\u0301N-15-CIUDADES-POR-LA-PAZ-DEL-MUSEO-MEMORIA-Y-TOLERANCIA-2-150x150.jpg\" class=\"attachment-thumbnail size-thumbnail\" alt=\"\" loading=\"lazy\" \/><\/a>\n\t\t\t<\/dt><\/dl><dl class='gallery-item'>\n\t\t\t<dt class='gallery-icon landscape'>\n\t\t\t\t<a href='https:\/\/cuernavaca.gob.mx\/?attachment_id=39484'><img width=\"150\" height=\"150\" src=\"https:\/\/cuernavaca.gob.mx\/wp-content\/uploads\/2024\/03\/CUERNAVACA-DA-LA-BIENVENIDA-A-LA-EXPOSICIO\u0301N-15-CIUDADES-POR-LA-PAZ-DEL-MUSEO-MEMORIA-Y-TOLERANCIA-3-150x150.jpg\" class=\"attachment-thumbnail size-thumbnail\" alt=\"\" loading=\"lazy\" \/><\/a>\n\t\t\t<\/dt><\/dl><br style=\"clear: both\" \/><dl class='gallery-item'>\n\t\t\t<dt class='gallery-icon landscape'>\n\t\t\t\t<a href='https:\/\/cuernavaca.gob.mx\/?attachment_id=39485'><img width=\"150\" height=\"150\" src=\"https:\/\/cuernavaca.gob.mx\/wp-content\/uploads\/2024\/03\/CUERNAVACA-DA-LA-BIENVENIDA-A-LA-EXPOSICIO\u0301N-15-CIUDADES-POR-LA-PAZ-DEL-MUSEO-MEMORIA-Y-TOLERANCIA-4-150x150.jpg\" class=\"attachment-thumbnail size-thumbnail\" alt=\"\" loading=\"lazy\" \/><\/a>\n\t\t\t<\/dt><\/dl><dl class='gallery-item'>\n\t\t\t<dt class='gallery-icon landscape'>\n\t\t\t\t<a href='https:\/\/cuernavaca.gob.mx\/?attachment_id=39486'><img width=\"150\" height=\"150\" src=\"https:\/\/cuernavaca.gob.mx\/wp-content\/uploads\/2024\/03\/CUERNAVACA-DA-LA-BIENVENIDA-A-LA-EXPOSICIO\u0301N-15-CIUDADES-POR-LA-PAZ-DEL-MUSEO-MEMORIA-Y-TOLERANCIA-5-150x150.jpg\" class=\"attachment-thumbnail size-thumbnail\" alt=\"\" loading=\"lazy\" \/><\/a>\n\t\t\t<\/dt><\/dl><dl class='gallery-item'>\n\t\t\t<dt class='gallery-icon landscape'>\n\t\t\t\t<a href='https:\/\/cuernavaca.gob.mx\/?attachment_id=39487'><img width=\"150\" height=\"150\" src=\"https:\/\/cuernavaca.gob.mx\/wp-content\/uploads\/2024\/03\/CUERNAVACA-DA-LA-BIENVENIDA-A-LA-EXPOSICIO\u0301N-15-CIUDADES-POR-LA-PAZ-DEL-MUSEO-MEMORIA-Y-TOLERANCIA-6-150x150.jpg\" class=\"attachment-thumbnail size-thumbnail\" alt=\"\" loading=\"lazy\" \/><\/a>\n\t\t\t<\/dt><\/dl><br style=\"clear: both\" \/><dl class='gallery-item'>\n\t\t\t<dt class='gallery-icon landscape'>\n\t\t\t\t<a href='https:\/\/cuernavaca.gob.mx\/?attachment_id=39488'><img width=\"150\" height=\"150\" src=\"https:\/\/cuernavaca.gob.mx\/wp-content\/uploads\/2024\/03\/CUERNAVACA-DA-LA-BIENVENIDA-A-LA-EXPOSICIO\u0301N-15-CIUDADES-POR-LA-PAZ-DEL-MUSEO-MEMORIA-Y-TOLERANCIA-7-150x150.jpg\" class=\"attachment-thumbnail size-thumbnail\" alt=\"\" loading=\"lazy\" \/><\/a>\n\t\t\t<\/dt><\/dl><dl class='gallery-item'>\n\t\t\t<dt class='gallery-icon landscape'>\n\t\t\t\t<a href='https:\/\/cuernavaca.gob.mx\/?attachment_id=39489'><img width=\"150\" height=\"150\" src=\"https:\/\/cuernavaca.gob.mx\/wp-content\/uploads\/2024\/03\/CUERNAVACA-DA-LA-BIENVENIDA-A-LA-EXPOSICIO\u0301N-15-CIUDADES-POR-LA-PAZ-DEL-MUSEO-MEMORIA-Y-TOLERANCIA-8-150x150.jpg\" class=\"attachment-thumbnail size-thumbnail\" alt=\"\" loading=\"lazy\" \/><\/a>\n\t\t\t<\/dt><\/dl><dl class='gallery-item'>\n\t\t\t<dt class='gallery-icon landscape'>\n\t\t\t\t<a href='https:\/\/cuernavaca.gob.mx\/?attachment_id=39490'><img width=\"150\" height=\"150\" src=\"https:\/\/cuernavaca.gob.mx\/wp-content\/uploads\/2024\/03\/CUERNAVACA-DA-LA-BIENVENIDA-A-LA-EXPOSICIO\u0301N-15-CIUDADES-POR-LA-PAZ-DEL-MUSEO-MEMORIA-Y-TOLERANCIA-9-150x150.jpg\" class=\"attachment-thumbnail size-thumbnail\" alt=\"\" loading=\"lazy\" \/><\/a>\n\t\t\t<\/dt><\/dl><br style=\"clear: both\" \/><dl class='gallery-item'>\n\t\t\t<dt class='gallery-icon landscape'>\n\t\t\t\t<a href='https:\/\/cuernavaca.gob.mx\/?attachment_id=39491'><img width=\"150\" height=\"150\" src=\"https:\/\/cuernavaca.gob.mx\/wp-content\/uploads\/2024\/03\/CUERNAVACA-DA-LA-BIENVENIDA-A-LA-EXPOSICIO\u0301N-15-CIUDADES-POR-LA-PAZ-DEL-MUSEO-MEMORIA-Y-TOLERANCIA-10-150x150.jpg\" class=\"attachment-thumbnail size-thumbnail\" alt=\"\" loading=\"lazy\" \/><\/a>\n\t\t\t<\/dt><\/dl><dl class='gallery-item'>\n\t\t\t<dt class='gallery-icon landscape'>\n\t\t\t\t<a href='https:\/\/cuernavaca.gob.mx\/?attachment_id=39492'><img width=\"150\" height=\"150\" src=\"https:\/\/cuernavaca.gob.mx\/wp-content\/uploads\/2024\/03\/CUERNAVACA-DA-LA-BIENVENIDA-A-LA-EXPOSICIO\u0301N-15-CIUDADES-POR-LA-PAZ-DEL-MUSEO-MEMORIA-Y-TOLERANCIA-11-150x150.jpg\" class=\"attachment-thumbnail size-thumbnail\" alt=\"\" loading=\"lazy\" \/><\/a>\n\t\t\t<\/dt><\/dl><dl class='gallery-item'>\n\t\t\t<dt class='gallery-icon landscape'>\n\t\t\t\t<a href='https:\/\/cuernavaca.gob.mx\/?attachment_id=39493'><img width=\"150\" height=\"150\" src=\"https:\/\/cuernavaca.gob.mx\/wp-content\/uploads\/2024\/03\/CUERNAVACA-DA-LA-BIENVENIDA-A-LA-EXPOSICIO\u0301N-15-CIUDADES-POR-LA-PAZ-DEL-MUSEO-MEMORIA-Y-TOLERANCIA-12-150x150.jpg\" class=\"attachment-thumbnail size-thumbnail\" alt=\"\" loading=\"lazy\" \/><\/a>\n\t\t\t<\/dt><\/dl><br style=\"clear: both\" \/><dl class='gallery-item'>\n\t\t\t<dt class='gallery-icon landscape'>\n\t\t\t\t<a href='https:\/\/cuernavaca.gob.mx\/?attachment_id=39494'><img width=\"150\" height=\"150\" src=\"https:\/\/cuernavaca.gob.mx\/wp-content\/uploads\/2024\/03\/CUERNAVACA-DA-LA-BIENVENIDA-A-LA-EXPOSICIO\u0301N-15-CIUDADES-POR-LA-PAZ-DEL-MUSEO-MEMORIA-Y-TOLERANCIA-13-150x150.jpg\" class=\"attachment-thumbnail size-thumbnail\" alt=\"\" loading=\"lazy\" \/><\/a>\n\t\t\t<\/dt><\/dl>\n\t\t\t<br style='clear: both' \/>\n\t\t<\/div>\n\n","protected":false},"excerpt":{"rendered":"<p>\u2022 A partir de este mi\u00e9rcoles 20 de marzo y durante un mes, el Parque Alameda Solidaridad albergar\u00e1 el \u201cT\u00fanel de Paz\u201d que busca brindar informaci\u00f3n sobre los elementos que se requieren para fomentar la cultura de paz \u2022 Se invit\u00f3 a ni\u00f1as, ni\u00f1os y j\u00f3venes ser constructoras y constructores de paz para Cuernavaca y [&hellip;]<\/p>\n","protected":false},"author":1,"featured_media":39492,"comment_status":"closed","ping_status":"open","sticky":false,"template":"","format":"standard","meta":[],"categories":[20],"tags":[3559,121,576,1426,120,206,3560,2285,127,414,125,3555],"aioseo_notices":[],"_links":{"self":[{"href":"https:\/\/cuernavaca.gob.mx\/index.php?rest_route=\/wp\/v2\/posts\/39481"}],"collection":[{"href":"https:\/\/cuernavaca.gob.mx\/index.php?rest_route=\/wp\/v2\/posts"}],"about":[{"href":"https:\/\/cuernavaca.gob.mx\/index.php?rest_route=\/wp\/v2\/types\/post"}],"author":[{"embeddable":true,"href":"https:\/\/cuernavaca.gob.mx\/index.php?rest_route=\/wp\/v2\/users\/1"}],"replies":[{"embeddable":true,"href":"https:\/\/cuernavaca.gob.mx\/index.php?rest_route=%2Fwp%2Fv2%2Fcomments&post=39481"}],"version-history":[{"count":1,"href":"https:\/\/cuernavaca.gob.mx\/index.php?rest_route=\/wp\/v2\/posts\/39481\/revisions"}],"predecessor-version":[{"id":39495,"href":"https:\/\/cuernavaca.gob.mx\/index.php?rest_route=\/wp\/v2\/posts\/39481\/revisions\/39495"}],"wp:featuredmedia":[{"embeddable":true,"href":"https:\/\/cuernavaca.gob.mx\/index.php?rest_route=\/wp\/v2\/media\/39492"}],"wp:attachment":[{"href":"https:\/\/cuernavaca.gob.mx\/index.php?rest_route=%2Fwp%2Fv2%2Fmedia&parent=39481"}],"wp:term":[{"taxonomy":"category","embeddable":true,"href":"https:\/\/cuernavaca.gob.mx\/index.php?rest_route=%2Fwp%2Fv2%2Fcategories&post=39481"},{"taxonomy":"post_tag","embeddable":true,"href":"https:\/\/cuernavaca.gob.mx\/index.php?rest_route=%2Fwp%2Fv2%2Ftags&post=39481"}],"curies":[{"name":"wp","href":"https:\/\/api.w.org\/{rel}","templated":true}]}}