{"id":39532,"date":"2024-03-23T14:00:32","date_gmt":"2024-03-23T20:00:32","guid":{"rendered":"https:\/\/cuernavaca.gob.mx\/?p=39532"},"modified":"2024-03-23T15:50:55","modified_gmt":"2024-03-23T21:50:55","slug":"b1652-23-03-24-recupera-confianza-de-la-poblacion-la-feria-de-la-flor-cuernavaca-2024-que-de-nueva-cuenta-opera-el-ayuntamiento-capitalino","status":"publish","type":"post","link":"https:\/\/cuernavaca.gob.mx\/?p=39532","title":{"rendered":"B1652 23\/03\/24 RECUPERA CONFIANZA DE LA POBLACI\u00d3N LA FERIA DE LA FLOR, CUERNAVACA 2024 QUE DE NUEVA CUENTA OPERA EL AYUNTAMIENTO CAPITALINO"},"content":{"rendered":"<ul>\n<li><strong>\u00a0El inicio de actividades estuvo encabezado por el presidente municipal de Cuernavaca y el ministro Tsukasa Hirota, en representaci\u00f3n del Embajador de Jap\u00f3n en M\u00e9xico, Noriteru Fukushima<\/strong><\/li>\n<\/ul>\n<p>&nbsp;<\/p>\n<ul>\n<li><strong>\u00a0Con la participaci\u00f3n de m\u00e1s de 250 expositores, la Feria de la Flor, mantendr\u00e1 un horario de 13:00 a 22:00 horas hasta el domingo 31 de marzo\u00a0<\/strong><\/li>\n<\/ul>\n<div><\/div>\n<div>Al son de los tradicionales chinelos y la m\u00fasica interpretada por estudiantes de la Academia Benning, el presidente municipal de Cuernavaca acompa\u00f1ado del ministro Tsukasa Hirota y su esposa Naoko, en representaci\u00f3n del Embajador de Jap\u00f3n en M\u00e9xico, Noriteru Fukushima, iniciaron formalmente las actividades de la Feria de la Flor 2024 donde hasta el domingo 31 de marzo los asistentes podr\u00e1n disfrutar de distintas actividades culturales, musicales, comerciales y recreativas de talla nacional e internacional, contando por primera ocasi\u00f3n en su historia con Jap\u00f3n como pa\u00eds invitado.<\/div>\n<div><\/div>\n<div>En presencia de integrantes del Cabildo; del secretario de Desarrollo Econ\u00f3mico y Turismo, as\u00ed como de representantes de las c\u00e1maras empresariales, el presidente municipal expres\u00f3 que este importante evento que la administraci\u00f3n municipal retoma su administraci\u00f3n y operaci\u00f3n tiene como finalidad la reactivaci\u00f3n de la econom\u00eda ofreciendo a los sistemas producto de Cuernavaca un espacio donde comercializar lo que generan desde los pueblos originarios de la ciudad mientras que la poblaci\u00f3n puede reencontrarse con sus vecinos y familia.<\/div>\n<div><\/div>\n<div>Entre los atractivos, se encuentra el pabell\u00f3n dedicado a la riqueza cultural, art\u00edstica e hist\u00f3rica de Jap\u00f3n como una muestra de la relaci\u00f3n de hermanamiento que se tiene con Cuernavaca a trav\u00e9s de dos de sus ciudades y la incorporaci\u00f3n de la capital morelense en el proyecto internacional Mayors for peace, al cual pertenece desde el a\u00f1o 2011.<\/div>\n<div><\/div>\n<div>Adem\u00e1s de los juegos mec\u00e1nicos, \u00e1rea gastron\u00f3mica, la venta de flores, plantas ornamentales, miel y sus derivados, pan artesanal, antojitos mexicanos, junto con los primeros visitantes a la Feria de Cuernavaca, conocieron de la cultura japonesa a trav\u00e9s de su m\u00fasica con la presentaci\u00f3n de la maestra Naoko Kihara representante de la escuela Hanayagi Ryu y de la compa\u00f1\u00eda Ginreikai, quien estuvo acompa\u00f1ada del m\u00fasico y actor Saburo IIda.<\/div>\n<div><\/div>\n<div>La Feria de la Flor, Cuernavaca 2024 mantendr\u00e1 un horario de 13:00 a 22:00 horas ubic\u00e1ndose en terrenos de la avenida San Diego en la colonia Vista Hermosa, contando con la participaci\u00f3n de m\u00e1s de 250 expositores; la entrada tiene un costo de $30 pesos que incluye todas las exposiciones y el teatro del pueblo con artistas como Coque Mu\u00f1iz, Flor Amargo y la Orquesta Filarm\u00f3nica del Estado de Morelos Benning, Carlos Cuevas, Erasmo Catarino, Paolo Rubooli, Ana Cirr\u00e9 y la Orquesta Filarm\u00f3nica del Estado de Morelos, as\u00ed como la participaci\u00f3n de bandas, cantantes y m\u00e1s talentos morelenses.<\/div>\n<div><\/div>\n<div>La cartelera de la Feria de la Flor, Cuernavaca 2024 se puede consultar en las redes sociales del Municipio de Cuernavaca<\/div>\n<div><\/div>\n<div>*Esta publicaci\u00f3n es de car\u00e1cter informativo, de inter\u00e9s p\u00fablico y ajeno a cualquier partido pol\u00edtico.<\/div>\n<div>\n\n\t\t<style type=\"text\/css\">\n\t\t\t#gallery-1 {\n\t\t\t\tmargin: auto;\n\t\t\t}\n\t\t\t#gallery-1 .gallery-item {\n\t\t\t\tfloat: left;\n\t\t\t\tmargin-top: 10px;\n\t\t\t\ttext-align: center;\n\t\t\t\twidth: 33%;\n\t\t\t}\n\t\t\t#gallery-1 img {\n\t\t\t\tborder: 2px solid #cfcfcf;\n\t\t\t}\n\t\t\t#gallery-1 .gallery-caption {\n\t\t\t\tmargin-left: 0;\n\t\t\t}\n\t\t\t\/* see gallery_shortcode() in wp-includes\/media.php *\/\n\t\t<\/style>\n\t\t<div id='gallery-1' class='gallery galleryid-39532 gallery-columns-3 gallery-size-thumbnail'><dl class='gallery-item'>\n\t\t\t<dt class='gallery-icon landscape'>\n\t\t\t\t<a href='https:\/\/cuernavaca.gob.mx\/?attachment_id=39533'><img width=\"150\" height=\"150\" src=\"https:\/\/cuernavaca.gob.mx\/wp-content\/uploads\/2024\/03\/RECUPERA-CONFIANZA-DE-LA-POBLACION-LA-FERIA-DE-LA-FLOR-CUERNAVACA-2024-QUE-DE-NUEVA-CUENTA-OPERA-EL-AYUNTAMIENTO-CAPITALINO-1-150x150.jpeg\" class=\"attachment-thumbnail size-thumbnail\" alt=\"\" loading=\"lazy\" \/><\/a>\n\t\t\t<\/dt><\/dl><dl class='gallery-item'>\n\t\t\t<dt class='gallery-icon landscape'>\n\t\t\t\t<a href='https:\/\/cuernavaca.gob.mx\/?attachment_id=39534'><img width=\"150\" height=\"150\" src=\"https:\/\/cuernavaca.gob.mx\/wp-content\/uploads\/2024\/03\/RECUPERA-CONFIANZA-DE-LA-POBLACION-LA-FERIA-DE-LA-FLOR-CUERNAVACA-2024-QUE-DE-NUEVA-CUENTA-OPERA-EL-AYUNTAMIENTO-CAPITALINO-2-150x150.jpeg\" class=\"attachment-thumbnail size-thumbnail\" alt=\"\" loading=\"lazy\" \/><\/a>\n\t\t\t<\/dt><\/dl><dl class='gallery-item'>\n\t\t\t<dt class='gallery-icon landscape'>\n\t\t\t\t<a href='https:\/\/cuernavaca.gob.mx\/?attachment_id=39535'><img width=\"150\" height=\"150\" src=\"https:\/\/cuernavaca.gob.mx\/wp-content\/uploads\/2024\/03\/RECUPERA-CONFIANZA-DE-LA-POBLACION-LA-FERIA-DE-LA-FLOR-CUERNAVACA-2024-QUE-DE-NUEVA-CUENTA-OPERA-EL-AYUNTAMIENTO-CAPITALINO-3-150x150.jpeg\" class=\"attachment-thumbnail size-thumbnail\" alt=\"\" loading=\"lazy\" \/><\/a>\n\t\t\t<\/dt><\/dl><br style=\"clear: both\" \/><dl class='gallery-item'>\n\t\t\t<dt class='gallery-icon landscape'>\n\t\t\t\t<a href='https:\/\/cuernavaca.gob.mx\/?attachment_id=39536'><img width=\"150\" height=\"150\" src=\"https:\/\/cuernavaca.gob.mx\/wp-content\/uploads\/2024\/03\/RECUPERA-CONFIANZA-DE-LA-POBLACION-LA-FERIA-DE-LA-FLOR-CUERNAVACA-2024-QUE-DE-NUEVA-CUENTA-OPERA-EL-AYUNTAMIENTO-CAPITALINO-4-150x150.jpeg\" class=\"attachment-thumbnail size-thumbnail\" alt=\"\" loading=\"lazy\" \/><\/a>\n\t\t\t<\/dt><\/dl><dl class='gallery-item'>\n\t\t\t<dt class='gallery-icon landscape'>\n\t\t\t\t<a href='https:\/\/cuernavaca.gob.mx\/?attachment_id=39537'><img width=\"150\" height=\"150\" src=\"https:\/\/cuernavaca.gob.mx\/wp-content\/uploads\/2024\/03\/RECUPERA-CONFIANZA-DE-LA-POBLACION-LA-FERIA-DE-LA-FLOR-CUERNAVACA-2024-QUE-DE-NUEVA-CUENTA-OPERA-EL-AYUNTAMIENTO-CAPITALINO-5-150x150.jpeg\" class=\"attachment-thumbnail size-thumbnail\" alt=\"\" loading=\"lazy\" \/><\/a>\n\t\t\t<\/dt><\/dl><dl class='gallery-item'>\n\t\t\t<dt class='gallery-icon landscape'>\n\t\t\t\t<a href='https:\/\/cuernavaca.gob.mx\/?attachment_id=39538'><img width=\"150\" height=\"150\" src=\"https:\/\/cuernavaca.gob.mx\/wp-content\/uploads\/2024\/03\/RECUPERA-CONFIANZA-DE-LA-POBLACION-LA-FERIA-DE-LA-FLOR-CUERNAVACA-2024-QUE-DE-NUEVA-CUENTA-OPERA-EL-AYUNTAMIENTO-CAPITALINO-6-150x150.jpeg\" class=\"attachment-thumbnail size-thumbnail\" alt=\"\" loading=\"lazy\" \/><\/a>\n\t\t\t<\/dt><\/dl><br style=\"clear: both\" \/><dl class='gallery-item'>\n\t\t\t<dt class='gallery-icon landscape'>\n\t\t\t\t<a href='https:\/\/cuernavaca.gob.mx\/?attachment_id=39539'><img width=\"150\" height=\"150\" src=\"https:\/\/cuernavaca.gob.mx\/wp-content\/uploads\/2024\/03\/RECUPERA-CONFIANZA-DE-LA-POBLACION-LA-FERIA-DE-LA-FLOR-CUERNAVACA-2024-QUE-DE-NUEVA-CUENTA-OPERA-EL-AYUNTAMIENTO-CAPITALINO-7-150x150.jpeg\" class=\"attachment-thumbnail size-thumbnail\" alt=\"\" loading=\"lazy\" \/><\/a>\n\t\t\t<\/dt><\/dl><dl class='gallery-item'>\n\t\t\t<dt class='gallery-icon landscape'>\n\t\t\t\t<a href='https:\/\/cuernavaca.gob.mx\/?attachment_id=39540'><img width=\"150\" height=\"150\" src=\"https:\/\/cuernavaca.gob.mx\/wp-content\/uploads\/2024\/03\/RECUPERA-CONFIANZA-DE-LA-POBLACION-LA-FERIA-DE-LA-FLOR-CUERNAVACA-2024-QUE-DE-NUEVA-CUENTA-OPERA-EL-AYUNTAMIENTO-CAPITALINO-8-150x150.jpeg\" class=\"attachment-thumbnail size-thumbnail\" alt=\"\" loading=\"lazy\" \/><\/a>\n\t\t\t<\/dt><\/dl><dl class='gallery-item'>\n\t\t\t<dt class='gallery-icon landscape'>\n\t\t\t\t<a href='https:\/\/cuernavaca.gob.mx\/?attachment_id=39541'><img width=\"150\" height=\"150\" src=\"https:\/\/cuernavaca.gob.mx\/wp-content\/uploads\/2024\/03\/RECUPERA-CONFIANZA-DE-LA-POBLACION-LA-FERIA-DE-LA-FLOR-CUERNAVACA-2024-QUE-DE-NUEVA-CUENTA-OPERA-EL-AYUNTAMIENTO-CAPITALINO-9-150x150.jpeg\" class=\"attachment-thumbnail size-thumbnail\" alt=\"\" loading=\"lazy\" \/><\/a>\n\t\t\t<\/dt><\/dl><br style=\"clear: both\" \/>\n\t\t<\/div>\n\n<\/div>\n","protected":false},"excerpt":{"rendered":"<p>\u00a0El inicio de actividades estuvo encabezado por el presidente municipal de Cuernavaca y el ministro Tsukasa Hirota, en representaci\u00f3n del Embajador de Jap\u00f3n en M\u00e9xico, Noriteru Fukushima &nbsp; \u00a0Con la participaci\u00f3n de m\u00e1s de 250 expositores, la Feria de la Flor, mantendr\u00e1 un horario de 13:00 a 22:00 horas hasta el domingo 31 de marzo\u00a0 [&hellip;]<\/p>\n","protected":false},"author":1,"featured_media":39541,"comment_status":"closed","ping_status":"open","sticky":false,"template":"","format":"standard","meta":[],"categories":[21],"tags":[121,1922,2337,413,260,120,206,127,419,1375],"aioseo_notices":[],"_links":{"self":[{"href":"https:\/\/cuernavaca.gob.mx\/index.php?rest_route=\/wp\/v2\/posts\/39532"}],"collection":[{"href":"https:\/\/cuernavaca.gob.mx\/index.php?rest_route=\/wp\/v2\/posts"}],"about":[{"href":"https:\/\/cuernavaca.gob.mx\/index.php?rest_route=\/wp\/v2\/types\/post"}],"author":[{"embeddable":true,"href":"https:\/\/cuernavaca.gob.mx\/index.php?rest_route=\/wp\/v2\/users\/1"}],"replies":[{"embeddable":true,"href":"https:\/\/cuernavaca.gob.mx\/index.php?rest_route=%2Fwp%2Fv2%2Fcomments&post=39532"}],"version-history":[{"count":1,"href":"https:\/\/cuernavaca.gob.mx\/index.php?rest_route=\/wp\/v2\/posts\/39532\/revisions"}],"predecessor-version":[{"id":39542,"href":"https:\/\/cuernavaca.gob.mx\/index.php?rest_route=\/wp\/v2\/posts\/39532\/revisions\/39542"}],"wp:featuredmedia":[{"embeddable":true,"href":"https:\/\/cuernavaca.gob.mx\/index.php?rest_route=\/wp\/v2\/media\/39541"}],"wp:attachment":[{"href":"https:\/\/cuernavaca.gob.mx\/index.php?rest_route=%2Fwp%2Fv2%2Fmedia&parent=39532"}],"wp:term":[{"taxonomy":"category","embeddable":true,"href":"https:\/\/cuernavaca.gob.mx\/index.php?rest_route=%2Fwp%2Fv2%2Fcategories&post=39532"},{"taxonomy":"post_tag","embeddable":true,"href":"https:\/\/cuernavaca.gob.mx\/index.php?rest_route=%2Fwp%2Fv2%2Ftags&post=39532"}],"curies":[{"name":"wp","href":"https:\/\/api.w.org\/{rel}","templated":true}]}}