{"id":39559,"date":"2024-03-25T14:00:59","date_gmt":"2024-03-25T20:00:59","guid":{"rendered":"https:\/\/cuernavaca.gob.mx\/?p=39559"},"modified":"2024-03-25T14:59:38","modified_gmt":"2024-03-25T20:59:38","slug":"b1654-25-03-24-ayuntamiento-de-cuernavaca-actualiza-indicadores-de-atencion-de-la-alerta-de-violencia-de-genero-contra-las-mujeres","status":"publish","type":"post","link":"https:\/\/cuernavaca.gob.mx\/?p=39559","title":{"rendered":"B1654 25\/03\/24 AYUNTAMIENTO DE CUERNAVACA ACTUALIZA INDICADORES DE ATENCI\u00d3N DE LA ALERTA DE VIOLENCIA DE G\u00c9NERO CONTRA LAS MUJERES"},"content":{"rendered":"<p>\u2022 Este lunes se llev\u00f3 a cabo la primera sesi\u00f3n ordinaria del 2024 del Comit\u00e9 Municipal para Atender, Sancionar y Erradicar la Violencia contra las Mujeres del Municipio de Cuernavaca (PASEMUN)<\/p>\n<p>Con el prop\u00f3sito de revisar los avances que mantienen cada una de las dependencias municipales con relaci\u00f3n al cumplimiento de los indicadores de la Alerta de Violencia de G\u00e9nero contra las Mujeres (AVGM), este lunes se llev\u00f3 a cabo la primera sesi\u00f3n ordinaria del 2024 del Comit\u00e9 Municipal para Atender, Sancionar y Erradicar la Violencia contra las Mujeres del Municipio de Cuernavaca (PASEMUN), donde se resalt\u00f3 el trabajo transversal implementado para contribuir a que las mujeres vivan una vida libre de violencias.<\/p>\n<p>En el marco del D\u00eda Naranja y en presencia del presidente municipal de Cuernavaca y la directora general del Instituto de la Mujer de Cuernavaca en su calidad de secretaria t\u00e9cnica del PASEMUN, las y los titulares de las diferentes Secretar\u00edas Direcciones Generales rindieron un informe de los \u00edndices de gesti\u00f3n alcanzados hasta el momento como parte de los 50 indicadores que tiene el Gobierno de la capital morelense que se encuentra en color verde dentro de la semaforizaci\u00f3n de atenci\u00f3n.<\/p>\n<p>El Secretariado Ejecutivo del Consejo Municipal de Seguridad P\u00fablica, el Sistema Municipal DIF Cuernavaca, la Secretar\u00eda de Protecci\u00f3n y Auxilio Ciudadano, la Secretar\u00eda de Desarrollo Humano y Participaci\u00f3n Social a trav\u00e9s de las Direcciones de Educaci\u00f3n y Salud y de Diversidad Sexual, as\u00ed como del Instituto de la Juventud; la Contralor\u00eda Municipal, la Secretar\u00eda de Administraci\u00f3n mediante la Direcci\u00f3n de Recursos Humanos, la Direcci\u00f3n de Comunicaci\u00f3n Social y el Instituto de la Mujer, forman parte del PASEMUN.<\/p>\n<p>Entre las actividades mencionadas se destacaron la difusi\u00f3n de la AVGM como un mecanismo de protecci\u00f3n, el rescate de espacios p\u00fablicos, la capacitaci\u00f3n a servidoras y servidores p\u00fablicos en materia de perspectiva de g\u00e9nero, talleres de sensibilizaci\u00f3n a la poblaci\u00f3n, la preservaci\u00f3n y cuidado de los derechos humanos de mujeres, adolescentes y ni\u00f1as; y el cumplimiento al Banco Estatal de Datos e Informaci\u00f3n sobre Casos de Violencia contra las Mujeres (BANESVIM).<\/p>\n<p>Acompa\u00f1ado de la presidenta del DIF Municipal, el alcalde de Cuernavaca reconoci\u00f3 la participaci\u00f3n de cada una y uno de los integrantes del Gabinete que ha sido fundamental para alcanzar metas importantes que han impactado en el municipio, ofreciendo mayor seguridad, orden y sobre todo tranquilidad a todas las mujeres, siendo un trabajo transversal que se debe mantener y fortalecer para lograr mejores resultados, ya que mientras en Cuernavaca se tengan una mujer violentada el Comit\u00e9 no debe dejar de trabajar.<\/p>\n<p>La directora general del Instituto de la Mujer de Cuernavaca, resalt\u00f3 que tener un sem\u00e1foro en verde muestra el trabajo y compromiso que cada integrante del Gabinete est\u00e1 haciendo trabajando en conjunto para atender la Alerta de Violencia de G\u00e9nero contra las Mujeres (AVGM), siendo un tema que la administraci\u00f3n municipal ha priorizado y del que se ha apropiado, por lo cual han hecho alianzas, no solo con las dependencias que integran el PASEMUN, sino tambi\u00e9n con el Sistema de Agua Potable y Alcantarillado de Cuernavaca (SAPAC), la Secretar\u00eda del Ayuntamiento, la Secretar\u00eda de Desarrollo Sustentable y Servicios P\u00fablicos y la Sindicatura que son invitados permanentes al Comit\u00e9.<\/p>\n<p>&nbsp;<\/p>\n<p>*Esta publicaci\u00f3n es de car\u00e1cter informativo, de inter\u00e9s p\u00fablico y ajena a cualquier partido pol\u00edtico. *<\/p>\n<p>&nbsp;<\/p>\n\n\t\t<style type=\"text\/css\">\n\t\t\t#gallery-1 {\n\t\t\t\tmargin: auto;\n\t\t\t}\n\t\t\t#gallery-1 .gallery-item {\n\t\t\t\tfloat: left;\n\t\t\t\tmargin-top: 10px;\n\t\t\t\ttext-align: center;\n\t\t\t\twidth: 33%;\n\t\t\t}\n\t\t\t#gallery-1 img {\n\t\t\t\tborder: 2px solid #cfcfcf;\n\t\t\t}\n\t\t\t#gallery-1 .gallery-caption {\n\t\t\t\tmargin-left: 0;\n\t\t\t}\n\t\t\t\/* see gallery_shortcode() in wp-includes\/media.php *\/\n\t\t<\/style>\n\t\t<div id='gallery-1' class='gallery galleryid-39559 gallery-columns-3 gallery-size-thumbnail'><dl class='gallery-item'>\n\t\t\t<dt class='gallery-icon landscape'>\n\t\t\t\t<a href='https:\/\/cuernavaca.gob.mx\/?attachment_id=39562'><img width=\"150\" height=\"150\" src=\"https:\/\/cuernavaca.gob.mx\/wp-content\/uploads\/2024\/03\/WhatsApp-Image-2024-03-25-at-2.57.11-PM-150x150.jpeg\" class=\"attachment-thumbnail size-thumbnail\" alt=\"\" loading=\"lazy\" \/><\/a>\n\t\t\t<\/dt><\/dl><dl class='gallery-item'>\n\t\t\t<dt class='gallery-icon landscape'>\n\t\t\t\t<a href='https:\/\/cuernavaca.gob.mx\/?attachment_id=39563'><img width=\"150\" height=\"150\" src=\"https:\/\/cuernavaca.gob.mx\/wp-content\/uploads\/2024\/03\/WhatsApp-Image-2024-03-25-at-2.57.10-PM-5-150x150.jpeg\" class=\"attachment-thumbnail size-thumbnail\" alt=\"\" loading=\"lazy\" \/><\/a>\n\t\t\t<\/dt><\/dl><dl class='gallery-item'>\n\t\t\t<dt class='gallery-icon landscape'>\n\t\t\t\t<a href='https:\/\/cuernavaca.gob.mx\/?attachment_id=39564'><img width=\"150\" height=\"150\" src=\"https:\/\/cuernavaca.gob.mx\/wp-content\/uploads\/2024\/03\/WhatsApp-Image-2024-03-25-at-2.57.10-PM-4-150x150.jpeg\" class=\"attachment-thumbnail size-thumbnail\" alt=\"\" loading=\"lazy\" \/><\/a>\n\t\t\t<\/dt><\/dl><br style=\"clear: both\" \/><dl class='gallery-item'>\n\t\t\t<dt class='gallery-icon landscape'>\n\t\t\t\t<a href='https:\/\/cuernavaca.gob.mx\/?attachment_id=39565'><img width=\"150\" height=\"150\" src=\"https:\/\/cuernavaca.gob.mx\/wp-content\/uploads\/2024\/03\/WhatsApp-Image-2024-03-25-at-2.57.10-PM-3-150x150.jpeg\" class=\"attachment-thumbnail size-thumbnail\" alt=\"\" loading=\"lazy\" \/><\/a>\n\t\t\t<\/dt><\/dl><dl class='gallery-item'>\n\t\t\t<dt class='gallery-icon landscape'>\n\t\t\t\t<a href='https:\/\/cuernavaca.gob.mx\/?attachment_id=39566'><img width=\"150\" height=\"150\" src=\"https:\/\/cuernavaca.gob.mx\/wp-content\/uploads\/2024\/03\/WhatsApp-Image-2024-03-25-at-2.57.10-PM-2-150x150.jpeg\" class=\"attachment-thumbnail size-thumbnail\" alt=\"\" loading=\"lazy\" \/><\/a>\n\t\t\t<\/dt><\/dl><dl class='gallery-item'>\n\t\t\t<dt class='gallery-icon landscape'>\n\t\t\t\t<a href='https:\/\/cuernavaca.gob.mx\/?attachment_id=39567'><img width=\"150\" height=\"150\" src=\"https:\/\/cuernavaca.gob.mx\/wp-content\/uploads\/2024\/03\/WhatsApp-Image-2024-03-25-at-2.57.10-PM-1-150x150.jpeg\" class=\"attachment-thumbnail size-thumbnail\" alt=\"\" loading=\"lazy\" \/><\/a>\n\t\t\t<\/dt><\/dl><br style=\"clear: both\" \/><dl class='gallery-item'>\n\t\t\t<dt class='gallery-icon landscape'>\n\t\t\t\t<a href='https:\/\/cuernavaca.gob.mx\/?attachment_id=39568'><img width=\"150\" height=\"150\" src=\"https:\/\/cuernavaca.gob.mx\/wp-content\/uploads\/2024\/03\/WhatsApp-Image-2024-03-25-at-2.57.10-PM-150x150.jpeg\" class=\"attachment-thumbnail size-thumbnail\" alt=\"\" loading=\"lazy\" \/><\/a>\n\t\t\t<\/dt><\/dl>\n\t\t\t<br style='clear: both' \/>\n\t\t<\/div>\n\n<p>&nbsp;<\/p>\n","protected":false},"excerpt":{"rendered":"<p>\u2022 Este lunes se llev\u00f3 a cabo la primera sesi\u00f3n ordinaria del 2024 del Comit\u00e9 Municipal para Atender, Sancionar y Erradicar la Violencia contra las Mujeres del Municipio de Cuernavaca (PASEMUN) Con el prop\u00f3sito de revisar los avances que mantienen cada una de las dependencias municipales con relaci\u00f3n al cumplimiento de los indicadores de la [&hellip;]<\/p>\n","protected":false},"author":1,"featured_media":39568,"comment_status":"closed","ping_status":"open","sticky":false,"template":"","format":"standard","meta":[],"categories":[280],"tags":[121,120,206,388,127,414,125,525],"aioseo_notices":[],"_links":{"self":[{"href":"https:\/\/cuernavaca.gob.mx\/index.php?rest_route=\/wp\/v2\/posts\/39559"}],"collection":[{"href":"https:\/\/cuernavaca.gob.mx\/index.php?rest_route=\/wp\/v2\/posts"}],"about":[{"href":"https:\/\/cuernavaca.gob.mx\/index.php?rest_route=\/wp\/v2\/types\/post"}],"author":[{"embeddable":true,"href":"https:\/\/cuernavaca.gob.mx\/index.php?rest_route=\/wp\/v2\/users\/1"}],"replies":[{"embeddable":true,"href":"https:\/\/cuernavaca.gob.mx\/index.php?rest_route=%2Fwp%2Fv2%2Fcomments&post=39559"}],"version-history":[{"count":2,"href":"https:\/\/cuernavaca.gob.mx\/index.php?rest_route=\/wp\/v2\/posts\/39559\/revisions"}],"predecessor-version":[{"id":39569,"href":"https:\/\/cuernavaca.gob.mx\/index.php?rest_route=\/wp\/v2\/posts\/39559\/revisions\/39569"}],"wp:featuredmedia":[{"embeddable":true,"href":"https:\/\/cuernavaca.gob.mx\/index.php?rest_route=\/wp\/v2\/media\/39568"}],"wp:attachment":[{"href":"https:\/\/cuernavaca.gob.mx\/index.php?rest_route=%2Fwp%2Fv2%2Fmedia&parent=39559"}],"wp:term":[{"taxonomy":"category","embeddable":true,"href":"https:\/\/cuernavaca.gob.mx\/index.php?rest_route=%2Fwp%2Fv2%2Fcategories&post=39559"},{"taxonomy":"post_tag","embeddable":true,"href":"https:\/\/cuernavaca.gob.mx\/index.php?rest_route=%2Fwp%2Fv2%2Ftags&post=39559"}],"curies":[{"name":"wp","href":"https:\/\/api.w.org\/{rel}","templated":true}]}}