{"id":39596,"date":"2024-03-26T16:00:24","date_gmt":"2024-03-26T22:00:24","guid":{"rendered":"https:\/\/cuernavaca.gob.mx\/?p=39596"},"modified":"2024-03-26T16:43:53","modified_gmt":"2024-03-26T22:43:53","slug":"b1657-26-03-24-japon-pais-invitado-en-la-feria-de-la-flor-cuernavaca-2024-con-pabellon-alusivo-a-su-historia-y-tradiciones","status":"publish","type":"post","link":"https:\/\/cuernavaca.gob.mx\/?p=39596","title":{"rendered":"B1657 26\/03\/24 JAP\u00d3N, PA\u00cdS INVITADO EN LA FERIA DE LA FLOR CUERNAVACA 2024 CON PABELL\u00d3N ALUSIVO A SU HISTORIA Y TRADICIONES"},"content":{"rendered":"<p>Por primera ocasi\u00f3n en la Feria de la Flor, Cuernavaca 2024, cuenta con un pabell\u00f3n dedicado exclusivamente a la riqueza cultura, art\u00edstica e hist\u00f3rica de Jap\u00f3n pa\u00eds invitado, cuya hermandad con la capital morelense se refleja en los lazos que se han construido y fortalecido en la presente administraci\u00f3n municipal.<\/p>\n<p>A invitaci\u00f3n del presidente municipal de Cuernavaca, el Grupo Amigos de la Ciudad de Min\u014d y Osaka, Jap\u00f3n organizaron una serie de actividades para toda la familia en conmemoraci\u00f3n de la paz como el homenaje a Sensei y la exposici\u00f3n fotogr\u00e1fica del Museo de la Memoria y de la Paz de Hiroshima, as\u00ed como se estar\u00e1n ofreciendo promociones de viajes de familias y a trav\u00e9s de Meguro School, ense\u00f1anza de la lengua japonesa y espa\u00f1ol (para japoneses).<\/p>\n<p>El pabell\u00f3n est\u00e1 integrado por stands de venta de comida japonesa, de bons\u00e1is, kimonos y talleres de Shodo, caligraf\u00eda japonesa para todas las edades con el objetivo de dar a conocer a los asistentes los lazos de hermanamiento que mantienen Cuernavaca y Jap\u00f3n, teniendo la oportunidad de aprovecharlos de manera individual y colectiva.<\/p>\n<p>La Feria de la Flor, Cuernavaca 2024 se ubica en avenida San Diego, colonia Vista Hermosa en un horario de 13:00 a 22:00 horas, siendo un espacio cien por ciento familiar sin venta de bebidas alcoh\u00f3licas y donde los sistemas producto de la ciudad est\u00e1n presentes, as\u00ed como artistas de talla nacional e internacional.<\/p>\n<p>&nbsp;<\/p>\n<p>*Esta publicaci\u00f3n es de car\u00e1cter informativo, de inter\u00e9s p\u00fablico y ajena a cualquier partido pol\u00edtico.<\/p>\n<p>&nbsp;<\/p>\n\n\t\t<style type=\"text\/css\">\n\t\t\t#gallery-1 {\n\t\t\t\tmargin: auto;\n\t\t\t}\n\t\t\t#gallery-1 .gallery-item {\n\t\t\t\tfloat: left;\n\t\t\t\tmargin-top: 10px;\n\t\t\t\ttext-align: center;\n\t\t\t\twidth: 33%;\n\t\t\t}\n\t\t\t#gallery-1 img {\n\t\t\t\tborder: 2px solid #cfcfcf;\n\t\t\t}\n\t\t\t#gallery-1 .gallery-caption {\n\t\t\t\tmargin-left: 0;\n\t\t\t}\n\t\t\t\/* see gallery_shortcode() in wp-includes\/media.php *\/\n\t\t<\/style>\n\t\t<div id='gallery-1' class='gallery galleryid-39596 gallery-columns-3 gallery-size-thumbnail'><dl class='gallery-item'>\n\t\t\t<dt class='gallery-icon landscape'>\n\t\t\t\t<a href='https:\/\/cuernavaca.gob.mx\/?attachment_id=39597'><img width=\"150\" height=\"150\" src=\"https:\/\/cuernavaca.gob.mx\/wp-content\/uploads\/2024\/03\/JAPO\u0301N-PAI\u0301S-INVITADO-EN-LA-FERIA-DE-LA-FLOR-CUERNAVACA-2024-CON-PABELLO\u0301N-ALUSIVO-A-SU-HISTORIA-Y-TRADICIONES-1-150x150.jpg\" class=\"attachment-thumbnail size-thumbnail\" alt=\"\" loading=\"lazy\" \/><\/a>\n\t\t\t<\/dt><\/dl><dl class='gallery-item'>\n\t\t\t<dt class='gallery-icon landscape'>\n\t\t\t\t<a href='https:\/\/cuernavaca.gob.mx\/?attachment_id=39598'><img width=\"150\" height=\"150\" src=\"https:\/\/cuernavaca.gob.mx\/wp-content\/uploads\/2024\/03\/JAPO\u0301N-PAI\u0301S-INVITADO-EN-LA-FERIA-DE-LA-FLOR-CUERNAVACA-2024-CON-PABELLO\u0301N-ALUSIVO-A-SU-HISTORIA-Y-TRADICIONES-2-150x150.jpg\" class=\"attachment-thumbnail size-thumbnail\" alt=\"\" loading=\"lazy\" \/><\/a>\n\t\t\t<\/dt><\/dl><dl class='gallery-item'>\n\t\t\t<dt class='gallery-icon landscape'>\n\t\t\t\t<a href='https:\/\/cuernavaca.gob.mx\/?attachment_id=39599'><img width=\"150\" height=\"150\" src=\"https:\/\/cuernavaca.gob.mx\/wp-content\/uploads\/2024\/03\/JAPO\u0301N-PAI\u0301S-INVITADO-EN-LA-FERIA-DE-LA-FLOR-CUERNAVACA-2024-CON-PABELLO\u0301N-ALUSIVO-A-SU-HISTORIA-Y-TRADICIONES-3-150x150.jpg\" class=\"attachment-thumbnail size-thumbnail\" alt=\"\" loading=\"lazy\" \/><\/a>\n\t\t\t<\/dt><\/dl><br style=\"clear: both\" \/><dl class='gallery-item'>\n\t\t\t<dt class='gallery-icon landscape'>\n\t\t\t\t<a href='https:\/\/cuernavaca.gob.mx\/?attachment_id=39600'><img width=\"150\" height=\"150\" src=\"https:\/\/cuernavaca.gob.mx\/wp-content\/uploads\/2024\/03\/JAPO\u0301N-PAI\u0301S-INVITADO-EN-LA-FERIA-DE-LA-FLOR-CUERNAVACA-2024-CON-PABELLO\u0301N-ALUSIVO-A-SU-HISTORIA-Y-TRADICIONES-4-150x150.jpg\" class=\"attachment-thumbnail size-thumbnail\" alt=\"\" loading=\"lazy\" \/><\/a>\n\t\t\t<\/dt><\/dl>\n\t\t\t<br style='clear: both' \/>\n\t\t<\/div>\n\n<p>&nbsp;<\/p>\n","protected":false},"excerpt":{"rendered":"<p>Por primera ocasi\u00f3n en la Feria de la Flor, Cuernavaca 2024, cuenta con un pabell\u00f3n dedicado exclusivamente a la riqueza cultura, art\u00edstica e hist\u00f3rica de Jap\u00f3n pa\u00eds invitado, cuya hermandad con la capital morelense se refleja en los lazos que se han construido y fortalecido en la presente administraci\u00f3n municipal. A invitaci\u00f3n del presidente municipal [&hellip;]<\/p>\n","protected":false},"author":1,"featured_media":39600,"comment_status":"closed","ping_status":"open","sticky":false,"template":"","format":"standard","meta":[],"categories":[21],"tags":[121,413,260,1479,120,206,127,419,194,1375],"aioseo_notices":[],"_links":{"self":[{"href":"https:\/\/cuernavaca.gob.mx\/index.php?rest_route=\/wp\/v2\/posts\/39596"}],"collection":[{"href":"https:\/\/cuernavaca.gob.mx\/index.php?rest_route=\/wp\/v2\/posts"}],"about":[{"href":"https:\/\/cuernavaca.gob.mx\/index.php?rest_route=\/wp\/v2\/types\/post"}],"author":[{"embeddable":true,"href":"https:\/\/cuernavaca.gob.mx\/index.php?rest_route=\/wp\/v2\/users\/1"}],"replies":[{"embeddable":true,"href":"https:\/\/cuernavaca.gob.mx\/index.php?rest_route=%2Fwp%2Fv2%2Fcomments&post=39596"}],"version-history":[{"count":1,"href":"https:\/\/cuernavaca.gob.mx\/index.php?rest_route=\/wp\/v2\/posts\/39596\/revisions"}],"predecessor-version":[{"id":39601,"href":"https:\/\/cuernavaca.gob.mx\/index.php?rest_route=\/wp\/v2\/posts\/39596\/revisions\/39601"}],"wp:featuredmedia":[{"embeddable":true,"href":"https:\/\/cuernavaca.gob.mx\/index.php?rest_route=\/wp\/v2\/media\/39600"}],"wp:attachment":[{"href":"https:\/\/cuernavaca.gob.mx\/index.php?rest_route=%2Fwp%2Fv2%2Fmedia&parent=39596"}],"wp:term":[{"taxonomy":"category","embeddable":true,"href":"https:\/\/cuernavaca.gob.mx\/index.php?rest_route=%2Fwp%2Fv2%2Fcategories&post=39596"},{"taxonomy":"post_tag","embeddable":true,"href":"https:\/\/cuernavaca.gob.mx\/index.php?rest_route=%2Fwp%2Fv2%2Ftags&post=39596"}],"curies":[{"name":"wp","href":"https:\/\/api.w.org\/{rel}","templated":true}]}}