{"id":39624,"date":"2024-03-27T18:00:06","date_gmt":"2024-03-28T00:00:06","guid":{"rendered":"https:\/\/cuernavaca.gob.mx\/?p=39624"},"modified":"2024-03-28T10:10:52","modified_gmt":"2024-03-28T16:10:52","slug":"b1660-27-03-24-cabildo-de-cuernavaca-se-pronuncia-por-el-retiro-de-publicidad-y-propaganda-electoral-que-afecta-al-mobiliario-e-imagen-urbana-de-la-ciudad","status":"publish","type":"post","link":"https:\/\/cuernavaca.gob.mx\/?p=39624","title":{"rendered":"B1660 27\/03\/24 CABILDO DE CUERNAVACA SE PRONUNCIA POR EL RETIRO DE PUBLICIDAD Y PROPAGANDA ELECTORAL QUE AFECTA AL MOBILIARIO E IMAGEN URBANA DE LA CIUDAD\u00a0"},"content":{"rendered":"<div><strong>\u2022 Ante la inconformidad de ciudadano e integrantes del Cabildo, se ha intensificado el retiro de anuncios y propaganda colocadas puentes, \u00e1rboles, postes, mallas cicl\u00f3nicas y espacios p\u00fablicos<\/strong><\/div>\n<div><\/div>\n<div>El Cabildo de Cuernavaca se pronunci\u00f3 por la intervenci\u00f3n de la administraci\u00f3n municipal, ejerciendo facultades que le otorga la ley, a fin de proceder por la afectaci\u00f3n al mobiliario e imagen urbana de la ciudad, no tan solo con anuncios y publicidad comercial, sino tambi\u00e9n por la propaganda electoral que algunos personajes y partidos, seg\u00fan se observa en las im\u00e1genes, han colocado en espacios p\u00fablicos no autorizados.<\/div>\n<div><\/div>\n<div>En este sentido, en sesi\u00f3n de Cabildo y ante inconformidad presentada por ciudadanos e integrantes de este \u00f3rgano colegiado, el titular de la Secretar\u00eda del Ayuntamiento inform\u00f3 que se ha intensificado el retiro de publicidad, anuncios y propaganda colocadas puentes, \u00e1rboles, postes, mallas cicl\u00f3nicas y paredes de espacios p\u00fablicos, pese a estar prohibido por ley, informando que aunado a los procedimientos administrativos que han iniciado, est\u00e1n en espera de que la Consejer\u00eda Jur\u00eddica les da la pauta para presentar denuncias a quien resulte responsable.<\/div>\n<div><\/div>\n<div>El secretario del Ayuntamiento indic\u00f3 que ante la contaminaci\u00f3n visual que se ha registrado en la ciudad con fines electorales y ante el proceso interno de un instituto pol\u00edtico han iniciado cerca de cinco procedimientos, llevando a cabo a la par el retiro de la publicidad de aquellas personas que en su momento aspiraban a alg\u00fan cargo de elecci\u00f3n popular; sin embargo, han tardado en retirar la publicidad que en lo que la colocan nuevamente en otro espacio p\u00fablico.<\/div>\n<div><\/div>\n<div>Resalt\u00f3 que antes del 15 de abril que inician las campa\u00f1as electorales estar\u00e1n fortaleciendo el trabajo de retiro de esta propaganda, lo cual se realiza en coordinaci\u00f3n con la Secretar\u00eda de Desarrollo Sustentable y Servicios P\u00fablicos, aclarando que si bien en este periodo habr\u00e1 autorizaci\u00f3n de colocar este tipo de publicidad no est\u00e1 contemplado que se ocupe el mobiliario urbano.<\/div>\n<div><\/div>\n<div>Desde el inicio de la administraci\u00f3n se ha priorizado la limpieza y orden de la capital morelense a trav\u00e9s del retiro de publicidad en mobiliario urbano, toda vez que de acuerdo con el Reglamento de Anuncios del Municipio est\u00e1 estrictamente prohibido su uso para este tipo de fines, se\u00f1alando la obligaci\u00f3n de las autoridades para retirar cualquier anuncio que no cuente con licencia o permiso; adem\u00e1s de que con independencia de las multas que procedan, deben requerir un pago a la empresa anunciada y\/o al responsable del anuncio el costo del retiro.<\/div>\n<div><\/div>\n<div>*Esta publicaci\u00f3n es de car\u00e1cter informativo, de inter\u00e9s p\u00fablico y ajeno a cualquier partido pol\u00edtico.<\/div>\n<div><\/div>\n<div>\n\n\t\t<style type=\"text\/css\">\n\t\t\t#gallery-1 {\n\t\t\t\tmargin: auto;\n\t\t\t}\n\t\t\t#gallery-1 .gallery-item {\n\t\t\t\tfloat: left;\n\t\t\t\tmargin-top: 10px;\n\t\t\t\ttext-align: center;\n\t\t\t\twidth: 33%;\n\t\t\t}\n\t\t\t#gallery-1 img {\n\t\t\t\tborder: 2px solid #cfcfcf;\n\t\t\t}\n\t\t\t#gallery-1 .gallery-caption {\n\t\t\t\tmargin-left: 0;\n\t\t\t}\n\t\t\t\/* see gallery_shortcode() in wp-includes\/media.php *\/\n\t\t<\/style>\n\t\t<div id='gallery-1' class='gallery galleryid-39624 gallery-columns-3 gallery-size-thumbnail'><dl class='gallery-item'>\n\t\t\t<dt class='gallery-icon landscape'>\n\t\t\t\t<a href='https:\/\/cuernavaca.gob.mx\/?attachment_id=39625'><img width=\"150\" height=\"150\" src=\"https:\/\/cuernavaca.gob.mx\/wp-content\/uploads\/2024\/03\/CABILDO-DE-CUERNAVACA-SE-PRONUNCIA-POR-EL-RETIRO-DE-PUBLICIDAD-Y-PROPAGANDA-ELECTORAL-QUE-AFECTA-AL-MOBILIARIO-E-IMAGEN-URBANA-DE-LA-CIUDAD-1-150x150.jpeg\" class=\"attachment-thumbnail size-thumbnail\" alt=\"\" loading=\"lazy\" \/><\/a>\n\t\t\t<\/dt><\/dl><dl class='gallery-item'>\n\t\t\t<dt class='gallery-icon landscape'>\n\t\t\t\t<a href='https:\/\/cuernavaca.gob.mx\/?attachment_id=39626'><img width=\"150\" height=\"150\" src=\"https:\/\/cuernavaca.gob.mx\/wp-content\/uploads\/2024\/03\/CABILDO-DE-CUERNAVACA-SE-PRONUNCIA-POR-EL-RETIRO-DE-PUBLICIDAD-Y-PROPAGANDA-ELECTORAL-QUE-AFECTA-AL-MOBILIARIO-E-IMAGEN-URBANA-DE-LA-CIUDAD-2-150x150.jpeg\" class=\"attachment-thumbnail size-thumbnail\" alt=\"\" loading=\"lazy\" \/><\/a>\n\t\t\t<\/dt><\/dl><dl class='gallery-item'>\n\t\t\t<dt class='gallery-icon portrait'>\n\t\t\t\t<a href='https:\/\/cuernavaca.gob.mx\/?attachment_id=39627'><img width=\"150\" height=\"150\" src=\"https:\/\/cuernavaca.gob.mx\/wp-content\/uploads\/2024\/03\/CABILDO-DE-CUERNAVACA-SE-PRONUNCIA-POR-EL-RETIRO-DE-PUBLICIDAD-Y-PROPAGANDA-ELECTORAL-QUE-AFECTA-AL-MOBILIARIO-E-IMAGEN-URBANA-DE-LA-CIUDAD-3-150x150.jpeg\" class=\"attachment-thumbnail size-thumbnail\" alt=\"\" loading=\"lazy\" \/><\/a>\n\t\t\t<\/dt><\/dl><br style=\"clear: both\" \/><dl class='gallery-item'>\n\t\t\t<dt class='gallery-icon portrait'>\n\t\t\t\t<a href='https:\/\/cuernavaca.gob.mx\/?attachment_id=39628'><img width=\"150\" height=\"150\" src=\"https:\/\/cuernavaca.gob.mx\/wp-content\/uploads\/2024\/03\/CABILDO-DE-CUERNAVACA-SE-PRONUNCIA-POR-EL-RETIRO-DE-PUBLICIDAD-Y-PROPAGANDA-ELECTORAL-QUE-AFECTA-AL-MOBILIARIO-E-IMAGEN-URBANA-DE-LA-CIUDAD-4-150x150.jpeg\" class=\"attachment-thumbnail size-thumbnail\" alt=\"\" loading=\"lazy\" \/><\/a>\n\t\t\t<\/dt><\/dl><dl class='gallery-item'>\n\t\t\t<dt class='gallery-icon portrait'>\n\t\t\t\t<a href='https:\/\/cuernavaca.gob.mx\/?attachment_id=39629'><img width=\"150\" height=\"150\" src=\"https:\/\/cuernavaca.gob.mx\/wp-content\/uploads\/2024\/03\/CABILDO-DE-CUERNAVACA-SE-PRONUNCIA-POR-EL-RETIRO-DE-PUBLICIDAD-Y-PROPAGANDA-ELECTORAL-QUE-AFECTA-AL-MOBILIARIO-E-IMAGEN-URBANA-DE-LA-CIUDAD-5-150x150.jpeg\" class=\"attachment-thumbnail size-thumbnail\" alt=\"\" loading=\"lazy\" \/><\/a>\n\t\t\t<\/dt><\/dl><dl class='gallery-item'>\n\t\t\t<dt class='gallery-icon landscape'>\n\t\t\t\t<a href='https:\/\/cuernavaca.gob.mx\/?attachment_id=39630'><img width=\"150\" height=\"150\" src=\"https:\/\/cuernavaca.gob.mx\/wp-content\/uploads\/2024\/03\/CABILDO-DE-CUERNAVACA-SE-PRONUNCIA-POR-EL-RETIRO-DE-PUBLICIDAD-Y-PROPAGANDA-ELECTORAL-QUE-AFECTA-AL-MOBILIARIO-E-IMAGEN-URBANA-DE-LA-CIUDAD-6-150x150.jpeg\" class=\"attachment-thumbnail size-thumbnail\" alt=\"\" loading=\"lazy\" \/><\/a>\n\t\t\t<\/dt><\/dl><br style=\"clear: both\" \/>\n\t\t<\/div>\n\n<\/div>\n","protected":false},"excerpt":{"rendered":"<p>\u2022 Ante la inconformidad de ciudadano e integrantes del Cabildo, se ha intensificado el retiro de anuncios y propaganda colocadas puentes, \u00e1rboles, postes, mallas cicl\u00f3nicas y espacios p\u00fablicos El Cabildo de Cuernavaca se pronunci\u00f3 por la intervenci\u00f3n de la administraci\u00f3n municipal, ejerciendo facultades que le otorga la ley, a fin de proceder por la afectaci\u00f3n [&hellip;]<\/p>\n","protected":false},"author":1,"featured_media":39628,"comment_status":"closed","ping_status":"open","sticky":false,"template":"","format":"standard","meta":[],"categories":[3047],"tags":[3306,293,121,321,3565,120,206,127,3405],"aioseo_notices":[],"_links":{"self":[{"href":"https:\/\/cuernavaca.gob.mx\/index.php?rest_route=\/wp\/v2\/posts\/39624"}],"collection":[{"href":"https:\/\/cuernavaca.gob.mx\/index.php?rest_route=\/wp\/v2\/posts"}],"about":[{"href":"https:\/\/cuernavaca.gob.mx\/index.php?rest_route=\/wp\/v2\/types\/post"}],"author":[{"embeddable":true,"href":"https:\/\/cuernavaca.gob.mx\/index.php?rest_route=\/wp\/v2\/users\/1"}],"replies":[{"embeddable":true,"href":"https:\/\/cuernavaca.gob.mx\/index.php?rest_route=%2Fwp%2Fv2%2Fcomments&post=39624"}],"version-history":[{"count":1,"href":"https:\/\/cuernavaca.gob.mx\/index.php?rest_route=\/wp\/v2\/posts\/39624\/revisions"}],"predecessor-version":[{"id":39631,"href":"https:\/\/cuernavaca.gob.mx\/index.php?rest_route=\/wp\/v2\/posts\/39624\/revisions\/39631"}],"wp:featuredmedia":[{"embeddable":true,"href":"https:\/\/cuernavaca.gob.mx\/index.php?rest_route=\/wp\/v2\/media\/39628"}],"wp:attachment":[{"href":"https:\/\/cuernavaca.gob.mx\/index.php?rest_route=%2Fwp%2Fv2%2Fmedia&parent=39624"}],"wp:term":[{"taxonomy":"category","embeddable":true,"href":"https:\/\/cuernavaca.gob.mx\/index.php?rest_route=%2Fwp%2Fv2%2Fcategories&post=39624"},{"taxonomy":"post_tag","embeddable":true,"href":"https:\/\/cuernavaca.gob.mx\/index.php?rest_route=%2Fwp%2Fv2%2Ftags&post=39624"}],"curies":[{"name":"wp","href":"https:\/\/api.w.org\/{rel}","templated":true}]}}