{"id":39632,"date":"2024-03-28T12:00:01","date_gmt":"2024-03-28T18:00:01","guid":{"rendered":"https:\/\/cuernavaca.gob.mx\/?p=39632"},"modified":"2024-03-28T14:32:23","modified_gmt":"2024-03-28T20:32:23","slug":"f648-28-03-24-emite-policia-vial-de-cuernavaca-recomendaciones-para-evitar-accidentes-viales-en-periodo-vacacional","status":"publish","type":"post","link":"https:\/\/cuernavaca.gob.mx\/?p=39632","title":{"rendered":"F648 28\/03\/24 EMITE POLIC\u00cdA VIAL DE CUERNAVACA RECOMENDACIONES PARA EVITAR ACCIDENTES VIALES EN PERIODO VACACIONAL"},"content":{"rendered":"<p>Al ser un problema constante en la ciudad y que se prev\u00e9 pueda aumentar durante la temporada vacacional, la Secretar\u00eda de Protecci\u00f3n y Auxilio Ciudadano (SEPRAC) de Cuernavaca emiti\u00f3 una serie de recomendaciones a la poblaci\u00f3n para prevenir accidentes viales y salvaguardar su integridad y la de sus vecinos.<\/p>\n<p>El director de Polic\u00eda Vial, Javier Tencle Santiago, confirm\u00f3 que el motivo principal de los accidentes es una causa humana, por lo que exhort\u00f3 a los conductores a respetar los l\u00edmites de velocidad, no manejar en estado de ebriedad o bajo los efectos de alguna sustancia nocivas para la salud, no conducir cansados, adem\u00e1s de evitar el uso de distractores como el tel\u00e9fono celular y utilizar el cintur\u00f3n de seguridad, as\u00ed como manejar con las dos manos en el volante.<\/p>\n\n\t\t<style type=\"text\/css\">\n\t\t\t#gallery-1 {\n\t\t\t\tmargin: auto;\n\t\t\t}\n\t\t\t#gallery-1 .gallery-item {\n\t\t\t\tfloat: left;\n\t\t\t\tmargin-top: 10px;\n\t\t\t\ttext-align: center;\n\t\t\t\twidth: 33%;\n\t\t\t}\n\t\t\t#gallery-1 img {\n\t\t\t\tborder: 2px solid #cfcfcf;\n\t\t\t}\n\t\t\t#gallery-1 .gallery-caption {\n\t\t\t\tmargin-left: 0;\n\t\t\t}\n\t\t\t\/* see gallery_shortcode() in wp-includes\/media.php *\/\n\t\t<\/style>\n\t\t<div id='gallery-1' class='gallery galleryid-39632 gallery-columns-3 gallery-size-thumbnail'><dl class='gallery-item'>\n\t\t\t<dt class='gallery-icon landscape'>\n\t\t\t\t<a href='https:\/\/cuernavaca.gob.mx\/?attachment_id=39635'><img width=\"150\" height=\"150\" src=\"https:\/\/cuernavaca.gob.mx\/wp-content\/uploads\/2024\/03\/EMITE-POLICI\u0301A-VIAL-DE-CUERNAVACA-RECOMENDACIONES-PARA-EVITAR-ACCIDENTES-VIALES-EN-PERIODO-VACACIONAL-1-150x150.jpg\" class=\"attachment-thumbnail size-thumbnail\" alt=\"\" loading=\"lazy\" \/><\/a>\n\t\t\t<\/dt><\/dl><dl class='gallery-item'>\n\t\t\t<dt class='gallery-icon portrait'>\n\t\t\t\t<a href='https:\/\/cuernavaca.gob.mx\/?attachment_id=39636'><img width=\"150\" height=\"150\" src=\"https:\/\/cuernavaca.gob.mx\/wp-content\/uploads\/2024\/03\/EMITE-POLICI\u0301A-VIAL-DE-CUERNAVACA-RECOMENDACIONES-PARA-EVITAR-ACCIDENTES-VIALES-EN-PERIODO-VACACIONAL-2-150x150.jpg\" class=\"attachment-thumbnail size-thumbnail\" alt=\"\" loading=\"lazy\" \/><\/a>\n\t\t\t<\/dt><\/dl><dl class='gallery-item'>\n\t\t\t<dt class='gallery-icon portrait'>\n\t\t\t\t<a href='https:\/\/cuernavaca.gob.mx\/?attachment_id=39637'><img width=\"150\" height=\"150\" src=\"https:\/\/cuernavaca.gob.mx\/wp-content\/uploads\/2024\/03\/EMITE-POLICI\u0301A-VIAL-DE-CUERNAVACA-RECOMENDACIONES-PARA-EVITAR-ACCIDENTES-VIALES-EN-PERIODO-VACACIONAL-3-150x150.jpg\" class=\"attachment-thumbnail size-thumbnail\" alt=\"\" loading=\"lazy\" \/><\/a>\n\t\t\t<\/dt><\/dl><br style=\"clear: both\" \/>\n\t\t<\/div>\n\n","protected":false},"excerpt":{"rendered":"<p>Al ser un problema constante en la ciudad y que se prev\u00e9 pueda aumentar durante la temporada vacacional, la Secretar\u00eda de Protecci\u00f3n y Auxilio Ciudadano (SEPRAC) de Cuernavaca emiti\u00f3 una serie de recomendaciones a la poblaci\u00f3n para prevenir accidentes viales y salvaguardar su integridad y la de sus vecinos. El director de Polic\u00eda Vial, Javier [&hellip;]<\/p>\n","protected":false},"author":1,"featured_media":39636,"comment_status":"closed","ping_status":"open","sticky":false,"template":"","format":"standard","meta":[],"categories":[17],"tags":[3566,120,127,2758,1733,1375],"aioseo_notices":[],"_links":{"self":[{"href":"https:\/\/cuernavaca.gob.mx\/index.php?rest_route=\/wp\/v2\/posts\/39632"}],"collection":[{"href":"https:\/\/cuernavaca.gob.mx\/index.php?rest_route=\/wp\/v2\/posts"}],"about":[{"href":"https:\/\/cuernavaca.gob.mx\/index.php?rest_route=\/wp\/v2\/types\/post"}],"author":[{"embeddable":true,"href":"https:\/\/cuernavaca.gob.mx\/index.php?rest_route=\/wp\/v2\/users\/1"}],"replies":[{"embeddable":true,"href":"https:\/\/cuernavaca.gob.mx\/index.php?rest_route=%2Fwp%2Fv2%2Fcomments&post=39632"}],"version-history":[{"count":1,"href":"https:\/\/cuernavaca.gob.mx\/index.php?rest_route=\/wp\/v2\/posts\/39632\/revisions"}],"predecessor-version":[{"id":39638,"href":"https:\/\/cuernavaca.gob.mx\/index.php?rest_route=\/wp\/v2\/posts\/39632\/revisions\/39638"}],"wp:featuredmedia":[{"embeddable":true,"href":"https:\/\/cuernavaca.gob.mx\/index.php?rest_route=\/wp\/v2\/media\/39636"}],"wp:attachment":[{"href":"https:\/\/cuernavaca.gob.mx\/index.php?rest_route=%2Fwp%2Fv2%2Fmedia&parent=39632"}],"wp:term":[{"taxonomy":"category","embeddable":true,"href":"https:\/\/cuernavaca.gob.mx\/index.php?rest_route=%2Fwp%2Fv2%2Fcategories&post=39632"},{"taxonomy":"post_tag","embeddable":true,"href":"https:\/\/cuernavaca.gob.mx\/index.php?rest_route=%2Fwp%2Fv2%2Ftags&post=39632"}],"curies":[{"name":"wp","href":"https:\/\/api.w.org\/{rel}","templated":true}]}}