{"id":39633,"date":"2024-03-28T12:15:57","date_gmt":"2024-03-28T18:15:57","guid":{"rendered":"https:\/\/cuernavaca.gob.mx\/?p=39633"},"modified":"2024-03-28T14:34:04","modified_gmt":"2024-03-28T20:34:04","slug":"b1661-28-03-24-cumple-ayuntamiento-de-cuernavaca-con-la-modernizacion-del-archivo-municipal","status":"publish","type":"post","link":"https:\/\/cuernavaca.gob.mx\/?p=39633","title":{"rendered":"b1661 28\/03\/24 CUMPLE AYUNTAMIENTO DE CUERNAVACA CON LA MODERNIZACI\u00d3N DEL ARCHIVO MUNICIPAL"},"content":{"rendered":"<p><strong>\u2022 El Archivo Municipal hace historia al ser el primero en cumplir con la Ley General de Archivos y la Ley Estatal de Documentaci\u00f3n y Archivos de Morelos<\/strong><\/p>\n<p>En cumplimiento al derecho de acceso a la informaci\u00f3n p\u00fablica y la transparencia, el Ayuntamiento de Cuernavaca moderniz\u00f3 el Archivo Municipal a trav\u00e9s de la digitalizaci\u00f3n y conservaci\u00f3n de sus expedientes, convirti\u00e9ndose en el primer municipio en todo el estado en acatar lo dispuesto en la Ley General de Archivos y la Ley Estatal de Documentaci\u00f3n y Archivos de Morelos, con un af\u00e1n de servir a la ciudadan\u00eda al facilitar el acceso a los acervos hist\u00f3ricos que se resguardan.<\/p>\n<p>El presidente municipal de Cuernavaca acompa\u00f1ado del secretario del Ayuntamiento, el pasado lunes atestiguaron este hecho, realizando un recorrido por las oficinas del Archivo Municipal, donde reconoci\u00f3 el trabajo desempe\u00f1ado que permitir\u00e1, no s\u00f3lo mejorar la conservaci\u00f3n de la documentaci\u00f3n hist\u00f3rica de la ciudad capital, sino tambi\u00e9n facilitar\u00e1 el acceso a la misma, tanto del personal municipal como de los ciudadanos que deseen realizar cualquier consulta.<\/p>\n<p>El Archivo Municipal tiene en resguardo ciertos acervos para la ciudadan\u00eda como son las licencias de construcci\u00f3n, oficios de ocupaci\u00f3n, uso de suelo y la reposici\u00f3n del n\u00famero de cartillas del Servicio Militar Nacional para efectuar alg\u00fan tr\u00e1mite e hist\u00f3ricamente est\u00e1 conformado por Fondos Documentales, desde el Fondo de Gobierno que habla de la historia de la administraci\u00f3n municipal, hasta el Fondo de Tesorer\u00eda y el Fondo del Registro Civil donde est\u00e1n las actas de nacimiento y defunciones de los antiguos poblados a partir del a\u00f1o de 1900 hasta cuando se fue conjuntando Cuernavaca como ciudad.<\/p>\n<p>Adem\u00e1s, dentro de sus filas se cuenta con un libro de registro de supervivientes de la Revoluci\u00f3n del Sur, de aquellas personas que lucharon a lado del General Emiliano Zapata y Genovevo de la O, el cual se solicit\u00f3 en el a\u00f1o 1959 para formar la Legi\u00f3n de Honor, acervo que est\u00e1 transcrito y digitalizado para su consulta por cualquier ciudadano.<\/p>\n<p>El Archivo Municipal de Cuernavaca es p\u00fablico y cualquier persona puede consultar su informaci\u00f3n ahora tambi\u00e9n mediante plataformas digitales, como es la p\u00e1gina oficial www.cuernavaca.gob.mx o avenida \u00c1lvaro Obreg\u00f3n #156, colonia Club de Golf, de lunes a viernes en un horario de 8:00 a 15:00 horas.<\/p>\n\n\t\t<style type=\"text\/css\">\n\t\t\t#gallery-1 {\n\t\t\t\tmargin: auto;\n\t\t\t}\n\t\t\t#gallery-1 .gallery-item {\n\t\t\t\tfloat: left;\n\t\t\t\tmargin-top: 10px;\n\t\t\t\ttext-align: center;\n\t\t\t\twidth: 33%;\n\t\t\t}\n\t\t\t#gallery-1 img {\n\t\t\t\tborder: 2px solid #cfcfcf;\n\t\t\t}\n\t\t\t#gallery-1 .gallery-caption {\n\t\t\t\tmargin-left: 0;\n\t\t\t}\n\t\t\t\/* see gallery_shortcode() in wp-includes\/media.php *\/\n\t\t<\/style>\n\t\t<div id='gallery-1' class='gallery galleryid-39633 gallery-columns-3 gallery-size-thumbnail'><dl class='gallery-item'>\n\t\t\t<dt class='gallery-icon landscape'>\n\t\t\t\t<a href='https:\/\/cuernavaca.gob.mx\/?attachment_id=39639'><img width=\"150\" height=\"150\" src=\"https:\/\/cuernavaca.gob.mx\/wp-content\/uploads\/2024\/03\/CUMPLE-AYUNTAMIENTO-DE-CUERNAVACA-CON-LA-MODERNIZACIO\u0301N-DEL-ARCHIVO-MUNICIPAL-1-150x150.jpg\" class=\"attachment-thumbnail size-thumbnail\" alt=\"\" loading=\"lazy\" \/><\/a>\n\t\t\t<\/dt><\/dl><dl class='gallery-item'>\n\t\t\t<dt class='gallery-icon landscape'>\n\t\t\t\t<a href='https:\/\/cuernavaca.gob.mx\/?attachment_id=39640'><img width=\"150\" height=\"150\" src=\"https:\/\/cuernavaca.gob.mx\/wp-content\/uploads\/2024\/03\/CUMPLE-AYUNTAMIENTO-DE-CUERNAVACA-CON-LA-MODERNIZACIO\u0301N-DEL-ARCHIVO-MUNICIPAL-2-150x150.jpg\" class=\"attachment-thumbnail size-thumbnail\" alt=\"\" loading=\"lazy\" \/><\/a>\n\t\t\t<\/dt><\/dl><dl class='gallery-item'>\n\t\t\t<dt class='gallery-icon landscape'>\n\t\t\t\t<a href='https:\/\/cuernavaca.gob.mx\/?attachment_id=39641'><img width=\"150\" height=\"150\" src=\"https:\/\/cuernavaca.gob.mx\/wp-content\/uploads\/2024\/03\/CUMPLE-AYUNTAMIENTO-DE-CUERNAVACA-CON-LA-MODERNIZACIO\u0301N-DEL-ARCHIVO-MUNICIPAL-3-150x150.jpg\" class=\"attachment-thumbnail size-thumbnail\" alt=\"\" loading=\"lazy\" \/><\/a>\n\t\t\t<\/dt><\/dl><br style=\"clear: both\" \/><dl class='gallery-item'>\n\t\t\t<dt class='gallery-icon landscape'>\n\t\t\t\t<a href='https:\/\/cuernavaca.gob.mx\/?attachment_id=39642'><img width=\"150\" height=\"150\" src=\"https:\/\/cuernavaca.gob.mx\/wp-content\/uploads\/2024\/03\/CUMPLE-AYUNTAMIENTO-DE-CUERNAVACA-CON-LA-MODERNIZACIO\u0301N-DEL-ARCHIVO-MUNICIPAL-4-150x150.jpg\" class=\"attachment-thumbnail size-thumbnail\" alt=\"\" loading=\"lazy\" \/><\/a>\n\t\t\t<\/dt><\/dl>\n\t\t\t<br style='clear: both' \/>\n\t\t<\/div>\n\n","protected":false},"excerpt":{"rendered":"<p>\u2022 El Archivo Municipal hace historia al ser el primero en cumplir con la Ley General de Archivos y la Ley Estatal de Documentaci\u00f3n y Archivos de Morelos En cumplimiento al derecho de acceso a la informaci\u00f3n p\u00fablica y la transparencia, el Ayuntamiento de Cuernavaca moderniz\u00f3 el Archivo Municipal a trav\u00e9s de la digitalizaci\u00f3n y [&hellip;]<\/p>\n","protected":false},"author":1,"featured_media":39639,"comment_status":"closed","ping_status":"open","sticky":false,"template":"","format":"standard","meta":[],"categories":[20],"tags":[3098,3567,121,2459,1071,120,206,3568,127],"aioseo_notices":[],"_links":{"self":[{"href":"https:\/\/cuernavaca.gob.mx\/index.php?rest_route=\/wp\/v2\/posts\/39633"}],"collection":[{"href":"https:\/\/cuernavaca.gob.mx\/index.php?rest_route=\/wp\/v2\/posts"}],"about":[{"href":"https:\/\/cuernavaca.gob.mx\/index.php?rest_route=\/wp\/v2\/types\/post"}],"author":[{"embeddable":true,"href":"https:\/\/cuernavaca.gob.mx\/index.php?rest_route=\/wp\/v2\/users\/1"}],"replies":[{"embeddable":true,"href":"https:\/\/cuernavaca.gob.mx\/index.php?rest_route=%2Fwp%2Fv2%2Fcomments&post=39633"}],"version-history":[{"count":1,"href":"https:\/\/cuernavaca.gob.mx\/index.php?rest_route=\/wp\/v2\/posts\/39633\/revisions"}],"predecessor-version":[{"id":39643,"href":"https:\/\/cuernavaca.gob.mx\/index.php?rest_route=\/wp\/v2\/posts\/39633\/revisions\/39643"}],"wp:featuredmedia":[{"embeddable":true,"href":"https:\/\/cuernavaca.gob.mx\/index.php?rest_route=\/wp\/v2\/media\/39639"}],"wp:attachment":[{"href":"https:\/\/cuernavaca.gob.mx\/index.php?rest_route=%2Fwp%2Fv2%2Fmedia&parent=39633"}],"wp:term":[{"taxonomy":"category","embeddable":true,"href":"https:\/\/cuernavaca.gob.mx\/index.php?rest_route=%2Fwp%2Fv2%2Fcategories&post=39633"},{"taxonomy":"post_tag","embeddable":true,"href":"https:\/\/cuernavaca.gob.mx\/index.php?rest_route=%2Fwp%2Fv2%2Ftags&post=39633"}],"curies":[{"name":"wp","href":"https:\/\/api.w.org\/{rel}","templated":true}]}}