{"id":39634,"date":"2024-03-28T12:30:17","date_gmt":"2024-03-28T18:30:17","guid":{"rendered":"https:\/\/cuernavaca.gob.mx\/?p=39634"},"modified":"2024-03-28T14:37:56","modified_gmt":"2024-03-28T20:37:56","slug":"f649-28-03-24-fortalecen-con-equipamiento-a-brigadas-de-primeros-auxilios-dentro-del-ayuntamiento-de-cuernavaca","status":"publish","type":"post","link":"https:\/\/cuernavaca.gob.mx\/?p=39634","title":{"rendered":"F649 28\/03\/24 FORTALECEN CON EQUIPAMIENTO A BRIGADAS DE PRIMEROS AUXILIOS DENTRO DEL AYUNTAMIENTO DE CUERNAVACA"},"content":{"rendered":"<p>El presidente municipal hizo entrega en d\u00edas pasados, de equipo b\u00e1sico de atenci\u00f3n y camillas a la Brigada de Primeros Auxilios de la sede Papagayo del Ayuntamiento de Cuernavaca, a fin de fortalecer la atenci\u00f3n que brindan a la poblaci\u00f3n en casos de emergencia, dando atenci\u00f3n primaria mientras llegan los servicios de urgencias.<\/p>\n<p>Lo anterior, en cumplimiento a un compromiso adquirido con la brigada, de quienes reconoci\u00f3 su labor altruista y capacitaci\u00f3n permanente para salvaguardar la seguridad de los usuarios y personal del Ayuntamiento, haciendo entrega de dos camillas inmovilizadoras y dos botiquines equipados con distintas herramientas y materiales de primeros auxilios.<\/p>\n<p>Con ello el Ayuntamiento de Cuernavaca est\u00e1 preparado para atender cualquier emergencia, recordando que desde julio del a\u00f1o pasado se consolid\u00f3 como un espacio cardioprotegido con la instalaci\u00f3n de un desfibrilador externo autom\u00e1tico (DEA) que tambi\u00e9n se cuenta en distintas dependencias municipales.<\/p>\n<p>El alcalde capitalino extern\u00f3 su reconocimiento a la brigada integrada por servidores p\u00fablicos de las \u00e1reas de Regidur\u00edas, Secretar\u00edas y Presidencia, quienes han demostrado su compromiso con esta importante labor al dedicar parte de su tiempo fuera de trabajo para capacitarse, entregando un extra para tratar de ayudar a la gente que sufra un accidente o alguna complicaci\u00f3n derivado de una enfermedad.<\/p>\n\n\t\t<style type=\"text\/css\">\n\t\t\t#gallery-1 {\n\t\t\t\tmargin: auto;\n\t\t\t}\n\t\t\t#gallery-1 .gallery-item {\n\t\t\t\tfloat: left;\n\t\t\t\tmargin-top: 10px;\n\t\t\t\ttext-align: center;\n\t\t\t\twidth: 33%;\n\t\t\t}\n\t\t\t#gallery-1 img {\n\t\t\t\tborder: 2px solid #cfcfcf;\n\t\t\t}\n\t\t\t#gallery-1 .gallery-caption {\n\t\t\t\tmargin-left: 0;\n\t\t\t}\n\t\t\t\/* see gallery_shortcode() in wp-includes\/media.php *\/\n\t\t<\/style>\n\t\t<div id='gallery-1' class='gallery galleryid-39634 gallery-columns-3 gallery-size-thumbnail'><dl class='gallery-item'>\n\t\t\t<dt class='gallery-icon landscape'>\n\t\t\t\t<a href='https:\/\/cuernavaca.gob.mx\/?attachment_id=39644'><img width=\"150\" height=\"150\" src=\"https:\/\/cuernavaca.gob.mx\/wp-content\/uploads\/2024\/03\/FORTALECEN-CON-EQUIPAMIENTO-A-BRIGADAS-DE-PRIMEROS-AUXILIOS-DENTRO-DEL-AYUNTAMIENTO-DE-CUERNAVACA-1-150x150.jpg\" class=\"attachment-thumbnail size-thumbnail\" alt=\"\" loading=\"lazy\" \/><\/a>\n\t\t\t<\/dt><\/dl><dl class='gallery-item'>\n\t\t\t<dt class='gallery-icon landscape'>\n\t\t\t\t<a href='https:\/\/cuernavaca.gob.mx\/?attachment_id=39645'><img width=\"150\" height=\"150\" src=\"https:\/\/cuernavaca.gob.mx\/wp-content\/uploads\/2024\/03\/FORTALECEN-CON-EQUIPAMIENTO-A-BRIGADAS-DE-PRIMEROS-AUXILIOS-DENTRO-DEL-AYUNTAMIENTO-DE-CUERNAVACA-2-150x150.jpg\" class=\"attachment-thumbnail size-thumbnail\" alt=\"\" loading=\"lazy\" \/><\/a>\n\t\t\t<\/dt><\/dl><dl class='gallery-item'>\n\t\t\t<dt class='gallery-icon landscape'>\n\t\t\t\t<a href='https:\/\/cuernavaca.gob.mx\/?attachment_id=39646'><img width=\"150\" height=\"150\" src=\"https:\/\/cuernavaca.gob.mx\/wp-content\/uploads\/2024\/03\/FORTALECEN-CON-EQUIPAMIENTO-A-BRIGADAS-DE-PRIMEROS-AUXILIOS-DENTRO-DEL-AYUNTAMIENTO-DE-CUERNAVACA-3-150x150.jpg\" class=\"attachment-thumbnail size-thumbnail\" alt=\"\" loading=\"lazy\" \/><\/a>\n\t\t\t<\/dt><\/dl><br style=\"clear: both\" \/><dl class='gallery-item'>\n\t\t\t<dt class='gallery-icon landscape'>\n\t\t\t\t<a href='https:\/\/cuernavaca.gob.mx\/?attachment_id=39647'><img width=\"150\" height=\"150\" src=\"https:\/\/cuernavaca.gob.mx\/wp-content\/uploads\/2024\/03\/FORTALECEN-CON-EQUIPAMIENTO-A-BRIGADAS-DE-PRIMEROS-AUXILIOS-DENTRO-DEL-AYUNTAMIENTO-DE-CUERNAVACA-4-150x150.jpg\" class=\"attachment-thumbnail size-thumbnail\" alt=\"\" loading=\"lazy\" \/><\/a>\n\t\t\t<\/dt><\/dl>\n\t\t\t<br style='clear: both' \/>\n\t\t<\/div>\n\n","protected":false},"excerpt":{"rendered":"<p>El presidente municipal hizo entrega en d\u00edas pasados, de equipo b\u00e1sico de atenci\u00f3n y camillas a la Brigada de Primeros Auxilios de la sede Papagayo del Ayuntamiento de Cuernavaca, a fin de fortalecer la atenci\u00f3n que brindan a la poblaci\u00f3n en casos de emergencia, dando atenci\u00f3n primaria mientras llegan los servicios de urgencias. Lo anterior, [&hellip;]<\/p>\n","protected":false},"author":1,"featured_media":39644,"comment_status":"closed","ping_status":"open","sticky":false,"template":"","format":"standard","meta":[],"categories":[2227],"tags":[121,120,206,340,127,1734,125],"aioseo_notices":[],"_links":{"self":[{"href":"https:\/\/cuernavaca.gob.mx\/index.php?rest_route=\/wp\/v2\/posts\/39634"}],"collection":[{"href":"https:\/\/cuernavaca.gob.mx\/index.php?rest_route=\/wp\/v2\/posts"}],"about":[{"href":"https:\/\/cuernavaca.gob.mx\/index.php?rest_route=\/wp\/v2\/types\/post"}],"author":[{"embeddable":true,"href":"https:\/\/cuernavaca.gob.mx\/index.php?rest_route=\/wp\/v2\/users\/1"}],"replies":[{"embeddable":true,"href":"https:\/\/cuernavaca.gob.mx\/index.php?rest_route=%2Fwp%2Fv2%2Fcomments&post=39634"}],"version-history":[{"count":1,"href":"https:\/\/cuernavaca.gob.mx\/index.php?rest_route=\/wp\/v2\/posts\/39634\/revisions"}],"predecessor-version":[{"id":39648,"href":"https:\/\/cuernavaca.gob.mx\/index.php?rest_route=\/wp\/v2\/posts\/39634\/revisions\/39648"}],"wp:featuredmedia":[{"embeddable":true,"href":"https:\/\/cuernavaca.gob.mx\/index.php?rest_route=\/wp\/v2\/media\/39644"}],"wp:attachment":[{"href":"https:\/\/cuernavaca.gob.mx\/index.php?rest_route=%2Fwp%2Fv2%2Fmedia&parent=39634"}],"wp:term":[{"taxonomy":"category","embeddable":true,"href":"https:\/\/cuernavaca.gob.mx\/index.php?rest_route=%2Fwp%2Fv2%2Fcategories&post=39634"},{"taxonomy":"post_tag","embeddable":true,"href":"https:\/\/cuernavaca.gob.mx\/index.php?rest_route=%2Fwp%2Fv2%2Ftags&post=39634"}],"curies":[{"name":"wp","href":"https:\/\/api.w.org\/{rel}","templated":true}]}}