{"id":39782,"date":"2024-04-05T13:00:52","date_gmt":"2024-04-05T19:00:52","guid":{"rendered":"https:\/\/cuernavaca.gob.mx\/?p=39782"},"modified":"2024-04-05T18:01:38","modified_gmt":"2024-04-06T00:01:38","slug":"b1670-05-04-24-desechos-electronicos-fueron-acopiados-a-traves-de-la-primera-edicion-del-reciclatron-2024-en-cuernavaca","status":"publish","type":"post","link":"https:\/\/cuernavaca.gob.mx\/?p=39782","title":{"rendered":"B1670 05\/04\/24 DESECHOS ELECTR\u00d3NICOS FUERON ACOPIADOS A TRAVES DE LA PRIMERA EDICI\u00d3N DEL \u201cRECICLATR\u00d3N 2024\u201d EN CUERNAVACA"},"content":{"rendered":"<p><strong>\u2022 La jornada de recolecci\u00f3n registr\u00f3 una alta participaci\u00f3n en el parque Alameda Solidaridad y en la Delegaci\u00f3n General Mariano Matamoros<\/strong><\/p>\n<p><strong>\u2022 En casi tres a\u00f1os de administraci\u00f3n se han recolectado 15 toneladas de aparatos electrodom\u00e9sticos y electr\u00f3nicos<\/strong><\/p>\n<p>Como parte de la pol\u00edtica ambiental que ha implementado el Ayuntamiento de Cuernavaca, la Fiscal\u00eda Ambiental adscrita a la Secretar\u00eda de Desarrollo Sustentable y Servicios P\u00fablicos, promueve el manejo correcto, la separaci\u00f3n y reciclaje de aparatos electrodom\u00e9sticos y electr\u00f3nicos a trav\u00e9s de la jornada de acopio denominado \u201cReciclatr\u00f3n\u201d, que este viernes tuvo como sedes el parque Alameda Solidaridad y la Delegaci\u00f3n General Mariano Matamoros Orive.<\/p>\n<p>La Fiscal Ambiental se\u00f1al\u00f3 que por medio de esta iniciativa promovida con la empresa E- Waste Group han logrado en casi tres a\u00f1os de administraci\u00f3n recolectar 15 toneladas de residuos electr\u00f3nicos y el\u00e9ctricos que evitaron fueran desechados a las barrancas y v\u00eda p\u00fablica de la ciudad, espacios donde principalmente se han ubicado.<\/p>\n<p>Los aparatos y desechos recopilados son trasladados por la empresa E- Waste Group, que a su vez los recicla para poderse reutilizar, fomentando entre la poblaci\u00f3n la cultura del reciclaje y su participaci\u00f3n en la mitigaci\u00f3n del cambio clim\u00e1tico en Cuernavaca, ya que en la actualidad existe un gran desconocimiento con relaci\u00f3n a las afectaciones que generan estos aparatos en lugares no adecuados.<br \/>\nEl \u201cReciclatr\u00f3n\u201d recibe desde pantallas hasta monitores, celulares, laptops, grabadoras, hornos, refrigeradores, entre otros aparatos, dando a cambio distintos tipos de plantas como incentivo para motivar el inter\u00e9s y participaci\u00f3n de los cuernavaquenses en el cuidado del medio ambiente.<\/p>\n<p>Se precis\u00f3 que al no contemplar la recolecci\u00f3n de residuos s\u00f3lidos en la ciudad los aparatos electrodom\u00e9sticos y electr\u00f3nicos, han optado por generar desde 2022 estas jornadas de acopio que coadyuvan con el cumplimiento de la Agenda 2030, pero tambi\u00e9n a que los ciudadanos sean conscientes de la obligaci\u00f3n que tienen de darle a este tipo de aparatos una correcta disposici\u00f3n final.<\/p>\n<p>En el mes de agosto se tiene programada la segunda edici\u00f3n del programa en este 2024 en Cuernavaca en sedes por definir.<\/p>\n\n\t\t<style type=\"text\/css\">\n\t\t\t#gallery-1 {\n\t\t\t\tmargin: auto;\n\t\t\t}\n\t\t\t#gallery-1 .gallery-item {\n\t\t\t\tfloat: left;\n\t\t\t\tmargin-top: 10px;\n\t\t\t\ttext-align: center;\n\t\t\t\twidth: 33%;\n\t\t\t}\n\t\t\t#gallery-1 img {\n\t\t\t\tborder: 2px solid #cfcfcf;\n\t\t\t}\n\t\t\t#gallery-1 .gallery-caption {\n\t\t\t\tmargin-left: 0;\n\t\t\t}\n\t\t\t\/* see gallery_shortcode() in wp-includes\/media.php *\/\n\t\t<\/style>\n\t\t<div id='gallery-1' class='gallery galleryid-39782 gallery-columns-3 gallery-size-thumbnail'><dl class='gallery-item'>\n\t\t\t<dt class='gallery-icon landscape'>\n\t\t\t\t<a href='https:\/\/cuernavaca.gob.mx\/?attachment_id=39783'><img width=\"150\" height=\"150\" src=\"https:\/\/cuernavaca.gob.mx\/wp-content\/uploads\/2024\/04\/DESECHOS-ELECTRO\u0301NICOS-FUERON-ACOPIADOS-A-TRAVES-DE-LA-PRIMERA-EDICIO\u0301N-DEL-RECICLATRO\u0301N-2024-EN-CUERNAVACA-1-150x150.jpg\" class=\"attachment-thumbnail size-thumbnail\" alt=\"\" loading=\"lazy\" \/><\/a>\n\t\t\t<\/dt><\/dl><dl class='gallery-item'>\n\t\t\t<dt class='gallery-icon landscape'>\n\t\t\t\t<a href='https:\/\/cuernavaca.gob.mx\/?attachment_id=39784'><img width=\"150\" height=\"150\" src=\"https:\/\/cuernavaca.gob.mx\/wp-content\/uploads\/2024\/04\/DESECHOS-ELECTRO\u0301NICOS-FUERON-ACOPIADOS-A-TRAVES-DE-LA-PRIMERA-EDICIO\u0301N-DEL-RECICLATRO\u0301N-2024-EN-CUERNAVACA-2-150x150.jpg\" class=\"attachment-thumbnail size-thumbnail\" alt=\"\" loading=\"lazy\" \/><\/a>\n\t\t\t<\/dt><\/dl><dl class='gallery-item'>\n\t\t\t<dt class='gallery-icon landscape'>\n\t\t\t\t<a href='https:\/\/cuernavaca.gob.mx\/?attachment_id=39785'><img width=\"150\" height=\"150\" src=\"https:\/\/cuernavaca.gob.mx\/wp-content\/uploads\/2024\/04\/DESECHOS-ELECTRO\u0301NICOS-FUERON-ACOPIADOS-A-TRAVES-DE-LA-PRIMERA-EDICIO\u0301N-DEL-RECICLATRO\u0301N-2024-EN-CUERNAVACA-3-150x150.jpg\" class=\"attachment-thumbnail size-thumbnail\" alt=\"\" loading=\"lazy\" \/><\/a>\n\t\t\t<\/dt><\/dl><br style=\"clear: both\" \/><dl class='gallery-item'>\n\t\t\t<dt class='gallery-icon landscape'>\n\t\t\t\t<a href='https:\/\/cuernavaca.gob.mx\/?attachment_id=39786'><img width=\"150\" height=\"150\" src=\"https:\/\/cuernavaca.gob.mx\/wp-content\/uploads\/2024\/04\/DESECHOS-ELECTRO\u0301NICOS-FUERON-ACOPIADOS-A-TRAVES-DE-LA-PRIMERA-EDICIO\u0301N-DEL-RECICLATRO\u0301N-2024-EN-CUERNAVACA-4-150x150.jpg\" class=\"attachment-thumbnail size-thumbnail\" alt=\"\" loading=\"lazy\" \/><\/a>\n\t\t\t<\/dt><\/dl><dl class='gallery-item'>\n\t\t\t<dt class='gallery-icon landscape'>\n\t\t\t\t<a href='https:\/\/cuernavaca.gob.mx\/?attachment_id=39787'><img width=\"150\" height=\"150\" src=\"https:\/\/cuernavaca.gob.mx\/wp-content\/uploads\/2024\/04\/DESECHOS-ELECTRO\u0301NICOS-FUERON-ACOPIADOS-A-TRAVES-DE-LA-PRIMERA-EDICIO\u0301N-DEL-RECICLATRO\u0301N-2024-EN-CUERNAVACA-5-150x150.jpg\" class=\"attachment-thumbnail size-thumbnail\" alt=\"\" loading=\"lazy\" \/><\/a>\n\t\t\t<\/dt><\/dl><dl class='gallery-item'>\n\t\t\t<dt class='gallery-icon landscape'>\n\t\t\t\t<a href='https:\/\/cuernavaca.gob.mx\/?attachment_id=39788'><img width=\"150\" height=\"150\" src=\"https:\/\/cuernavaca.gob.mx\/wp-content\/uploads\/2024\/04\/DESECHOS-ELECTRO\u0301NICOS-FUERON-ACOPIADOS-A-TRAVES-DE-LA-PRIMERA-EDICIO\u0301N-DEL-RECICLATRO\u0301N-2024-EN-CUERNAVACA-6-150x150.jpg\" class=\"attachment-thumbnail size-thumbnail\" alt=\"\" loading=\"lazy\" \/><\/a>\n\t\t\t<\/dt><\/dl><br style=\"clear: both\" \/><dl class='gallery-item'>\n\t\t\t<dt class='gallery-icon landscape'>\n\t\t\t\t<a href='https:\/\/cuernavaca.gob.mx\/?attachment_id=39789'><img width=\"150\" height=\"150\" src=\"https:\/\/cuernavaca.gob.mx\/wp-content\/uploads\/2024\/04\/DESECHOS-ELECTRO\u0301NICOS-FUERON-ACOPIADOS-A-TRAVES-DE-LA-PRIMERA-EDICIO\u0301N-DEL-RECICLATRO\u0301N-2024-EN-CUERNAVACA-7-150x150.jpg\" class=\"attachment-thumbnail size-thumbnail\" alt=\"\" loading=\"lazy\" \/><\/a>\n\t\t\t<\/dt><\/dl>\n\t\t\t<br style='clear: both' \/>\n\t\t<\/div>\n\n","protected":false},"excerpt":{"rendered":"<p>\u2022 La jornada de recolecci\u00f3n registr\u00f3 una alta participaci\u00f3n en el parque Alameda Solidaridad y en la Delegaci\u00f3n General Mariano Matamoros \u2022 En casi tres a\u00f1os de administraci\u00f3n se han recolectado 15 toneladas de aparatos electrodom\u00e9sticos y electr\u00f3nicos Como parte de la pol\u00edtica ambiental que ha implementado el Ayuntamiento de Cuernavaca, la Fiscal\u00eda Ambiental adscrita [&hellip;]<\/p>\n","protected":false},"author":1,"featured_media":39789,"comment_status":"closed","ping_status":"open","sticky":false,"template":"","format":"standard","meta":[],"categories":[2271],"tags":[121,652,120,422,206,127,626,1178],"aioseo_notices":[],"_links":{"self":[{"href":"https:\/\/cuernavaca.gob.mx\/index.php?rest_route=\/wp\/v2\/posts\/39782"}],"collection":[{"href":"https:\/\/cuernavaca.gob.mx\/index.php?rest_route=\/wp\/v2\/posts"}],"about":[{"href":"https:\/\/cuernavaca.gob.mx\/index.php?rest_route=\/wp\/v2\/types\/post"}],"author":[{"embeddable":true,"href":"https:\/\/cuernavaca.gob.mx\/index.php?rest_route=\/wp\/v2\/users\/1"}],"replies":[{"embeddable":true,"href":"https:\/\/cuernavaca.gob.mx\/index.php?rest_route=%2Fwp%2Fv2%2Fcomments&post=39782"}],"version-history":[{"count":1,"href":"https:\/\/cuernavaca.gob.mx\/index.php?rest_route=\/wp\/v2\/posts\/39782\/revisions"}],"predecessor-version":[{"id":39790,"href":"https:\/\/cuernavaca.gob.mx\/index.php?rest_route=\/wp\/v2\/posts\/39782\/revisions\/39790"}],"wp:featuredmedia":[{"embeddable":true,"href":"https:\/\/cuernavaca.gob.mx\/index.php?rest_route=\/wp\/v2\/media\/39789"}],"wp:attachment":[{"href":"https:\/\/cuernavaca.gob.mx\/index.php?rest_route=%2Fwp%2Fv2%2Fmedia&parent=39782"}],"wp:term":[{"taxonomy":"category","embeddable":true,"href":"https:\/\/cuernavaca.gob.mx\/index.php?rest_route=%2Fwp%2Fv2%2Fcategories&post=39782"},{"taxonomy":"post_tag","embeddable":true,"href":"https:\/\/cuernavaca.gob.mx\/index.php?rest_route=%2Fwp%2Fv2%2Ftags&post=39782"}],"curies":[{"name":"wp","href":"https:\/\/api.w.org\/{rel}","templated":true}]}}