{"id":39965,"date":"2024-04-16T13:00:54","date_gmt":"2024-04-16T19:00:54","guid":{"rendered":"https:\/\/cuernavaca.gob.mx\/?p=39965"},"modified":"2024-04-16T14:16:31","modified_gmt":"2024-04-16T20:16:31","slug":"f660-16-04-24-comenzaron-los-trabajo-de-reconstruccion-de-la-calle-defensa-nacional-en-el-poblado-de-chamilpa-que-comunica-a-la-uaem","status":"publish","type":"post","link":"https:\/\/cuernavaca.gob.mx\/?p=39965","title":{"rendered":"F660 16\/04\/24 COMENZARON LOS TRABAJO DE RECONSTRUCCI\u00d3N DE LA CALLE DEFENSA NACIONAL EN EL POBLADO DE CHAMILPA QUE COMUNICA A LA UAEM"},"content":{"rendered":"<p>En atenci\u00f3n a las peticiones hechas desde tiempo atr\u00e1s por parte de la comunidad universitaria y vecinos del poblado de Chamilpa, con el acompa\u00f1amiento de autoridades del poblado como el comisariado de Bienes Comunales, este martes iniciaron los trabajos de rehabilitaci\u00f3n de la segunda etapa de la calle Defensa Nacional que continuar\u00e1 mejorando la conectividad en la zona norte de la ciudad, al sumarse a los trabajos de intervenci\u00f3n que se har\u00e1n pr\u00f3ximamente en el circuito universidad y los realizados en el 2023 en avenida Universidad.<\/p>\n<p>Ante vecinos y autoridades del poblado, el secretario de Desarrollo Urbano y Obras P\u00fablica destac\u00f3 entre las metas de la obra el riego de liga a base de emulsi\u00f3n asf\u00e1ltica FR-3 a raz\u00f3n de 0.70 litros por metros cuadrados en 980 metros cuadrados, el tendido de la carpeta de cinco cent\u00edmetros de espesor de concreto asf\u00e1ltico en caliente en 980 metros cuadrados y dando seguimiento a los trabajos efectuados en la primera etapa se har\u00e1 la construcci\u00f3n de guarniciones de 20x15x40 cent\u00edmetros de concreto con resistencia de 200 kg\/cm2 en 140 metros lineales.<\/p>\n<p>En presencia de la s\u00edndica municipal en funciones de presidenta municipal de Cuernavaca, de la regidora presidenta de las Comisiones de Coordinaci\u00f3n de Organismos Descentralizados, Protecci\u00f3n Ambiental y Desarrollo Sustentable y Diversidad Sexual, de Obdulio Navarro, presidente de Bienes Comunales de Chamilpa se\u00f1al\u00f3 que tambi\u00e9n llevar\u00e1n a cabo la renivelaci\u00f3n de pozos de visita a base de concreto con resistencia de 200 kg\/cm2 en ocho piezas, que incluye la sustituci\u00f3n de brocal con tapa, as\u00ed como el balizamiento y la limpieza fina de la obra.<\/p>\n<p>Cabe mencionar la relevancia que tiene la calle Defensa Nacional al ser una de las principales v\u00edas de comunicaci\u00f3n para llegar a la Universidad Aut\u00f3noma del Estado de Morelos (UAEM), y colonias al norte de Cuernavaca, invirtiendo en esta segunda etapa un mill\u00f3n 669 mil 699.23 pesos proveniente de recursos municipales.<\/p>\n<p>*Esta publicaci\u00f3n es de car\u00e1cter informativo, de inter\u00e9s p\u00fablico y ajeno a cualquier partido pol\u00edtico*<\/p>\n\n\t\t<style type=\"text\/css\">\n\t\t\t#gallery-1 {\n\t\t\t\tmargin: auto;\n\t\t\t}\n\t\t\t#gallery-1 .gallery-item {\n\t\t\t\tfloat: left;\n\t\t\t\tmargin-top: 10px;\n\t\t\t\ttext-align: center;\n\t\t\t\twidth: 33%;\n\t\t\t}\n\t\t\t#gallery-1 img {\n\t\t\t\tborder: 2px solid #cfcfcf;\n\t\t\t}\n\t\t\t#gallery-1 .gallery-caption {\n\t\t\t\tmargin-left: 0;\n\t\t\t}\n\t\t\t\/* see gallery_shortcode() in wp-includes\/media.php *\/\n\t\t<\/style>\n\t\t<div id='gallery-1' class='gallery galleryid-39965 gallery-columns-3 gallery-size-thumbnail'><dl class='gallery-item'>\n\t\t\t<dt class='gallery-icon landscape'>\n\t\t\t\t<a href='https:\/\/cuernavaca.gob.mx\/?attachment_id=39966'><img width=\"150\" height=\"150\" src=\"https:\/\/cuernavaca.gob.mx\/wp-content\/uploads\/2024\/04\/COMENZARON-LOS-TRABAJO-DE-RECONSTRUCCIO\u0301N-DE-LA-CALLE-DEFENSA-NACIONAL-EN-EL-POBLADO-DE-CHAMILPA-QUE-COMUNICA-A-LA-UAEM-1-150x150.jpg\" class=\"attachment-thumbnail size-thumbnail\" alt=\"\" loading=\"lazy\" \/><\/a>\n\t\t\t<\/dt><\/dl><dl class='gallery-item'>\n\t\t\t<dt class='gallery-icon landscape'>\n\t\t\t\t<a href='https:\/\/cuernavaca.gob.mx\/?attachment_id=39967'><img width=\"150\" height=\"150\" src=\"https:\/\/cuernavaca.gob.mx\/wp-content\/uploads\/2024\/04\/COMENZARON-LOS-TRABAJO-DE-RECONSTRUCCIO\u0301N-DE-LA-CALLE-DEFENSA-NACIONAL-EN-EL-POBLADO-DE-CHAMILPA-QUE-COMUNICA-A-LA-UAEM-2-150x150.jpg\" class=\"attachment-thumbnail size-thumbnail\" alt=\"\" loading=\"lazy\" \/><\/a>\n\t\t\t<\/dt><\/dl><dl class='gallery-item'>\n\t\t\t<dt class='gallery-icon landscape'>\n\t\t\t\t<a href='https:\/\/cuernavaca.gob.mx\/?attachment_id=39968'><img width=\"150\" height=\"150\" src=\"https:\/\/cuernavaca.gob.mx\/wp-content\/uploads\/2024\/04\/COMENZARON-LOS-TRABAJO-DE-RECONSTRUCCIO\u0301N-DE-LA-CALLE-DEFENSA-NACIONAL-EN-EL-POBLADO-DE-CHAMILPA-QUE-COMUNICA-A-LA-UAEM-3-150x150.jpg\" class=\"attachment-thumbnail size-thumbnail\" alt=\"\" loading=\"lazy\" \/><\/a>\n\t\t\t<\/dt><\/dl><br style=\"clear: both\" \/><dl class='gallery-item'>\n\t\t\t<dt class='gallery-icon landscape'>\n\t\t\t\t<a href='https:\/\/cuernavaca.gob.mx\/?attachment_id=39969'><img width=\"150\" height=\"150\" src=\"https:\/\/cuernavaca.gob.mx\/wp-content\/uploads\/2024\/04\/COMENZARON-LOS-TRABAJO-DE-RECONSTRUCCIO\u0301N-DE-LA-CALLE-DEFENSA-NACIONAL-EN-EL-POBLADO-DE-CHAMILPA-QUE-COMUNICA-A-LA-UAEM-4-150x150.jpg\" class=\"attachment-thumbnail size-thumbnail\" alt=\"\" loading=\"lazy\" \/><\/a>\n\t\t\t<\/dt><\/dl><dl class='gallery-item'>\n\t\t\t<dt class='gallery-icon landscape'>\n\t\t\t\t<a href='https:\/\/cuernavaca.gob.mx\/?attachment_id=39970'><img width=\"150\" height=\"150\" src=\"https:\/\/cuernavaca.gob.mx\/wp-content\/uploads\/2024\/04\/COMENZARON-LOS-TRABAJO-DE-RECONSTRUCCIO\u0301N-DE-LA-CALLE-DEFENSA-NACIONAL-EN-EL-POBLADO-DE-CHAMILPA-QUE-COMUNICA-A-LA-UAEM-5-150x150.jpg\" class=\"attachment-thumbnail size-thumbnail\" alt=\"\" loading=\"lazy\" \/><\/a>\n\t\t\t<\/dt><\/dl><dl class='gallery-item'>\n\t\t\t<dt class='gallery-icon landscape'>\n\t\t\t\t<a href='https:\/\/cuernavaca.gob.mx\/?attachment_id=39971'><img width=\"150\" height=\"150\" src=\"https:\/\/cuernavaca.gob.mx\/wp-content\/uploads\/2024\/04\/COMENZARON-LOS-TRABAJO-DE-RECONSTRUCCIO\u0301N-DE-LA-CALLE-DEFENSA-NACIONAL-EN-EL-POBLADO-DE-CHAMILPA-QUE-COMUNICA-A-LA-UAEM-6-150x150.jpg\" class=\"attachment-thumbnail size-thumbnail\" alt=\"\" loading=\"lazy\" \/><\/a>\n\t\t\t<\/dt><\/dl><br style=\"clear: both\" \/><dl class='gallery-item'>\n\t\t\t<dt class='gallery-icon landscape'>\n\t\t\t\t<a href='https:\/\/cuernavaca.gob.mx\/?attachment_id=39972'><img width=\"150\" height=\"150\" src=\"https:\/\/cuernavaca.gob.mx\/wp-content\/uploads\/2024\/04\/COMENZARON-LOS-TRABAJO-DE-RECONSTRUCCIO\u0301N-DE-LA-CALLE-DEFENSA-NACIONAL-EN-EL-POBLADO-DE-CHAMILPA-QUE-COMUNICA-A-LA-UAEM-7-150x150.jpg\" class=\"attachment-thumbnail size-thumbnail\" alt=\"\" loading=\"lazy\" \/><\/a>\n\t\t\t<\/dt><\/dl><dl class='gallery-item'>\n\t\t\t<dt class='gallery-icon landscape'>\n\t\t\t\t<a href='https:\/\/cuernavaca.gob.mx\/?attachment_id=39973'><img width=\"150\" height=\"150\" src=\"https:\/\/cuernavaca.gob.mx\/wp-content\/uploads\/2024\/04\/COMENZARON-LOS-TRABAJO-DE-RECONSTRUCCIO\u0301N-DE-LA-CALLE-DEFENSA-NACIONAL-EN-EL-POBLADO-DE-CHAMILPA-QUE-COMUNICA-A-LA-UAEM-8-150x150.jpg\" class=\"attachment-thumbnail size-thumbnail\" alt=\"\" loading=\"lazy\" \/><\/a>\n\t\t\t<\/dt><\/dl><dl class='gallery-item'>\n\t\t\t<dt class='gallery-icon landscape'>\n\t\t\t\t<a href='https:\/\/cuernavaca.gob.mx\/?attachment_id=39974'><img width=\"150\" height=\"150\" src=\"https:\/\/cuernavaca.gob.mx\/wp-content\/uploads\/2024\/04\/COMENZARON-LOS-TRABAJO-DE-RECONSTRUCCIO\u0301N-DE-LA-CALLE-DEFENSA-NACIONAL-EN-EL-POBLADO-DE-CHAMILPA-QUE-COMUNICA-A-LA-UAEM-9-150x150.jpg\" class=\"attachment-thumbnail size-thumbnail\" alt=\"\" loading=\"lazy\" \/><\/a>\n\t\t\t<\/dt><\/dl><br style=\"clear: both\" \/>\n\t\t<\/div>\n\n","protected":false},"excerpt":{"rendered":"<p>En atenci\u00f3n a las peticiones hechas desde tiempo atr\u00e1s por parte de la comunidad universitaria y vecinos del poblado de Chamilpa, con el acompa\u00f1amiento de autoridades del poblado como el comisariado de Bienes Comunales, este martes iniciaron los trabajos de rehabilitaci\u00f3n de la segunda etapa de la calle Defensa Nacional que continuar\u00e1 mejorando la conectividad [&hellip;]<\/p>\n","protected":false},"author":1,"featured_media":39972,"comment_status":"closed","ping_status":"open","sticky":false,"template":"","format":"standard","meta":[],"categories":[18],"tags":[916,1610,121,515,120,206,1075,213,358],"aioseo_notices":[],"_links":{"self":[{"href":"https:\/\/cuernavaca.gob.mx\/index.php?rest_route=\/wp\/v2\/posts\/39965"}],"collection":[{"href":"https:\/\/cuernavaca.gob.mx\/index.php?rest_route=\/wp\/v2\/posts"}],"about":[{"href":"https:\/\/cuernavaca.gob.mx\/index.php?rest_route=\/wp\/v2\/types\/post"}],"author":[{"embeddable":true,"href":"https:\/\/cuernavaca.gob.mx\/index.php?rest_route=\/wp\/v2\/users\/1"}],"replies":[{"embeddable":true,"href":"https:\/\/cuernavaca.gob.mx\/index.php?rest_route=%2Fwp%2Fv2%2Fcomments&post=39965"}],"version-history":[{"count":1,"href":"https:\/\/cuernavaca.gob.mx\/index.php?rest_route=\/wp\/v2\/posts\/39965\/revisions"}],"predecessor-version":[{"id":39975,"href":"https:\/\/cuernavaca.gob.mx\/index.php?rest_route=\/wp\/v2\/posts\/39965\/revisions\/39975"}],"wp:featuredmedia":[{"embeddable":true,"href":"https:\/\/cuernavaca.gob.mx\/index.php?rest_route=\/wp\/v2\/media\/39972"}],"wp:attachment":[{"href":"https:\/\/cuernavaca.gob.mx\/index.php?rest_route=%2Fwp%2Fv2%2Fmedia&parent=39965"}],"wp:term":[{"taxonomy":"category","embeddable":true,"href":"https:\/\/cuernavaca.gob.mx\/index.php?rest_route=%2Fwp%2Fv2%2Fcategories&post=39965"},{"taxonomy":"post_tag","embeddable":true,"href":"https:\/\/cuernavaca.gob.mx\/index.php?rest_route=%2Fwp%2Fv2%2Ftags&post=39965"}],"curies":[{"name":"wp","href":"https:\/\/api.w.org\/{rel}","templated":true}]}}