{"id":39976,"date":"2024-04-16T13:15:34","date_gmt":"2024-04-16T19:15:34","guid":{"rendered":"https:\/\/cuernavaca.gob.mx\/?p=39976"},"modified":"2024-04-16T18:55:33","modified_gmt":"2024-04-17T00:55:33","slug":"b1686-16-04-24-ayuntamiento-de-cuernavaca-trabaja-en-la-institucionalizacion-de-la-igualdad-y-la-no-discriminacion","status":"publish","type":"post","link":"https:\/\/cuernavaca.gob.mx\/?p=39976","title":{"rendered":"B1686 16\/04\/24 AYUNTAMIENTO DE CUERNAVACA TRABAJA EN LA INSTITUCIONALIZACI\u00d3N DE LA IGUALDAD Y LA NO DISCRIMINACI\u00d3N"},"content":{"rendered":"<p>&nbsp;<\/p>\n<ul>\n<li><strong>A trav\u00e9s de la reci\u00e9n creada Jefatura a Direcci\u00f3n de Diversidad Sexual se elabora una ruta de acci\u00f3n que contempla la capacitaci\u00f3n, la actualizaci\u00f3n de ordenamientos jur\u00eddicos, la salud y la sensibilizaci\u00f3n<\/strong><\/li>\n<\/ul>\n<p>&nbsp;<\/p>\n<p>El Ayuntamiento de Cuernavaca a trav\u00e9s de la Direcci\u00f3n de Diversidad Sexual present\u00f3 una ruta de trabajo que fortalezca la transversalizaci\u00f3n e institucionalizaci\u00f3n de la igualdad y la no discriminaci\u00f3n para abonar a la transformaci\u00f3n de Cuernavaca como un municipio incluyente y respetuoso de la comunidad LGBTTTIQ+ en apego a los tratados internacionales y la Constituci\u00f3n Pol\u00edtica de los Estados Unidos Mexicanos.<\/p>\n<p>&nbsp;<\/p>\n<p>Entre los objetivos de la ruta presentada ante la Comisi\u00f3n de Igualdad y Equidad de G\u00e9nero se destaca la institucionalizaci\u00f3n de la igualdad y la no discriminaci\u00f3n en la administraci\u00f3n p\u00fablica en las l\u00edneas de acci\u00f3n y de revisi\u00f3n del marco normativo en el Ayuntamiento para incorporar la perspectiva de derechos humanos, igualdad y no discriminaci\u00f3n, elaborando y actualizando los instrumentos jur\u00eddicos, administrativos y t\u00e9cnicos para la atenci\u00f3n sin discriminaci\u00f3n.<\/p>\n<p>&nbsp;<\/p>\n<p>En este sentido, el director de Diversidad Sexual de Cuernavaca, se\u00f1al\u00f3 que se elabor\u00f3 un Manual para la atenci\u00f3n sin discriminaci\u00f3n hacia las personas de la diversidad sexual en la administraci\u00f3n p\u00fablica municipal de Cuernavaca, mismo que fue turnado a la Consejer\u00eda Jur\u00eddica para su conocimiento y que ser\u00e1 sometido al Consejo Municipal contra la Discriminaci\u00f3n para su an\u00e1lisis y aprobaci\u00f3n, el cual se suma al Cat\u00e1logo de Lenguaje Incluyente que se est\u00e1 trabajando con la Comisi\u00f3n de Igualdad y Equidad de G\u00e9nero que se busca sea una directriz oficial de toda la comunicaci\u00f3n interna y externa que salga de la comuna.<\/p>\n<p>&nbsp;<\/p>\n<p>Otro de los objetivos es la firma de convenios de colaboraci\u00f3n con diversas instituciones, organizaciones de la sociedad civil, con la academia, as\u00ed como entidades estatales y federales, tal es el caso del Instituto de Capacitaci\u00f3n para el Trabajo del Estado de Morelos y del Servicio Nacional del Empleo encaminados a promover el derecho al trabajo de las personas de la diversidad sexual y eliminar y erradicar la discriminaci\u00f3n hacia la comunidad LGBTTTIQ+.<\/p>\n<p>&nbsp;<\/p>\n<p>Al reconocer el Gobierno Municipal de Cuernavaca que la formaci\u00f3n es una herramienta necesaria para garantizar los derechos humanos de todas las personas, la Direcci\u00f3n de Diversidad Sexual contempla la continuidad de una serie de capacitaciones y sensibilizaci\u00f3n a todo el personal del Ayuntamiento, particularmente de las Oficial\u00edas del Registro Civil 01 y 03, de las \u00e1reas de primer contacto y de aquellas donde se atienden quejas para la atenci\u00f3n de personas de la diversidad sexual sin discriminaci\u00f3n.<\/p>\n<p>&nbsp;<\/p>\n<p>Asimismo, a los cuerpos policiacos y personal administrativo de la Secretar\u00eda de Protecci\u00f3n y Auxilio Ciudadano (SEPRAC) con quien se ha trabajado desde que la direcci\u00f3n era jefatura de departamento, principalmente sobre el protocolo de actuaci\u00f3n para la atenci\u00f3n de personas de la diversidad sexual.<\/p>\n<p>&nbsp;<\/p>\n<p>Dentro del plan de trabajo la salud es primordial, por lo cual se est\u00e1 coadyuvando en la detecci\u00f3n y prevenci\u00f3n del VIH, S\u00edfilis y otras enfermedades de transmisi\u00f3n sexual, impulsando a trav\u00e9s de la Direcci\u00f3n de Salud y Educaci\u00f3n la prevenci\u00f3n de detecci\u00f3n del VIH, promoviendo a la par los derechos de las personas de la diversidad sexual mediante campa\u00f1as contra la discriminaci\u00f3n, siendo un tema considerado relevante el acceso a la informaci\u00f3n p\u00fablica sin discriminaci\u00f3n.<\/p>\n<p>&nbsp;<\/p>\n<p>Como parte del trabajo coordinado y transversal que ha mantenido la direcci\u00f3n en coordinaci\u00f3n con el Instituto de la Mujer de Cuernavaca (IMC) ha dado cumplimento de forma permanente a la integraci\u00f3n y actualizaci\u00f3n del Banco Estatal de Datos e Informaci\u00f3n sobre Casos de Violencia contra las Mujeres (BANESVIM), esto como parte de las acciones de la declaratoria de Alerta de Violencia de G\u00e9nero contra las Mujeres (AVG) en la ciudad capital, registrando a la fecha dos casos contra una mujer lesbiana y una mujer trans.<\/p>\n<p>&nbsp;<\/p>\n<p>*Esta publicaci\u00f3n es de car\u00e1cter informativo, de inter\u00e9s p\u00fablico y ajeno a cualquier partido pol\u00edtico*<\/p>\n\n\t\t<style type=\"text\/css\">\n\t\t\t#gallery-1 {\n\t\t\t\tmargin: auto;\n\t\t\t}\n\t\t\t#gallery-1 .gallery-item {\n\t\t\t\tfloat: left;\n\t\t\t\tmargin-top: 10px;\n\t\t\t\ttext-align: center;\n\t\t\t\twidth: 33%;\n\t\t\t}\n\t\t\t#gallery-1 img {\n\t\t\t\tborder: 2px solid #cfcfcf;\n\t\t\t}\n\t\t\t#gallery-1 .gallery-caption {\n\t\t\t\tmargin-left: 0;\n\t\t\t}\n\t\t\t\/* see gallery_shortcode() in wp-includes\/media.php *\/\n\t\t<\/style>\n\t\t<div id='gallery-1' class='gallery galleryid-39976 gallery-columns-3 gallery-size-thumbnail'><dl class='gallery-item'>\n\t\t\t<dt class='gallery-icon landscape'>\n\t\t\t\t<a href='https:\/\/cuernavaca.gob.mx\/?attachment_id=39984'><img width=\"150\" height=\"150\" src=\"https:\/\/cuernavaca.gob.mx\/wp-content\/uploads\/2024\/04\/AYUNTAMIENTO-DE-CUERNAVACA-TRABAJA-EN-LA-INSTITUCIONALIZACIO\u0301N-DE-LA-IGUALDAD-Y-LA-NO-DISCRIMINACIO\u0301N-1-150x150.jpg\" class=\"attachment-thumbnail size-thumbnail\" alt=\"\" loading=\"lazy\" \/><\/a>\n\t\t\t<\/dt><\/dl><dl class='gallery-item'>\n\t\t\t<dt class='gallery-icon landscape'>\n\t\t\t\t<a href='https:\/\/cuernavaca.gob.mx\/?attachment_id=39985'><img width=\"150\" height=\"150\" src=\"https:\/\/cuernavaca.gob.mx\/wp-content\/uploads\/2024\/04\/AYUNTAMIENTO-DE-CUERNAVACA-TRABAJA-EN-LA-INSTITUCIONALIZACIO\u0301N-DE-LA-IGUALDAD-Y-LA-NO-DISCRIMINACIO\u0301N-2-150x150.jpg\" class=\"attachment-thumbnail size-thumbnail\" alt=\"\" loading=\"lazy\" \/><\/a>\n\t\t\t<\/dt><\/dl><dl class='gallery-item'>\n\t\t\t<dt class='gallery-icon landscape'>\n\t\t\t\t<a href='https:\/\/cuernavaca.gob.mx\/?attachment_id=39986'><img width=\"150\" height=\"150\" src=\"https:\/\/cuernavaca.gob.mx\/wp-content\/uploads\/2024\/04\/AYUNTAMIENTO-DE-CUERNAVACA-TRABAJA-EN-LA-INSTITUCIONALIZACIO\u0301N-DE-LA-IGUALDAD-Y-LA-NO-DISCRIMINACIO\u0301N-3-150x150.jpg\" class=\"attachment-thumbnail size-thumbnail\" alt=\"\" loading=\"lazy\" \/><\/a>\n\t\t\t<\/dt><\/dl><br style=\"clear: both\" \/>\n\t\t<\/div>\n\n","protected":false},"excerpt":{"rendered":"<p>&nbsp; A trav\u00e9s de la reci\u00e9n creada Jefatura a Direcci\u00f3n de Diversidad Sexual se elabora una ruta de acci\u00f3n que contempla la capacitaci\u00f3n, la actualizaci\u00f3n de ordenamientos jur\u00eddicos, la salud y la sensibilizaci\u00f3n &nbsp; El Ayuntamiento de Cuernavaca a trav\u00e9s de la Direcci\u00f3n de Diversidad Sexual present\u00f3 una ruta de trabajo que fortalezca la transversalizaci\u00f3n [&hellip;]<\/p>\n","protected":false},"author":1,"featured_media":39986,"comment_status":"closed","ping_status":"open","sticky":false,"template":"","format":"standard","meta":[],"categories":[862,1],"tags":[121,684,1107,1387,120,206,127],"aioseo_notices":[],"_links":{"self":[{"href":"https:\/\/cuernavaca.gob.mx\/index.php?rest_route=\/wp\/v2\/posts\/39976"}],"collection":[{"href":"https:\/\/cuernavaca.gob.mx\/index.php?rest_route=\/wp\/v2\/posts"}],"about":[{"href":"https:\/\/cuernavaca.gob.mx\/index.php?rest_route=\/wp\/v2\/types\/post"}],"author":[{"embeddable":true,"href":"https:\/\/cuernavaca.gob.mx\/index.php?rest_route=\/wp\/v2\/users\/1"}],"replies":[{"embeddable":true,"href":"https:\/\/cuernavaca.gob.mx\/index.php?rest_route=%2Fwp%2Fv2%2Fcomments&post=39976"}],"version-history":[{"count":2,"href":"https:\/\/cuernavaca.gob.mx\/index.php?rest_route=\/wp\/v2\/posts\/39976\/revisions"}],"predecessor-version":[{"id":39987,"href":"https:\/\/cuernavaca.gob.mx\/index.php?rest_route=\/wp\/v2\/posts\/39976\/revisions\/39987"}],"wp:featuredmedia":[{"embeddable":true,"href":"https:\/\/cuernavaca.gob.mx\/index.php?rest_route=\/wp\/v2\/media\/39986"}],"wp:attachment":[{"href":"https:\/\/cuernavaca.gob.mx\/index.php?rest_route=%2Fwp%2Fv2%2Fmedia&parent=39976"}],"wp:term":[{"taxonomy":"category","embeddable":true,"href":"https:\/\/cuernavaca.gob.mx\/index.php?rest_route=%2Fwp%2Fv2%2Fcategories&post=39976"},{"taxonomy":"post_tag","embeddable":true,"href":"https:\/\/cuernavaca.gob.mx\/index.php?rest_route=%2Fwp%2Fv2%2Ftags&post=39976"}],"curies":[{"name":"wp","href":"https:\/\/api.w.org\/{rel}","templated":true}]}}