{"id":40030,"date":"2024-04-18T16:15:06","date_gmt":"2024-04-18T22:15:06","guid":{"rendered":"https:\/\/cuernavaca.gob.mx\/?p=40030"},"modified":"2024-04-18T16:15:06","modified_gmt":"2024-04-18T22:15:06","slug":"f661-18-04-24-participa-instituto-de-la-mujer-de-cuernavaca-y-el-insp-en-feria-de-la-salud-y-prevencion-en-la-institucion-educativa-don-bosco","status":"publish","type":"post","link":"https:\/\/cuernavaca.gob.mx\/?p=40030","title":{"rendered":"F661 18\/04\/24 PARTICIPA INSTITUTO DE LA MUJER DE CUERNAVACA Y EL INSP EN FERIA DE LA SALUD Y PREVENCI\u00d3N EN LA INSTITUCI\u00d3N EDUCATIVA DON BOSCO"},"content":{"rendered":"<p>A fin de fomentar entre la comunidad estudiantil acciones de prevenci\u00f3n e identificaci\u00f3n de la violencia de g\u00e9nero, el Instituto de la Mujer de Cuernavaca (IMC) particip\u00f3 en coordinaci\u00f3n con el Instituto Nacional de Salud P\u00fablica (INSP) en la Feria de la salud y prevenci\u00f3n en la Instituci\u00f3n Educativa Don Bosco.<\/p>\n<p>El IMC present\u00f3 un stand con diversas actividades l\u00fadicas en el que a trav\u00e9s de juegos como serpientes y escaleras, loter\u00eda y 100 estudiantes dijeron\u2026 las y los j\u00f3venes aprendieron sobre la igualdad de g\u00e9nero, sus derechos y las acciones para prevenir la violencia.<\/p>\n<p>Por su parte el personal del INSP llev\u00f3 un stand donde especialistas ofrecieron informaci\u00f3n sobre la salud sexual y reproductiva y prevenci\u00f3n del embarazo en adolescentes.<\/p>\n<p>La Feria de la salud y prevenci\u00f3n en los diferentes grados educativos de Fundaci\u00f3n Don Bosco es un evento dedicado a la divulgaci\u00f3n y concientizaci\u00f3n en temas de salud f\u00edsica emocional, mental y prevenci\u00f3n de conductas de riesgo en el que participaron diversas instituciones p\u00fablicas y privadas.<\/p>\n\n\t\t<style type=\"text\/css\">\n\t\t\t#gallery-1 {\n\t\t\t\tmargin: auto;\n\t\t\t}\n\t\t\t#gallery-1 .gallery-item {\n\t\t\t\tfloat: left;\n\t\t\t\tmargin-top: 10px;\n\t\t\t\ttext-align: center;\n\t\t\t\twidth: 33%;\n\t\t\t}\n\t\t\t#gallery-1 img {\n\t\t\t\tborder: 2px solid #cfcfcf;\n\t\t\t}\n\t\t\t#gallery-1 .gallery-caption {\n\t\t\t\tmargin-left: 0;\n\t\t\t}\n\t\t\t\/* see gallery_shortcode() in wp-includes\/media.php *\/\n\t\t<\/style>\n\t\t<div id='gallery-1' class='gallery galleryid-40030 gallery-columns-3 gallery-size-thumbnail'><dl class='gallery-item'>\n\t\t\t<dt class='gallery-icon landscape'>\n\t\t\t\t<a href='https:\/\/cuernavaca.gob.mx\/?attachment_id=40031'><img width=\"150\" height=\"150\" src=\"https:\/\/cuernavaca.gob.mx\/wp-content\/uploads\/2024\/04\/IMC-INSP-01-150x150.jpg\" class=\"attachment-thumbnail size-thumbnail\" alt=\"\" loading=\"lazy\" \/><\/a>\n\t\t\t<\/dt><\/dl><dl class='gallery-item'>\n\t\t\t<dt class='gallery-icon landscape'>\n\t\t\t\t<a href='https:\/\/cuernavaca.gob.mx\/?attachment_id=40032'><img width=\"150\" height=\"150\" src=\"https:\/\/cuernavaca.gob.mx\/wp-content\/uploads\/2024\/04\/IMC-INSP-02-150x150.jpg\" class=\"attachment-thumbnail size-thumbnail\" alt=\"\" loading=\"lazy\" \/><\/a>\n\t\t\t<\/dt><\/dl><dl class='gallery-item'>\n\t\t\t<dt class='gallery-icon landscape'>\n\t\t\t\t<a href='https:\/\/cuernavaca.gob.mx\/?attachment_id=40033'><img width=\"150\" height=\"150\" src=\"https:\/\/cuernavaca.gob.mx\/wp-content\/uploads\/2024\/04\/IMC-INSP-03-150x150.jpg\" class=\"attachment-thumbnail size-thumbnail\" alt=\"\" loading=\"lazy\" \/><\/a>\n\t\t\t<\/dt><\/dl><br style=\"clear: both\" \/><dl class='gallery-item'>\n\t\t\t<dt class='gallery-icon landscape'>\n\t\t\t\t<a href='https:\/\/cuernavaca.gob.mx\/?attachment_id=40034'><img width=\"150\" height=\"150\" src=\"https:\/\/cuernavaca.gob.mx\/wp-content\/uploads\/2024\/04\/IMC-INSP-04-150x150.jpg\" class=\"attachment-thumbnail size-thumbnail\" alt=\"\" loading=\"lazy\" \/><\/a>\n\t\t\t<\/dt><\/dl>\n\t\t\t<br style='clear: both' \/>\n\t\t<\/div>\n\n","protected":false},"excerpt":{"rendered":"<p>A fin de fomentar entre la comunidad estudiantil acciones de prevenci\u00f3n e identificaci\u00f3n de la violencia de g\u00e9nero, el Instituto de la Mujer de Cuernavaca (IMC) particip\u00f3 en coordinaci\u00f3n con el Instituto Nacional de Salud P\u00fablica (INSP) en la Feria de la salud y prevenci\u00f3n en la Instituci\u00f3n Educativa Don Bosco. El IMC present\u00f3 un [&hellip;]<\/p>\n","protected":false},"author":1,"featured_media":40032,"comment_status":"closed","ping_status":"open","sticky":false,"template":"","format":"standard","meta":[],"categories":[20,280],"tags":[833,637,420,3594,388,421,525],"aioseo_notices":[],"_links":{"self":[{"href":"https:\/\/cuernavaca.gob.mx\/index.php?rest_route=\/wp\/v2\/posts\/40030"}],"collection":[{"href":"https:\/\/cuernavaca.gob.mx\/index.php?rest_route=\/wp\/v2\/posts"}],"about":[{"href":"https:\/\/cuernavaca.gob.mx\/index.php?rest_route=\/wp\/v2\/types\/post"}],"author":[{"embeddable":true,"href":"https:\/\/cuernavaca.gob.mx\/index.php?rest_route=\/wp\/v2\/users\/1"}],"replies":[{"embeddable":true,"href":"https:\/\/cuernavaca.gob.mx\/index.php?rest_route=%2Fwp%2Fv2%2Fcomments&post=40030"}],"version-history":[{"count":1,"href":"https:\/\/cuernavaca.gob.mx\/index.php?rest_route=\/wp\/v2\/posts\/40030\/revisions"}],"predecessor-version":[{"id":40035,"href":"https:\/\/cuernavaca.gob.mx\/index.php?rest_route=\/wp\/v2\/posts\/40030\/revisions\/40035"}],"wp:featuredmedia":[{"embeddable":true,"href":"https:\/\/cuernavaca.gob.mx\/index.php?rest_route=\/wp\/v2\/media\/40032"}],"wp:attachment":[{"href":"https:\/\/cuernavaca.gob.mx\/index.php?rest_route=%2Fwp%2Fv2%2Fmedia&parent=40030"}],"wp:term":[{"taxonomy":"category","embeddable":true,"href":"https:\/\/cuernavaca.gob.mx\/index.php?rest_route=%2Fwp%2Fv2%2Fcategories&post=40030"},{"taxonomy":"post_tag","embeddable":true,"href":"https:\/\/cuernavaca.gob.mx\/index.php?rest_route=%2Fwp%2Fv2%2Ftags&post=40030"}],"curies":[{"name":"wp","href":"https:\/\/api.w.org\/{rel}","templated":true}]}}