{"id":40048,"date":"2024-04-19T17:11:54","date_gmt":"2024-04-19T23:11:54","guid":{"rendered":"https:\/\/cuernavaca.gob.mx\/?p=40048"},"modified":"2024-04-19T17:11:54","modified_gmt":"2024-04-19T23:11:54","slug":"b1693-19-04-24-mantiene-el-ayuntamiento-de-cuernavaca-acciones-para-acercar-la-cultura-y-el-arte-a-toda-la-poblacion","status":"publish","type":"post","link":"https:\/\/cuernavaca.gob.mx\/?p=40048","title":{"rendered":"B1693 19\/04\/24 MANTIENE EL AYUNTAMIENTO DE CUERNAVACA ACCIONES PARA ACERCAR LA CULTURA Y EL ARTE A TODA LA POBLACI\u00d3N"},"content":{"rendered":"<p><strong>\u2022 Para el 2024 se realizar\u00e1n diversas actividades art\u00edsticas a trav\u00e9s del programa &#8220;Disfruta tu ciudad en familia&#8221; en el Parque Tlaltenango, la Plazuela del Zacate en el Parque Denver<\/strong><\/p>\n<p><strong>\u2022 Este fin de semana el Museo de la Ciudad de Cuernavaca abre sus puertas a dos inauguraciones, la exposici\u00f3n Ciudades Futuras de V\u00edctor Mora y Abezoodario de Jos\u00e9 Antonio Platas y el Tercer Marat\u00f3n de Lectura<\/strong><\/p>\n<p>El Ayuntamiento de Cuernavaca, a trav\u00e9s del Instituto de Cultura adscrito a la Secretar\u00eda de Desarrollo Humano y Participaci\u00f3n Social, logr\u00f3 en 2023 fortalecer la promoci\u00f3n y preservaci\u00f3n del patrimonio cultural y art\u00edstico, acercando a 18 mil personas distintos eventos culturales organizados dentro y fuera del Museo de la Ciudad, impulsando la apropiaci\u00f3n de los espacios p\u00fablicos.<\/p>\n<p>Esto fue informado por, Juan Contreras de Oteyza, director del Instituto de Cultura de Cuernavaca, en sesi\u00f3n del Consejo Municipal de la Cultura y las Artes, destacando la realizaci\u00f3n en 2023 de un total de 156 actividades, de las cuales 38 fueron exposiciones, 37 conciertos, 14 presentaciones editoriales, 15 espect\u00e1culos de danza, 19 puestas en escena (teatro) y 133 sesiones de talleres en colonias, poblados y casas de cultura.<\/p>\n<p>Como parte de la activaci\u00f3n de espacios comunitarios, resalt\u00f3 que para el 2024 se est\u00e1 implementando el programa &#8220;Disfruta tu ciudad en familia&#8221; que contempla espacios como el Parque Tlaltenango donde los viernes se tendr\u00e1n presentaciones de teatro y bailables de m\u00fasica folcl\u00f3rica, la Plazuela del Zacate que los s\u00e1bados ser\u00e1 sede de presentaciones musicales y el Parque Denver que los domingos ofrecer\u00e1 un taller de cartoner\u00eda.<\/p>\n<p>Pero las actividades no terminan aqu\u00ed, ya que este fin de semana el Museo de la Ciudad de Cuernavaca (MuCiC) abre sus puertas a dos inauguraciones, la exposici\u00f3n Ciudades Futuras de V\u00edctor Mora y Abezoodario de Jos\u00e9 Antonio Platas; mientras que el s\u00e1bado se llevar\u00e1 a cabo el Tercer Marat\u00f3n de Lectura de 10:00 a 14:00 horas y el domingo 21 de abril a las 12:00 horas ser\u00e1 la presentaci\u00f3n de la obra \u201cEl monstruo de la lavadora y el mundo perdido de los calcetines\u201d en el marco de las festividades por el D\u00eda de la Ni\u00f1ez.<\/p>\n<p>Para conocer la cartelera completa de actividades que ofrece el Instituto de Cultura de Cuernavaca deben ingresar a las redes sociales oficiales del Municipio de Cuernavaca y del Instituto de Cultura de Cuernavaca- MUCIC.<\/p>\n\n\t\t<style type=\"text\/css\">\n\t\t\t#gallery-1 {\n\t\t\t\tmargin: auto;\n\t\t\t}\n\t\t\t#gallery-1 .gallery-item {\n\t\t\t\tfloat: left;\n\t\t\t\tmargin-top: 10px;\n\t\t\t\ttext-align: center;\n\t\t\t\twidth: 33%;\n\t\t\t}\n\t\t\t#gallery-1 img {\n\t\t\t\tborder: 2px solid #cfcfcf;\n\t\t\t}\n\t\t\t#gallery-1 .gallery-caption {\n\t\t\t\tmargin-left: 0;\n\t\t\t}\n\t\t\t\/* see gallery_shortcode() in wp-includes\/media.php *\/\n\t\t<\/style>\n\t\t<div id='gallery-1' class='gallery galleryid-40048 gallery-columns-3 gallery-size-thumbnail'><dl class='gallery-item'>\n\t\t\t<dt class='gallery-icon landscape'>\n\t\t\t\t<a href='https:\/\/cuernavaca.gob.mx\/?attachment_id=40049'><img width=\"150\" height=\"150\" src=\"https:\/\/cuernavaca.gob.mx\/wp-content\/uploads\/2024\/04\/Disfruta-tu-ciudad-en-familia-03-150x150.jpg\" class=\"attachment-thumbnail size-thumbnail\" alt=\"\" loading=\"lazy\" \/><\/a>\n\t\t\t<\/dt><\/dl><dl class='gallery-item'>\n\t\t\t<dt class='gallery-icon landscape'>\n\t\t\t\t<a href='https:\/\/cuernavaca.gob.mx\/?attachment_id=40050'><img width=\"150\" height=\"150\" src=\"https:\/\/cuernavaca.gob.mx\/wp-content\/uploads\/2024\/04\/Disfruta-tu-ciudad-en-familia-02-150x150.jpg\" class=\"attachment-thumbnail size-thumbnail\" alt=\"\" loading=\"lazy\" \/><\/a>\n\t\t\t<\/dt><\/dl><dl class='gallery-item'>\n\t\t\t<dt class='gallery-icon landscape'>\n\t\t\t\t<a href='https:\/\/cuernavaca.gob.mx\/?attachment_id=40051'><img width=\"150\" height=\"150\" src=\"https:\/\/cuernavaca.gob.mx\/wp-content\/uploads\/2024\/04\/Disfruta-tu-ciudad-en-familia-01-150x150.jpg\" class=\"attachment-thumbnail size-thumbnail\" alt=\"\" loading=\"lazy\" \/><\/a>\n\t\t\t<\/dt><\/dl><br style=\"clear: both\" \/><dl class='gallery-item'>\n\t\t\t<dt class='gallery-icon landscape'>\n\t\t\t\t<a href='https:\/\/cuernavaca.gob.mx\/?attachment_id=40052'><img width=\"150\" height=\"150\" src=\"https:\/\/cuernavaca.gob.mx\/wp-content\/uploads\/2024\/04\/Disfruta-tu-ciudad-en-familia-11-150x150.jpg\" class=\"attachment-thumbnail size-thumbnail\" alt=\"\" loading=\"lazy\" \/><\/a>\n\t\t\t<\/dt><\/dl><dl class='gallery-item'>\n\t\t\t<dt class='gallery-icon landscape'>\n\t\t\t\t<a href='https:\/\/cuernavaca.gob.mx\/?attachment_id=40053'><img width=\"150\" height=\"150\" src=\"https:\/\/cuernavaca.gob.mx\/wp-content\/uploads\/2024\/04\/Disfruta-tu-ciudad-en-familia-10-150x150.jpg\" class=\"attachment-thumbnail size-thumbnail\" alt=\"\" loading=\"lazy\" \/><\/a>\n\t\t\t<\/dt><\/dl><dl class='gallery-item'>\n\t\t\t<dt class='gallery-icon landscape'>\n\t\t\t\t<a href='https:\/\/cuernavaca.gob.mx\/?attachment_id=40054'><img width=\"150\" height=\"150\" src=\"https:\/\/cuernavaca.gob.mx\/wp-content\/uploads\/2024\/04\/Disfruta-tu-ciudad-en-familia-09-150x150.jpg\" class=\"attachment-thumbnail size-thumbnail\" alt=\"\" loading=\"lazy\" \/><\/a>\n\t\t\t<\/dt><\/dl><br style=\"clear: both\" \/><dl class='gallery-item'>\n\t\t\t<dt class='gallery-icon landscape'>\n\t\t\t\t<a href='https:\/\/cuernavaca.gob.mx\/?attachment_id=40055'><img width=\"150\" height=\"150\" src=\"https:\/\/cuernavaca.gob.mx\/wp-content\/uploads\/2024\/04\/Disfruta-tu-ciudad-en-familia-08-150x150.jpg\" class=\"attachment-thumbnail size-thumbnail\" alt=\"\" loading=\"lazy\" \/><\/a>\n\t\t\t<\/dt><\/dl><dl class='gallery-item'>\n\t\t\t<dt class='gallery-icon landscape'>\n\t\t\t\t<a href='https:\/\/cuernavaca.gob.mx\/?attachment_id=40056'><img width=\"150\" height=\"150\" src=\"https:\/\/cuernavaca.gob.mx\/wp-content\/uploads\/2024\/04\/Disfruta-tu-ciudad-en-familia-07-150x150.jpg\" class=\"attachment-thumbnail size-thumbnail\" alt=\"\" loading=\"lazy\" \/><\/a>\n\t\t\t<\/dt><\/dl><dl class='gallery-item'>\n\t\t\t<dt class='gallery-icon landscape'>\n\t\t\t\t<a href='https:\/\/cuernavaca.gob.mx\/?attachment_id=40057'><img width=\"150\" height=\"150\" src=\"https:\/\/cuernavaca.gob.mx\/wp-content\/uploads\/2024\/04\/Disfruta-tu-ciudad-en-familia-06-150x150.jpg\" class=\"attachment-thumbnail size-thumbnail\" alt=\"\" loading=\"lazy\" \/><\/a>\n\t\t\t<\/dt><\/dl><br style=\"clear: both\" \/><dl class='gallery-item'>\n\t\t\t<dt class='gallery-icon landscape'>\n\t\t\t\t<a href='https:\/\/cuernavaca.gob.mx\/?attachment_id=40058'><img width=\"150\" height=\"150\" src=\"https:\/\/cuernavaca.gob.mx\/wp-content\/uploads\/2024\/04\/Disfruta-tu-ciudad-en-familia-05-150x150.jpg\" class=\"attachment-thumbnail size-thumbnail\" alt=\"\" loading=\"lazy\" \/><\/a>\n\t\t\t<\/dt><\/dl><dl class='gallery-item'>\n\t\t\t<dt class='gallery-icon landscape'>\n\t\t\t\t<a href='https:\/\/cuernavaca.gob.mx\/?attachment_id=40059'><img width=\"150\" height=\"150\" src=\"https:\/\/cuernavaca.gob.mx\/wp-content\/uploads\/2024\/04\/Disfruta-tu-ciudad-en-familia-04-150x150.jpg\" class=\"attachment-thumbnail size-thumbnail\" alt=\"\" loading=\"lazy\" \/><\/a>\n\t\t\t<\/dt><\/dl>\n\t\t\t<br style='clear: both' \/>\n\t\t<\/div>\n\n","protected":false},"excerpt":{"rendered":"<p>\u2022 Para el 2024 se realizar\u00e1n diversas actividades art\u00edsticas a trav\u00e9s del programa &#8220;Disfruta tu ciudad en familia&#8221; en el Parque Tlaltenango, la Plazuela del Zacate en el Parque Denver \u2022 Este fin de semana el Museo de la Ciudad de Cuernavaca abre sus puertas a dos inauguraciones, la exposici\u00f3n Ciudades Futuras de V\u00edctor Mora [&hellip;]<\/p>\n","protected":false},"author":1,"featured_media":40059,"comment_status":"closed","ping_status":"open","sticky":false,"template":"","format":"standard","meta":[],"categories":[2292,862,20,2624],"tags":[587,2562,3597,3596,2337,3598,427],"aioseo_notices":[],"_links":{"self":[{"href":"https:\/\/cuernavaca.gob.mx\/index.php?rest_route=\/wp\/v2\/posts\/40048"}],"collection":[{"href":"https:\/\/cuernavaca.gob.mx\/index.php?rest_route=\/wp\/v2\/posts"}],"about":[{"href":"https:\/\/cuernavaca.gob.mx\/index.php?rest_route=\/wp\/v2\/types\/post"}],"author":[{"embeddable":true,"href":"https:\/\/cuernavaca.gob.mx\/index.php?rest_route=\/wp\/v2\/users\/1"}],"replies":[{"embeddable":true,"href":"https:\/\/cuernavaca.gob.mx\/index.php?rest_route=%2Fwp%2Fv2%2Fcomments&post=40048"}],"version-history":[{"count":1,"href":"https:\/\/cuernavaca.gob.mx\/index.php?rest_route=\/wp\/v2\/posts\/40048\/revisions"}],"predecessor-version":[{"id":40060,"href":"https:\/\/cuernavaca.gob.mx\/index.php?rest_route=\/wp\/v2\/posts\/40048\/revisions\/40060"}],"wp:featuredmedia":[{"embeddable":true,"href":"https:\/\/cuernavaca.gob.mx\/index.php?rest_route=\/wp\/v2\/media\/40059"}],"wp:attachment":[{"href":"https:\/\/cuernavaca.gob.mx\/index.php?rest_route=%2Fwp%2Fv2%2Fmedia&parent=40048"}],"wp:term":[{"taxonomy":"category","embeddable":true,"href":"https:\/\/cuernavaca.gob.mx\/index.php?rest_route=%2Fwp%2Fv2%2Fcategories&post=40048"},{"taxonomy":"post_tag","embeddable":true,"href":"https:\/\/cuernavaca.gob.mx\/index.php?rest_route=%2Fwp%2Fv2%2Ftags&post=40048"}],"curies":[{"name":"wp","href":"https:\/\/api.w.org\/{rel}","templated":true}]}}